{"id":85439,"date":"2023-03-24T09:33:03","date_gmt":"2023-03-24T08:33:03","guid":{"rendered":"https:\/\/royalfamily.org\/?p=85439"},"modified":"2023-03-24T09:34:10","modified_gmt":"2023-03-24T08:34:10","slug":"prestolonaslednik-aleksandar-secanje-na-vreme-kada-je-bezumlje-zamenilo-razum","status":"publish","type":"post","link":"https:\/\/royalfamily.org\/lat\/prestolonaslednik-aleksandar-secanje-na-vreme-kada-je-bezumlje-zamenilo-razum\/","title":{"rendered":"PRESTOLONASLEDNIK ALEKSANDAR: \u201eSE\u0106ANjE NA VREME KADA JE BEZUMLjE ZAMENILO RAZUM\u201c"},"content":{"rendered":"<p><div class=\"fusion-fullwidth fullwidth-box fusion-builder-row-1 fusion-flex-container has-pattern-background has-mask-background nonhundred-percent-fullwidth non-hundred-percent-height-scrolling\" style=\"--awb-border-radius-top-left:0px;--awb-border-radius-top-right:0px;--awb-border-radius-bottom-right:0px;--awb-border-radius-bottom-left:0px;--awb-flex-wrap:wrap;\" ><div class=\"fusion-builder-row fusion-row fusion-flex-align-items-flex-start fusion-flex-content-wrap\" style=\"max-width:1227.2px;margin-left: calc(-4% \/ 2 );margin-right: calc(-4% \/ 2 );\"><div class=\"fusion-layout-column fusion_builder_column fusion-builder-column-0 fusion_builder_column_1_1 1_1 fusion-flex-column\" style=\"--awb-bg-size:cover;--awb-width-large:100%;--awb-margin-top-large:0px;--awb-spacing-right-large:1.92%;--awb-margin-bottom-large:20px;--awb-spacing-left-large:1.92%;--awb-width-medium:100%;--awb-order-medium:0;--awb-spacing-right-medium:1.92%;--awb-spacing-left-medium:1.92%;--awb-width-small:100%;--awb-order-small:0;--awb-spacing-right-small:1.92%;--awb-spacing-left-small:1.92%;\"><div class=\"fusion-column-wrapper fusion-column-has-shadow fusion-flex-justify-content-flex-start fusion-content-layout-column\"><div class=\"fusion-text fusion-text-1\"><p>Povodom 24. godi\u0161njice po\u010detka NATO agresije na Jugoslaviju 1999. godine, Nj.K.V. Prestolonaslednik Aleksandar poslao je poruku kojom podse\u0107a da svim nevinim \u017ertvama dugujemo da se ovakvi zlo\u010dini nikada ne smeju zaboraviti.<\/p>\n<p>\u201eDvadeset \u010detiri godine kasnije, se\u0107amo se stra\u0161ne agresije koja se dogodila tokom tragi\u010dnih 78 dana 1999. godine. Bilo je to vreme kada je bezumlje zamenilo razum, i kada su glasovi dobronamernih ljudi koji su apelovali da se ludilo okon\u010da, bili ugu\u0161eni bombama. Akt terora, koji nisu odobrile Ujedinjene nacije, doneo je samo ogromnu patnju nevinim ljudima. Toliko \u017eivota je izgubljeno i uni\u0161teno agresijom koja je nametnuta svim na\u0161im gra\u0111anima, i koja je ostavila o\u017eiljke koji nas i danas podse\u0107aju na nju.<\/p>\n<p>Se\u0107anje na ovu agresiju mora ostati \u017eivo, nikada ne smemo zaboraviti sve one koji su tragi\u010dno pali kao \u017ertve ovog ludila. Oni uvek moraju biti u na\u0161im mislima, na\u0161im srcima i na\u0161im molitvama. Dugujemo njima, ali i nama, da se ovakva tragedija vi\u0161e nikada ne ponovi\u201c, rekao je Nj.K.V. Prestolonaslednik Aleksandar u svojoj poruci.<\/p>\n<\/div><\/div><\/div><\/div><\/div><div class=\"fusion-fullwidth fullwidth-box fusion-builder-row-2 fusion-flex-container has-pattern-background has-mask-background nonhundred-percent-fullwidth non-hundred-percent-height-scrolling\" style=\"--awb-border-radius-top-left:0px;--awb-border-radius-top-right:0px;--awb-border-radius-bottom-right:0px;--awb-border-radius-bottom-left:0px;--awb-flex-wrap:wrap;\" ><div class=\"fusion-builder-row fusion-row fusion-flex-align-items-flex-start fusion-flex-content-wrap\" style=\"max-width:1227.2px;margin-left: calc(-4% \/ 2 );margin-right: calc(-4% \/ 2 );\"><div class=\"fusion-layout-column fusion_builder_column fusion-builder-column-1 fusion_builder_column_1_1 1_1 fusion-flex-column\" style=\"--awb-bg-size:cover;--awb-width-large:100%;--awb-margin-top-large:0px;--awb-spacing-right-large:1.92%;--awb-margin-bottom-large:20px;--awb-spacing-left-large:1.92%;--awb-width-medium:100%;--awb-order-medium:0;--awb-spacing-right-medium:1.92%;--awb-spacing-left-medium:1.92%;--awb-width-small:100%;--awb-order-small:0;--awb-spacing-right-small:1.92%;--awb-spacing-left-small:1.92%;\"><div class=\"fusion-column-wrapper fusion-column-has-shadow fusion-flex-justify-content-flex-start fusion-content-layout-column\"><div class=\"fusion-image-element awb-imageframe-style awb-imageframe-style-below awb-imageframe-style-1\" style=\"text-align:center;--awb-caption-title-font-family:var(--h2_typography-font-family);--awb-caption-title-font-weight:var(--h2_typography-font-weight);--awb-caption-title-font-style:var(--h2_typography-font-style);--awb-caption-title-size:var(--h2_typography-font-size);--awb-caption-title-transform:var(--h2_typography-text-transform);--awb-caption-title-line-height:var(--h2_typography-line-height);--awb-caption-title-letter-spacing:var(--h2_typography-letter-spacing);\"><span class=\" fusion-imageframe imageframe-none imageframe-1 hover-type-none\"><a href=\"https:\/\/royalfamily.org\/wp-content\/uploads\/2023\/03\/CNN-interview.jpg\" class=\"fusion-lightbox\" data-rel=\"iLightbox[7648334e09f5b9f5b98]\" data-caption=\"Gostovanje Nj.K.V. Prestolonaslednika Aleksandra na Si-En-En-u, 1999. godine \"><img decoding=\"async\" width=\"684\" height=\"834\" alt=\"Gostovanje Nj.K.V. Prestolonaslednika Aleksandra na Si-En-En-u, 1999. godine\" src=\"https:\/\/royalfamily.org\/wp-content\/uploads\/2023\/03\/CNN-interview.jpg\" class=\"img-responsive wp-image-85433\" srcset=\"https:\/\/royalfamily.org\/wp-content\/uploads\/2023\/03\/CNN-interview-200x244.jpg 200w, https:\/\/royalfamily.org\/wp-content\/uploads\/2023\/03\/CNN-interview-400x488.jpg 400w, https:\/\/royalfamily.org\/wp-content\/uploads\/2023\/03\/CNN-interview-600x732.jpg 600w, https:\/\/royalfamily.org\/wp-content\/uploads\/2023\/03\/CNN-interview.jpg 684w\" sizes=\"(max-width: 1024px) 100vw, (max-width: 640px) 100vw, 684px\" \/><\/a><\/span><div class=\"awb-imageframe-caption-container\" style=\"text-align:center;\"><div class=\"awb-imageframe-caption\"><p class=\"awb-imageframe-caption-text\">Gostovanje Nj.K.V. Prestolonaslednika Aleksandra na Si-En-En-u, 1999. godine <\/p><\/div><\/div><\/div><\/div><\/div><\/div><\/div><\/p>\n","protected":false},"excerpt":{"rendered":"","protected":false},"author":1001015,"featured_media":85436,"comment_status":"closed","ping_status":"closed","sticky":false,"template":"","format":"standard","meta":{"_acf_changed":false,"footnotes":""},"categories":[22],"tags":[],"class_list":["post-85439","post","type-post","status-publish","format-standard","has-post-thumbnail","hentry","category-vesti"],"acf":[],"yoast_head":"<!-- This site is optimized with the Yoast SEO Premium plugin v27.5 (Yoast SEO v27.5) - https:\/\/yoast.com\/product\/yoast-seo-premium-wordpress\/ -->\n<title>PRESTOLONASLEDNIK ALEKSANDAR: \u201eSE\u0106ANjE NA VREME KADA JE BEZUMLjE ZAMENILO RAZUM\u201c - The Royal Family of Serbia<\/title>\n<meta name=\"robots\" content=\"index, follow, max-snippet:-1, max-image-preview:large, max-video-preview:-1\" \/>\n<link rel=\"canonical\" href=\"https:\/\/royalfamily.org\/lat\/prestolonaslednik-aleksandar-secanje-na-vreme-kada-je-bezumlje-zamenilo-razum\/\" \/>\n<meta property=\"og:locale\" content=\"en_US\" \/>\n<meta property=\"og:type\" content=\"article\" \/>\n<meta property=\"og:title\" content=\"PRESTOLONASLEDNIK ALEKSANDAR: \u201eSE\u0106ANjE NA VREME KADA JE BEZUMLjE ZAMENILO RAZUM\u201c\" \/>\n<meta property=\"og:url\" content=\"https:\/\/royalfamily.org\/lat\/prestolonaslednik-aleksandar-secanje-na-vreme-kada-je-bezumlje-zamenilo-razum\/\" \/>\n<meta property=\"og:site_name\" content=\"The Royal Family of Serbia\" \/>\n<meta property=\"article:publisher\" content=\"https:\/\/www.facebook.com\/Prestolonaslednik.Aleksandar\" \/>\n<meta property=\"article:published_time\" content=\"2023-03-24T08:33:03+00:00\" \/>\n<meta property=\"article:modified_time\" content=\"2023-03-24T08:34:10+00:00\" \/>\n<meta property=\"og:image\" content=\"https:\/\/royalfamily.org\/wp-content\/uploads\/2023\/03\/HRH-Crown-Prince-Alexander.jpg\" \/>\n\t<meta property=\"og:image:width\" content=\"1983\" \/>\n\t<meta property=\"og:image:height\" content=\"1400\" \/>\n\t<meta property=\"og:image:type\" content=\"image\/jpeg\" \/>\n<meta name=\"author\" content=\"Stefan Milanovic\" \/>\n<meta name=\"twitter:card\" content=\"summary_large_image\" \/>\n<meta name=\"twitter:label1\" content=\"Written by\" \/>\n\t<meta name=\"twitter:data1\" content=\"Stefan Milanovic\" \/>\n\t<meta name=\"twitter:label2\" content=\"Est. reading time\" \/>\n\t<meta name=\"twitter:data2\" content=\"4 minutes\" \/>\n<script type=\"application\/ld+json\" class=\"yoast-schema-graph\">{\"@context\":\"https:\\\/\\\/schema.org\",\"@graph\":[{\"@type\":\"Article\",\"@id\":\"https:\\\/\\\/royalfamily.org\\\/lat\\\/prestolonaslednik-aleksandar-secanje-na-vreme-kada-je-bezumlje-zamenilo-razum\\\/#article\",\"isPartOf\":{\"@id\":\"https:\\\/\\\/royalfamily.org\\\/lat\\\/prestolonaslednik-aleksandar-secanje-na-vreme-kada-je-bezumlje-zamenilo-razum\\\/\"},\"author\":{\"name\":\"Stefan Milanovic\",\"@id\":\"https:\\\/\\\/royalfamily.org\\\/#\\\/schema\\\/person\\\/4ad3296a6a8a35eed333b6a785e9f648\"},\"headline\":\"PRESTOLONASLEDNIK ALEKSANDAR: \u201eSE\u0106ANjE NA VREME KADA JE BEZUMLjE ZAMENILO RAZUM\u201c\",\"datePublished\":\"2023-03-24T08:33:03+00:00\",\"dateModified\":\"2023-03-24T08:34:10+00:00\",\"mainEntityOfPage\":{\"@id\":\"https:\\\/\\\/royalfamily.org\\\/lat\\\/prestolonaslednik-aleksandar-secanje-na-vreme-kada-je-bezumlje-zamenilo-razum\\\/\"},\"wordCount\":1998,\"publisher\":{\"@id\":\"https:\\\/\\\/royalfamily.org\\\/#organization\"},\"image\":{\"@id\":\"https:\\\/\\\/royalfamily.org\\\/lat\\\/prestolonaslednik-aleksandar-secanje-na-vreme-kada-je-bezumlje-zamenilo-razum\\\/#primaryimage\"},\"thumbnailUrl\":\"https:\\\/\\\/royalfamily.org\\\/wp-content\\\/uploads\\\/2023\\\/03\\\/HRH-Crown-Prince-Alexander.jpg\",\"articleSection\":[\"Vesti\"],\"inLanguage\":\"sr-LT\"},{\"@type\":\"WebPage\",\"@id\":\"https:\\\/\\\/royalfamily.org\\\/lat\\\/prestolonaslednik-aleksandar-secanje-na-vreme-kada-je-bezumlje-zamenilo-razum\\\/\",\"url\":\"https:\\\/\\\/royalfamily.org\\\/lat\\\/prestolonaslednik-aleksandar-secanje-na-vreme-kada-je-bezumlje-zamenilo-razum\\\/\",\"name\":\"PRESTOLONASLEDNIK ALEKSANDAR: \u201eSE\u0106ANjE NA VREME KADA JE BEZUMLjE ZAMENILO RAZUM\u201c - The Royal Family of Serbia\",\"isPartOf\":{\"@id\":\"https:\\\/\\\/royalfamily.org\\\/#website\"},\"primaryImageOfPage\":{\"@id\":\"https:\\\/\\\/royalfamily.org\\\/lat\\\/prestolonaslednik-aleksandar-secanje-na-vreme-kada-je-bezumlje-zamenilo-razum\\\/#primaryimage\"},\"image\":{\"@id\":\"https:\\\/\\\/royalfamily.org\\\/lat\\\/prestolonaslednik-aleksandar-secanje-na-vreme-kada-je-bezumlje-zamenilo-razum\\\/#primaryimage\"},\"thumbnailUrl\":\"https:\\\/\\\/royalfamily.org\\\/wp-content\\\/uploads\\\/2023\\\/03\\\/HRH-Crown-Prince-Alexander.jpg\",\"datePublished\":\"2023-03-24T08:33:03+00:00\",\"dateModified\":\"2023-03-24T08:34:10+00:00\",\"breadcrumb\":{\"@id\":\"https:\\\/\\\/royalfamily.org\\\/lat\\\/prestolonaslednik-aleksandar-secanje-na-vreme-kada-je-bezumlje-zamenilo-razum\\\/#breadcrumb\"},\"inLanguage\":\"sr-LT\",\"potentialAction\":[{\"@type\":\"ReadAction\",\"target\":[\"https:\\\/\\\/royalfamily.org\\\/lat\\\/prestolonaslednik-aleksandar-secanje-na-vreme-kada-je-bezumlje-zamenilo-razum\\\/\"]}]},{\"@type\":\"ImageObject\",\"inLanguage\":\"sr-LT\",\"@id\":\"https:\\\/\\\/royalfamily.org\\\/lat\\\/prestolonaslednik-aleksandar-secanje-na-vreme-kada-je-bezumlje-zamenilo-razum\\\/#primaryimage\",\"url\":\"https:\\\/\\\/royalfamily.org\\\/wp-content\\\/uploads\\\/2023\\\/03\\\/HRH-Crown-Prince-Alexander.jpg\",\"contentUrl\":\"https:\\\/\\\/royalfamily.org\\\/wp-content\\\/uploads\\\/2023\\\/03\\\/HRH-Crown-Prince-Alexander.jpg\",\"width\":1983,\"height\":1400,\"caption\":\"PRESTOLONASLEDNIK ALEKSANDAR: \u201eSE\u0106ANjE NA VREME KADA JE BEZUMLjE ZAMENILO RAZUM\u201c\"},{\"@type\":\"BreadcrumbList\",\"@id\":\"https:\\\/\\\/royalfamily.org\\\/lat\\\/prestolonaslednik-aleksandar-secanje-na-vreme-kada-je-bezumlje-zamenilo-razum\\\/#breadcrumb\",\"itemListElement\":[{\"@type\":\"ListItem\",\"position\":1,\"name\":\"Home\",\"item\":\"https:\\\/\\\/royalfamily.org\\\/lat\\\/\"},{\"@type\":\"ListItem\",\"position\":2,\"name\":\"PRESTOLONASLEDNIK ALEKSANDAR: \u201eSE\u0106ANjE NA VREME KADA JE BEZUMLjE ZAMENILO RAZUM\u201c\"}]},{\"@type\":\"WebSite\",\"@id\":\"https:\\\/\\\/royalfamily.org\\\/#website\",\"url\":\"https:\\\/\\\/royalfamily.org\\\/\",\"name\":\"The Royal Family of Serbia\",\"description\":\"From the people, for the people\",\"publisher\":{\"@id\":\"https:\\\/\\\/royalfamily.org\\\/#organization\"},\"potentialAction\":[{\"@type\":\"SearchAction\",\"target\":{\"@type\":\"EntryPoint\",\"urlTemplate\":\"https:\\\/\\\/royalfamily.org\\\/?s={search_term_string}\"},\"query-input\":{\"@type\":\"PropertyValueSpecification\",\"valueRequired\":true,\"valueName\":\"search_term_string\"}}],\"inLanguage\":\"sr-LT\"},{\"@type\":\"Organization\",\"@id\":\"https:\\\/\\\/royalfamily.org\\\/#organization\",\"name\":\"Royal Family\",\"url\":\"https:\\\/\\\/royalfamily.org\\\/\",\"logo\":{\"@type\":\"ImageObject\",\"inLanguage\":\"sr-LT\",\"@id\":\"https:\\\/\\\/royalfamily.org\\\/#\\\/schema\\\/logo\\\/image\\\/\",\"url\":\"https:\\\/\\\/royalfamily.org\\\/wp-content\\\/uploads\\\/2019\\\/04\\\/logo-vector-02-V-latinica.png\",\"contentUrl\":\"https:\\\/\\\/royalfamily.org\\\/wp-content\\\/uploads\\\/2019\\\/04\\\/logo-vector-02-V-latinica.png\",\"width\":552,\"height\":99,\"caption\":\"Royal Family\"},\"image\":{\"@id\":\"https:\\\/\\\/royalfamily.org\\\/#\\\/schema\\\/logo\\\/image\\\/\"},\"sameAs\":[\"https:\\\/\\\/www.facebook.com\\\/Prestolonaslednik.Aleksandar\"]},{\"@type\":\"Person\",\"@id\":\"https:\\\/\\\/royalfamily.org\\\/#\\\/schema\\\/person\\\/4ad3296a6a8a35eed333b6a785e9f648\",\"name\":\"Stefan Milanovic\",\"image\":{\"@type\":\"ImageObject\",\"inLanguage\":\"sr-LT\",\"@id\":\"https:\\\/\\\/secure.gravatar.com\\\/avatar\\\/92dcbdcf3e32112a9ceb1e41665b1f44c69382d014cacfe12c701f6af7c40259?s=96&d=mm&r=g\",\"url\":\"https:\\\/\\\/secure.gravatar.com\\\/avatar\\\/92dcbdcf3e32112a9ceb1e41665b1f44c69382d014cacfe12c701f6af7c40259?s=96&d=mm&r=g\",\"contentUrl\":\"https:\\\/\\\/secure.gravatar.com\\\/avatar\\\/92dcbdcf3e32112a9ceb1e41665b1f44c69382d014cacfe12c701f6af7c40259?s=96&d=mm&r=g\",\"caption\":\"Stefan Milanovic\"}}]}<\/script>\n<!-- \/ Yoast SEO Premium plugin. -->","yoast_head_json":{"title":"PRESTOLONASLEDNIK ALEKSANDAR: \u201eSE\u0106ANjE NA VREME KADA JE BEZUMLjE ZAMENILO RAZUM\u201c - The Royal Family of Serbia","robots":{"index":"index","follow":"follow","max-snippet":"max-snippet:-1","max-image-preview":"max-image-preview:large","max-video-preview":"max-video-preview:-1"},"canonical":"https:\/\/royalfamily.org\/lat\/prestolonaslednik-aleksandar-secanje-na-vreme-kada-je-bezumlje-zamenilo-razum\/","og_locale":"en_US","og_type":"article","og_title":"PRESTOLONASLEDNIK ALEKSANDAR: \u201eSE\u0106ANjE NA VREME KADA JE BEZUMLjE ZAMENILO RAZUM\u201c","og_url":"https:\/\/royalfamily.org\/lat\/prestolonaslednik-aleksandar-secanje-na-vreme-kada-je-bezumlje-zamenilo-razum\/","og_site_name":"The Royal Family of Serbia","article_publisher":"https:\/\/www.facebook.com\/Prestolonaslednik.Aleksandar","article_published_time":"2023-03-24T08:33:03+00:00","article_modified_time":"2023-03-24T08:34:10+00:00","og_image":[{"width":1983,"height":1400,"url":"https:\/\/royalfamily.org\/wp-content\/uploads\/2023\/03\/HRH-Crown-Prince-Alexander.jpg","type":"image\/jpeg"}],"author":"Stefan Milanovic","twitter_card":"summary_large_image","twitter_misc":{"Written by":"Stefan Milanovic","Est. reading time":"4 minutes"},"schema":{"@context":"https:\/\/schema.org","@graph":[{"@type":"Article","@id":"https:\/\/royalfamily.org\/lat\/prestolonaslednik-aleksandar-secanje-na-vreme-kada-je-bezumlje-zamenilo-razum\/#article","isPartOf":{"@id":"https:\/\/royalfamily.org\/lat\/prestolonaslednik-aleksandar-secanje-na-vreme-kada-je-bezumlje-zamenilo-razum\/"},"author":{"name":"Stefan Milanovic","@id":"https:\/\/royalfamily.org\/#\/schema\/person\/4ad3296a6a8a35eed333b6a785e9f648"},"headline":"PRESTOLONASLEDNIK ALEKSANDAR: \u201eSE\u0106ANjE NA VREME KADA JE BEZUMLjE ZAMENILO RAZUM\u201c","datePublished":"2023-03-24T08:33:03+00:00","dateModified":"2023-03-24T08:34:10+00:00","mainEntityOfPage":{"@id":"https:\/\/royalfamily.org\/lat\/prestolonaslednik-aleksandar-secanje-na-vreme-kada-je-bezumlje-zamenilo-razum\/"},"wordCount":1998,"publisher":{"@id":"https:\/\/royalfamily.org\/#organization"},"image":{"@id":"https:\/\/royalfamily.org\/lat\/prestolonaslednik-aleksandar-secanje-na-vreme-kada-je-bezumlje-zamenilo-razum\/#primaryimage"},"thumbnailUrl":"https:\/\/royalfamily.org\/wp-content\/uploads\/2023\/03\/HRH-Crown-Prince-Alexander.jpg","articleSection":["Vesti"],"inLanguage":"sr-LT"},{"@type":"WebPage","@id":"https:\/\/royalfamily.org\/lat\/prestolonaslednik-aleksandar-secanje-na-vreme-kada-je-bezumlje-zamenilo-razum\/","url":"https:\/\/royalfamily.org\/lat\/prestolonaslednik-aleksandar-secanje-na-vreme-kada-je-bezumlje-zamenilo-razum\/","name":"PRESTOLONASLEDNIK ALEKSANDAR: \u201eSE\u0106ANjE NA VREME KADA JE BEZUMLjE ZAMENILO RAZUM\u201c - The Royal Family of Serbia","isPartOf":{"@id":"https:\/\/royalfamily.org\/#website"},"primaryImageOfPage":{"@id":"https:\/\/royalfamily.org\/lat\/prestolonaslednik-aleksandar-secanje-na-vreme-kada-je-bezumlje-zamenilo-razum\/#primaryimage"},"image":{"@id":"https:\/\/royalfamily.org\/lat\/prestolonaslednik-aleksandar-secanje-na-vreme-kada-je-bezumlje-zamenilo-razum\/#primaryimage"},"thumbnailUrl":"https:\/\/royalfamily.org\/wp-content\/uploads\/2023\/03\/HRH-Crown-Prince-Alexander.jpg","datePublished":"2023-03-24T08:33:03+00:00","dateModified":"2023-03-24T08:34:10+00:00","breadcrumb":{"@id":"https:\/\/royalfamily.org\/lat\/prestolonaslednik-aleksandar-secanje-na-vreme-kada-je-bezumlje-zamenilo-razum\/#breadcrumb"},"inLanguage":"sr-LT","potentialAction":[{"@type":"ReadAction","target":["https:\/\/royalfamily.org\/lat\/prestolonaslednik-aleksandar-secanje-na-vreme-kada-je-bezumlje-zamenilo-razum\/"]}]},{"@type":"ImageObject","inLanguage":"sr-LT","@id":"https:\/\/royalfamily.org\/lat\/prestolonaslednik-aleksandar-secanje-na-vreme-kada-je-bezumlje-zamenilo-razum\/#primaryimage","url":"https:\/\/royalfamily.org\/wp-content\/uploads\/2023\/03\/HRH-Crown-Prince-Alexander.jpg","contentUrl":"https:\/\/royalfamily.org\/wp-content\/uploads\/2023\/03\/HRH-Crown-Prince-Alexander.jpg","width":1983,"height":1400,"caption":"PRESTOLONASLEDNIK ALEKSANDAR: \u201eSE\u0106ANjE NA VREME KADA JE BEZUMLjE ZAMENILO RAZUM\u201c"},{"@type":"BreadcrumbList","@id":"https:\/\/royalfamily.org\/lat\/prestolonaslednik-aleksandar-secanje-na-vreme-kada-je-bezumlje-zamenilo-razum\/#breadcrumb","itemListElement":[{"@type":"ListItem","position":1,"name":"Home","item":"https:\/\/royalfamily.org\/lat\/"},{"@type":"ListItem","position":2,"name":"PRESTOLONASLEDNIK ALEKSANDAR: \u201eSE\u0106ANjE NA VREME KADA JE BEZUMLjE ZAMENILO RAZUM\u201c"}]},{"@type":"WebSite","@id":"https:\/\/royalfamily.org\/#website","url":"https:\/\/royalfamily.org\/","name":"The Royal Family of Serbia","description":"From the people, for the people","publisher":{"@id":"https:\/\/royalfamily.org\/#organization"},"potentialAction":[{"@type":"SearchAction","target":{"@type":"EntryPoint","urlTemplate":"https:\/\/royalfamily.org\/?s={search_term_string}"},"query-input":{"@type":"PropertyValueSpecification","valueRequired":true,"valueName":"search_term_string"}}],"inLanguage":"sr-LT"},{"@type":"Organization","@id":"https:\/\/royalfamily.org\/#organization","name":"Royal Family","url":"https:\/\/royalfamily.org\/","logo":{"@type":"ImageObject","inLanguage":"sr-LT","@id":"https:\/\/royalfamily.org\/#\/schema\/logo\/image\/","url":"https:\/\/royalfamily.org\/wp-content\/uploads\/2019\/04\/logo-vector-02-V-latinica.png","contentUrl":"https:\/\/royalfamily.org\/wp-content\/uploads\/2019\/04\/logo-vector-02-V-latinica.png","width":552,"height":99,"caption":"Royal Family"},"image":{"@id":"https:\/\/royalfamily.org\/#\/schema\/logo\/image\/"},"sameAs":["https:\/\/www.facebook.com\/Prestolonaslednik.Aleksandar"]},{"@type":"Person","@id":"https:\/\/royalfamily.org\/#\/schema\/person\/4ad3296a6a8a35eed333b6a785e9f648","name":"Stefan Milanovic","image":{"@type":"ImageObject","inLanguage":"sr-LT","@id":"https:\/\/secure.gravatar.com\/avatar\/92dcbdcf3e32112a9ceb1e41665b1f44c69382d014cacfe12c701f6af7c40259?s=96&d=mm&r=g","url":"https:\/\/secure.gravatar.com\/avatar\/92dcbdcf3e32112a9ceb1e41665b1f44c69382d014cacfe12c701f6af7c40259?s=96&d=mm&r=g","contentUrl":"https:\/\/secure.gravatar.com\/avatar\/92dcbdcf3e32112a9ceb1e41665b1f44c69382d014cacfe12c701f6af7c40259?s=96&d=mm&r=g","caption":"Stefan Milanovic"}}]}},"_links":{"self":[{"href":"https:\/\/royalfamily.org\/lat\/wp-json\/wp\/v2\/posts\/85439","targetHints":{"allow":["GET"]}}],"collection":[{"href":"https:\/\/royalfamily.org\/lat\/wp-json\/wp\/v2\/posts"}],"about":[{"href":"https:\/\/royalfamily.org\/lat\/wp-json\/wp\/v2\/types\/post"}],"author":[{"embeddable":true,"href":"https:\/\/royalfamily.org\/lat\/wp-json\/wp\/v2\/users\/1001015"}],"replies":[{"embeddable":true,"href":"https:\/\/royalfamily.org\/lat\/wp-json\/wp\/v2\/comments?post=85439"}],"version-history":[{"count":4,"href":"https:\/\/royalfamily.org\/lat\/wp-json\/wp\/v2\/posts\/85439\/revisions"}],"predecessor-version":[{"id":85443,"href":"https:\/\/royalfamily.org\/lat\/wp-json\/wp\/v2\/posts\/85439\/revisions\/85443"}],"wp:featuredmedia":[{"embeddable":true,"href":"https:\/\/royalfamily.org\/lat\/wp-json\/wp\/v2\/media\/85436"}],"wp:attachment":[{"href":"https:\/\/royalfamily.org\/lat\/wp-json\/wp\/v2\/media?parent=85439"}],"wp:term":[{"taxonomy":"category","embeddable":true,"href":"https:\/\/royalfamily.org\/lat\/wp-json\/wp\/v2\/categories?post=85439"},{"taxonomy":"post_tag","embeddable":true,"href":"https:\/\/royalfamily.org\/lat\/wp-json\/wp\/v2\/tags?post=85439"}],"curies":[{"name":"wp","href":"https:\/\/api.w.org\/{rel}","templated":true}]}}