{"id":85490,"date":"2023-03-24T15:19:30","date_gmt":"2023-03-24T14:19:30","guid":{"rendered":"https:\/\/royalfamily.org\/?p=85490"},"modified":"2023-03-24T15:19:32","modified_gmt":"2023-03-24T14:19:32","slug":"kraljevski-par-srbije-otvorio-dobrotvorni-vaskrsnji-bazar-u-beogradu","status":"publish","type":"post","link":"https:\/\/royalfamily.org\/lat\/kraljevski-par-srbije-otvorio-dobrotvorni-vaskrsnji-bazar-u-beogradu\/","title":{"rendered":"KRALjEVSKI PAR SRBIJE OTVORIO DOBROTVORNI VASKR\u0160NjI BAZAR U BEOGRADU"},"content":{"rendered":"<p><div class=\"fusion-fullwidth fullwidth-box fusion-builder-row-1 fusion-flex-container has-pattern-background has-mask-background nonhundred-percent-fullwidth non-hundred-percent-height-scrolling\" style=\"--awb-border-radius-top-left:0px;--awb-border-radius-top-right:0px;--awb-border-radius-bottom-right:0px;--awb-border-radius-bottom-left:0px;--awb-flex-wrap:wrap;\" ><div class=\"fusion-builder-row fusion-row fusion-flex-align-items-flex-start fusion-flex-content-wrap\" style=\"max-width:1227.2px;margin-left: calc(-4% \/ 2 );margin-right: calc(-4% \/ 2 );\"><div class=\"fusion-layout-column fusion_builder_column fusion-builder-column-0 fusion_builder_column_1_1 1_1 fusion-flex-column\" style=\"--awb-bg-size:cover;--awb-width-large:100%;--awb-margin-top-large:0px;--awb-spacing-right-large:1.92%;--awb-margin-bottom-large:20px;--awb-spacing-left-large:1.92%;--awb-width-medium:100%;--awb-order-medium:0;--awb-spacing-right-medium:1.92%;--awb-spacing-left-medium:1.92%;--awb-width-small:100%;--awb-order-small:0;--awb-spacing-right-small:1.92%;--awb-spacing-left-small:1.92%;\"><div class=\"fusion-column-wrapper fusion-column-has-shadow fusion-flex-justify-content-flex-start fusion-content-layout-column\"><div class=\"fusion-text fusion-text-1\"><p>Slede\u0107i tradiciju koju su zapo\u010deli pre vi\u0161e godina, Nj.K.V. Prestolonaslednik Aleksandar i Princeza Katarina sve\u010dano su danas u tr\u017enom centru Big Fashion u Beogradu otvorili tradicionalni Vaskr\u0161nji bazar rukotvorina \u017eena izbeglica i dece sa te\u0161ko\u0107ama u intelektualnom razvoju. Ukupni prihodi od prodaje rukotvorina namenjeni su za pomo\u0107 ovim ugro\u017eenim grupama.<\/p>\n<p>Sve\u010dano otvaranje ove manifestacije, organizovane pod pokroviteljstvom Fondacije Princeze Katarine, po\u010delo je obra\u0107anjem Nj.K.V. Prestolonaslednika Aleksandra. Otvaranju su prisustvovali Nj.E. prof. dr Darija Kisi\u0107, ministarka za brigu o porodici i demografiju u Vladi Srbije, g-\u0111a Nata\u0161a Stanisavljevi\u0107, komesarka za izbeglice i migracije, dr Elma Elfi\u0107, pomo\u0107nica ministra prosvete, kao i Njena Ekselencija ambasadorka Kraljevine \u0160vedske, g-\u0111a Anika Ben David, sa drugim predstavnicima diplomatskog kora, Princezinom sestrom, gospo\u0111om Beti Rumeliotis i mnogim drugima.<\/p>\n<p>Princeza Katarina je u svom govoru zahvalila ministarki Kisi\u0107 i komesarki Stanisavljevi\u0107 i dr Elfi\u0107 na tradicionalnoj podr\u0161ci koju koju Vlada Srbije i njena nadle\u017ena tela pru\u017eaju ovom bazaru i istakla: \u201eOvo je zaista poseban dan za sve nas, jer zajedno mo\u017eemo da uradimo ne\u0161to veliko i va\u017eno za druge. Kada znamo da smo napravili razliku, to je najbolja nagrada i radost koja se mo\u017ee dobiti. Kada vidimo sve ove prelepe rukotvorine, koje su izradile ove kreativne \u017eene, kao i ovu divnu decu, uz saznanje da smo ih zajedno podr\u017eali, da smo napravili razliku, ispunjava moje srce rado\u0161\u0107u.<\/p>\n<p>Ove \u017eene su bile prinu\u0111ene da napuste sigurnost svojih domova i nastave \u017eivot daleko od njih. Zahvaljuju\u0107i svojim rukotvorinama, izdr\u017eavale su svoje porodice u najte\u017eim vremenima. Svi ru\u010dni radovi predstavljeni na ovom Bazaru su unikatni i pa\u017eljivo ra\u0111eni, sa ogromnom ljubavlju i strpljenjem. Predstavljaju tradicionalne ve\u0161tine koje su se prenosile kroz generacije, a sada se o\u017eivljavaju u na\u0161oj zajednici. Kupovinom rukotvorina podr\u017eavamo ne samo \u017eene koje ih prave, ve\u0107 i celu zajednicu i \u010duvamo i nasle\u0111e koje se prenosi kroz vekove.\u201d<\/p>\n<p>Na otvaranju se obratila i Nj.E. ministarka Darija Kisi\u0107 koja je istakla da su \u017eene stub svake porodice i svakog dru\u0161tva, kao i da je porodica najva\u017enija osnova svakog \u010doveka, jer je ona izvor ljubavi, snage i energije. \u201eUvek sam sre\u0107na kada imam priliku da iznova vidim koliko su na\u0161e \u017eene kreativne, sposobne i spretne i kako zahvaljuju\u0107i svojoj energiji, istrajnosti i ma\u0161tovitosti prave prava umetni\u010dka dela i time doprinose da njihove porodice \u017eive jo\u0161 kvalitetnije\u201c, navela je ministarka Kisi\u0107, zahvaliv\u0161i se Kraljevskoj porodici na organizovanju tradicionalnih bazara rukotvorina.<\/p>\n<p>Komesarka za izbeglice Srbije Nata\u0161a Stanisavljevi\u0107 je u svom govoru rekla: \u201eOva inicijativa Princeze Katarine zna\u010dajna je za integraciju onih koji su morali da napuste svoje domove i stvore novi \u017eivot. Ponosna sam na\u00a0 \u0161to je poruka ovog humanitarnog bazara i onog \u0161to radi Komesarijat za izbeglice i migracije ista, a to je da su u Srbiji svi ljudi koji \u017eele da je po\u0161tuju i vole dobrodo\u0161li. Ovom prilikom pozivam sve zainteresovane gra\u0111ane da posete tr\u017eni centar\u00a0 Big Fashion i kupe neku od ovih divnih\u00a0 rukotvorina. Ovo su \u017eene koje imaju predivan dar da svojim ume\u0107em predstave Srbiju na najlep\u0161i mogu\u0107i na\u010din. Uskr\u0161nji bazar osmi\u0161ljen je sa ciljem da pomogne raseljenim, izbeglim i socijalno ugro\u017eenim osobama, koje svoje porodice izdr\u017eavaju prodajom tih rukotvorina kao i deci sa invaliditetom, sav prihod \u0107e biti usmeren ka njima. Zahvalila bih se Fondaciji Princeze Katarine na humanom radu i vi\u0161egodi\u0161njoj podr\u0161ci.\u201c<\/p>\n<p>Bazar \u0107e nastaviti da radi 2 dana &#8211; u petak, 24. marta 2023. od 11 do 22 \u010dasa i u subotu, 25. marta 2023. od 10 do 22 \u010dasa.<\/p>\n<p>Princeza Katarina i njena Fondacija vi\u0161e od 20 godina podsti\u010du rad ovih izuzetnih \u017eena koje izdr\u017eavaju svoje porodice prodajom svojih prelepih rukotvorina. Njeno Kraljevsko Viso\u010danstvo tako\u0111e podsti\u010de decu sa te\u0161ko\u0107ama u intelektualnom razvoju i \u0161kole koje ona poha\u0111aju da u\u010destvuju na ovoj manifestaciji i prodaju svoje radove. Bazar je divna prilika da se kupe autenti\u010dne, tradicionalne srpske rukotvorine kao vaskr\u0161nji pokloni, a da se istovremeno pru\u017ei podr\u0161ka porodicama \u017eena koje izla\u017eu svoje radove, kao i deci sa te\u0161ko\u0107ama u intelektualnom razvoju. Vi\u0161e od 30 izlaga\u010da u\u010destvuje na ovogodi\u0161njem Bazaru.<\/p>\n<p>Nj.K.V. Princeza Katarina je veoma zahvalna na ljubaznosti, gostoprimstvu i velikoj podr\u0161ci menad\u017ementu tr\u017enog centra Big Fashion u Beogradu.<\/p>\n<\/div><\/div><\/div><\/div><\/div><div class=\"fusion-fullwidth fullwidth-box fusion-builder-row-2 fusion-flex-container has-pattern-background has-mask-background nonhundred-percent-fullwidth non-hundred-percent-height-scrolling\" style=\"--awb-border-radius-top-left:0px;--awb-border-radius-top-right:0px;--awb-border-radius-bottom-right:0px;--awb-border-radius-bottom-left:0px;--awb-flex-wrap:wrap;\" ><div class=\"fusion-builder-row fusion-row fusion-flex-align-items-flex-start fusion-flex-content-wrap\" style=\"max-width:1227.2px;margin-left: calc(-4% \/ 2 );margin-right: calc(-4% \/ 2 );\"><div class=\"fusion-layout-column fusion_builder_column fusion-builder-column-1 fusion_builder_column_1_1 1_1 fusion-flex-column\" style=\"--awb-bg-size:cover;--awb-width-large:100%;--awb-margin-top-large:0px;--awb-spacing-right-large:1.92%;--awb-margin-bottom-large:20px;--awb-spacing-left-large:1.92%;--awb-width-medium:100%;--awb-order-medium:0;--awb-spacing-right-medium:1.92%;--awb-spacing-left-medium:1.92%;--awb-width-small:100%;--awb-order-small:0;--awb-spacing-right-small:1.92%;--awb-spacing-left-small:1.92%;\"><div class=\"fusion-column-wrapper fusion-column-has-shadow fusion-flex-justify-content-flex-start fusion-content-layout-column\"><div class=\"awb-gallery-wrapper awb-gallery-wrapper-1 button-span-no\" style=\"--more-btn-alignment:center;\" data-limit=\"20\" data-page=\"1\"><div style=\"margin:-5px;--awb-bordersize:0px;\" class=\"fusion-gallery fusion-gallery-container fusion-grid-3 fusion-columns-total-12 fusion-gallery-layout-grid fusion-gallery-1\"><div style=\"padding:5px;\" class=\"fusion-grid-column fusion-gallery-column fusion-gallery-column-3 hover-type-none\"><div class=\"fusion-gallery-image\"><a href=\"https:\/\/royalfamily.org\/wp-content\/uploads\/2023\/03\/1-8F2A4186m.jpg\" data-caption=\"KRALjEVSKI PAR SRBIJE OTVORIO DOBROTVORNI VASKR\u0160NjI BAZAR U BEOGRADU\" rel=\"noreferrer\" data-rel=\"iLightbox[gallery_image_1]\" class=\"fusion-lightbox\" target=\"_self\"><img decoding=\"async\" src=\"https:\/\/royalfamily.org\/wp-content\/uploads\/2023\/03\/1-8F2A4186m.jpg\" width=\"1772\" height=\"1181\" alt=\"KRALjEVSKI PAR SRBIJE OTVORIO DOBROTVORNI VASKR\u0160NjI BAZAR U BEOGRADU\" title=\"KRALjEVSKI PAR SRBIJE OTVORIO DOBROTVORNI VASKR\u0160NjI BAZAR U BEOGRADU\" aria-label=\"KRALjEVSKI PAR SRBIJE OTVORIO DOBROTVORNI VASKR\u0160NjI BAZAR U BEOGRADU\" class=\"img-responsive wp-image-85451\" srcset=\"https:\/\/royalfamily.org\/wp-content\/uploads\/2023\/03\/1-8F2A4186m-200x133.jpg 200w, https:\/\/royalfamily.org\/wp-content\/uploads\/2023\/03\/1-8F2A4186m-400x267.jpg 400w, https:\/\/royalfamily.org\/wp-content\/uploads\/2023\/03\/1-8F2A4186m-600x400.jpg 600w, https:\/\/royalfamily.org\/wp-content\/uploads\/2023\/03\/1-8F2A4186m-800x533.jpg 800w, https:\/\/royalfamily.org\/wp-content\/uploads\/2023\/03\/1-8F2A4186m-1200x800.jpg 1200w, https:\/\/royalfamily.org\/wp-content\/uploads\/2023\/03\/1-8F2A4186m.jpg 1772w\" sizes=\"(min-width: 2200px) 100vw, (min-width: 824px) 390px, (min-width: 732px) 585px, (min-width: 640px) 732px, \" \/><\/a><\/div><\/div><div style=\"padding:5px;\" class=\"fusion-grid-column fusion-gallery-column fusion-gallery-column-3 hover-type-none\"><div class=\"fusion-gallery-image\"><a href=\"https:\/\/royalfamily.org\/wp-content\/uploads\/2023\/03\/2-8F2A4063m.jpg\" data-caption=\"KRALjEVSKI PAR SRBIJE OTVORIO DOBROTVORNI VASKR\u0160NjI BAZAR U BEOGRADU\" rel=\"noreferrer\" data-rel=\"iLightbox[gallery_image_1]\" class=\"fusion-lightbox\" target=\"_self\"><img decoding=\"async\" src=\"https:\/\/royalfamily.org\/wp-content\/uploads\/2023\/03\/2-8F2A4063m.jpg\" width=\"1772\" height=\"1181\" alt=\"KRALjEVSKI PAR SRBIJE OTVORIO DOBROTVORNI VASKR\u0160NjI BAZAR U BEOGRADU\" title=\"KRALjEVSKI PAR SRBIJE OTVORIO DOBROTVORNI VASKR\u0160NjI BAZAR U BEOGRADU\" aria-label=\"KRALjEVSKI PAR SRBIJE OTVORIO DOBROTVORNI VASKR\u0160NjI BAZAR U BEOGRADU\" class=\"img-responsive wp-image-85454\" srcset=\"https:\/\/royalfamily.org\/wp-content\/uploads\/2023\/03\/2-8F2A4063m-200x133.jpg 200w, https:\/\/royalfamily.org\/wp-content\/uploads\/2023\/03\/2-8F2A4063m-400x267.jpg 400w, https:\/\/royalfamily.org\/wp-content\/uploads\/2023\/03\/2-8F2A4063m-600x400.jpg 600w, https:\/\/royalfamily.org\/wp-content\/uploads\/2023\/03\/2-8F2A4063m-800x533.jpg 800w, https:\/\/royalfamily.org\/wp-content\/uploads\/2023\/03\/2-8F2A4063m-1200x800.jpg 1200w, https:\/\/royalfamily.org\/wp-content\/uploads\/2023\/03\/2-8F2A4063m.jpg 1772w\" sizes=\"(min-width: 2200px) 100vw, (min-width: 824px) 390px, (min-width: 732px) 585px, (min-width: 640px) 732px, \" \/><\/a><\/div><\/div><div style=\"padding:5px;\" class=\"fusion-grid-column fusion-gallery-column fusion-gallery-column-3 hover-type-none\"><div class=\"fusion-gallery-image\"><a href=\"https:\/\/royalfamily.org\/wp-content\/uploads\/2023\/03\/3-8F2A4174m.jpg\" data-caption=\"KRALjEVSKI PAR SRBIJE OTVORIO DOBROTVORNI VASKR\u0160NjI BAZAR U BEOGRADU\" rel=\"noreferrer\" data-rel=\"iLightbox[gallery_image_1]\" class=\"fusion-lightbox\" target=\"_self\"><img decoding=\"async\" src=\"https:\/\/royalfamily.org\/wp-content\/uploads\/2023\/03\/3-8F2A4174m.jpg\" width=\"1772\" height=\"1181\" alt=\"KRALjEVSKI PAR SRBIJE OTVORIO DOBROTVORNI VASKR\u0160NjI BAZAR U BEOGRADU\" title=\"KRALjEVSKI PAR SRBIJE OTVORIO DOBROTVORNI VASKR\u0160NjI BAZAR U BEOGRADU\" aria-label=\"KRALjEVSKI PAR SRBIJE OTVORIO DOBROTVORNI VASKR\u0160NjI BAZAR U BEOGRADU\" class=\"img-responsive wp-image-85457\" srcset=\"https:\/\/royalfamily.org\/wp-content\/uploads\/2023\/03\/3-8F2A4174m-200x133.jpg 200w, https:\/\/royalfamily.org\/wp-content\/uploads\/2023\/03\/3-8F2A4174m-400x267.jpg 400w, https:\/\/royalfamily.org\/wp-content\/uploads\/2023\/03\/3-8F2A4174m-600x400.jpg 600w, https:\/\/royalfamily.org\/wp-content\/uploads\/2023\/03\/3-8F2A4174m-800x533.jpg 800w, https:\/\/royalfamily.org\/wp-content\/uploads\/2023\/03\/3-8F2A4174m-1200x800.jpg 1200w, https:\/\/royalfamily.org\/wp-content\/uploads\/2023\/03\/3-8F2A4174m.jpg 1772w\" sizes=\"(min-width: 2200px) 100vw, (min-width: 824px) 390px, (min-width: 732px) 585px, (min-width: 640px) 732px, \" \/><\/a><\/div><\/div><div class=\"clearfix\"><\/div><div style=\"padding:5px;\" class=\"fusion-grid-column fusion-gallery-column fusion-gallery-column-3 hover-type-none\"><div class=\"fusion-gallery-image\"><a href=\"https:\/\/royalfamily.org\/wp-content\/uploads\/2023\/03\/4-8F2A4021m.jpg\" data-caption=\"KRALjEVSKI PAR SRBIJE OTVORIO DOBROTVORNI VASKR\u0160NjI BAZAR U BEOGRADU\" rel=\"noreferrer\" data-rel=\"iLightbox[gallery_image_1]\" class=\"fusion-lightbox\" target=\"_self\"><img decoding=\"async\" src=\"https:\/\/royalfamily.org\/wp-content\/uploads\/2023\/03\/4-8F2A4021m.jpg\" width=\"1772\" height=\"1181\" alt=\"KRALjEVSKI PAR SRBIJE OTVORIO DOBROTVORNI VASKR\u0160NjI BAZAR U BEOGRADU\" title=\"KRALjEVSKI PAR SRBIJE OTVORIO DOBROTVORNI VASKR\u0160NjI BAZAR U BEOGRADU\" aria-label=\"KRALjEVSKI PAR SRBIJE OTVORIO DOBROTVORNI VASKR\u0160NjI BAZAR U BEOGRADU\" class=\"img-responsive wp-image-85460\" srcset=\"https:\/\/royalfamily.org\/wp-content\/uploads\/2023\/03\/4-8F2A4021m-200x133.jpg 200w, https:\/\/royalfamily.org\/wp-content\/uploads\/2023\/03\/4-8F2A4021m-400x267.jpg 400w, https:\/\/royalfamily.org\/wp-content\/uploads\/2023\/03\/4-8F2A4021m-600x400.jpg 600w, https:\/\/royalfamily.org\/wp-content\/uploads\/2023\/03\/4-8F2A4021m-800x533.jpg 800w, https:\/\/royalfamily.org\/wp-content\/uploads\/2023\/03\/4-8F2A4021m-1200x800.jpg 1200w, https:\/\/royalfamily.org\/wp-content\/uploads\/2023\/03\/4-8F2A4021m.jpg 1772w\" sizes=\"(min-width: 2200px) 100vw, (min-width: 824px) 390px, (min-width: 732px) 585px, (min-width: 640px) 732px, \" \/><\/a><\/div><\/div><div style=\"padding:5px;\" class=\"fusion-grid-column fusion-gallery-column fusion-gallery-column-3 hover-type-none\"><div class=\"fusion-gallery-image\"><a href=\"https:\/\/royalfamily.org\/wp-content\/uploads\/2023\/03\/5-8F2A4137m.jpg\" data-caption=\"KRALjEVSKI PAR SRBIJE OTVORIO DOBROTVORNI VASKR\u0160NjI BAZAR U BEOGRADU\" rel=\"noreferrer\" data-rel=\"iLightbox[gallery_image_1]\" class=\"fusion-lightbox\" target=\"_self\"><img decoding=\"async\" src=\"https:\/\/royalfamily.org\/wp-content\/uploads\/2023\/03\/5-8F2A4137m.jpg\" width=\"1772\" height=\"1181\" alt=\"KRALjEVSKI PAR SRBIJE OTVORIO DOBROTVORNI VASKR\u0160NjI BAZAR U BEOGRADU\" title=\"KRALjEVSKI PAR SRBIJE OTVORIO DOBROTVORNI VASKR\u0160NjI BAZAR U BEOGRADU\" aria-label=\"KRALjEVSKI PAR SRBIJE OTVORIO DOBROTVORNI VASKR\u0160NjI BAZAR U BEOGRADU\" class=\"img-responsive wp-image-85463\" srcset=\"https:\/\/royalfamily.org\/wp-content\/uploads\/2023\/03\/5-8F2A4137m-200x133.jpg 200w, https:\/\/royalfamily.org\/wp-content\/uploads\/2023\/03\/5-8F2A4137m-400x267.jpg 400w, https:\/\/royalfamily.org\/wp-content\/uploads\/2023\/03\/5-8F2A4137m-600x400.jpg 600w, https:\/\/royalfamily.org\/wp-content\/uploads\/2023\/03\/5-8F2A4137m-800x533.jpg 800w, https:\/\/royalfamily.org\/wp-content\/uploads\/2023\/03\/5-8F2A4137m-1200x800.jpg 1200w, https:\/\/royalfamily.org\/wp-content\/uploads\/2023\/03\/5-8F2A4137m.jpg 1772w\" sizes=\"(min-width: 2200px) 100vw, (min-width: 824px) 390px, (min-width: 732px) 585px, (min-width: 640px) 732px, \" \/><\/a><\/div><\/div><div style=\"padding:5px;\" class=\"fusion-grid-column fusion-gallery-column fusion-gallery-column-3 hover-type-none\"><div class=\"fusion-gallery-image\"><a href=\"https:\/\/royalfamily.org\/wp-content\/uploads\/2023\/03\/6-8F2A4261m.jpg\" data-caption=\"KRALjEVSKI PAR SRBIJE OTVORIO DOBROTVORNI VASKR\u0160NjI BAZAR U BEOGRADU\" rel=\"noreferrer\" data-rel=\"iLightbox[gallery_image_1]\" class=\"fusion-lightbox\" target=\"_self\"><img decoding=\"async\" src=\"https:\/\/royalfamily.org\/wp-content\/uploads\/2023\/03\/6-8F2A4261m.jpg\" width=\"1772\" height=\"1181\" alt=\"KRALjEVSKI PAR SRBIJE OTVORIO DOBROTVORNI VASKR\u0160NjI BAZAR U BEOGRADU\" title=\"KRALjEVSKI PAR SRBIJE OTVORIO DOBROTVORNI VASKR\u0160NjI BAZAR U BEOGRADU\" aria-label=\"KRALjEVSKI PAR SRBIJE OTVORIO DOBROTVORNI VASKR\u0160NjI BAZAR U BEOGRADU\" class=\"img-responsive wp-image-85466\" srcset=\"https:\/\/royalfamily.org\/wp-content\/uploads\/2023\/03\/6-8F2A4261m-200x133.jpg 200w, https:\/\/royalfamily.org\/wp-content\/uploads\/2023\/03\/6-8F2A4261m-400x267.jpg 400w, https:\/\/royalfamily.org\/wp-content\/uploads\/2023\/03\/6-8F2A4261m-600x400.jpg 600w, https:\/\/royalfamily.org\/wp-content\/uploads\/2023\/03\/6-8F2A4261m-800x533.jpg 800w, https:\/\/royalfamily.org\/wp-content\/uploads\/2023\/03\/6-8F2A4261m-1200x800.jpg 1200w, https:\/\/royalfamily.org\/wp-content\/uploads\/2023\/03\/6-8F2A4261m.jpg 1772w\" sizes=\"(min-width: 2200px) 100vw, (min-width: 824px) 390px, (min-width: 732px) 585px, (min-width: 640px) 732px, \" \/><\/a><\/div><\/div><div class=\"clearfix\"><\/div><div style=\"padding:5px;\" class=\"fusion-grid-column fusion-gallery-column fusion-gallery-column-3 hover-type-none\"><div class=\"fusion-gallery-image\"><a href=\"https:\/\/royalfamily.org\/wp-content\/uploads\/2023\/03\/7-8F2A4068m.jpg\" data-caption=\"KRALjEVSKI PAR SRBIJE OTVORIO DOBROTVORNI VASKR\u0160NjI BAZAR U BEOGRADU\" rel=\"noreferrer\" data-rel=\"iLightbox[gallery_image_1]\" class=\"fusion-lightbox\" target=\"_self\"><img decoding=\"async\" src=\"https:\/\/royalfamily.org\/wp-content\/uploads\/2023\/03\/7-8F2A4068m.jpg\" width=\"1772\" height=\"1181\" alt=\"KRALjEVSKI PAR SRBIJE OTVORIO DOBROTVORNI VASKR\u0160NjI BAZAR U BEOGRADU\" title=\"KRALjEVSKI PAR SRBIJE OTVORIO DOBROTVORNI VASKR\u0160NjI BAZAR U BEOGRADU\" aria-label=\"KRALjEVSKI PAR SRBIJE OTVORIO DOBROTVORNI VASKR\u0160NjI BAZAR U BEOGRADU\" class=\"img-responsive wp-image-85469\" srcset=\"https:\/\/royalfamily.org\/wp-content\/uploads\/2023\/03\/7-8F2A4068m-200x133.jpg 200w, https:\/\/royalfamily.org\/wp-content\/uploads\/2023\/03\/7-8F2A4068m-400x267.jpg 400w, https:\/\/royalfamily.org\/wp-content\/uploads\/2023\/03\/7-8F2A4068m-600x400.jpg 600w, https:\/\/royalfamily.org\/wp-content\/uploads\/2023\/03\/7-8F2A4068m-800x533.jpg 800w, https:\/\/royalfamily.org\/wp-content\/uploads\/2023\/03\/7-8F2A4068m-1200x800.jpg 1200w, https:\/\/royalfamily.org\/wp-content\/uploads\/2023\/03\/7-8F2A4068m.jpg 1772w\" sizes=\"(min-width: 2200px) 100vw, (min-width: 824px) 390px, (min-width: 732px) 585px, (min-width: 640px) 732px, \" \/><\/a><\/div><\/div><div style=\"padding:5px;\" class=\"fusion-grid-column fusion-gallery-column fusion-gallery-column-3 hover-type-none\"><div class=\"fusion-gallery-image\"><a href=\"https:\/\/royalfamily.org\/wp-content\/uploads\/2023\/03\/8-8F2A4098m.jpg\" data-caption=\"KRALjEVSKI PAR SRBIJE OTVORIO DOBROTVORNI VASKR\u0160NjI BAZAR U BEOGRADU\" rel=\"noreferrer\" data-rel=\"iLightbox[gallery_image_1]\" class=\"fusion-lightbox\" target=\"_self\"><img decoding=\"async\" src=\"https:\/\/royalfamily.org\/wp-content\/uploads\/2023\/03\/8-8F2A4098m.jpg\" width=\"1772\" height=\"1181\" alt=\"KRALjEVSKI PAR SRBIJE OTVORIO DOBROTVORNI VASKR\u0160NjI BAZAR U BEOGRADU\" title=\"KRALjEVSKI PAR SRBIJE OTVORIO DOBROTVORNI VASKR\u0160NjI BAZAR U BEOGRADU\" aria-label=\"KRALjEVSKI PAR SRBIJE OTVORIO DOBROTVORNI VASKR\u0160NjI BAZAR U BEOGRADU\" class=\"img-responsive wp-image-85472\" srcset=\"https:\/\/royalfamily.org\/wp-content\/uploads\/2023\/03\/8-8F2A4098m-200x133.jpg 200w, https:\/\/royalfamily.org\/wp-content\/uploads\/2023\/03\/8-8F2A4098m-400x267.jpg 400w, https:\/\/royalfamily.org\/wp-content\/uploads\/2023\/03\/8-8F2A4098m-600x400.jpg 600w, https:\/\/royalfamily.org\/wp-content\/uploads\/2023\/03\/8-8F2A4098m-800x533.jpg 800w, https:\/\/royalfamily.org\/wp-content\/uploads\/2023\/03\/8-8F2A4098m-1200x800.jpg 1200w, https:\/\/royalfamily.org\/wp-content\/uploads\/2023\/03\/8-8F2A4098m.jpg 1772w\" sizes=\"(min-width: 2200px) 100vw, (min-width: 824px) 390px, (min-width: 732px) 585px, (min-width: 640px) 732px, \" \/><\/a><\/div><\/div><div style=\"padding:5px;\" class=\"fusion-grid-column fusion-gallery-column fusion-gallery-column-3 hover-type-none\"><div class=\"fusion-gallery-image\"><a href=\"https:\/\/royalfamily.org\/wp-content\/uploads\/2023\/03\/9-8F2A4297m.jpg\" data-caption=\"KRALjEVSKI PAR SRBIJE OTVORIO DOBROTVORNI VASKR\u0160NjI BAZAR U BEOGRADU\" rel=\"noreferrer\" data-rel=\"iLightbox[gallery_image_1]\" class=\"fusion-lightbox\" target=\"_self\"><img decoding=\"async\" src=\"https:\/\/royalfamily.org\/wp-content\/uploads\/2023\/03\/9-8F2A4297m.jpg\" width=\"1772\" height=\"1181\" alt=\"KRALjEVSKI PAR SRBIJE OTVORIO DOBROTVORNI VASKR\u0160NjI BAZAR U BEOGRADU\" title=\"KRALjEVSKI PAR SRBIJE OTVORIO DOBROTVORNI VASKR\u0160NjI BAZAR U BEOGRADU\" aria-label=\"KRALjEVSKI PAR SRBIJE OTVORIO DOBROTVORNI VASKR\u0160NjI BAZAR U BEOGRADU\" class=\"img-responsive wp-image-85475\" srcset=\"https:\/\/royalfamily.org\/wp-content\/uploads\/2023\/03\/9-8F2A4297m-200x133.jpg 200w, https:\/\/royalfamily.org\/wp-content\/uploads\/2023\/03\/9-8F2A4297m-400x267.jpg 400w, https:\/\/royalfamily.org\/wp-content\/uploads\/2023\/03\/9-8F2A4297m-600x400.jpg 600w, https:\/\/royalfamily.org\/wp-content\/uploads\/2023\/03\/9-8F2A4297m-800x533.jpg 800w, https:\/\/royalfamily.org\/wp-content\/uploads\/2023\/03\/9-8F2A4297m-1200x800.jpg 1200w, https:\/\/royalfamily.org\/wp-content\/uploads\/2023\/03\/9-8F2A4297m.jpg 1772w\" sizes=\"(min-width: 2200px) 100vw, (min-width: 824px) 390px, (min-width: 732px) 585px, (min-width: 640px) 732px, \" \/><\/a><\/div><\/div><div class=\"clearfix\"><\/div><div style=\"padding:5px;\" class=\"fusion-grid-column fusion-gallery-column fusion-gallery-column-3 hover-type-none\"><div class=\"fusion-gallery-image\"><a href=\"https:\/\/royalfamily.org\/wp-content\/uploads\/2023\/03\/10-8F2A4210m.jpg\" data-caption=\"KRALjEVSKI PAR SRBIJE OTVORIO DOBROTVORNI VASKR\u0160NjI BAZAR U BEOGRADU\" rel=\"noreferrer\" data-rel=\"iLightbox[gallery_image_1]\" class=\"fusion-lightbox\" target=\"_self\"><img decoding=\"async\" src=\"https:\/\/royalfamily.org\/wp-content\/uploads\/2023\/03\/10-8F2A4210m.jpg\" width=\"1772\" height=\"1181\" alt=\"KRALjEVSKI PAR SRBIJE OTVORIO DOBROTVORNI VASKR\u0160NjI BAZAR U BEOGRADU\" title=\"KRALjEVSKI PAR SRBIJE OTVORIO DOBROTVORNI VASKR\u0160NjI BAZAR U BEOGRADU\" aria-label=\"KRALjEVSKI PAR SRBIJE OTVORIO DOBROTVORNI VASKR\u0160NjI BAZAR U BEOGRADU\" class=\"img-responsive wp-image-85478\" srcset=\"https:\/\/royalfamily.org\/wp-content\/uploads\/2023\/03\/10-8F2A4210m-200x133.jpg 200w, https:\/\/royalfamily.org\/wp-content\/uploads\/2023\/03\/10-8F2A4210m-400x267.jpg 400w, https:\/\/royalfamily.org\/wp-content\/uploads\/2023\/03\/10-8F2A4210m-600x400.jpg 600w, https:\/\/royalfamily.org\/wp-content\/uploads\/2023\/03\/10-8F2A4210m-800x533.jpg 800w, https:\/\/royalfamily.org\/wp-content\/uploads\/2023\/03\/10-8F2A4210m-1200x800.jpg 1200w, https:\/\/royalfamily.org\/wp-content\/uploads\/2023\/03\/10-8F2A4210m.jpg 1772w\" sizes=\"(min-width: 2200px) 100vw, (min-width: 824px) 390px, (min-width: 732px) 585px, (min-width: 640px) 732px, \" \/><\/a><\/div><\/div><div style=\"padding:5px;\" class=\"fusion-grid-column fusion-gallery-column fusion-gallery-column-3 hover-type-none\"><div class=\"fusion-gallery-image\"><a href=\"https:\/\/royalfamily.org\/wp-content\/uploads\/2023\/03\/11-8F2A4036m.jpg\" data-caption=\"KRALjEVSKI PAR SRBIJE OTVORIO DOBROTVORNI VASKR\u0160NjI BAZAR U BEOGRADU\" rel=\"noreferrer\" data-rel=\"iLightbox[gallery_image_1]\" class=\"fusion-lightbox\" target=\"_self\"><img decoding=\"async\" src=\"https:\/\/royalfamily.org\/wp-content\/uploads\/2023\/03\/11-8F2A4036m.jpg\" width=\"1772\" height=\"1181\" alt=\"KRALjEVSKI PAR SRBIJE OTVORIO DOBROTVORNI VASKR\u0160NjI BAZAR U BEOGRADU\" title=\"KRALjEVSKI PAR SRBIJE OTVORIO DOBROTVORNI VASKR\u0160NjI BAZAR U BEOGRADU\" aria-label=\"KRALjEVSKI PAR SRBIJE OTVORIO DOBROTVORNI VASKR\u0160NjI BAZAR U BEOGRADU\" class=\"img-responsive wp-image-85481\" srcset=\"https:\/\/royalfamily.org\/wp-content\/uploads\/2023\/03\/11-8F2A4036m-200x133.jpg 200w, https:\/\/royalfamily.org\/wp-content\/uploads\/2023\/03\/11-8F2A4036m-400x267.jpg 400w, https:\/\/royalfamily.org\/wp-content\/uploads\/2023\/03\/11-8F2A4036m-600x400.jpg 600w, https:\/\/royalfamily.org\/wp-content\/uploads\/2023\/03\/11-8F2A4036m-800x533.jpg 800w, https:\/\/royalfamily.org\/wp-content\/uploads\/2023\/03\/11-8F2A4036m-1200x800.jpg 1200w, https:\/\/royalfamily.org\/wp-content\/uploads\/2023\/03\/11-8F2A4036m.jpg 1772w\" sizes=\"(min-width: 2200px) 100vw, (min-width: 824px) 390px, (min-width: 732px) 585px, (min-width: 640px) 732px, \" \/><\/a><\/div><\/div><div style=\"padding:5px;\" class=\"fusion-grid-column fusion-gallery-column fusion-gallery-column-3 hover-type-none\"><div class=\"fusion-gallery-image\"><a href=\"https:\/\/royalfamily.org\/wp-content\/uploads\/2023\/03\/12-8F2A4015m.jpg\" data-caption=\"KRALjEVSKI PAR SRBIJE OTVORIO DOBROTVORNI VASKR\u0160NjI BAZAR U BEOGRADU\" rel=\"noreferrer\" data-rel=\"iLightbox[gallery_image_1]\" class=\"fusion-lightbox\" target=\"_self\"><img decoding=\"async\" src=\"https:\/\/royalfamily.org\/wp-content\/uploads\/2023\/03\/12-8F2A4015m.jpg\" width=\"1772\" height=\"1181\" alt=\"KRALjEVSKI PAR SRBIJE OTVORIO DOBROTVORNI VASKR\u0160NjI BAZAR U BEOGRADU\" title=\"KRALjEVSKI PAR SRBIJE OTVORIO DOBROTVORNI VASKR\u0160NjI BAZAR U BEOGRADU\" aria-label=\"KRALjEVSKI PAR SRBIJE OTVORIO DOBROTVORNI VASKR\u0160NjI BAZAR U BEOGRADU\" class=\"img-responsive wp-image-85484\" srcset=\"https:\/\/royalfamily.org\/wp-content\/uploads\/2023\/03\/12-8F2A4015m-200x133.jpg 200w, https:\/\/royalfamily.org\/wp-content\/uploads\/2023\/03\/12-8F2A4015m-400x267.jpg 400w, https:\/\/royalfamily.org\/wp-content\/uploads\/2023\/03\/12-8F2A4015m-600x400.jpg 600w, https:\/\/royalfamily.org\/wp-content\/uploads\/2023\/03\/12-8F2A4015m-800x533.jpg 800w, https:\/\/royalfamily.org\/wp-content\/uploads\/2023\/03\/12-8F2A4015m-1200x800.jpg 1200w, https:\/\/royalfamily.org\/wp-content\/uploads\/2023\/03\/12-8F2A4015m.jpg 1772w\" sizes=\"(min-width: 2200px) 100vw, (min-width: 824px) 390px, (min-width: 732px) 585px, (min-width: 640px) 732px, \" \/><\/a><\/div><\/div><div class=\"clearfix\"><\/div><\/div><\/div><\/div><\/div><\/div><\/div><\/p>\n","protected":false},"excerpt":{"rendered":"","protected":false},"author":1001015,"featured_media":85487,"comment_status":"closed","ping_status":"closed","sticky":false,"template":"","format":"standard","meta":{"_acf_changed":false,"footnotes":""},"categories":[22],"tags":[],"class_list":["post-85490","post","type-post","status-publish","format-standard","has-post-thumbnail","hentry","category-vesti"],"acf":[],"yoast_head":"<!-- This site is optimized with the Yoast SEO Premium plugin v27.4 (Yoast SEO v27.4) - https:\/\/yoast.com\/product\/yoast-seo-premium-wordpress\/ -->\n<title>KRALjEVSKI PAR SRBIJE OTVORIO DOBROTVORNI VASKR\u0160NjI BAZAR U BEOGRADU - The Royal Family of Serbia<\/title>\n<meta name=\"robots\" content=\"index, follow, max-snippet:-1, max-image-preview:large, max-video-preview:-1\" \/>\n<link rel=\"canonical\" href=\"https:\/\/royalfamily.org\/lat\/kraljevski-par-srbije-otvorio-dobrotvorni-vaskrsnji-bazar-u-beogradu\/\" \/>\n<meta property=\"og:locale\" content=\"en_US\" \/>\n<meta property=\"og:type\" content=\"article\" \/>\n<meta property=\"og:title\" content=\"KRALjEVSKI PAR SRBIJE OTVORIO DOBROTVORNI VASKR\u0160NjI BAZAR U BEOGRADU\" \/>\n<meta property=\"og:url\" content=\"https:\/\/royalfamily.org\/lat\/kraljevski-par-srbije-otvorio-dobrotvorni-vaskrsnji-bazar-u-beogradu\/\" \/>\n<meta property=\"og:site_name\" content=\"The Royal Family of Serbia\" \/>\n<meta property=\"article:publisher\" content=\"https:\/\/www.facebook.com\/Prestolonaslednik.Aleksandar\" \/>\n<meta property=\"article:published_time\" content=\"2023-03-24T14:19:30+00:00\" \/>\n<meta property=\"article:modified_time\" content=\"2023-03-24T14:19:32+00:00\" \/>\n<meta property=\"og:image\" content=\"https:\/\/royalfamily.org\/wp-content\/uploads\/2023\/03\/COVER-Vaskrs-bazar-PA.jpg\" \/>\n\t<meta property=\"og:image:width\" content=\"1480\" \/>\n\t<meta property=\"og:image:height\" content=\"720\" \/>\n\t<meta property=\"og:image:type\" content=\"image\/jpeg\" \/>\n<meta name=\"author\" content=\"Stefan Milanovic\" \/>\n<meta name=\"twitter:card\" content=\"summary_large_image\" \/>\n<meta name=\"twitter:label1\" content=\"Written by\" \/>\n\t<meta name=\"twitter:data1\" content=\"Stefan Milanovic\" \/>\n<script type=\"application\/ld+json\" class=\"yoast-schema-graph\">{\"@context\":\"https:\\\/\\\/schema.org\",\"@graph\":[{\"@type\":\"Article\",\"@id\":\"https:\\\/\\\/royalfamily.org\\\/lat\\\/kraljevski-par-srbije-otvorio-dobrotvorni-vaskrsnji-bazar-u-beogradu\\\/#article\",\"isPartOf\":{\"@id\":\"https:\\\/\\\/royalfamily.org\\\/lat\\\/kraljevski-par-srbije-otvorio-dobrotvorni-vaskrsnji-bazar-u-beogradu\\\/\"},\"author\":{\"name\":\"Stefan Milanovic\",\"@id\":\"https:\\\/\\\/royalfamily.org\\\/#\\\/schema\\\/person\\\/4ad3296a6a8a35eed333b6a785e9f648\"},\"headline\":\"KRALjEVSKI PAR SRBIJE OTVORIO DOBROTVORNI VASKR\u0160NjI BAZAR U BEOGRADU\",\"datePublished\":\"2023-03-24T14:19:30+00:00\",\"dateModified\":\"2023-03-24T14:19:32+00:00\",\"mainEntityOfPage\":{\"@id\":\"https:\\\/\\\/royalfamily.org\\\/lat\\\/kraljevski-par-srbije-otvorio-dobrotvorni-vaskrsnji-bazar-u-beogradu\\\/\"},\"wordCount\":2828,\"publisher\":{\"@id\":\"https:\\\/\\\/royalfamily.org\\\/#organization\"},\"image\":{\"@id\":\"https:\\\/\\\/royalfamily.org\\\/lat\\\/kraljevski-par-srbije-otvorio-dobrotvorni-vaskrsnji-bazar-u-beogradu\\\/#primaryimage\"},\"thumbnailUrl\":\"https:\\\/\\\/royalfamily.org\\\/wp-content\\\/uploads\\\/2023\\\/03\\\/COVER-Vaskrs-bazar-PA.jpg\",\"articleSection\":[\"Vesti\"],\"inLanguage\":\"sr-LT\"},{\"@type\":\"WebPage\",\"@id\":\"https:\\\/\\\/royalfamily.org\\\/lat\\\/kraljevski-par-srbije-otvorio-dobrotvorni-vaskrsnji-bazar-u-beogradu\\\/\",\"url\":\"https:\\\/\\\/royalfamily.org\\\/lat\\\/kraljevski-par-srbije-otvorio-dobrotvorni-vaskrsnji-bazar-u-beogradu\\\/\",\"name\":\"KRALjEVSKI PAR SRBIJE OTVORIO DOBROTVORNI VASKR\u0160NjI BAZAR U BEOGRADU - The Royal Family of Serbia\",\"isPartOf\":{\"@id\":\"https:\\\/\\\/royalfamily.org\\\/#website\"},\"primaryImageOfPage\":{\"@id\":\"https:\\\/\\\/royalfamily.org\\\/lat\\\/kraljevski-par-srbije-otvorio-dobrotvorni-vaskrsnji-bazar-u-beogradu\\\/#primaryimage\"},\"image\":{\"@id\":\"https:\\\/\\\/royalfamily.org\\\/lat\\\/kraljevski-par-srbije-otvorio-dobrotvorni-vaskrsnji-bazar-u-beogradu\\\/#primaryimage\"},\"thumbnailUrl\":\"https:\\\/\\\/royalfamily.org\\\/wp-content\\\/uploads\\\/2023\\\/03\\\/COVER-Vaskrs-bazar-PA.jpg\",\"datePublished\":\"2023-03-24T14:19:30+00:00\",\"dateModified\":\"2023-03-24T14:19:32+00:00\",\"breadcrumb\":{\"@id\":\"https:\\\/\\\/royalfamily.org\\\/lat\\\/kraljevski-par-srbije-otvorio-dobrotvorni-vaskrsnji-bazar-u-beogradu\\\/#breadcrumb\"},\"inLanguage\":\"sr-LT\",\"potentialAction\":[{\"@type\":\"ReadAction\",\"target\":[\"https:\\\/\\\/royalfamily.org\\\/lat\\\/kraljevski-par-srbije-otvorio-dobrotvorni-vaskrsnji-bazar-u-beogradu\\\/\"]}]},{\"@type\":\"ImageObject\",\"inLanguage\":\"sr-LT\",\"@id\":\"https:\\\/\\\/royalfamily.org\\\/lat\\\/kraljevski-par-srbije-otvorio-dobrotvorni-vaskrsnji-bazar-u-beogradu\\\/#primaryimage\",\"url\":\"https:\\\/\\\/royalfamily.org\\\/wp-content\\\/uploads\\\/2023\\\/03\\\/COVER-Vaskrs-bazar-PA.jpg\",\"contentUrl\":\"https:\\\/\\\/royalfamily.org\\\/wp-content\\\/uploads\\\/2023\\\/03\\\/COVER-Vaskrs-bazar-PA.jpg\",\"width\":1480,\"height\":720,\"caption\":\"KRALjEVSKI PAR SRBIJE OTVORIO DOBROTVORNI VASKR\u0160NjI BAZAR U BEOGRADU\"},{\"@type\":\"BreadcrumbList\",\"@id\":\"https:\\\/\\\/royalfamily.org\\\/lat\\\/kraljevski-par-srbije-otvorio-dobrotvorni-vaskrsnji-bazar-u-beogradu\\\/#breadcrumb\",\"itemListElement\":[{\"@type\":\"ListItem\",\"position\":1,\"name\":\"Home\",\"item\":\"https:\\\/\\\/royalfamily.org\\\/lat\\\/\"},{\"@type\":\"ListItem\",\"position\":2,\"name\":\"KRALjEVSKI PAR SRBIJE OTVORIO DOBROTVORNI VASKR\u0160NjI BAZAR U BEOGRADU\"}]},{\"@type\":\"WebSite\",\"@id\":\"https:\\\/\\\/royalfamily.org\\\/#website\",\"url\":\"https:\\\/\\\/royalfamily.org\\\/\",\"name\":\"The Royal Family of Serbia\",\"description\":\"From the people, for the people\",\"publisher\":{\"@id\":\"https:\\\/\\\/royalfamily.org\\\/#organization\"},\"potentialAction\":[{\"@type\":\"SearchAction\",\"target\":{\"@type\":\"EntryPoint\",\"urlTemplate\":\"https:\\\/\\\/royalfamily.org\\\/?s={search_term_string}\"},\"query-input\":{\"@type\":\"PropertyValueSpecification\",\"valueRequired\":true,\"valueName\":\"search_term_string\"}}],\"inLanguage\":\"sr-LT\"},{\"@type\":\"Organization\",\"@id\":\"https:\\\/\\\/royalfamily.org\\\/#organization\",\"name\":\"Royal Family\",\"url\":\"https:\\\/\\\/royalfamily.org\\\/\",\"logo\":{\"@type\":\"ImageObject\",\"inLanguage\":\"sr-LT\",\"@id\":\"https:\\\/\\\/royalfamily.org\\\/#\\\/schema\\\/logo\\\/image\\\/\",\"url\":\"https:\\\/\\\/royalfamily.org\\\/wp-content\\\/uploads\\\/2019\\\/04\\\/logo-vector-02-V-latinica.png\",\"contentUrl\":\"https:\\\/\\\/royalfamily.org\\\/wp-content\\\/uploads\\\/2019\\\/04\\\/logo-vector-02-V-latinica.png\",\"width\":552,\"height\":99,\"caption\":\"Royal Family\"},\"image\":{\"@id\":\"https:\\\/\\\/royalfamily.org\\\/#\\\/schema\\\/logo\\\/image\\\/\"},\"sameAs\":[\"https:\\\/\\\/www.facebook.com\\\/Prestolonaslednik.Aleksandar\"]},{\"@type\":\"Person\",\"@id\":\"https:\\\/\\\/royalfamily.org\\\/#\\\/schema\\\/person\\\/4ad3296a6a8a35eed333b6a785e9f648\",\"name\":\"Stefan Milanovic\",\"image\":{\"@type\":\"ImageObject\",\"inLanguage\":\"sr-LT\",\"@id\":\"https:\\\/\\\/secure.gravatar.com\\\/avatar\\\/92dcbdcf3e32112a9ceb1e41665b1f44c69382d014cacfe12c701f6af7c40259?s=96&d=mm&r=g\",\"url\":\"https:\\\/\\\/secure.gravatar.com\\\/avatar\\\/92dcbdcf3e32112a9ceb1e41665b1f44c69382d014cacfe12c701f6af7c40259?s=96&d=mm&r=g\",\"contentUrl\":\"https:\\\/\\\/secure.gravatar.com\\\/avatar\\\/92dcbdcf3e32112a9ceb1e41665b1f44c69382d014cacfe12c701f6af7c40259?s=96&d=mm&r=g\",\"caption\":\"Stefan Milanovic\"}}]}<\/script>\n<!-- \/ Yoast SEO Premium plugin. -->","yoast_head_json":{"title":"KRALjEVSKI PAR SRBIJE OTVORIO DOBROTVORNI VASKR\u0160NjI BAZAR U BEOGRADU - The Royal Family of Serbia","robots":{"index":"index","follow":"follow","max-snippet":"max-snippet:-1","max-image-preview":"max-image-preview:large","max-video-preview":"max-video-preview:-1"},"canonical":"https:\/\/royalfamily.org\/lat\/kraljevski-par-srbije-otvorio-dobrotvorni-vaskrsnji-bazar-u-beogradu\/","og_locale":"en_US","og_type":"article","og_title":"KRALjEVSKI PAR SRBIJE OTVORIO DOBROTVORNI VASKR\u0160NjI BAZAR U BEOGRADU","og_url":"https:\/\/royalfamily.org\/lat\/kraljevski-par-srbije-otvorio-dobrotvorni-vaskrsnji-bazar-u-beogradu\/","og_site_name":"The Royal Family of Serbia","article_publisher":"https:\/\/www.facebook.com\/Prestolonaslednik.Aleksandar","article_published_time":"2023-03-24T14:19:30+00:00","article_modified_time":"2023-03-24T14:19:32+00:00","og_image":[{"width":1480,"height":720,"url":"https:\/\/royalfamily.org\/wp-content\/uploads\/2023\/03\/COVER-Vaskrs-bazar-PA.jpg","type":"image\/jpeg"}],"author":"Stefan Milanovic","twitter_card":"summary_large_image","twitter_misc":{"Written by":"Stefan Milanovic"},"schema":{"@context":"https:\/\/schema.org","@graph":[{"@type":"Article","@id":"https:\/\/royalfamily.org\/lat\/kraljevski-par-srbije-otvorio-dobrotvorni-vaskrsnji-bazar-u-beogradu\/#article","isPartOf":{"@id":"https:\/\/royalfamily.org\/lat\/kraljevski-par-srbije-otvorio-dobrotvorni-vaskrsnji-bazar-u-beogradu\/"},"author":{"name":"Stefan Milanovic","@id":"https:\/\/royalfamily.org\/#\/schema\/person\/4ad3296a6a8a35eed333b6a785e9f648"},"headline":"KRALjEVSKI PAR SRBIJE OTVORIO DOBROTVORNI VASKR\u0160NjI BAZAR U BEOGRADU","datePublished":"2023-03-24T14:19:30+00:00","dateModified":"2023-03-24T14:19:32+00:00","mainEntityOfPage":{"@id":"https:\/\/royalfamily.org\/lat\/kraljevski-par-srbije-otvorio-dobrotvorni-vaskrsnji-bazar-u-beogradu\/"},"wordCount":2828,"publisher":{"@id":"https:\/\/royalfamily.org\/#organization"},"image":{"@id":"https:\/\/royalfamily.org\/lat\/kraljevski-par-srbije-otvorio-dobrotvorni-vaskrsnji-bazar-u-beogradu\/#primaryimage"},"thumbnailUrl":"https:\/\/royalfamily.org\/wp-content\/uploads\/2023\/03\/COVER-Vaskrs-bazar-PA.jpg","articleSection":["Vesti"],"inLanguage":"sr-LT"},{"@type":"WebPage","@id":"https:\/\/royalfamily.org\/lat\/kraljevski-par-srbije-otvorio-dobrotvorni-vaskrsnji-bazar-u-beogradu\/","url":"https:\/\/royalfamily.org\/lat\/kraljevski-par-srbije-otvorio-dobrotvorni-vaskrsnji-bazar-u-beogradu\/","name":"KRALjEVSKI PAR SRBIJE OTVORIO DOBROTVORNI VASKR\u0160NjI BAZAR U BEOGRADU - The Royal Family of Serbia","isPartOf":{"@id":"https:\/\/royalfamily.org\/#website"},"primaryImageOfPage":{"@id":"https:\/\/royalfamily.org\/lat\/kraljevski-par-srbije-otvorio-dobrotvorni-vaskrsnji-bazar-u-beogradu\/#primaryimage"},"image":{"@id":"https:\/\/royalfamily.org\/lat\/kraljevski-par-srbije-otvorio-dobrotvorni-vaskrsnji-bazar-u-beogradu\/#primaryimage"},"thumbnailUrl":"https:\/\/royalfamily.org\/wp-content\/uploads\/2023\/03\/COVER-Vaskrs-bazar-PA.jpg","datePublished":"2023-03-24T14:19:30+00:00","dateModified":"2023-03-24T14:19:32+00:00","breadcrumb":{"@id":"https:\/\/royalfamily.org\/lat\/kraljevski-par-srbije-otvorio-dobrotvorni-vaskrsnji-bazar-u-beogradu\/#breadcrumb"},"inLanguage":"sr-LT","potentialAction":[{"@type":"ReadAction","target":["https:\/\/royalfamily.org\/lat\/kraljevski-par-srbije-otvorio-dobrotvorni-vaskrsnji-bazar-u-beogradu\/"]}]},{"@type":"ImageObject","inLanguage":"sr-LT","@id":"https:\/\/royalfamily.org\/lat\/kraljevski-par-srbije-otvorio-dobrotvorni-vaskrsnji-bazar-u-beogradu\/#primaryimage","url":"https:\/\/royalfamily.org\/wp-content\/uploads\/2023\/03\/COVER-Vaskrs-bazar-PA.jpg","contentUrl":"https:\/\/royalfamily.org\/wp-content\/uploads\/2023\/03\/COVER-Vaskrs-bazar-PA.jpg","width":1480,"height":720,"caption":"KRALjEVSKI PAR SRBIJE OTVORIO DOBROTVORNI VASKR\u0160NjI BAZAR U BEOGRADU"},{"@type":"BreadcrumbList","@id":"https:\/\/royalfamily.org\/lat\/kraljevski-par-srbije-otvorio-dobrotvorni-vaskrsnji-bazar-u-beogradu\/#breadcrumb","itemListElement":[{"@type":"ListItem","position":1,"name":"Home","item":"https:\/\/royalfamily.org\/lat\/"},{"@type":"ListItem","position":2,"name":"KRALjEVSKI PAR SRBIJE OTVORIO DOBROTVORNI VASKR\u0160NjI BAZAR U BEOGRADU"}]},{"@type":"WebSite","@id":"https:\/\/royalfamily.org\/#website","url":"https:\/\/royalfamily.org\/","name":"The Royal Family of Serbia","description":"From the people, for the people","publisher":{"@id":"https:\/\/royalfamily.org\/#organization"},"potentialAction":[{"@type":"SearchAction","target":{"@type":"EntryPoint","urlTemplate":"https:\/\/royalfamily.org\/?s={search_term_string}"},"query-input":{"@type":"PropertyValueSpecification","valueRequired":true,"valueName":"search_term_string"}}],"inLanguage":"sr-LT"},{"@type":"Organization","@id":"https:\/\/royalfamily.org\/#organization","name":"Royal Family","url":"https:\/\/royalfamily.org\/","logo":{"@type":"ImageObject","inLanguage":"sr-LT","@id":"https:\/\/royalfamily.org\/#\/schema\/logo\/image\/","url":"https:\/\/royalfamily.org\/wp-content\/uploads\/2019\/04\/logo-vector-02-V-latinica.png","contentUrl":"https:\/\/royalfamily.org\/wp-content\/uploads\/2019\/04\/logo-vector-02-V-latinica.png","width":552,"height":99,"caption":"Royal Family"},"image":{"@id":"https:\/\/royalfamily.org\/#\/schema\/logo\/image\/"},"sameAs":["https:\/\/www.facebook.com\/Prestolonaslednik.Aleksandar"]},{"@type":"Person","@id":"https:\/\/royalfamily.org\/#\/schema\/person\/4ad3296a6a8a35eed333b6a785e9f648","name":"Stefan Milanovic","image":{"@type":"ImageObject","inLanguage":"sr-LT","@id":"https:\/\/secure.gravatar.com\/avatar\/92dcbdcf3e32112a9ceb1e41665b1f44c69382d014cacfe12c701f6af7c40259?s=96&d=mm&r=g","url":"https:\/\/secure.gravatar.com\/avatar\/92dcbdcf3e32112a9ceb1e41665b1f44c69382d014cacfe12c701f6af7c40259?s=96&d=mm&r=g","contentUrl":"https:\/\/secure.gravatar.com\/avatar\/92dcbdcf3e32112a9ceb1e41665b1f44c69382d014cacfe12c701f6af7c40259?s=96&d=mm&r=g","caption":"Stefan Milanovic"}}]}},"_links":{"self":[{"href":"https:\/\/royalfamily.org\/lat\/wp-json\/wp\/v2\/posts\/85490","targetHints":{"allow":["GET"]}}],"collection":[{"href":"https:\/\/royalfamily.org\/lat\/wp-json\/wp\/v2\/posts"}],"about":[{"href":"https:\/\/royalfamily.org\/lat\/wp-json\/wp\/v2\/types\/post"}],"author":[{"embeddable":true,"href":"https:\/\/royalfamily.org\/lat\/wp-json\/wp\/v2\/users\/1001015"}],"replies":[{"embeddable":true,"href":"https:\/\/royalfamily.org\/lat\/wp-json\/wp\/v2\/comments?post=85490"}],"version-history":[{"count":1,"href":"https:\/\/royalfamily.org\/lat\/wp-json\/wp\/v2\/posts\/85490\/revisions"}],"predecessor-version":[{"id":85491,"href":"https:\/\/royalfamily.org\/lat\/wp-json\/wp\/v2\/posts\/85490\/revisions\/85491"}],"wp:featuredmedia":[{"embeddable":true,"href":"https:\/\/royalfamily.org\/lat\/wp-json\/wp\/v2\/media\/85487"}],"wp:attachment":[{"href":"https:\/\/royalfamily.org\/lat\/wp-json\/wp\/v2\/media?parent=85490"}],"wp:term":[{"taxonomy":"category","embeddable":true,"href":"https:\/\/royalfamily.org\/lat\/wp-json\/wp\/v2\/categories?post=85490"},{"taxonomy":"post_tag","embeddable":true,"href":"https:\/\/royalfamily.org\/lat\/wp-json\/wp\/v2\/tags?post=85490"}],"curies":[{"name":"wp","href":"https:\/\/api.w.org\/{rel}","templated":true}]}}