{"id":85538,"date":"2023-04-03T13:01:54","date_gmt":"2023-04-03T11:01:54","guid":{"rendered":"https:\/\/royalfamily.org\/?p=85538"},"modified":"2023-04-03T13:10:14","modified_gmt":"2023-04-03T11:10:14","slug":"kraljevski-par-na-dobrotvornom-dogadaju-lajflajna-u-londonu-za-decije-bolnice","status":"publish","type":"post","link":"https:\/\/royalfamily.org\/lat\/kraljevski-par-na-dobrotvornom-dogadaju-lajflajna-u-londonu-za-decije-bolnice\/","title":{"rendered":"KRALjEVSKI PAR NA DOBROTVORNOM DOGA\u0110AJU LAJFLAJNA U LONDONU ZA DE\u010cIJE BOLNICE"},"content":{"rendered":"<p><div class=\"fusion-fullwidth fullwidth-box fusion-builder-row-1 fusion-flex-container has-pattern-background has-mask-background nonhundred-percent-fullwidth non-hundred-percent-height-scrolling\" style=\"--awb-border-radius-top-left:0px;--awb-border-radius-top-right:0px;--awb-border-radius-bottom-right:0px;--awb-border-radius-bottom-left:0px;--awb-flex-wrap:wrap;\" ><div class=\"fusion-builder-row fusion-row fusion-flex-align-items-flex-start fusion-flex-content-wrap\" style=\"max-width:1227.2px;margin-left: calc(-4% \/ 2 );margin-right: calc(-4% \/ 2 );\"><div class=\"fusion-layout-column fusion_builder_column fusion-builder-column-0 fusion_builder_column_1_1 1_1 fusion-flex-column\" style=\"--awb-bg-size:cover;--awb-width-large:100%;--awb-margin-top-large:0px;--awb-spacing-right-large:1.92%;--awb-margin-bottom-large:20px;--awb-spacing-left-large:1.92%;--awb-width-medium:100%;--awb-order-medium:0;--awb-spacing-right-medium:1.92%;--awb-spacing-left-medium:1.92%;--awb-width-small:100%;--awb-order-small:0;--awb-spacing-right-small:1.92%;--awb-spacing-left-small:1.92%;\"><div class=\"fusion-column-wrapper fusion-column-has-shadow fusion-flex-justify-content-flex-start fusion-content-layout-column\"><div class=\"fusion-text fusion-text-1\"><p>Nj.K.V. Prestolonaslednik Aleksandar i Princeza Katarina prisustvovali su dobrotvornoj gala ve\u010deri koju je organizovala Humanitarna organizacija <a href=\"https:\/\/lifelineuk.co.uk\/\">Lajflajn Velika Britanija<\/a>, \u010diji je pokrovitelj Njeno Kraljevsko Viso\u010danstvo ve\u0107 30 godina. Doga\u0111aj je odr\u017ean u petak, 31. marta u hotelu \u201eKlerid\u017eiz\u201c u Londonu, kako bi se obezbedila pomo\u0107 de\u010dijim bolnicama u Srbiji, a nastavljaju\u0107i dugogodi\u0161nju posve\u0107enost pomaganju na\u0161oj zemlji.<\/p>\n<p>Humanitarnom doga\u0111aju prisustvovali su Nj.E. g-\u0111a Aleksandra Joksimovi\u0107, ambasador Srbije u Velikoj Britaniji, Nj.E. g-din Edvard Ferguson, novoimenovani ambasador Velike Britanije u Srbiji, g-\u0111a Roksanda Ilin\u010di\u0107, srpska modna kreatorka, zajedno sa drugim uva\u017eenim gostima, prijateljima i dobrotvorima Lajflajna, koji su jo\u0161 jednom pru\u017eili veliku podr\u0161ku i pokazali volju i spremnost da pomognu onima kojima je pomo\u0107 potrebna. Lokacija odr\u017eavanja doga\u0111aja je veoma simboli\u010dna, jer je 17. jula 1945. godine u apartmanu 212 hotela \u201eKlerid\u017eiz\u201c ro\u0111en Nj.K.V. Prestolonaslednik Aleksandar.<\/p>\n<p>Prestolonaslednik je pozdravio sve prisutne i izrazio zahvalnost \u0161to ne zaboravljaju potrebe naroda na\u0161e zemlje i podr\u017eavaju misiju njegove supruge Nj.K.V. Princeze Katarine i njenu posve\u0107enost da pru\u017ei pomo\u0107 svima kojima je potrebna, bez obzira na rasu, starost, etni\u010dku pripadnost ili veru.<\/p>\n<p>\u201eDivno je biti danas ovde, po\u017eeleti vam dobrodo\u0161licu svima na ovoj dobrotvornoj ve\u010deri, kako bismo zajedno pru\u017eili preko potrebnu pomo\u0107 de\u010dijim bolnicama u Srbiji. Veoma sam zahvalna svim divnim ljudima koji su se nesebi\u010dno i svim srcem pridru\u017eili ovoj akciji prikupljanja sredstava. Saznanje da \u0107e ovi udru\u017eeni napori doprineti dobrobiti dece, njihovom zdravlju, donosi mnogo radosti i utehe. Pru\u017eaju\u0107i deci obezbe\u0111ujemo njihovu budu\u0107nost, ali i budu\u0107nost svih nas.<\/p>\n<p>Ove godine slavimo 30. godi\u0161njicu Humanitarne organizacije Lajflajn Velika Britanija, osnovane u Londonu 1993. godine, i prava je \u010dast biti ponosni pokrovitelj ove velike organizacije od samog njenog nastanka. Ljubav i posve\u0107enost svih pristalica Lajflajna onima kojima je pomo\u0107 potrebna vredni su divljenja i zaslu\u017euju svaku pohvalu. Njihova podr\u0161ka na\u0161oj misiji omogu\u0107ila je da se dotaknu i promene na bolje mnogi \u017eivoti u Srbiji i Republici Srpskoj. Njihova posve\u0107enost daje nam snagu da nastavimo na\u0161u zajedni\u010dku misiju da uvek budemo uz na\u0161 narod i da budemo tamo gde je pomo\u0107 najpotrebnija. Moramo da na\u0161 svet u\u010dinimo boljim, jer imamo odgovornost, ne samo za sebe, ve\u0107 i za druge\u201c, izjavila je ovom prilikom Nj.K.V. Princeza Katarina.<\/p>\n<p>Goste su zabavljali gospo\u0111a Tamara Ra\u0111enovi\u0107 koja je izvela \u201ePor una cabesa\u201c, na bini je nastupio nagra\u0111ivani ma\u0111ioni\u010dar Marvin Berglas, dok je Marina Ivanovi\u0107 izvela obrade \u201eEverithing I Wanted\u201c Bili Ajli\u0161 i \u201eDa li nekad sanja\u0161 san\u201d Aleksandre Kova\u010d. Juvelirska ku\u0107a \u201eTotan\u201c je ljubazno donirala dijamant \u201ePrinceza\u201c, koji su gosti imali priliku da odaberu izme\u0111u 200 dragog kamenja, a Nj.K.V. Princeza Katarina je pobedniku uru\u010dila dijamant sa sertifikatom GIA. Aukciju u\u017eivo odr\u017eao je Feliks Hejl iz Sotebija, a me\u0111u mnogim specijalnim nagradama, na aukciji su se nadmetali i za priliku za ulogu u TV seriji sa Lazarom Ristovskim.<\/p>\n<p>Veoma smo zahvalni pojedincima i kompanijama koje su svojom velikodu\u0161nom podr\u0161kom omogu\u0107ile dobrotvornu ve\u010deru: Hotelu \u201eKlerid\u017eiz\u201c, kompaniji Media Powerhouse, aukcijskoj ku\u0107i Sotheby&#8217;s, Roksandi Ilin\u010di\u0107, Vilijamu Ro\u0161fortu, Lazaru Ristovskom, Marvinu Berglasu, kompaniji Totan Jewellers, Tamari Ra\u0111enovi\u0107 i Marini Ivanovi\u0107, Britansko-srpskoj privrednoj komori, kao i svim donatorima i \u010dlanovima Upravnog odbora Lajflajn Velika Britanija i njihovom timu, uz posebnu zahvalnost Robertu Valentajnu, predsedniku Lajflajna Velika Britanija, Patri\u0161i Fi\u0161er, zamenici predsednika Lajflajna Velika Britanija, Lazaru Vukovi\u0107u, direktoru Lajflajna Velika Britanija, Majklu Brinu, povereniku Lajflajna Velika Britanija, i Mom\u010dilu Novakovi\u0107u, povereniku Lajflajna Velika Britanija, \u0161to su jo\u0161 jednom pokazali svoju predanost i posve\u0107enost.<\/p>\n<p><em>Autor svih fotografija &#8211; Nenad Obradovi\u0107<\/em><\/p>\n<\/div><\/div><\/div><\/div><\/div><div class=\"fusion-fullwidth fullwidth-box fusion-builder-row-2 fusion-flex-container has-pattern-background has-mask-background nonhundred-percent-fullwidth non-hundred-percent-height-scrolling\" style=\"--awb-border-radius-top-left:0px;--awb-border-radius-top-right:0px;--awb-border-radius-bottom-right:0px;--awb-border-radius-bottom-left:0px;--awb-flex-wrap:wrap;\" ><div class=\"fusion-builder-row fusion-row fusion-flex-align-items-flex-start fusion-flex-content-wrap\" style=\"max-width:1227.2px;margin-left: calc(-4% \/ 2 );margin-right: calc(-4% \/ 2 );\"><div class=\"fusion-layout-column fusion_builder_column fusion-builder-column-1 fusion_builder_column_1_1 1_1 fusion-flex-column\" style=\"--awb-bg-size:cover;--awb-width-large:100%;--awb-margin-top-large:0px;--awb-spacing-right-large:1.92%;--awb-margin-bottom-large:20px;--awb-spacing-left-large:1.92%;--awb-width-medium:100%;--awb-order-medium:0;--awb-spacing-right-medium:1.92%;--awb-spacing-left-medium:1.92%;--awb-width-small:100%;--awb-order-small:0;--awb-spacing-right-small:1.92%;--awb-spacing-left-small:1.92%;\"><div class=\"fusion-column-wrapper fusion-column-has-shadow fusion-flex-justify-content-flex-start fusion-content-layout-column\"><div class=\"awb-gallery-wrapper awb-gallery-wrapper-1 button-span-no\" style=\"--more-btn-alignment:center;\" data-limit=\"20\" data-page=\"1\"><div style=\"margin:-5px;--awb-bordersize:0px;\" class=\"fusion-gallery fusion-gallery-container fusion-grid-3 fusion-columns-total-12 fusion-gallery-layout-grid fusion-gallery-1\"><div style=\"padding:5px;\" class=\"fusion-grid-column fusion-gallery-column fusion-gallery-column-3 hover-type-none\"><div class=\"fusion-gallery-image\"><a href=\"https:\/\/royalfamily.org\/wp-content\/uploads\/2023\/04\/1-IMG_4670.jpg\" data-caption=\"Nj.K.V. Princeza Katarina se obra\u0107a publici na dobrotvornoj ve\u010deri Lajflajna Velika Britanija \" rel=\"noreferrer\" data-rel=\"iLightbox[gallery_image_1]\" class=\"fusion-lightbox\" target=\"_self\"><img decoding=\"async\" src=\"https:\/\/royalfamily.org\/wp-content\/uploads\/2023\/04\/1-IMG_4670.jpg\" width=\"2000\" height=\"1334\" alt=\"Nj.K.V. Princeza Katarina se obra\u0107a publici na dobrotvornoj ve\u010deri Lajflajna Velika Britanija\" title=\"Nj.K.V. Princeza Katarina se obra\u0107a publici na dobrotvornoj ve\u010deri Lajflajna Velika Britanija\" aria-label=\"Nj.K.V. Princeza Katarina se obra\u0107a publici na dobrotvornoj ve\u010deri Lajflajna Velika Britanija\" class=\"img-responsive wp-image-85498\" srcset=\"https:\/\/royalfamily.org\/wp-content\/uploads\/2023\/04\/1-IMG_4670-200x133.jpg 200w, https:\/\/royalfamily.org\/wp-content\/uploads\/2023\/04\/1-IMG_4670-400x267.jpg 400w, https:\/\/royalfamily.org\/wp-content\/uploads\/2023\/04\/1-IMG_4670-600x400.jpg 600w, https:\/\/royalfamily.org\/wp-content\/uploads\/2023\/04\/1-IMG_4670-800x534.jpg 800w, https:\/\/royalfamily.org\/wp-content\/uploads\/2023\/04\/1-IMG_4670-1200x800.jpg 1200w, https:\/\/royalfamily.org\/wp-content\/uploads\/2023\/04\/1-IMG_4670.jpg 2000w\" sizes=\"(min-width: 2200px) 100vw, (min-width: 824px) 390px, (min-width: 732px) 585px, (min-width: 640px) 732px, \" \/><\/a><\/div><\/div><div style=\"padding:5px;\" class=\"fusion-grid-column fusion-gallery-column fusion-gallery-column-3 hover-type-none\"><div class=\"fusion-gallery-image\"><a href=\"https:\/\/royalfamily.org\/wp-content\/uploads\/2023\/04\/2-IMG_3915.jpg\" data-caption=\"G-\u0111a Patri\u0161a Fi\u0161er (potpredsednica, Lajflajn Velika Britanija), Nj.K.V. Prestolonaslednik Aleksandar, Nj.K.V. Princeza Katarina, g-din Robert Valentajn (predsednik, Lajflajn Velika Britanija)\" rel=\"noreferrer\" data-rel=\"iLightbox[gallery_image_1]\" class=\"fusion-lightbox\" target=\"_self\"><img decoding=\"async\" src=\"https:\/\/royalfamily.org\/wp-content\/uploads\/2023\/04\/2-IMG_3915.jpg\" width=\"2000\" height=\"1334\" alt=\"G-\u0111a Patri\u0161a Fi\u0161er (potpredsednica, Lajflajn Velika Britanija), Nj.K.V. Prestolonaslednik Aleksandar, Nj.K.V. Princeza Katarina, g-din Robert Valentajn (predsednik, Lajflajn Velika Britanija)\" title=\"G-\u0111a Patri\u0161a Fi\u0161er (potpredsednica, Lajflajn Velika Britanija), Nj.K.V. Prestolonaslednik Aleksandar, Nj.K.V. Princeza Katarina, g-din Robert Valentajn (predsednik, Lajflajn Velika Britanija)\" aria-label=\"G-\u0111a Patri\u0161a Fi\u0161er (potpredsednica, Lajflajn Velika Britanija), Nj.K.V. Prestolonaslednik Aleksandar, Nj.K.V. Princeza Katarina, g-din Robert Valentajn (predsednik, Lajflajn Velika Britanija)\" class=\"img-responsive wp-image-85501\" srcset=\"https:\/\/royalfamily.org\/wp-content\/uploads\/2023\/04\/2-IMG_3915-200x133.jpg 200w, https:\/\/royalfamily.org\/wp-content\/uploads\/2023\/04\/2-IMG_3915-400x267.jpg 400w, https:\/\/royalfamily.org\/wp-content\/uploads\/2023\/04\/2-IMG_3915-600x400.jpg 600w, https:\/\/royalfamily.org\/wp-content\/uploads\/2023\/04\/2-IMG_3915-800x534.jpg 800w, https:\/\/royalfamily.org\/wp-content\/uploads\/2023\/04\/2-IMG_3915-1200x800.jpg 1200w, https:\/\/royalfamily.org\/wp-content\/uploads\/2023\/04\/2-IMG_3915.jpg 2000w\" sizes=\"(min-width: 2200px) 100vw, (min-width: 824px) 390px, (min-width: 732px) 585px, (min-width: 640px) 732px, \" \/><\/a><\/div><\/div><div style=\"padding:5px;\" class=\"fusion-grid-column fusion-gallery-column fusion-gallery-column-3 hover-type-none\"><div class=\"fusion-gallery-image\"><a href=\"https:\/\/royalfamily.org\/wp-content\/uploads\/2023\/04\/3-IMG_4306mm.jpg\" data-caption=\"Nj.K.V. Princeza Katarina, g-\u0111a Kerolajn Ferguson, Nj.K.V Prestolonaslednik Aleksandar, Nj.E. ambasadorka Aleksandra Joksimovi\u0107, Nj.E. ambasador Edvard Ferguson, g-din Sini\u0161a Joksimovi\u0107\" rel=\"noreferrer\" data-rel=\"iLightbox[gallery_image_1]\" class=\"fusion-lightbox\" target=\"_self\"><img decoding=\"async\" src=\"https:\/\/royalfamily.org\/wp-content\/uploads\/2023\/04\/3-IMG_4306mm.jpg\" width=\"1772\" height=\"1456\" alt=\"Nj.K.V. Princeza Katarina, g-\u0111a Kerolajn Ferguson, Nj.K.V Prestolonaslednik Aleksandar, Nj.E. ambasadorka Aleksandra Joksimovi\u0107, Nj.E. ambasador Edvard Ferguson, g-din Sini\u0161a Joksimovi\u0107\" title=\"Nj.K.V. Princeza Katarina, g-\u0111a Kerolajn Ferguson, Nj.K.V Prestolonaslednik Aleksandar, Nj.E. ambasadorka Aleksandra Joksimovi\u0107, Nj.E. ambasador Edvard Ferguson, g-din Sini\u0161a Joksimovi\u0107\" aria-label=\"Nj.K.V. Princeza Katarina, g-\u0111a Kerolajn Ferguson, Nj.K.V Prestolonaslednik Aleksandar, Nj.E. ambasadorka Aleksandra Joksimovi\u0107, Nj.E. ambasador Edvard Ferguson, g-din Sini\u0161a Joksimovi\u0107\" class=\"img-responsive wp-image-85504\" srcset=\"https:\/\/royalfamily.org\/wp-content\/uploads\/2023\/04\/3-IMG_4306mm-200x164.jpg 200w, https:\/\/royalfamily.org\/wp-content\/uploads\/2023\/04\/3-IMG_4306mm-400x329.jpg 400w, https:\/\/royalfamily.org\/wp-content\/uploads\/2023\/04\/3-IMG_4306mm-600x493.jpg 600w, https:\/\/royalfamily.org\/wp-content\/uploads\/2023\/04\/3-IMG_4306mm-800x657.jpg 800w, https:\/\/royalfamily.org\/wp-content\/uploads\/2023\/04\/3-IMG_4306mm-1200x986.jpg 1200w, https:\/\/royalfamily.org\/wp-content\/uploads\/2023\/04\/3-IMG_4306mm.jpg 1772w\" sizes=\"(min-width: 2200px) 100vw, (min-width: 824px) 390px, (min-width: 732px) 585px, (min-width: 640px) 732px, \" \/><\/a><\/div><\/div><div class=\"clearfix\"><\/div><div style=\"padding:5px;\" class=\"fusion-grid-column fusion-gallery-column fusion-gallery-column-3 hover-type-none\"><div class=\"fusion-gallery-image\"><a href=\"https:\/\/royalfamily.org\/wp-content\/uploads\/2023\/04\/4-IMG_4563.jpg\" data-caption=\"Simo \u0160i\u0161evi\u0107, Luka Perazi\u0107, Tamara Ra\u0111enovi\u0107, Strahinja Mitrovi\u0107\" rel=\"noreferrer\" data-rel=\"iLightbox[gallery_image_1]\" class=\"fusion-lightbox\" target=\"_self\"><img decoding=\"async\" src=\"https:\/\/royalfamily.org\/wp-content\/uploads\/2023\/04\/4-IMG_4563.jpg\" width=\"2000\" height=\"1334\" alt=\"Simo \u0160i\u0161evi\u0107, Luka Perazi\u0107, Tamara Ra\u0111enovi\u0107, Strahinja Mitrovi\u0107\" title=\"Simo \u0160i\u0161evi\u0107, Luka Perazi\u0107, Tamara Ra\u0111enovi\u0107, Strahinja Mitrovi\u0107\" aria-label=\"Simo \u0160i\u0161evi\u0107, Luka Perazi\u0107, Tamara Ra\u0111enovi\u0107, Strahinja Mitrovi\u0107\" class=\"img-responsive wp-image-85507\" srcset=\"https:\/\/royalfamily.org\/wp-content\/uploads\/2023\/04\/4-IMG_4563-200x133.jpg 200w, https:\/\/royalfamily.org\/wp-content\/uploads\/2023\/04\/4-IMG_4563-400x267.jpg 400w, https:\/\/royalfamily.org\/wp-content\/uploads\/2023\/04\/4-IMG_4563-600x400.jpg 600w, https:\/\/royalfamily.org\/wp-content\/uploads\/2023\/04\/4-IMG_4563-800x534.jpg 800w, https:\/\/royalfamily.org\/wp-content\/uploads\/2023\/04\/4-IMG_4563-1200x800.jpg 1200w, https:\/\/royalfamily.org\/wp-content\/uploads\/2023\/04\/4-IMG_4563.jpg 2000w\" sizes=\"(min-width: 2200px) 100vw, (min-width: 824px) 390px, (min-width: 732px) 585px, (min-width: 640px) 732px, \" \/><\/a><\/div><\/div><div style=\"padding:5px;\" class=\"fusion-grid-column fusion-gallery-column fusion-gallery-column-3 hover-type-none\"><div class=\"fusion-gallery-image\"><a href=\"https:\/\/royalfamily.org\/wp-content\/uploads\/2023\/04\/5-IMG_4480.jpg\" data-caption=\"Atmosfera na dobrotvornoj ve\u010deri Lajflajna Velika Britanija \" rel=\"noreferrer\" data-rel=\"iLightbox[gallery_image_1]\" class=\"fusion-lightbox\" target=\"_self\"><img decoding=\"async\" src=\"https:\/\/royalfamily.org\/wp-content\/uploads\/2023\/04\/5-IMG_4480.jpg\" width=\"2000\" height=\"1334\" alt=\"Atmosfera na dobrotvornoj ve\u010deri Lajflajna Velika Britanija\" title=\"Atmosfera na dobrotvornoj ve\u010deri Lajflajna Velika Britanija\" aria-label=\"Atmosfera na dobrotvornoj ve\u010deri Lajflajna Velika Britanija\" class=\"img-responsive wp-image-85510\" srcset=\"https:\/\/royalfamily.org\/wp-content\/uploads\/2023\/04\/5-IMG_4480-200x133.jpg 200w, https:\/\/royalfamily.org\/wp-content\/uploads\/2023\/04\/5-IMG_4480-400x267.jpg 400w, https:\/\/royalfamily.org\/wp-content\/uploads\/2023\/04\/5-IMG_4480-600x400.jpg 600w, https:\/\/royalfamily.org\/wp-content\/uploads\/2023\/04\/5-IMG_4480-800x534.jpg 800w, https:\/\/royalfamily.org\/wp-content\/uploads\/2023\/04\/5-IMG_4480-1200x800.jpg 1200w, https:\/\/royalfamily.org\/wp-content\/uploads\/2023\/04\/5-IMG_4480.jpg 2000w\" sizes=\"(min-width: 2200px) 100vw, (min-width: 824px) 390px, (min-width: 732px) 585px, (min-width: 640px) 732px, \" \/><\/a><\/div><\/div><div style=\"padding:5px;\" class=\"fusion-grid-column fusion-gallery-column fusion-gallery-column-3 hover-type-none\"><div class=\"fusion-gallery-image\"><a href=\"https:\/\/royalfamily.org\/wp-content\/uploads\/2023\/04\/6-IMG_3940.jpg\" data-caption=\"G-\u0111a Danica Vukovi\u0107, Nj.K.V. Prestolonaslednik Aleksandar, Nj.K.V. Princeza Katarina, g-din Lazar Vukovi\u0107 (direktor Lajflajn Velika Britanija)\" rel=\"noreferrer\" data-rel=\"iLightbox[gallery_image_1]\" class=\"fusion-lightbox\" target=\"_self\"><img decoding=\"async\" src=\"https:\/\/royalfamily.org\/wp-content\/uploads\/2023\/04\/6-IMG_3940.jpg\" width=\"2000\" height=\"1334\" alt=\"G-\u0111a Danica Vukovi\u0107, Nj.K.V. Prestolonaslednik Aleksandar, Nj.K.V. Princeza Katarina, g-din Lazar Vukovi\u0107 (direktor Lajflajn Velika Britanija)\" title=\"G-\u0111a Danica Vukovi\u0107, Nj.K.V. Prestolonaslednik Aleksandar, Nj.K.V. Princeza Katarina, g-din Lazar Vukovi\u0107 (direktor Lajflajn Velika Britanija)\" aria-label=\"G-\u0111a Danica Vukovi\u0107, Nj.K.V. Prestolonaslednik Aleksandar, Nj.K.V. Princeza Katarina, g-din Lazar Vukovi\u0107 (direktor Lajflajn Velika Britanija)\" class=\"img-responsive wp-image-85513\" srcset=\"https:\/\/royalfamily.org\/wp-content\/uploads\/2023\/04\/6-IMG_3940-200x133.jpg 200w, https:\/\/royalfamily.org\/wp-content\/uploads\/2023\/04\/6-IMG_3940-400x267.jpg 400w, https:\/\/royalfamily.org\/wp-content\/uploads\/2023\/04\/6-IMG_3940-600x400.jpg 600w, https:\/\/royalfamily.org\/wp-content\/uploads\/2023\/04\/6-IMG_3940-800x534.jpg 800w, https:\/\/royalfamily.org\/wp-content\/uploads\/2023\/04\/6-IMG_3940-1200x800.jpg 1200w, https:\/\/royalfamily.org\/wp-content\/uploads\/2023\/04\/6-IMG_3940.jpg 2000w\" sizes=\"(min-width: 2200px) 100vw, (min-width: 824px) 390px, (min-width: 732px) 585px, (min-width: 640px) 732px, \" \/><\/a><\/div><\/div><div class=\"clearfix\"><\/div><div style=\"padding:5px;\" class=\"fusion-grid-column fusion-gallery-column fusion-gallery-column-3 hover-type-none\"><div class=\"fusion-gallery-image\"><a href=\"https:\/\/royalfamily.org\/wp-content\/uploads\/2023\/04\/7-IMG_4246.jpg\" data-caption=\"G-din Totan Ngujen, Nj.K.V. Princeza Katarina\" rel=\"noreferrer\" data-rel=\"iLightbox[gallery_image_1]\" class=\"fusion-lightbox\" target=\"_self\"><img decoding=\"async\" src=\"https:\/\/royalfamily.org\/wp-content\/uploads\/2023\/04\/7-IMG_4246.jpg\" width=\"2000\" height=\"1334\" alt=\"G-din Totan Ngujen, Nj.K.V. Princeza Katarina\" title=\"G-din Totan Ngujen, Nj.K.V. Princeza Katarina\" aria-label=\"G-din Totan Ngujen, Nj.K.V. Princeza Katarina\" class=\"img-responsive wp-image-85516\" srcset=\"https:\/\/royalfamily.org\/wp-content\/uploads\/2023\/04\/7-IMG_4246-200x133.jpg 200w, https:\/\/royalfamily.org\/wp-content\/uploads\/2023\/04\/7-IMG_4246-400x267.jpg 400w, https:\/\/royalfamily.org\/wp-content\/uploads\/2023\/04\/7-IMG_4246-600x400.jpg 600w, https:\/\/royalfamily.org\/wp-content\/uploads\/2023\/04\/7-IMG_4246-800x534.jpg 800w, https:\/\/royalfamily.org\/wp-content\/uploads\/2023\/04\/7-IMG_4246-1200x800.jpg 1200w, https:\/\/royalfamily.org\/wp-content\/uploads\/2023\/04\/7-IMG_4246.jpg 2000w\" sizes=\"(min-width: 2200px) 100vw, (min-width: 824px) 390px, (min-width: 732px) 585px, (min-width: 640px) 732px, \" \/><\/a><\/div><\/div><div style=\"padding:5px;\" class=\"fusion-grid-column fusion-gallery-column fusion-gallery-column-3 hover-type-none\"><div class=\"fusion-gallery-image\"><a href=\"https:\/\/royalfamily.org\/wp-content\/uploads\/2023\/04\/8-IMG_4467.jpg\" data-caption=\"Marija Ne\u0161i\u0107 i Roksanda Ilin\u010di\u0107\" rel=\"noreferrer\" data-rel=\"iLightbox[gallery_image_1]\" class=\"fusion-lightbox\" target=\"_self\"><img decoding=\"async\" src=\"https:\/\/royalfamily.org\/wp-content\/uploads\/2023\/04\/8-IMG_4467.jpg\" width=\"1334\" height=\"2000\" alt=\"Marija Ne\u0161i\u0107 i Roksanda Ilin\u010di\u0107\" title=\"Marija Ne\u0161i\u0107 i Roksanda Ilin\u010di\u0107\" aria-label=\"Marija Ne\u0161i\u0107 i Roksanda Ilin\u010di\u0107\" class=\"img-responsive wp-image-85519\" srcset=\"https:\/\/royalfamily.org\/wp-content\/uploads\/2023\/04\/8-IMG_4467-200x300.jpg 200w, https:\/\/royalfamily.org\/wp-content\/uploads\/2023\/04\/8-IMG_4467-400x600.jpg 400w, https:\/\/royalfamily.org\/wp-content\/uploads\/2023\/04\/8-IMG_4467-600x900.jpg 600w, https:\/\/royalfamily.org\/wp-content\/uploads\/2023\/04\/8-IMG_4467-800x1199.jpg 800w, https:\/\/royalfamily.org\/wp-content\/uploads\/2023\/04\/8-IMG_4467-1200x1799.jpg 1200w, https:\/\/royalfamily.org\/wp-content\/uploads\/2023\/04\/8-IMG_4467.jpg 1334w\" sizes=\"(min-width: 2200px) 100vw, (min-width: 824px) 390px, (min-width: 732px) 585px, (min-width: 640px) 732px, \" \/><\/a><\/div><\/div><div style=\"padding:5px;\" class=\"fusion-grid-column fusion-gallery-column fusion-gallery-column-3 hover-type-none\"><div class=\"fusion-gallery-image\"><a href=\"https:\/\/royalfamily.org\/wp-content\/uploads\/2023\/04\/9-IMG_4196.jpg\" data-caption=\"Atmosfera na dobrotvornoj ve\u010deri Lajflajna Velika Britanija \" rel=\"noreferrer\" data-rel=\"iLightbox[gallery_image_1]\" class=\"fusion-lightbox\" target=\"_self\"><img decoding=\"async\" src=\"https:\/\/royalfamily.org\/wp-content\/uploads\/2023\/04\/9-IMG_4196.jpg\" width=\"2000\" height=\"1334\" alt=\"Atmosfera na dobrotvornoj ve\u010deri Lajflajna Velika Britanija\" title=\"Atmosfera na dobrotvornoj ve\u010deri Lajflajna Velika Britanija\" aria-label=\"Atmosfera na dobrotvornoj ve\u010deri Lajflajna Velika Britanija\" class=\"img-responsive wp-image-85522\" srcset=\"https:\/\/royalfamily.org\/wp-content\/uploads\/2023\/04\/9-IMG_4196-200x133.jpg 200w, https:\/\/royalfamily.org\/wp-content\/uploads\/2023\/04\/9-IMG_4196-400x267.jpg 400w, https:\/\/royalfamily.org\/wp-content\/uploads\/2023\/04\/9-IMG_4196-600x400.jpg 600w, https:\/\/royalfamily.org\/wp-content\/uploads\/2023\/04\/9-IMG_4196-800x534.jpg 800w, https:\/\/royalfamily.org\/wp-content\/uploads\/2023\/04\/9-IMG_4196-1200x800.jpg 1200w, https:\/\/royalfamily.org\/wp-content\/uploads\/2023\/04\/9-IMG_4196.jpg 2000w\" sizes=\"(min-width: 2200px) 100vw, (min-width: 824px) 390px, (min-width: 732px) 585px, (min-width: 640px) 732px, \" \/><\/a><\/div><\/div><div class=\"clearfix\"><\/div><div style=\"padding:5px;\" class=\"fusion-grid-column fusion-gallery-column fusion-gallery-column-3 hover-type-none\"><div class=\"fusion-gallery-image\"><a href=\"https:\/\/royalfamily.org\/wp-content\/uploads\/2023\/04\/10-IMG_4778.jpg\" data-caption=\"G-din Feliks Hejl (Sotebiz)\" rel=\"noreferrer\" data-rel=\"iLightbox[gallery_image_1]\" class=\"fusion-lightbox\" target=\"_self\"><img decoding=\"async\" src=\"https:\/\/royalfamily.org\/wp-content\/uploads\/2023\/04\/10-IMG_4778.jpg\" width=\"2000\" height=\"1334\" alt=\"G-din Feliks Hejl (Sotebiz)\" title=\"G-din Feliks Hejl (Sotebiz)\" aria-label=\"G-din Feliks Hejl (Sotebiz)\" class=\"img-responsive wp-image-85525\" srcset=\"https:\/\/royalfamily.org\/wp-content\/uploads\/2023\/04\/10-IMG_4778-200x133.jpg 200w, https:\/\/royalfamily.org\/wp-content\/uploads\/2023\/04\/10-IMG_4778-400x267.jpg 400w, https:\/\/royalfamily.org\/wp-content\/uploads\/2023\/04\/10-IMG_4778-600x400.jpg 600w, https:\/\/royalfamily.org\/wp-content\/uploads\/2023\/04\/10-IMG_4778-800x534.jpg 800w, https:\/\/royalfamily.org\/wp-content\/uploads\/2023\/04\/10-IMG_4778-1200x800.jpg 1200w, https:\/\/royalfamily.org\/wp-content\/uploads\/2023\/04\/10-IMG_4778.jpg 2000w\" sizes=\"(min-width: 2200px) 100vw, (min-width: 824px) 390px, (min-width: 732px) 585px, (min-width: 640px) 732px, \" \/><\/a><\/div><\/div><div style=\"padding:5px;\" class=\"fusion-grid-column fusion-gallery-column fusion-gallery-column-3 hover-type-none\"><div class=\"fusion-gallery-image\"><a href=\"https:\/\/royalfamily.org\/wp-content\/uploads\/2023\/04\/11-IMG_3871.jpg\" data-caption=\"Slike \u201cLjubav\u201d Jelice Vukovi\u0107 (4 god), \u201cPutnik\u201d Vilijama Ro\u0161fora, \u201cZvezdana no\u0107\u201d Konstantina Vukovi\u0107a (6 god)\" rel=\"noreferrer\" data-rel=\"iLightbox[gallery_image_1]\" class=\"fusion-lightbox\" target=\"_self\"><img decoding=\"async\" src=\"https:\/\/royalfamily.org\/wp-content\/uploads\/2023\/04\/11-IMG_3871.jpg\" width=\"2000\" height=\"1334\" alt=\"Slike \u201cLjubav\u201d Jelice Vukovi\u0107 (4 god), \u201cPutnik\u201d Vilijama Ro\u0161fora, \u201cZvezdana no\u0107\u201d Konstantina Vukovi\u0107a (6 god)\" title=\"Slike \u201cLjubav\u201d Jelice Vukovi\u0107 (4 god), \u201cPutnik\u201d Vilijama Ro\u0161fora, \u201cZvezdana no\u0107\u201d Konstantina Vukovi\u0107a (6 god)\" aria-label=\"Slike \u201cLjubav\u201d Jelice Vukovi\u0107 (4 god), \u201cPutnik\u201d Vilijama Ro\u0161fora, \u201cZvezdana no\u0107\u201d Konstantina Vukovi\u0107a (6 god)\" class=\"img-responsive wp-image-85528\" srcset=\"https:\/\/royalfamily.org\/wp-content\/uploads\/2023\/04\/11-IMG_3871-200x133.jpg 200w, https:\/\/royalfamily.org\/wp-content\/uploads\/2023\/04\/11-IMG_3871-400x267.jpg 400w, https:\/\/royalfamily.org\/wp-content\/uploads\/2023\/04\/11-IMG_3871-600x400.jpg 600w, https:\/\/royalfamily.org\/wp-content\/uploads\/2023\/04\/11-IMG_3871-800x534.jpg 800w, https:\/\/royalfamily.org\/wp-content\/uploads\/2023\/04\/11-IMG_3871-1200x800.jpg 1200w, https:\/\/royalfamily.org\/wp-content\/uploads\/2023\/04\/11-IMG_3871.jpg 2000w\" sizes=\"(min-width: 2200px) 100vw, (min-width: 824px) 390px, (min-width: 732px) 585px, (min-width: 640px) 732px, \" \/><\/a><\/div><\/div><div style=\"padding:5px;\" class=\"fusion-grid-column fusion-gallery-column fusion-gallery-column-3 hover-type-none\"><div class=\"fusion-gallery-image\"><a href=\"https:\/\/royalfamily.org\/wp-content\/uploads\/2023\/04\/12-IMG_4829.jpg\" data-caption=\"G-din Filip D\u017eonatan i g-\u0111ica Marina Ivanovi\u0107\" rel=\"noreferrer\" data-rel=\"iLightbox[gallery_image_1]\" class=\"fusion-lightbox\" target=\"_self\"><img decoding=\"async\" src=\"https:\/\/royalfamily.org\/wp-content\/uploads\/2023\/04\/12-IMG_4829.jpg\" width=\"2000\" height=\"1334\" alt=\"G-din Filip D\u017eonatan i g-\u0111ica Marina Ivanovi\u0107\" title=\"G-din Filip D\u017eonatan i g-\u0111ica Marina Ivanovi\u0107\" aria-label=\"G-din Filip D\u017eonatan i g-\u0111ica Marina Ivanovi\u0107\" class=\"img-responsive wp-image-85531\" srcset=\"https:\/\/royalfamily.org\/wp-content\/uploads\/2023\/04\/12-IMG_4829-200x133.jpg 200w, https:\/\/royalfamily.org\/wp-content\/uploads\/2023\/04\/12-IMG_4829-400x267.jpg 400w, https:\/\/royalfamily.org\/wp-content\/uploads\/2023\/04\/12-IMG_4829-600x400.jpg 600w, https:\/\/royalfamily.org\/wp-content\/uploads\/2023\/04\/12-IMG_4829-800x534.jpg 800w, https:\/\/royalfamily.org\/wp-content\/uploads\/2023\/04\/12-IMG_4829-1200x800.jpg 1200w, https:\/\/royalfamily.org\/wp-content\/uploads\/2023\/04\/12-IMG_4829.jpg 2000w\" sizes=\"(min-width: 2200px) 100vw, (min-width: 824px) 390px, (min-width: 732px) 585px, (min-width: 640px) 732px, \" \/><\/a><\/div><\/div><div class=\"clearfix\"><\/div><\/div><\/div><\/div><\/div><\/div><\/div><\/p>\n","protected":false},"excerpt":{"rendered":"","protected":false},"author":1001015,"featured_media":85534,"comment_status":"closed","ping_status":"closed","sticky":false,"template":"","format":"standard","meta":{"_acf_changed":false,"footnotes":""},"categories":[22],"tags":[],"class_list":["post-85538","post","type-post","status-publish","format-standard","has-post-thumbnail","hentry","category-vesti"],"acf":[],"yoast_head":"<!-- This site is optimized with the Yoast SEO Premium plugin v27.4 (Yoast SEO v27.4) - https:\/\/yoast.com\/product\/yoast-seo-premium-wordpress\/ -->\n<title>KRALjEVSKI PAR NA DOBROTVORNOM DOGA\u0110AJU LAJFLAJNA U LONDONU ZA DE\u010cIJE BOLNICE - The Royal Family of Serbia<\/title>\n<meta name=\"robots\" content=\"index, follow, max-snippet:-1, max-image-preview:large, max-video-preview:-1\" \/>\n<link rel=\"canonical\" href=\"https:\/\/royalfamily.org\/lat\/kraljevski-par-na-dobrotvornom-dogadaju-lajflajna-u-londonu-za-decije-bolnice\/\" \/>\n<meta property=\"og:locale\" content=\"en_US\" \/>\n<meta property=\"og:type\" content=\"article\" \/>\n<meta property=\"og:title\" content=\"KRALjEVSKI PAR NA DOBROTVORNOM DOGA\u0110AJU LAJFLAJNA U LONDONU ZA DE\u010cIJE BOLNICE\" \/>\n<meta property=\"og:url\" content=\"https:\/\/royalfamily.org\/lat\/kraljevski-par-na-dobrotvornom-dogadaju-lajflajna-u-londonu-za-decije-bolnice\/\" \/>\n<meta property=\"og:site_name\" content=\"The Royal Family of Serbia\" \/>\n<meta property=\"article:publisher\" content=\"https:\/\/www.facebook.com\/Prestolonaslednik.Aleksandar\" \/>\n<meta property=\"article:published_time\" content=\"2023-04-03T11:01:54+00:00\" \/>\n<meta property=\"article:modified_time\" content=\"2023-04-03T11:10:14+00:00\" \/>\n<meta property=\"og:image\" content=\"https:\/\/royalfamily.org\/wp-content\/uploads\/2023\/04\/COVER-LL-UK-PA.jpg\" \/>\n\t<meta property=\"og:image:width\" content=\"1480\" \/>\n\t<meta property=\"og:image:height\" content=\"720\" \/>\n\t<meta property=\"og:image:type\" content=\"image\/jpeg\" \/>\n<meta name=\"author\" content=\"Stefan Milanovic\" \/>\n<meta name=\"twitter:card\" content=\"summary_large_image\" \/>\n<meta name=\"twitter:label1\" content=\"Written by\" \/>\n\t<meta name=\"twitter:data1\" content=\"Stefan Milanovic\" \/>\n\t<meta name=\"twitter:label2\" content=\"Est. reading time\" \/>\n\t<meta name=\"twitter:data2\" content=\"6 minutes\" \/>\n<script type=\"application\/ld+json\" class=\"yoast-schema-graph\">{\"@context\":\"https:\\\/\\\/schema.org\",\"@graph\":[{\"@type\":\"Article\",\"@id\":\"https:\\\/\\\/royalfamily.org\\\/lat\\\/kraljevski-par-na-dobrotvornom-dogadaju-lajflajna-u-londonu-za-decije-bolnice\\\/#article\",\"isPartOf\":{\"@id\":\"https:\\\/\\\/royalfamily.org\\\/lat\\\/kraljevski-par-na-dobrotvornom-dogadaju-lajflajna-u-londonu-za-decije-bolnice\\\/\"},\"author\":{\"name\":\"Stefan Milanovic\",\"@id\":\"https:\\\/\\\/royalfamily.org\\\/#\\\/schema\\\/person\\\/4ad3296a6a8a35eed333b6a785e9f648\"},\"headline\":\"KRALjEVSKI PAR NA DOBROTVORNOM DOGA\u0110AJU LAJFLAJNA U LONDONU ZA DE\u010cIJE BOLNICE\",\"datePublished\":\"2023-04-03T11:01:54+00:00\",\"dateModified\":\"2023-04-03T11:10:14+00:00\",\"mainEntityOfPage\":{\"@id\":\"https:\\\/\\\/royalfamily.org\\\/lat\\\/kraljevski-par-na-dobrotvornom-dogadaju-lajflajna-u-londonu-za-decije-bolnice\\\/\"},\"wordCount\":2915,\"publisher\":{\"@id\":\"https:\\\/\\\/royalfamily.org\\\/#organization\"},\"image\":{\"@id\":\"https:\\\/\\\/royalfamily.org\\\/lat\\\/kraljevski-par-na-dobrotvornom-dogadaju-lajflajna-u-londonu-za-decije-bolnice\\\/#primaryimage\"},\"thumbnailUrl\":\"https:\\\/\\\/royalfamily.org\\\/wp-content\\\/uploads\\\/2023\\\/04\\\/COVER-LL-UK-PA.jpg\",\"articleSection\":[\"Vesti\"],\"inLanguage\":\"sr-LT\"},{\"@type\":\"WebPage\",\"@id\":\"https:\\\/\\\/royalfamily.org\\\/lat\\\/kraljevski-par-na-dobrotvornom-dogadaju-lajflajna-u-londonu-za-decije-bolnice\\\/\",\"url\":\"https:\\\/\\\/royalfamily.org\\\/lat\\\/kraljevski-par-na-dobrotvornom-dogadaju-lajflajna-u-londonu-za-decije-bolnice\\\/\",\"name\":\"KRALjEVSKI PAR NA DOBROTVORNOM DOGA\u0110AJU LAJFLAJNA U LONDONU ZA DE\u010cIJE BOLNICE - The Royal Family of Serbia\",\"isPartOf\":{\"@id\":\"https:\\\/\\\/royalfamily.org\\\/#website\"},\"primaryImageOfPage\":{\"@id\":\"https:\\\/\\\/royalfamily.org\\\/lat\\\/kraljevski-par-na-dobrotvornom-dogadaju-lajflajna-u-londonu-za-decije-bolnice\\\/#primaryimage\"},\"image\":{\"@id\":\"https:\\\/\\\/royalfamily.org\\\/lat\\\/kraljevski-par-na-dobrotvornom-dogadaju-lajflajna-u-londonu-za-decije-bolnice\\\/#primaryimage\"},\"thumbnailUrl\":\"https:\\\/\\\/royalfamily.org\\\/wp-content\\\/uploads\\\/2023\\\/04\\\/COVER-LL-UK-PA.jpg\",\"datePublished\":\"2023-04-03T11:01:54+00:00\",\"dateModified\":\"2023-04-03T11:10:14+00:00\",\"breadcrumb\":{\"@id\":\"https:\\\/\\\/royalfamily.org\\\/lat\\\/kraljevski-par-na-dobrotvornom-dogadaju-lajflajna-u-londonu-za-decije-bolnice\\\/#breadcrumb\"},\"inLanguage\":\"sr-LT\",\"potentialAction\":[{\"@type\":\"ReadAction\",\"target\":[\"https:\\\/\\\/royalfamily.org\\\/lat\\\/kraljevski-par-na-dobrotvornom-dogadaju-lajflajna-u-londonu-za-decije-bolnice\\\/\"]}]},{\"@type\":\"ImageObject\",\"inLanguage\":\"sr-LT\",\"@id\":\"https:\\\/\\\/royalfamily.org\\\/lat\\\/kraljevski-par-na-dobrotvornom-dogadaju-lajflajna-u-londonu-za-decije-bolnice\\\/#primaryimage\",\"url\":\"https:\\\/\\\/royalfamily.org\\\/wp-content\\\/uploads\\\/2023\\\/04\\\/COVER-LL-UK-PA.jpg\",\"contentUrl\":\"https:\\\/\\\/royalfamily.org\\\/wp-content\\\/uploads\\\/2023\\\/04\\\/COVER-LL-UK-PA.jpg\",\"width\":1480,\"height\":720,\"caption\":\"KRALjEVSKI PAR NA DOBROTVORNOM DOGA\u0110AJU LAJFLAJNA U LONDONU ZA DE\u010cIJE BOLNICE\"},{\"@type\":\"BreadcrumbList\",\"@id\":\"https:\\\/\\\/royalfamily.org\\\/lat\\\/kraljevski-par-na-dobrotvornom-dogadaju-lajflajna-u-londonu-za-decije-bolnice\\\/#breadcrumb\",\"itemListElement\":[{\"@type\":\"ListItem\",\"position\":1,\"name\":\"Home\",\"item\":\"https:\\\/\\\/royalfamily.org\\\/lat\\\/\"},{\"@type\":\"ListItem\",\"position\":2,\"name\":\"KRALjEVSKI PAR NA DOBROTVORNOM DOGA\u0110AJU LAJFLAJNA U LONDONU ZA DE\u010cIJE BOLNICE\"}]},{\"@type\":\"WebSite\",\"@id\":\"https:\\\/\\\/royalfamily.org\\\/#website\",\"url\":\"https:\\\/\\\/royalfamily.org\\\/\",\"name\":\"The Royal Family of Serbia\",\"description\":\"From the people, for the people\",\"publisher\":{\"@id\":\"https:\\\/\\\/royalfamily.org\\\/#organization\"},\"potentialAction\":[{\"@type\":\"SearchAction\",\"target\":{\"@type\":\"EntryPoint\",\"urlTemplate\":\"https:\\\/\\\/royalfamily.org\\\/?s={search_term_string}\"},\"query-input\":{\"@type\":\"PropertyValueSpecification\",\"valueRequired\":true,\"valueName\":\"search_term_string\"}}],\"inLanguage\":\"sr-LT\"},{\"@type\":\"Organization\",\"@id\":\"https:\\\/\\\/royalfamily.org\\\/#organization\",\"name\":\"Royal Family\",\"url\":\"https:\\\/\\\/royalfamily.org\\\/\",\"logo\":{\"@type\":\"ImageObject\",\"inLanguage\":\"sr-LT\",\"@id\":\"https:\\\/\\\/royalfamily.org\\\/#\\\/schema\\\/logo\\\/image\\\/\",\"url\":\"https:\\\/\\\/royalfamily.org\\\/wp-content\\\/uploads\\\/2019\\\/04\\\/logo-vector-02-V-latinica.png\",\"contentUrl\":\"https:\\\/\\\/royalfamily.org\\\/wp-content\\\/uploads\\\/2019\\\/04\\\/logo-vector-02-V-latinica.png\",\"width\":552,\"height\":99,\"caption\":\"Royal Family\"},\"image\":{\"@id\":\"https:\\\/\\\/royalfamily.org\\\/#\\\/schema\\\/logo\\\/image\\\/\"},\"sameAs\":[\"https:\\\/\\\/www.facebook.com\\\/Prestolonaslednik.Aleksandar\"]},{\"@type\":\"Person\",\"@id\":\"https:\\\/\\\/royalfamily.org\\\/#\\\/schema\\\/person\\\/4ad3296a6a8a35eed333b6a785e9f648\",\"name\":\"Stefan Milanovic\",\"image\":{\"@type\":\"ImageObject\",\"inLanguage\":\"sr-LT\",\"@id\":\"https:\\\/\\\/secure.gravatar.com\\\/avatar\\\/92dcbdcf3e32112a9ceb1e41665b1f44c69382d014cacfe12c701f6af7c40259?s=96&d=mm&r=g\",\"url\":\"https:\\\/\\\/secure.gravatar.com\\\/avatar\\\/92dcbdcf3e32112a9ceb1e41665b1f44c69382d014cacfe12c701f6af7c40259?s=96&d=mm&r=g\",\"contentUrl\":\"https:\\\/\\\/secure.gravatar.com\\\/avatar\\\/92dcbdcf3e32112a9ceb1e41665b1f44c69382d014cacfe12c701f6af7c40259?s=96&d=mm&r=g\",\"caption\":\"Stefan Milanovic\"}}]}<\/script>\n<!-- \/ Yoast SEO Premium plugin. -->","yoast_head_json":{"title":"KRALjEVSKI PAR NA DOBROTVORNOM DOGA\u0110AJU LAJFLAJNA U LONDONU ZA DE\u010cIJE BOLNICE - The Royal Family of Serbia","robots":{"index":"index","follow":"follow","max-snippet":"max-snippet:-1","max-image-preview":"max-image-preview:large","max-video-preview":"max-video-preview:-1"},"canonical":"https:\/\/royalfamily.org\/lat\/kraljevski-par-na-dobrotvornom-dogadaju-lajflajna-u-londonu-za-decije-bolnice\/","og_locale":"en_US","og_type":"article","og_title":"KRALjEVSKI PAR NA DOBROTVORNOM DOGA\u0110AJU LAJFLAJNA U LONDONU ZA DE\u010cIJE BOLNICE","og_url":"https:\/\/royalfamily.org\/lat\/kraljevski-par-na-dobrotvornom-dogadaju-lajflajna-u-londonu-za-decije-bolnice\/","og_site_name":"The Royal Family of Serbia","article_publisher":"https:\/\/www.facebook.com\/Prestolonaslednik.Aleksandar","article_published_time":"2023-04-03T11:01:54+00:00","article_modified_time":"2023-04-03T11:10:14+00:00","og_image":[{"width":1480,"height":720,"url":"https:\/\/royalfamily.org\/wp-content\/uploads\/2023\/04\/COVER-LL-UK-PA.jpg","type":"image\/jpeg"}],"author":"Stefan Milanovic","twitter_card":"summary_large_image","twitter_misc":{"Written by":"Stefan Milanovic","Est. reading time":"6 minutes"},"schema":{"@context":"https:\/\/schema.org","@graph":[{"@type":"Article","@id":"https:\/\/royalfamily.org\/lat\/kraljevski-par-na-dobrotvornom-dogadaju-lajflajna-u-londonu-za-decije-bolnice\/#article","isPartOf":{"@id":"https:\/\/royalfamily.org\/lat\/kraljevski-par-na-dobrotvornom-dogadaju-lajflajna-u-londonu-za-decije-bolnice\/"},"author":{"name":"Stefan Milanovic","@id":"https:\/\/royalfamily.org\/#\/schema\/person\/4ad3296a6a8a35eed333b6a785e9f648"},"headline":"KRALjEVSKI PAR NA DOBROTVORNOM DOGA\u0110AJU LAJFLAJNA U LONDONU ZA DE\u010cIJE BOLNICE","datePublished":"2023-04-03T11:01:54+00:00","dateModified":"2023-04-03T11:10:14+00:00","mainEntityOfPage":{"@id":"https:\/\/royalfamily.org\/lat\/kraljevski-par-na-dobrotvornom-dogadaju-lajflajna-u-londonu-za-decije-bolnice\/"},"wordCount":2915,"publisher":{"@id":"https:\/\/royalfamily.org\/#organization"},"image":{"@id":"https:\/\/royalfamily.org\/lat\/kraljevski-par-na-dobrotvornom-dogadaju-lajflajna-u-londonu-za-decije-bolnice\/#primaryimage"},"thumbnailUrl":"https:\/\/royalfamily.org\/wp-content\/uploads\/2023\/04\/COVER-LL-UK-PA.jpg","articleSection":["Vesti"],"inLanguage":"sr-LT"},{"@type":"WebPage","@id":"https:\/\/royalfamily.org\/lat\/kraljevski-par-na-dobrotvornom-dogadaju-lajflajna-u-londonu-za-decije-bolnice\/","url":"https:\/\/royalfamily.org\/lat\/kraljevski-par-na-dobrotvornom-dogadaju-lajflajna-u-londonu-za-decije-bolnice\/","name":"KRALjEVSKI PAR NA DOBROTVORNOM DOGA\u0110AJU LAJFLAJNA U LONDONU ZA DE\u010cIJE BOLNICE - The Royal Family of Serbia","isPartOf":{"@id":"https:\/\/royalfamily.org\/#website"},"primaryImageOfPage":{"@id":"https:\/\/royalfamily.org\/lat\/kraljevski-par-na-dobrotvornom-dogadaju-lajflajna-u-londonu-za-decije-bolnice\/#primaryimage"},"image":{"@id":"https:\/\/royalfamily.org\/lat\/kraljevski-par-na-dobrotvornom-dogadaju-lajflajna-u-londonu-za-decije-bolnice\/#primaryimage"},"thumbnailUrl":"https:\/\/royalfamily.org\/wp-content\/uploads\/2023\/04\/COVER-LL-UK-PA.jpg","datePublished":"2023-04-03T11:01:54+00:00","dateModified":"2023-04-03T11:10:14+00:00","breadcrumb":{"@id":"https:\/\/royalfamily.org\/lat\/kraljevski-par-na-dobrotvornom-dogadaju-lajflajna-u-londonu-za-decije-bolnice\/#breadcrumb"},"inLanguage":"sr-LT","potentialAction":[{"@type":"ReadAction","target":["https:\/\/royalfamily.org\/lat\/kraljevski-par-na-dobrotvornom-dogadaju-lajflajna-u-londonu-za-decije-bolnice\/"]}]},{"@type":"ImageObject","inLanguage":"sr-LT","@id":"https:\/\/royalfamily.org\/lat\/kraljevski-par-na-dobrotvornom-dogadaju-lajflajna-u-londonu-za-decije-bolnice\/#primaryimage","url":"https:\/\/royalfamily.org\/wp-content\/uploads\/2023\/04\/COVER-LL-UK-PA.jpg","contentUrl":"https:\/\/royalfamily.org\/wp-content\/uploads\/2023\/04\/COVER-LL-UK-PA.jpg","width":1480,"height":720,"caption":"KRALjEVSKI PAR NA DOBROTVORNOM DOGA\u0110AJU LAJFLAJNA U LONDONU ZA DE\u010cIJE BOLNICE"},{"@type":"BreadcrumbList","@id":"https:\/\/royalfamily.org\/lat\/kraljevski-par-na-dobrotvornom-dogadaju-lajflajna-u-londonu-za-decije-bolnice\/#breadcrumb","itemListElement":[{"@type":"ListItem","position":1,"name":"Home","item":"https:\/\/royalfamily.org\/lat\/"},{"@type":"ListItem","position":2,"name":"KRALjEVSKI PAR NA DOBROTVORNOM DOGA\u0110AJU LAJFLAJNA U LONDONU ZA DE\u010cIJE BOLNICE"}]},{"@type":"WebSite","@id":"https:\/\/royalfamily.org\/#website","url":"https:\/\/royalfamily.org\/","name":"The Royal Family of Serbia","description":"From the people, for the people","publisher":{"@id":"https:\/\/royalfamily.org\/#organization"},"potentialAction":[{"@type":"SearchAction","target":{"@type":"EntryPoint","urlTemplate":"https:\/\/royalfamily.org\/?s={search_term_string}"},"query-input":{"@type":"PropertyValueSpecification","valueRequired":true,"valueName":"search_term_string"}}],"inLanguage":"sr-LT"},{"@type":"Organization","@id":"https:\/\/royalfamily.org\/#organization","name":"Royal Family","url":"https:\/\/royalfamily.org\/","logo":{"@type":"ImageObject","inLanguage":"sr-LT","@id":"https:\/\/royalfamily.org\/#\/schema\/logo\/image\/","url":"https:\/\/royalfamily.org\/wp-content\/uploads\/2019\/04\/logo-vector-02-V-latinica.png","contentUrl":"https:\/\/royalfamily.org\/wp-content\/uploads\/2019\/04\/logo-vector-02-V-latinica.png","width":552,"height":99,"caption":"Royal Family"},"image":{"@id":"https:\/\/royalfamily.org\/#\/schema\/logo\/image\/"},"sameAs":["https:\/\/www.facebook.com\/Prestolonaslednik.Aleksandar"]},{"@type":"Person","@id":"https:\/\/royalfamily.org\/#\/schema\/person\/4ad3296a6a8a35eed333b6a785e9f648","name":"Stefan Milanovic","image":{"@type":"ImageObject","inLanguage":"sr-LT","@id":"https:\/\/secure.gravatar.com\/avatar\/92dcbdcf3e32112a9ceb1e41665b1f44c69382d014cacfe12c701f6af7c40259?s=96&d=mm&r=g","url":"https:\/\/secure.gravatar.com\/avatar\/92dcbdcf3e32112a9ceb1e41665b1f44c69382d014cacfe12c701f6af7c40259?s=96&d=mm&r=g","contentUrl":"https:\/\/secure.gravatar.com\/avatar\/92dcbdcf3e32112a9ceb1e41665b1f44c69382d014cacfe12c701f6af7c40259?s=96&d=mm&r=g","caption":"Stefan Milanovic"}}]}},"_links":{"self":[{"href":"https:\/\/royalfamily.org\/lat\/wp-json\/wp\/v2\/posts\/85538","targetHints":{"allow":["GET"]}}],"collection":[{"href":"https:\/\/royalfamily.org\/lat\/wp-json\/wp\/v2\/posts"}],"about":[{"href":"https:\/\/royalfamily.org\/lat\/wp-json\/wp\/v2\/types\/post"}],"author":[{"embeddable":true,"href":"https:\/\/royalfamily.org\/lat\/wp-json\/wp\/v2\/users\/1001015"}],"replies":[{"embeddable":true,"href":"https:\/\/royalfamily.org\/lat\/wp-json\/wp\/v2\/comments?post=85538"}],"version-history":[{"count":2,"href":"https:\/\/royalfamily.org\/lat\/wp-json\/wp\/v2\/posts\/85538\/revisions"}],"predecessor-version":[{"id":85542,"href":"https:\/\/royalfamily.org\/lat\/wp-json\/wp\/v2\/posts\/85538\/revisions\/85542"}],"wp:featuredmedia":[{"embeddable":true,"href":"https:\/\/royalfamily.org\/lat\/wp-json\/wp\/v2\/media\/85534"}],"wp:attachment":[{"href":"https:\/\/royalfamily.org\/lat\/wp-json\/wp\/v2\/media?parent=85538"}],"wp:term":[{"taxonomy":"category","embeddable":true,"href":"https:\/\/royalfamily.org\/lat\/wp-json\/wp\/v2\/categories?post=85538"},{"taxonomy":"post_tag","embeddable":true,"href":"https:\/\/royalfamily.org\/lat\/wp-json\/wp\/v2\/tags?post=85538"}],"curies":[{"name":"wp","href":"https:\/\/api.w.org\/{rel}","templated":true}]}}