{"id":85577,"date":"2023-04-06T11:05:09","date_gmt":"2023-04-06T09:05:09","guid":{"rendered":"https:\/\/royalfamily.org\/?p=85577"},"modified":"2023-04-06T11:05:10","modified_gmt":"2023-04-06T09:05:10","slug":"humanitarni-koncert-za-muzicku-skolu-iz-bujanovca-u-belom-dvoru","status":"publish","type":"post","link":"https:\/\/royalfamily.org\/lat\/humanitarni-koncert-za-muzicku-skolu-iz-bujanovca-u-belom-dvoru\/","title":{"rendered":"HUMANITARNI KONCERT ZA MUZI\u010cKU \u0160KOLU IZ BUJANOVCA U BELOM DVORU"},"content":{"rendered":"<p><div class=\"fusion-fullwidth fullwidth-box fusion-builder-row-1 fusion-flex-container has-pattern-background has-mask-background nonhundred-percent-fullwidth non-hundred-percent-height-scrolling\" style=\"--awb-border-radius-top-left:0px;--awb-border-radius-top-right:0px;--awb-border-radius-bottom-right:0px;--awb-border-radius-bottom-left:0px;--awb-flex-wrap:wrap;\" ><div class=\"fusion-builder-row fusion-row fusion-flex-align-items-flex-start fusion-flex-content-wrap\" style=\"max-width:1227.2px;margin-left: calc(-4% \/ 2 );margin-right: calc(-4% \/ 2 );\"><div class=\"fusion-layout-column fusion_builder_column fusion-builder-column-0 fusion_builder_column_1_1 1_1 fusion-flex-column\" style=\"--awb-bg-size:cover;--awb-width-large:100%;--awb-margin-top-large:0px;--awb-spacing-right-large:1.92%;--awb-margin-bottom-large:20px;--awb-spacing-left-large:1.92%;--awb-width-medium:100%;--awb-order-medium:0;--awb-spacing-right-medium:1.92%;--awb-spacing-left-medium:1.92%;--awb-width-small:100%;--awb-order-small:0;--awb-spacing-right-small:1.92%;--awb-spacing-left-small:1.92%;\"><div class=\"fusion-column-wrapper fusion-column-has-shadow fusion-flex-justify-content-flex-start fusion-content-layout-column\"><div class=\"fusion-text fusion-text-1\"><p>Udru\u017eenje umetnika \u201eVivarte\u201d organizovalo je dobrotvorni koncert pod pokroviteljstvom Fondacije Nj.K.V. Prestolonaslednika Aleksandra za obrazovanje i kulturu, koji je sino\u0107 odr\u017ean u Belom Dvoru, uz podr\u0161ku Nj.K.V. Prestolonaslednika Aleksandra i Princeze Katarine i u prisustvu Njenog Kraljevskog Viso\u010danstva, a sa ciljem da se pomogne Osnovnoj muzi\u010dkoj \u0161koli u Bujanovcu.<\/p>\n<p>Sino\u0107ni koncert bio je prva humanitarna akcija koju organizuje Udru\u017eenje \u201eVivarte\u201c, a sva sredstva prikupljena ovom prilikom bi\u0107e upotrebljena za kupovinu muzi\u010dkih instrumenata za Muzi\u010dku \u0161kolu Bujanovac. Ova \u0161kola organizuje \u010dasove klavira, harmonike, klarineta, flaute i gitare, i jedna je od retkih \u0161kola u kojoj se zajedno \u0161koluju deca srpske, romske i albanske nacionalnosti. To je dokaz da obrazovanje i muzika, kroz najlep\u0161e melodije, mogu da izbri\u0161u sve granice.<\/p>\n<p>Doga\u0111aj je po\u010deo pozdravnim pismom Nj.K.V. Prestolonaslednika Aleksandara, nakon \u010dega je usledilo obra\u0107anje g-\u0111e Jovane Vu\u010di\u0107evi\u0107 i g-dina Ljubana \u017divanovi\u0107a, operskih peva\u010da i osniva\u010da Udru\u017eenja \u201eVivarte\u201c, a potom su zajedni\u010dki nastupili u\u010denici Osnovne muzi\u010dke \u0161kole Bujanovac, sa profesionalnim muzi\u010darima, \u010dlanovima Udru\u017eenja. Koncertu je prisustvovao veliki broj gostiju iz kulturnog i javnog \u017eivota Srbije.<\/p>\n<p>\u201eVeoma sam sre\u0107an \u0161to se dosta ljudi okupilo ovde, u domu Kraljevske porodice, da u\u017eivamo u nastupu ovih talentovanih muzi\u010dara, i da zajedno pru\u017eimo preko potrebnu podr\u0161ku Osnovnoj muzi\u010dkoj \u0161koli u Bujanovcu. Mladi Srbije imaju veliki potencijal i jako je bitno da ih svi podr\u017eavamo, kako bi taj potencijal i ostvarili. To je na\u0161a obaveza i du\u017enost.<\/p>\n<p>Ono \u0161to me posebno raduje je to \u0161to pru\u017eamo pomo\u0107 \u0161koli koja pokazuje kako muzika i kultura uop\u0161te ne poznaju granice. U\u010denici ove \u0161kole dolaze iz razli\u010ditih sredina, ali zajedno u\u017eivaju u prelepoj muzici. Kultura i umetnost bri\u0161u granice nacionalnosti i vere i spajaju ovu decu da zajedno u\u017eivaju u ne\u010dem lepom i uzvi\u0161enom. Mislim da su ovoga puta mladi ti koji u\u010de nas odrasle kakvi svi treba da budemo\u201c, izjavio je ovim povodom Nj.K.V. Prestolonaslednik Aleksandar.<\/p>\n<p>Udru\u017eenje \u201eVivarte\u201c je nevladina i neprofitna organizacija, posve\u0107ena promociji klasi\u010dne muzike i dobrotvornim aktivnostima, koje pru\u017ea podr\u0161ku muzi\u010dkim \u0161kolama i muzi\u010darima \u0161irom Srbije. Anga\u017eovanjem renomiranih umetnika u organizaciji obrazovnih i kulturnih manifestacija, \u010dlanovi udru\u017eenja nastoje da pomognu podizanju nivoa muzi\u010dke svesti, muzi\u010dkog obrazovanja i pedagogije i promovi\u0161u muzi\u010dku kulturu.<\/p>\n<p><strong>\u00a0<\/strong><\/p>\n<\/div><\/div><\/div><\/div><\/div><div class=\"fusion-fullwidth fullwidth-box fusion-builder-row-2 fusion-flex-container has-pattern-background has-mask-background nonhundred-percent-fullwidth non-hundred-percent-height-scrolling\" style=\"--awb-border-radius-top-left:0px;--awb-border-radius-top-right:0px;--awb-border-radius-bottom-right:0px;--awb-border-radius-bottom-left:0px;--awb-flex-wrap:wrap;\" ><div class=\"fusion-builder-row fusion-row fusion-flex-align-items-flex-start fusion-flex-content-wrap\" style=\"max-width:1227.2px;margin-left: calc(-4% \/ 2 );margin-right: calc(-4% \/ 2 );\"><div class=\"fusion-layout-column fusion_builder_column fusion-builder-column-1 fusion_builder_column_1_1 1_1 fusion-flex-column\" style=\"--awb-bg-size:cover;--awb-width-large:100%;--awb-margin-top-large:0px;--awb-spacing-right-large:1.92%;--awb-margin-bottom-large:20px;--awb-spacing-left-large:1.92%;--awb-width-medium:100%;--awb-order-medium:0;--awb-spacing-right-medium:1.92%;--awb-spacing-left-medium:1.92%;--awb-width-small:100%;--awb-order-small:0;--awb-spacing-right-small:1.92%;--awb-spacing-left-small:1.92%;\"><div class=\"fusion-column-wrapper fusion-column-has-shadow fusion-flex-justify-content-flex-start fusion-content-layout-column\"><div class=\"awb-gallery-wrapper awb-gallery-wrapper-1 button-span-no\" style=\"--more-btn-alignment:center;\" data-limit=\"20\" data-page=\"1\"><div style=\"margin:-5px;--awb-bordersize:0px;\" class=\"fusion-gallery fusion-gallery-container fusion-grid-3 fusion-columns-total-5 fusion-gallery-layout-grid fusion-gallery-1\"><div style=\"padding:5px;\" class=\"fusion-grid-column fusion-gallery-column fusion-gallery-column-3 hover-type-none\"><div class=\"fusion-gallery-image\"><a href=\"https:\/\/royalfamily.org\/wp-content\/uploads\/2023\/04\/1-8F2A4435m.jpg\" data-caption=\"HUMANITARNI KONCERT ZA MUZI\u010cKU \u0160KOLU IZ BUJANOVCA U BELOM DVORU\" rel=\"noreferrer\" data-rel=\"iLightbox[gallery_image_1]\" class=\"fusion-lightbox\" target=\"_self\"><img decoding=\"async\" src=\"https:\/\/royalfamily.org\/wp-content\/uploads\/2023\/04\/1-8F2A4435m.jpg\" width=\"1772\" height=\"1181\" alt=\"HUMANITARNI KONCERT ZA MUZI\u010cKU \u0160KOLU IZ BUJANOVCA U BELOM DVORU\" title=\"HUMANITARNI KONCERT ZA MUZI\u010cKU \u0160KOLU IZ BUJANOVCA U BELOM DVORU\" aria-label=\"HUMANITARNI KONCERT ZA MUZI\u010cKU \u0160KOLU IZ BUJANOVCA U BELOM DVORU\" class=\"img-responsive wp-image-85556\" srcset=\"https:\/\/royalfamily.org\/wp-content\/uploads\/2023\/04\/1-8F2A4435m-200x133.jpg 200w, https:\/\/royalfamily.org\/wp-content\/uploads\/2023\/04\/1-8F2A4435m-400x267.jpg 400w, https:\/\/royalfamily.org\/wp-content\/uploads\/2023\/04\/1-8F2A4435m-600x400.jpg 600w, https:\/\/royalfamily.org\/wp-content\/uploads\/2023\/04\/1-8F2A4435m-800x533.jpg 800w, https:\/\/royalfamily.org\/wp-content\/uploads\/2023\/04\/1-8F2A4435m-1200x800.jpg 1200w, https:\/\/royalfamily.org\/wp-content\/uploads\/2023\/04\/1-8F2A4435m.jpg 1772w\" sizes=\"(min-width: 2200px) 100vw, (min-width: 824px) 390px, (min-width: 732px) 585px, (min-width: 640px) 732px, \" \/><\/a><\/div><\/div><div style=\"padding:5px;\" class=\"fusion-grid-column fusion-gallery-column fusion-gallery-column-3 hover-type-none\"><div class=\"fusion-gallery-image\"><a href=\"https:\/\/royalfamily.org\/wp-content\/uploads\/2023\/04\/2-8F2A4533m.jpg\" data-caption=\"HUMANITARNI KONCERT ZA MUZI\u010cKU \u0160KOLU IZ BUJANOVCA U BELOM DVORU\" rel=\"noreferrer\" data-rel=\"iLightbox[gallery_image_1]\" class=\"fusion-lightbox\" target=\"_self\"><img decoding=\"async\" src=\"https:\/\/royalfamily.org\/wp-content\/uploads\/2023\/04\/2-8F2A4533m.jpg\" width=\"1772\" height=\"1181\" alt=\"HUMANITARNI KONCERT ZA MUZI\u010cKU \u0160KOLU IZ BUJANOVCA U BELOM DVORU\" title=\"HUMANITARNI KONCERT ZA MUZI\u010cKU \u0160KOLU IZ BUJANOVCA U BELOM DVORU\" aria-label=\"HUMANITARNI KONCERT ZA MUZI\u010cKU \u0160KOLU IZ BUJANOVCA U BELOM DVORU\" class=\"img-responsive wp-image-85559\" srcset=\"https:\/\/royalfamily.org\/wp-content\/uploads\/2023\/04\/2-8F2A4533m-200x133.jpg 200w, https:\/\/royalfamily.org\/wp-content\/uploads\/2023\/04\/2-8F2A4533m-400x267.jpg 400w, https:\/\/royalfamily.org\/wp-content\/uploads\/2023\/04\/2-8F2A4533m-600x400.jpg 600w, https:\/\/royalfamily.org\/wp-content\/uploads\/2023\/04\/2-8F2A4533m-800x533.jpg 800w, https:\/\/royalfamily.org\/wp-content\/uploads\/2023\/04\/2-8F2A4533m-1200x800.jpg 1200w, https:\/\/royalfamily.org\/wp-content\/uploads\/2023\/04\/2-8F2A4533m.jpg 1772w\" sizes=\"(min-width: 2200px) 100vw, (min-width: 824px) 390px, (min-width: 732px) 585px, (min-width: 640px) 732px, \" \/><\/a><\/div><\/div><div style=\"padding:5px;\" class=\"fusion-grid-column fusion-gallery-column fusion-gallery-column-3 hover-type-none\"><div class=\"fusion-gallery-image\"><a href=\"https:\/\/royalfamily.org\/wp-content\/uploads\/2023\/04\/3-8F2A4451m.jpg\" data-caption=\"HUMANITARNI KONCERT ZA MUZI\u010cKU \u0160KOLU IZ BUJANOVCA U BELOM DVORU\" rel=\"noreferrer\" data-rel=\"iLightbox[gallery_image_1]\" class=\"fusion-lightbox\" target=\"_self\"><img decoding=\"async\" src=\"https:\/\/royalfamily.org\/wp-content\/uploads\/2023\/04\/3-8F2A4451m.jpg\" width=\"1772\" height=\"1181\" alt=\"HUMANITARNI KONCERT ZA MUZI\u010cKU \u0160KOLU IZ BUJANOVCA U BELOM DVORU\" title=\"HUMANITARNI KONCERT ZA MUZI\u010cKU \u0160KOLU IZ BUJANOVCA U BELOM DVORU\" aria-label=\"HUMANITARNI KONCERT ZA MUZI\u010cKU \u0160KOLU IZ BUJANOVCA U BELOM DVORU\" class=\"img-responsive wp-image-85562\" srcset=\"https:\/\/royalfamily.org\/wp-content\/uploads\/2023\/04\/3-8F2A4451m-200x133.jpg 200w, https:\/\/royalfamily.org\/wp-content\/uploads\/2023\/04\/3-8F2A4451m-400x267.jpg 400w, https:\/\/royalfamily.org\/wp-content\/uploads\/2023\/04\/3-8F2A4451m-600x400.jpg 600w, https:\/\/royalfamily.org\/wp-content\/uploads\/2023\/04\/3-8F2A4451m-800x533.jpg 800w, https:\/\/royalfamily.org\/wp-content\/uploads\/2023\/04\/3-8F2A4451m-1200x800.jpg 1200w, https:\/\/royalfamily.org\/wp-content\/uploads\/2023\/04\/3-8F2A4451m.jpg 1772w\" sizes=\"(min-width: 2200px) 100vw, (min-width: 824px) 390px, (min-width: 732px) 585px, (min-width: 640px) 732px, \" \/><\/a><\/div><\/div><div class=\"clearfix\"><\/div><div style=\"padding:5px;\" class=\"fusion-grid-column fusion-gallery-column fusion-gallery-column-3 hover-type-none\"><div class=\"fusion-gallery-image\"><a href=\"https:\/\/royalfamily.org\/wp-content\/uploads\/2023\/04\/4-8F2A4402m.jpg\" data-caption=\"HUMANITARNI KONCERT ZA MUZI\u010cKU \u0160KOLU IZ BUJANOVCA U BELOM DVORU\" rel=\"noreferrer\" data-rel=\"iLightbox[gallery_image_1]\" class=\"fusion-lightbox\" target=\"_self\"><img decoding=\"async\" src=\"https:\/\/royalfamily.org\/wp-content\/uploads\/2023\/04\/4-8F2A4402m.jpg\" width=\"1772\" height=\"1181\" alt=\"HUMANITARNI KONCERT ZA MUZI\u010cKU \u0160KOLU IZ BUJANOVCA U BELOM DVORU\" title=\"HUMANITARNI KONCERT ZA MUZI\u010cKU \u0160KOLU IZ BUJANOVCA U BELOM DVORU\" aria-label=\"HUMANITARNI KONCERT ZA MUZI\u010cKU \u0160KOLU IZ BUJANOVCA U BELOM DVORU\" class=\"img-responsive wp-image-85565\" srcset=\"https:\/\/royalfamily.org\/wp-content\/uploads\/2023\/04\/4-8F2A4402m-200x133.jpg 200w, https:\/\/royalfamily.org\/wp-content\/uploads\/2023\/04\/4-8F2A4402m-400x267.jpg 400w, https:\/\/royalfamily.org\/wp-content\/uploads\/2023\/04\/4-8F2A4402m-600x400.jpg 600w, https:\/\/royalfamily.org\/wp-content\/uploads\/2023\/04\/4-8F2A4402m-800x533.jpg 800w, https:\/\/royalfamily.org\/wp-content\/uploads\/2023\/04\/4-8F2A4402m-1200x800.jpg 1200w, https:\/\/royalfamily.org\/wp-content\/uploads\/2023\/04\/4-8F2A4402m.jpg 1772w\" sizes=\"(min-width: 2200px) 100vw, (min-width: 824px) 390px, (min-width: 732px) 585px, (min-width: 640px) 732px, \" \/><\/a><\/div><\/div><div style=\"padding:5px;\" class=\"fusion-grid-column fusion-gallery-column fusion-gallery-column-3 hover-type-none\"><div class=\"fusion-gallery-image\"><a href=\"https:\/\/royalfamily.org\/wp-content\/uploads\/2023\/04\/6-8F2A4445m.jpg\" data-caption=\"HUMANITARNI KONCERT ZA MUZI\u010cKU \u0160KOLU IZ BUJANOVCA U BELOM DVORU\" rel=\"noreferrer\" data-rel=\"iLightbox[gallery_image_1]\" class=\"fusion-lightbox\" target=\"_self\"><img decoding=\"async\" src=\"https:\/\/royalfamily.org\/wp-content\/uploads\/2023\/04\/6-8F2A4445m.jpg\" width=\"1772\" height=\"1181\" alt=\"HUMANITARNI KONCERT ZA MUZI\u010cKU \u0160KOLU IZ BUJANOVCA U BELOM DVORU\" title=\"HUMANITARNI KONCERT ZA MUZI\u010cKU \u0160KOLU IZ BUJANOVCA U BELOM DVORU\" aria-label=\"HUMANITARNI KONCERT ZA MUZI\u010cKU \u0160KOLU IZ BUJANOVCA U BELOM DVORU\" class=\"img-responsive wp-image-85571\" srcset=\"https:\/\/royalfamily.org\/wp-content\/uploads\/2023\/04\/6-8F2A4445m-200x133.jpg 200w, https:\/\/royalfamily.org\/wp-content\/uploads\/2023\/04\/6-8F2A4445m-400x267.jpg 400w, https:\/\/royalfamily.org\/wp-content\/uploads\/2023\/04\/6-8F2A4445m-600x400.jpg 600w, https:\/\/royalfamily.org\/wp-content\/uploads\/2023\/04\/6-8F2A4445m-800x533.jpg 800w, https:\/\/royalfamily.org\/wp-content\/uploads\/2023\/04\/6-8F2A4445m-1200x800.jpg 1200w, https:\/\/royalfamily.org\/wp-content\/uploads\/2023\/04\/6-8F2A4445m.jpg 1772w\" sizes=\"(min-width: 2200px) 100vw, (min-width: 824px) 390px, (min-width: 732px) 585px, (min-width: 640px) 732px, \" \/><\/a><\/div><\/div><\/div><\/div><\/div><\/div><\/div><\/div><\/p>\n","protected":false},"excerpt":{"rendered":"","protected":false},"author":1001015,"featured_media":85574,"comment_status":"closed","ping_status":"closed","sticky":false,"template":"","format":"standard","meta":{"_acf_changed":false,"footnotes":""},"categories":[22],"tags":[],"class_list":["post-85577","post","type-post","status-publish","format-standard","has-post-thumbnail","hentry","category-vesti"],"acf":[],"yoast_head":"<!-- This site is optimized with the Yoast SEO Premium plugin v27.4 (Yoast SEO v27.4) - https:\/\/yoast.com\/product\/yoast-seo-premium-wordpress\/ -->\n<title>HUMANITARNI KONCERT ZA MUZI\u010cKU \u0160KOLU IZ BUJANOVCA U BELOM DVORU - The Royal Family of Serbia<\/title>\n<meta name=\"robots\" content=\"index, follow, max-snippet:-1, max-image-preview:large, max-video-preview:-1\" \/>\n<link rel=\"canonical\" href=\"https:\/\/royalfamily.org\/lat\/humanitarni-koncert-za-muzicku-skolu-iz-bujanovca-u-belom-dvoru\/\" \/>\n<meta property=\"og:locale\" content=\"en_US\" \/>\n<meta property=\"og:type\" content=\"article\" \/>\n<meta property=\"og:title\" content=\"HUMANITARNI KONCERT ZA MUZI\u010cKU \u0160KOLU IZ BUJANOVCA U BELOM DVORU\" \/>\n<meta property=\"og:url\" content=\"https:\/\/royalfamily.org\/lat\/humanitarni-koncert-za-muzicku-skolu-iz-bujanovca-u-belom-dvoru\/\" \/>\n<meta property=\"og:site_name\" content=\"The Royal Family of Serbia\" \/>\n<meta property=\"article:publisher\" content=\"https:\/\/www.facebook.com\/Prestolonaslednik.Aleksandar\" \/>\n<meta property=\"article:published_time\" content=\"2023-04-06T09:05:09+00:00\" \/>\n<meta property=\"article:modified_time\" content=\"2023-04-06T09:05:10+00:00\" \/>\n<meta property=\"og:image\" content=\"https:\/\/royalfamily.org\/wp-content\/uploads\/2023\/04\/COVER-Concert.jpg\" \/>\n\t<meta property=\"og:image:width\" content=\"1480\" \/>\n\t<meta property=\"og:image:height\" content=\"720\" \/>\n\t<meta property=\"og:image:type\" content=\"image\/jpeg\" \/>\n<meta name=\"author\" content=\"Stefan Milanovic\" \/>\n<meta name=\"twitter:card\" content=\"summary_large_image\" \/>\n<meta name=\"twitter:label1\" content=\"Written by\" \/>\n\t<meta name=\"twitter:data1\" content=\"Stefan Milanovic\" \/>\n<script type=\"application\/ld+json\" class=\"yoast-schema-graph\">{\"@context\":\"https:\\\/\\\/schema.org\",\"@graph\":[{\"@type\":\"Article\",\"@id\":\"https:\\\/\\\/royalfamily.org\\\/lat\\\/humanitarni-koncert-za-muzicku-skolu-iz-bujanovca-u-belom-dvoru\\\/#article\",\"isPartOf\":{\"@id\":\"https:\\\/\\\/royalfamily.org\\\/lat\\\/humanitarni-koncert-za-muzicku-skolu-iz-bujanovca-u-belom-dvoru\\\/\"},\"author\":{\"name\":\"Stefan Milanovic\",\"@id\":\"https:\\\/\\\/royalfamily.org\\\/#\\\/schema\\\/person\\\/4ad3296a6a8a35eed333b6a785e9f648\"},\"headline\":\"HUMANITARNI KONCERT ZA MUZI\u010cKU \u0160KOLU IZ BUJANOVCA U BELOM DVORU\",\"datePublished\":\"2023-04-06T09:05:09+00:00\",\"dateModified\":\"2023-04-06T09:05:10+00:00\",\"mainEntityOfPage\":{\"@id\":\"https:\\\/\\\/royalfamily.org\\\/lat\\\/humanitarni-koncert-za-muzicku-skolu-iz-bujanovca-u-belom-dvoru\\\/\"},\"wordCount\":2529,\"publisher\":{\"@id\":\"https:\\\/\\\/royalfamily.org\\\/#organization\"},\"image\":{\"@id\":\"https:\\\/\\\/royalfamily.org\\\/lat\\\/humanitarni-koncert-za-muzicku-skolu-iz-bujanovca-u-belom-dvoru\\\/#primaryimage\"},\"thumbnailUrl\":\"https:\\\/\\\/royalfamily.org\\\/wp-content\\\/uploads\\\/2023\\\/04\\\/COVER-Concert.jpg\",\"articleSection\":[\"Vesti\"],\"inLanguage\":\"sr-LT\"},{\"@type\":\"WebPage\",\"@id\":\"https:\\\/\\\/royalfamily.org\\\/lat\\\/humanitarni-koncert-za-muzicku-skolu-iz-bujanovca-u-belom-dvoru\\\/\",\"url\":\"https:\\\/\\\/royalfamily.org\\\/lat\\\/humanitarni-koncert-za-muzicku-skolu-iz-bujanovca-u-belom-dvoru\\\/\",\"name\":\"HUMANITARNI KONCERT ZA MUZI\u010cKU \u0160KOLU IZ BUJANOVCA U BELOM DVORU - The Royal Family of Serbia\",\"isPartOf\":{\"@id\":\"https:\\\/\\\/royalfamily.org\\\/#website\"},\"primaryImageOfPage\":{\"@id\":\"https:\\\/\\\/royalfamily.org\\\/lat\\\/humanitarni-koncert-za-muzicku-skolu-iz-bujanovca-u-belom-dvoru\\\/#primaryimage\"},\"image\":{\"@id\":\"https:\\\/\\\/royalfamily.org\\\/lat\\\/humanitarni-koncert-za-muzicku-skolu-iz-bujanovca-u-belom-dvoru\\\/#primaryimage\"},\"thumbnailUrl\":\"https:\\\/\\\/royalfamily.org\\\/wp-content\\\/uploads\\\/2023\\\/04\\\/COVER-Concert.jpg\",\"datePublished\":\"2023-04-06T09:05:09+00:00\",\"dateModified\":\"2023-04-06T09:05:10+00:00\",\"breadcrumb\":{\"@id\":\"https:\\\/\\\/royalfamily.org\\\/lat\\\/humanitarni-koncert-za-muzicku-skolu-iz-bujanovca-u-belom-dvoru\\\/#breadcrumb\"},\"inLanguage\":\"sr-LT\",\"potentialAction\":[{\"@type\":\"ReadAction\",\"target\":[\"https:\\\/\\\/royalfamily.org\\\/lat\\\/humanitarni-koncert-za-muzicku-skolu-iz-bujanovca-u-belom-dvoru\\\/\"]}]},{\"@type\":\"ImageObject\",\"inLanguage\":\"sr-LT\",\"@id\":\"https:\\\/\\\/royalfamily.org\\\/lat\\\/humanitarni-koncert-za-muzicku-skolu-iz-bujanovca-u-belom-dvoru\\\/#primaryimage\",\"url\":\"https:\\\/\\\/royalfamily.org\\\/wp-content\\\/uploads\\\/2023\\\/04\\\/COVER-Concert.jpg\",\"contentUrl\":\"https:\\\/\\\/royalfamily.org\\\/wp-content\\\/uploads\\\/2023\\\/04\\\/COVER-Concert.jpg\",\"width\":1480,\"height\":720,\"caption\":\"HUMANITARNI KONCERT ZA MUZI\u010cKU \u0160KOLU IZ BUJANOVCA U BELOM DVORU\"},{\"@type\":\"BreadcrumbList\",\"@id\":\"https:\\\/\\\/royalfamily.org\\\/lat\\\/humanitarni-koncert-za-muzicku-skolu-iz-bujanovca-u-belom-dvoru\\\/#breadcrumb\",\"itemListElement\":[{\"@type\":\"ListItem\",\"position\":1,\"name\":\"Home\",\"item\":\"https:\\\/\\\/royalfamily.org\\\/lat\\\/\"},{\"@type\":\"ListItem\",\"position\":2,\"name\":\"HUMANITARNI KONCERT ZA MUZI\u010cKU \u0160KOLU IZ BUJANOVCA U BELOM DVORU\"}]},{\"@type\":\"WebSite\",\"@id\":\"https:\\\/\\\/royalfamily.org\\\/#website\",\"url\":\"https:\\\/\\\/royalfamily.org\\\/\",\"name\":\"The Royal Family of Serbia\",\"description\":\"From the people, for the people\",\"publisher\":{\"@id\":\"https:\\\/\\\/royalfamily.org\\\/#organization\"},\"potentialAction\":[{\"@type\":\"SearchAction\",\"target\":{\"@type\":\"EntryPoint\",\"urlTemplate\":\"https:\\\/\\\/royalfamily.org\\\/?s={search_term_string}\"},\"query-input\":{\"@type\":\"PropertyValueSpecification\",\"valueRequired\":true,\"valueName\":\"search_term_string\"}}],\"inLanguage\":\"sr-LT\"},{\"@type\":\"Organization\",\"@id\":\"https:\\\/\\\/royalfamily.org\\\/#organization\",\"name\":\"Royal Family\",\"url\":\"https:\\\/\\\/royalfamily.org\\\/\",\"logo\":{\"@type\":\"ImageObject\",\"inLanguage\":\"sr-LT\",\"@id\":\"https:\\\/\\\/royalfamily.org\\\/#\\\/schema\\\/logo\\\/image\\\/\",\"url\":\"https:\\\/\\\/royalfamily.org\\\/wp-content\\\/uploads\\\/2019\\\/04\\\/logo-vector-02-V-latinica.png\",\"contentUrl\":\"https:\\\/\\\/royalfamily.org\\\/wp-content\\\/uploads\\\/2019\\\/04\\\/logo-vector-02-V-latinica.png\",\"width\":552,\"height\":99,\"caption\":\"Royal Family\"},\"image\":{\"@id\":\"https:\\\/\\\/royalfamily.org\\\/#\\\/schema\\\/logo\\\/image\\\/\"},\"sameAs\":[\"https:\\\/\\\/www.facebook.com\\\/Prestolonaslednik.Aleksandar\"]},{\"@type\":\"Person\",\"@id\":\"https:\\\/\\\/royalfamily.org\\\/#\\\/schema\\\/person\\\/4ad3296a6a8a35eed333b6a785e9f648\",\"name\":\"Stefan Milanovic\",\"image\":{\"@type\":\"ImageObject\",\"inLanguage\":\"sr-LT\",\"@id\":\"https:\\\/\\\/secure.gravatar.com\\\/avatar\\\/92dcbdcf3e32112a9ceb1e41665b1f44c69382d014cacfe12c701f6af7c40259?s=96&d=mm&r=g\",\"url\":\"https:\\\/\\\/secure.gravatar.com\\\/avatar\\\/92dcbdcf3e32112a9ceb1e41665b1f44c69382d014cacfe12c701f6af7c40259?s=96&d=mm&r=g\",\"contentUrl\":\"https:\\\/\\\/secure.gravatar.com\\\/avatar\\\/92dcbdcf3e32112a9ceb1e41665b1f44c69382d014cacfe12c701f6af7c40259?s=96&d=mm&r=g\",\"caption\":\"Stefan Milanovic\"}}]}<\/script>\n<!-- \/ Yoast SEO Premium plugin. -->","yoast_head_json":{"title":"HUMANITARNI KONCERT ZA MUZI\u010cKU \u0160KOLU IZ BUJANOVCA U BELOM DVORU - The Royal Family of Serbia","robots":{"index":"index","follow":"follow","max-snippet":"max-snippet:-1","max-image-preview":"max-image-preview:large","max-video-preview":"max-video-preview:-1"},"canonical":"https:\/\/royalfamily.org\/lat\/humanitarni-koncert-za-muzicku-skolu-iz-bujanovca-u-belom-dvoru\/","og_locale":"en_US","og_type":"article","og_title":"HUMANITARNI KONCERT ZA MUZI\u010cKU \u0160KOLU IZ BUJANOVCA U BELOM DVORU","og_url":"https:\/\/royalfamily.org\/lat\/humanitarni-koncert-za-muzicku-skolu-iz-bujanovca-u-belom-dvoru\/","og_site_name":"The Royal Family of Serbia","article_publisher":"https:\/\/www.facebook.com\/Prestolonaslednik.Aleksandar","article_published_time":"2023-04-06T09:05:09+00:00","article_modified_time":"2023-04-06T09:05:10+00:00","og_image":[{"width":1480,"height":720,"url":"https:\/\/royalfamily.org\/wp-content\/uploads\/2023\/04\/COVER-Concert.jpg","type":"image\/jpeg"}],"author":"Stefan Milanovic","twitter_card":"summary_large_image","twitter_misc":{"Written by":"Stefan Milanovic"},"schema":{"@context":"https:\/\/schema.org","@graph":[{"@type":"Article","@id":"https:\/\/royalfamily.org\/lat\/humanitarni-koncert-za-muzicku-skolu-iz-bujanovca-u-belom-dvoru\/#article","isPartOf":{"@id":"https:\/\/royalfamily.org\/lat\/humanitarni-koncert-za-muzicku-skolu-iz-bujanovca-u-belom-dvoru\/"},"author":{"name":"Stefan Milanovic","@id":"https:\/\/royalfamily.org\/#\/schema\/person\/4ad3296a6a8a35eed333b6a785e9f648"},"headline":"HUMANITARNI KONCERT ZA MUZI\u010cKU \u0160KOLU IZ BUJANOVCA U BELOM DVORU","datePublished":"2023-04-06T09:05:09+00:00","dateModified":"2023-04-06T09:05:10+00:00","mainEntityOfPage":{"@id":"https:\/\/royalfamily.org\/lat\/humanitarni-koncert-za-muzicku-skolu-iz-bujanovca-u-belom-dvoru\/"},"wordCount":2529,"publisher":{"@id":"https:\/\/royalfamily.org\/#organization"},"image":{"@id":"https:\/\/royalfamily.org\/lat\/humanitarni-koncert-za-muzicku-skolu-iz-bujanovca-u-belom-dvoru\/#primaryimage"},"thumbnailUrl":"https:\/\/royalfamily.org\/wp-content\/uploads\/2023\/04\/COVER-Concert.jpg","articleSection":["Vesti"],"inLanguage":"sr-LT"},{"@type":"WebPage","@id":"https:\/\/royalfamily.org\/lat\/humanitarni-koncert-za-muzicku-skolu-iz-bujanovca-u-belom-dvoru\/","url":"https:\/\/royalfamily.org\/lat\/humanitarni-koncert-za-muzicku-skolu-iz-bujanovca-u-belom-dvoru\/","name":"HUMANITARNI KONCERT ZA MUZI\u010cKU \u0160KOLU IZ BUJANOVCA U BELOM DVORU - The Royal Family of Serbia","isPartOf":{"@id":"https:\/\/royalfamily.org\/#website"},"primaryImageOfPage":{"@id":"https:\/\/royalfamily.org\/lat\/humanitarni-koncert-za-muzicku-skolu-iz-bujanovca-u-belom-dvoru\/#primaryimage"},"image":{"@id":"https:\/\/royalfamily.org\/lat\/humanitarni-koncert-za-muzicku-skolu-iz-bujanovca-u-belom-dvoru\/#primaryimage"},"thumbnailUrl":"https:\/\/royalfamily.org\/wp-content\/uploads\/2023\/04\/COVER-Concert.jpg","datePublished":"2023-04-06T09:05:09+00:00","dateModified":"2023-04-06T09:05:10+00:00","breadcrumb":{"@id":"https:\/\/royalfamily.org\/lat\/humanitarni-koncert-za-muzicku-skolu-iz-bujanovca-u-belom-dvoru\/#breadcrumb"},"inLanguage":"sr-LT","potentialAction":[{"@type":"ReadAction","target":["https:\/\/royalfamily.org\/lat\/humanitarni-koncert-za-muzicku-skolu-iz-bujanovca-u-belom-dvoru\/"]}]},{"@type":"ImageObject","inLanguage":"sr-LT","@id":"https:\/\/royalfamily.org\/lat\/humanitarni-koncert-za-muzicku-skolu-iz-bujanovca-u-belom-dvoru\/#primaryimage","url":"https:\/\/royalfamily.org\/wp-content\/uploads\/2023\/04\/COVER-Concert.jpg","contentUrl":"https:\/\/royalfamily.org\/wp-content\/uploads\/2023\/04\/COVER-Concert.jpg","width":1480,"height":720,"caption":"HUMANITARNI KONCERT ZA MUZI\u010cKU \u0160KOLU IZ BUJANOVCA U BELOM DVORU"},{"@type":"BreadcrumbList","@id":"https:\/\/royalfamily.org\/lat\/humanitarni-koncert-za-muzicku-skolu-iz-bujanovca-u-belom-dvoru\/#breadcrumb","itemListElement":[{"@type":"ListItem","position":1,"name":"Home","item":"https:\/\/royalfamily.org\/lat\/"},{"@type":"ListItem","position":2,"name":"HUMANITARNI KONCERT ZA MUZI\u010cKU \u0160KOLU IZ BUJANOVCA U BELOM DVORU"}]},{"@type":"WebSite","@id":"https:\/\/royalfamily.org\/#website","url":"https:\/\/royalfamily.org\/","name":"The Royal Family of Serbia","description":"From the people, for the people","publisher":{"@id":"https:\/\/royalfamily.org\/#organization"},"potentialAction":[{"@type":"SearchAction","target":{"@type":"EntryPoint","urlTemplate":"https:\/\/royalfamily.org\/?s={search_term_string}"},"query-input":{"@type":"PropertyValueSpecification","valueRequired":true,"valueName":"search_term_string"}}],"inLanguage":"sr-LT"},{"@type":"Organization","@id":"https:\/\/royalfamily.org\/#organization","name":"Royal Family","url":"https:\/\/royalfamily.org\/","logo":{"@type":"ImageObject","inLanguage":"sr-LT","@id":"https:\/\/royalfamily.org\/#\/schema\/logo\/image\/","url":"https:\/\/royalfamily.org\/wp-content\/uploads\/2019\/04\/logo-vector-02-V-latinica.png","contentUrl":"https:\/\/royalfamily.org\/wp-content\/uploads\/2019\/04\/logo-vector-02-V-latinica.png","width":552,"height":99,"caption":"Royal Family"},"image":{"@id":"https:\/\/royalfamily.org\/#\/schema\/logo\/image\/"},"sameAs":["https:\/\/www.facebook.com\/Prestolonaslednik.Aleksandar"]},{"@type":"Person","@id":"https:\/\/royalfamily.org\/#\/schema\/person\/4ad3296a6a8a35eed333b6a785e9f648","name":"Stefan Milanovic","image":{"@type":"ImageObject","inLanguage":"sr-LT","@id":"https:\/\/secure.gravatar.com\/avatar\/92dcbdcf3e32112a9ceb1e41665b1f44c69382d014cacfe12c701f6af7c40259?s=96&d=mm&r=g","url":"https:\/\/secure.gravatar.com\/avatar\/92dcbdcf3e32112a9ceb1e41665b1f44c69382d014cacfe12c701f6af7c40259?s=96&d=mm&r=g","contentUrl":"https:\/\/secure.gravatar.com\/avatar\/92dcbdcf3e32112a9ceb1e41665b1f44c69382d014cacfe12c701f6af7c40259?s=96&d=mm&r=g","caption":"Stefan Milanovic"}}]}},"_links":{"self":[{"href":"https:\/\/royalfamily.org\/lat\/wp-json\/wp\/v2\/posts\/85577","targetHints":{"allow":["GET"]}}],"collection":[{"href":"https:\/\/royalfamily.org\/lat\/wp-json\/wp\/v2\/posts"}],"about":[{"href":"https:\/\/royalfamily.org\/lat\/wp-json\/wp\/v2\/types\/post"}],"author":[{"embeddable":true,"href":"https:\/\/royalfamily.org\/lat\/wp-json\/wp\/v2\/users\/1001015"}],"replies":[{"embeddable":true,"href":"https:\/\/royalfamily.org\/lat\/wp-json\/wp\/v2\/comments?post=85577"}],"version-history":[{"count":1,"href":"https:\/\/royalfamily.org\/lat\/wp-json\/wp\/v2\/posts\/85577\/revisions"}],"predecessor-version":[{"id":85578,"href":"https:\/\/royalfamily.org\/lat\/wp-json\/wp\/v2\/posts\/85577\/revisions\/85578"}],"wp:featuredmedia":[{"embeddable":true,"href":"https:\/\/royalfamily.org\/lat\/wp-json\/wp\/v2\/media\/85574"}],"wp:attachment":[{"href":"https:\/\/royalfamily.org\/lat\/wp-json\/wp\/v2\/media?parent=85577"}],"wp:term":[{"taxonomy":"category","embeddable":true,"href":"https:\/\/royalfamily.org\/lat\/wp-json\/wp\/v2\/categories?post=85577"},{"taxonomy":"post_tag","embeddable":true,"href":"https:\/\/royalfamily.org\/lat\/wp-json\/wp\/v2\/tags?post=85577"}],"curies":[{"name":"wp","href":"https:\/\/api.w.org\/{rel}","templated":true}]}}