{"id":85595,"date":"2023-04-07T14:53:40","date_gmt":"2023-04-07T12:53:40","guid":{"rendered":"https:\/\/royalfamily.org\/?p=85595"},"modified":"2023-04-07T14:53:40","modified_gmt":"2023-04-07T12:53:40","slug":"poruka-prestolonaslednika-aleksandra-povodom-medunarodnog-dana-roma","status":"publish","type":"post","link":"https:\/\/royalfamily.org\/lat\/poruka-prestolonaslednika-aleksandra-povodom-medunarodnog-dana-roma\/","title":{"rendered":"PORUKA PRESTOLONASLEDNIKA ALEKSANDRA POVODOM ME\u0110UNARODNOG DANA ROMA"},"content":{"rendered":"<div class=\"fusion-fullwidth fullwidth-box fusion-builder-row-1 fusion-flex-container has-pattern-background has-mask-background nonhundred-percent-fullwidth non-hundred-percent-height-scrolling\" style=\"--awb-border-radius-top-left:0px;--awb-border-radius-top-right:0px;--awb-border-radius-bottom-right:0px;--awb-border-radius-bottom-left:0px;--awb-flex-wrap:wrap;\" ><div class=\"fusion-builder-row fusion-row fusion-flex-align-items-flex-start fusion-flex-content-wrap\" style=\"max-width:1227.2px;margin-left: calc(-4% \/ 2 );margin-right: calc(-4% \/ 2 );\"><div class=\"fusion-layout-column fusion_builder_column fusion-builder-column-0 fusion_builder_column_1_1 1_1 fusion-flex-column\" style=\"--awb-bg-size:cover;--awb-width-large:100%;--awb-margin-top-large:0px;--awb-spacing-right-large:1.92%;--awb-margin-bottom-large:20px;--awb-spacing-left-large:1.92%;--awb-width-medium:100%;--awb-order-medium:0;--awb-spacing-right-medium:1.92%;--awb-spacing-left-medium:1.92%;--awb-width-small:100%;--awb-order-small:0;--awb-spacing-right-small:1.92%;--awb-spacing-left-small:1.92%;\"><div class=\"fusion-column-wrapper fusion-column-has-shadow fusion-flex-justify-content-flex-start fusion-content-layout-column\"><div class=\"fusion-text fusion-text-1\"><p>Povodom predstoje\u0107eg Me\u0111unarodnog dana Roma, koji se \u0161irom sveta obele\u017eava 8. aprila, Nj.K.V. Prestolonaslednik Aleksandar upu\u0107uje \u010destitke svim Romima, uz poruku da svi zajedno treba da radimo na stvaranju boljeg sveta, u kom ne\u0107e postojati predrasude i diskriminacija, a svi ljudi \u0107e biti jednaki.<\/p>\n<p>Ovom prilikom Nj.K.V. Prestolonaslednik Aleksandar uputio je i pismo podr\u0161ke <a href=\"https:\/\/www.wrf-gov.org\/\">Svetskoj federaciji Roma<\/a>, me\u0111unarodnoj organizaciji sa specijalnim konsultativnim statusom pri Ujedinjenim nacijama, i podru\u017enicama u Sjedinjenim Ameri\u010dkim Dr\u017eavama, Kanadi, Ma\u0111arskoj, Velikoj Britaniji i Srbiji. Kako je saop\u0161teno iz rukovodstva Federacije, SAD \u0107e sutra prvi put u\u010destvovati na ceremoniji podizanja zastave u gradu \u010cikagu, gde \u0107e se Svetskoj federaciji Roma pridru\u017eiti politi\u010dke i javne li\u010dnosti, kao i diplomate koji predstavljaju vi\u0161e zemalja. Njegovo Kraljevsko Viso\u010danstvo uputio im je podr\u0161ku za njihov rad i napore na pobolj\u0161anju polo\u017eaja Roma.<\/p>\n<p>Nj.K.V. Prestolonaslednik Aleksandar je u svom pismu podr\u0161ke naveo: \u201ePromovisanje socijalne pravde, socijalne uklju\u010denosti i zalaganje za za\u0161titu ljudskih prava je veoma va\u017ean cilj, kome je potrebna svaka mogu\u0107a podr\u0161ka, za dobrobit i bolje sutra svih Roma \u0161irom sveta, ali i za bolju budu\u0107nost celog na\u0161eg dru\u0161tva.<\/p>\n<p>Romi su vekovima delili sudbinu naroda na prostorima u kojima su \u017eiveli, a na\u017ealost, \u010desto se suo\u010davaju sa diskriminacijom i predrasudama, \u0161to je nezamislivo i neprihvatljivo da postoji u modernom dru\u0161tvu. Zato je potrebno nastaviti i raditi jo\u0161 vi\u0161e na pobolj\u0161anju polo\u017eaja Roma i iskorenjivanju svih oblika diskriminacije.<\/p>\n<p>Kao Prestolonaslednik Srbije, ose\u0107am potrebu da podsetim da su mnogi Romi ostavili neizbrisiv trag u istoriji na\u0161eg naroda. Imaju dugu istoriju u Srbiji i Jugoslaviji, jo\u0161 od veoma davnih vremena. Nikada ne treba zaboraviti da su tokom dvadesetog veka Romi, Srbi i Jevreji u regionu Balkana delili istu sudbinu i zajedno bili \u017ertve nacisti\u010dkog genocida u okupiranoj Jugoslaviji.<\/p>\n<p>Se\u0107anje na tragedije je va\u017eno, da se zlo\u010dini iz pro\u0161losti nikada ne ponove. Tako\u0111e je zna\u010dajno setiti se i svetlih primera herojstva i brojnih doprinosa zajednici.<\/p>\n<p>Na\u017ealost, bez obzira na njihov doprinos, kako istorijski tako i dana\u0161nji, i danas u Evropi ima mnogo Roma, koji se suo\u010davaju sa problemima dobijanja dr\u017eavljanstva, dostupnosti obrazovnih mogu\u0107nosti, neadekvatnog pristupa programima javnog zdravlja i mnogim drugim problemima, koji ne bi trebalo da postoje. u 21. veku.<\/p>\n<p>U ime Kraljevske porodice Srbije jo\u0161 jednom \u017eelim sre\u0107an Me\u0111unarodni dan Roma i upu\u0107ujem Svetskoj federaciji Roma najsrda\u010dnije pozdrave. Hajde da svi zajedno radimo za bolji svet, onaj u kome ne\u0107e postojati predrasude i diskriminacija, ve\u0107 \u0107e svi ljudi biti jednaki\u201d.<\/p>\n<p>Kompletno pismo Nj.K.V. Prestolonaslednika Aleksandra bi\u0107e dostupno u publikacijama Svetske federacije Roma.<\/p>\n<\/div><\/div><\/div><\/div><\/div>\n","protected":false},"excerpt":{"rendered":"","protected":false},"author":1001015,"featured_media":85592,"comment_status":"closed","ping_status":"closed","sticky":false,"template":"","format":"standard","meta":{"_acf_changed":false,"footnotes":""},"categories":[22],"tags":[],"class_list":["post-85595","post","type-post","status-publish","format-standard","has-post-thumbnail","hentry","category-vesti"],"acf":[],"yoast_head":"<!-- This site is optimized with the Yoast SEO Premium plugin v27.4 (Yoast SEO v27.4) - https:\/\/yoast.com\/product\/yoast-seo-premium-wordpress\/ -->\n<title>PORUKA PRESTOLONASLEDNIKA ALEKSANDRA POVODOM ME\u0110UNARODNOG DANA ROMA - The Royal Family of Serbia<\/title>\n<meta name=\"robots\" content=\"index, follow, max-snippet:-1, max-image-preview:large, max-video-preview:-1\" \/>\n<link rel=\"canonical\" href=\"https:\/\/royalfamily.org\/lat\/poruka-prestolonaslednika-aleksandra-povodom-medunarodnog-dana-roma\/\" \/>\n<meta property=\"og:locale\" content=\"en_US\" \/>\n<meta property=\"og:type\" content=\"article\" \/>\n<meta property=\"og:title\" content=\"PORUKA PRESTOLONASLEDNIKA ALEKSANDRA POVODOM ME\u0110UNARODNOG DANA ROMA\" \/>\n<meta property=\"og:url\" content=\"https:\/\/royalfamily.org\/lat\/poruka-prestolonaslednika-aleksandra-povodom-medunarodnog-dana-roma\/\" \/>\n<meta property=\"og:site_name\" content=\"The Royal Family of Serbia\" \/>\n<meta property=\"article:publisher\" content=\"https:\/\/www.facebook.com\/Prestolonaslednik.Aleksandar\" \/>\n<meta property=\"article:published_time\" content=\"2023-04-07T12:53:40+00:00\" \/>\n<meta property=\"og:image\" content=\"https:\/\/royalfamily.org\/wp-content\/uploads\/2023\/04\/COVER-Svetski-dan-Roma.jpg\" \/>\n\t<meta property=\"og:image:width\" content=\"1480\" \/>\n\t<meta property=\"og:image:height\" content=\"720\" \/>\n\t<meta property=\"og:image:type\" content=\"image\/jpeg\" \/>\n<meta name=\"author\" content=\"Stefan Milanovic\" \/>\n<meta name=\"twitter:card\" content=\"summary_large_image\" \/>\n<meta name=\"twitter:label1\" content=\"Written by\" \/>\n\t<meta name=\"twitter:data1\" content=\"Stefan Milanovic\" \/>\n<script type=\"application\/ld+json\" class=\"yoast-schema-graph\">{\"@context\":\"https:\\\/\\\/schema.org\",\"@graph\":[{\"@type\":\"Article\",\"@id\":\"https:\\\/\\\/royalfamily.org\\\/lat\\\/poruka-prestolonaslednika-aleksandra-povodom-medunarodnog-dana-roma\\\/#article\",\"isPartOf\":{\"@id\":\"https:\\\/\\\/royalfamily.org\\\/lat\\\/poruka-prestolonaslednika-aleksandra-povodom-medunarodnog-dana-roma\\\/\"},\"author\":{\"name\":\"Stefan Milanovic\",\"@id\":\"https:\\\/\\\/royalfamily.org\\\/#\\\/schema\\\/person\\\/4ad3296a6a8a35eed333b6a785e9f648\"},\"headline\":\"PORUKA PRESTOLONASLEDNIKA ALEKSANDRA POVODOM ME\u0110UNARODNOG DANA ROMA\",\"datePublished\":\"2023-04-07T12:53:40+00:00\",\"mainEntityOfPage\":{\"@id\":\"https:\\\/\\\/royalfamily.org\\\/lat\\\/poruka-prestolonaslednika-aleksandra-povodom-medunarodnog-dana-roma\\\/\"},\"wordCount\":1398,\"publisher\":{\"@id\":\"https:\\\/\\\/royalfamily.org\\\/#organization\"},\"image\":{\"@id\":\"https:\\\/\\\/royalfamily.org\\\/lat\\\/poruka-prestolonaslednika-aleksandra-povodom-medunarodnog-dana-roma\\\/#primaryimage\"},\"thumbnailUrl\":\"https:\\\/\\\/royalfamily.org\\\/wp-content\\\/uploads\\\/2023\\\/04\\\/COVER-Svetski-dan-Roma.jpg\",\"articleSection\":[\"Vesti\"],\"inLanguage\":\"sr-LT\"},{\"@type\":\"WebPage\",\"@id\":\"https:\\\/\\\/royalfamily.org\\\/lat\\\/poruka-prestolonaslednika-aleksandra-povodom-medunarodnog-dana-roma\\\/\",\"url\":\"https:\\\/\\\/royalfamily.org\\\/lat\\\/poruka-prestolonaslednika-aleksandra-povodom-medunarodnog-dana-roma\\\/\",\"name\":\"PORUKA PRESTOLONASLEDNIKA ALEKSANDRA POVODOM ME\u0110UNARODNOG DANA ROMA - The Royal Family of Serbia\",\"isPartOf\":{\"@id\":\"https:\\\/\\\/royalfamily.org\\\/#website\"},\"primaryImageOfPage\":{\"@id\":\"https:\\\/\\\/royalfamily.org\\\/lat\\\/poruka-prestolonaslednika-aleksandra-povodom-medunarodnog-dana-roma\\\/#primaryimage\"},\"image\":{\"@id\":\"https:\\\/\\\/royalfamily.org\\\/lat\\\/poruka-prestolonaslednika-aleksandra-povodom-medunarodnog-dana-roma\\\/#primaryimage\"},\"thumbnailUrl\":\"https:\\\/\\\/royalfamily.org\\\/wp-content\\\/uploads\\\/2023\\\/04\\\/COVER-Svetski-dan-Roma.jpg\",\"datePublished\":\"2023-04-07T12:53:40+00:00\",\"breadcrumb\":{\"@id\":\"https:\\\/\\\/royalfamily.org\\\/lat\\\/poruka-prestolonaslednika-aleksandra-povodom-medunarodnog-dana-roma\\\/#breadcrumb\"},\"inLanguage\":\"sr-LT\",\"potentialAction\":[{\"@type\":\"ReadAction\",\"target\":[\"https:\\\/\\\/royalfamily.org\\\/lat\\\/poruka-prestolonaslednika-aleksandra-povodom-medunarodnog-dana-roma\\\/\"]}]},{\"@type\":\"ImageObject\",\"inLanguage\":\"sr-LT\",\"@id\":\"https:\\\/\\\/royalfamily.org\\\/lat\\\/poruka-prestolonaslednika-aleksandra-povodom-medunarodnog-dana-roma\\\/#primaryimage\",\"url\":\"https:\\\/\\\/royalfamily.org\\\/wp-content\\\/uploads\\\/2023\\\/04\\\/COVER-Svetski-dan-Roma.jpg\",\"contentUrl\":\"https:\\\/\\\/royalfamily.org\\\/wp-content\\\/uploads\\\/2023\\\/04\\\/COVER-Svetski-dan-Roma.jpg\",\"width\":1480,\"height\":720,\"caption\":\"PORUKA PRESTOLONASLEDNIKA ALEKSANDRA POVODOM ME\u0110UNARODNOG DANA ROMA\"},{\"@type\":\"BreadcrumbList\",\"@id\":\"https:\\\/\\\/royalfamily.org\\\/lat\\\/poruka-prestolonaslednika-aleksandra-povodom-medunarodnog-dana-roma\\\/#breadcrumb\",\"itemListElement\":[{\"@type\":\"ListItem\",\"position\":1,\"name\":\"Home\",\"item\":\"https:\\\/\\\/royalfamily.org\\\/lat\\\/\"},{\"@type\":\"ListItem\",\"position\":2,\"name\":\"PORUKA PRESTOLONASLEDNIKA ALEKSANDRA POVODOM ME\u0110UNARODNOG DANA ROMA\"}]},{\"@type\":\"WebSite\",\"@id\":\"https:\\\/\\\/royalfamily.org\\\/#website\",\"url\":\"https:\\\/\\\/royalfamily.org\\\/\",\"name\":\"The Royal Family of Serbia\",\"description\":\"From the people, for the people\",\"publisher\":{\"@id\":\"https:\\\/\\\/royalfamily.org\\\/#organization\"},\"potentialAction\":[{\"@type\":\"SearchAction\",\"target\":{\"@type\":\"EntryPoint\",\"urlTemplate\":\"https:\\\/\\\/royalfamily.org\\\/?s={search_term_string}\"},\"query-input\":{\"@type\":\"PropertyValueSpecification\",\"valueRequired\":true,\"valueName\":\"search_term_string\"}}],\"inLanguage\":\"sr-LT\"},{\"@type\":\"Organization\",\"@id\":\"https:\\\/\\\/royalfamily.org\\\/#organization\",\"name\":\"Royal Family\",\"url\":\"https:\\\/\\\/royalfamily.org\\\/\",\"logo\":{\"@type\":\"ImageObject\",\"inLanguage\":\"sr-LT\",\"@id\":\"https:\\\/\\\/royalfamily.org\\\/#\\\/schema\\\/logo\\\/image\\\/\",\"url\":\"https:\\\/\\\/royalfamily.org\\\/wp-content\\\/uploads\\\/2019\\\/04\\\/logo-vector-02-V-latinica.png\",\"contentUrl\":\"https:\\\/\\\/royalfamily.org\\\/wp-content\\\/uploads\\\/2019\\\/04\\\/logo-vector-02-V-latinica.png\",\"width\":552,\"height\":99,\"caption\":\"Royal Family\"},\"image\":{\"@id\":\"https:\\\/\\\/royalfamily.org\\\/#\\\/schema\\\/logo\\\/image\\\/\"},\"sameAs\":[\"https:\\\/\\\/www.facebook.com\\\/Prestolonaslednik.Aleksandar\"]},{\"@type\":\"Person\",\"@id\":\"https:\\\/\\\/royalfamily.org\\\/#\\\/schema\\\/person\\\/4ad3296a6a8a35eed333b6a785e9f648\",\"name\":\"Stefan Milanovic\",\"image\":{\"@type\":\"ImageObject\",\"inLanguage\":\"sr-LT\",\"@id\":\"https:\\\/\\\/secure.gravatar.com\\\/avatar\\\/92dcbdcf3e32112a9ceb1e41665b1f44c69382d014cacfe12c701f6af7c40259?s=96&d=mm&r=g\",\"url\":\"https:\\\/\\\/secure.gravatar.com\\\/avatar\\\/92dcbdcf3e32112a9ceb1e41665b1f44c69382d014cacfe12c701f6af7c40259?s=96&d=mm&r=g\",\"contentUrl\":\"https:\\\/\\\/secure.gravatar.com\\\/avatar\\\/92dcbdcf3e32112a9ceb1e41665b1f44c69382d014cacfe12c701f6af7c40259?s=96&d=mm&r=g\",\"caption\":\"Stefan Milanovic\"}}]}<\/script>\n<!-- \/ Yoast SEO Premium plugin. -->","yoast_head_json":{"title":"PORUKA PRESTOLONASLEDNIKA ALEKSANDRA POVODOM ME\u0110UNARODNOG DANA ROMA - The Royal Family of Serbia","robots":{"index":"index","follow":"follow","max-snippet":"max-snippet:-1","max-image-preview":"max-image-preview:large","max-video-preview":"max-video-preview:-1"},"canonical":"https:\/\/royalfamily.org\/lat\/poruka-prestolonaslednika-aleksandra-povodom-medunarodnog-dana-roma\/","og_locale":"en_US","og_type":"article","og_title":"PORUKA PRESTOLONASLEDNIKA ALEKSANDRA POVODOM ME\u0110UNARODNOG DANA ROMA","og_url":"https:\/\/royalfamily.org\/lat\/poruka-prestolonaslednika-aleksandra-povodom-medunarodnog-dana-roma\/","og_site_name":"The Royal Family of Serbia","article_publisher":"https:\/\/www.facebook.com\/Prestolonaslednik.Aleksandar","article_published_time":"2023-04-07T12:53:40+00:00","og_image":[{"width":1480,"height":720,"url":"https:\/\/royalfamily.org\/wp-content\/uploads\/2023\/04\/COVER-Svetski-dan-Roma.jpg","type":"image\/jpeg"}],"author":"Stefan Milanovic","twitter_card":"summary_large_image","twitter_misc":{"Written by":"Stefan Milanovic"},"schema":{"@context":"https:\/\/schema.org","@graph":[{"@type":"Article","@id":"https:\/\/royalfamily.org\/lat\/poruka-prestolonaslednika-aleksandra-povodom-medunarodnog-dana-roma\/#article","isPartOf":{"@id":"https:\/\/royalfamily.org\/lat\/poruka-prestolonaslednika-aleksandra-povodom-medunarodnog-dana-roma\/"},"author":{"name":"Stefan Milanovic","@id":"https:\/\/royalfamily.org\/#\/schema\/person\/4ad3296a6a8a35eed333b6a785e9f648"},"headline":"PORUKA PRESTOLONASLEDNIKA ALEKSANDRA POVODOM ME\u0110UNARODNOG DANA ROMA","datePublished":"2023-04-07T12:53:40+00:00","mainEntityOfPage":{"@id":"https:\/\/royalfamily.org\/lat\/poruka-prestolonaslednika-aleksandra-povodom-medunarodnog-dana-roma\/"},"wordCount":1398,"publisher":{"@id":"https:\/\/royalfamily.org\/#organization"},"image":{"@id":"https:\/\/royalfamily.org\/lat\/poruka-prestolonaslednika-aleksandra-povodom-medunarodnog-dana-roma\/#primaryimage"},"thumbnailUrl":"https:\/\/royalfamily.org\/wp-content\/uploads\/2023\/04\/COVER-Svetski-dan-Roma.jpg","articleSection":["Vesti"],"inLanguage":"sr-LT"},{"@type":"WebPage","@id":"https:\/\/royalfamily.org\/lat\/poruka-prestolonaslednika-aleksandra-povodom-medunarodnog-dana-roma\/","url":"https:\/\/royalfamily.org\/lat\/poruka-prestolonaslednika-aleksandra-povodom-medunarodnog-dana-roma\/","name":"PORUKA PRESTOLONASLEDNIKA ALEKSANDRA POVODOM ME\u0110UNARODNOG DANA ROMA - The Royal Family of Serbia","isPartOf":{"@id":"https:\/\/royalfamily.org\/#website"},"primaryImageOfPage":{"@id":"https:\/\/royalfamily.org\/lat\/poruka-prestolonaslednika-aleksandra-povodom-medunarodnog-dana-roma\/#primaryimage"},"image":{"@id":"https:\/\/royalfamily.org\/lat\/poruka-prestolonaslednika-aleksandra-povodom-medunarodnog-dana-roma\/#primaryimage"},"thumbnailUrl":"https:\/\/royalfamily.org\/wp-content\/uploads\/2023\/04\/COVER-Svetski-dan-Roma.jpg","datePublished":"2023-04-07T12:53:40+00:00","breadcrumb":{"@id":"https:\/\/royalfamily.org\/lat\/poruka-prestolonaslednika-aleksandra-povodom-medunarodnog-dana-roma\/#breadcrumb"},"inLanguage":"sr-LT","potentialAction":[{"@type":"ReadAction","target":["https:\/\/royalfamily.org\/lat\/poruka-prestolonaslednika-aleksandra-povodom-medunarodnog-dana-roma\/"]}]},{"@type":"ImageObject","inLanguage":"sr-LT","@id":"https:\/\/royalfamily.org\/lat\/poruka-prestolonaslednika-aleksandra-povodom-medunarodnog-dana-roma\/#primaryimage","url":"https:\/\/royalfamily.org\/wp-content\/uploads\/2023\/04\/COVER-Svetski-dan-Roma.jpg","contentUrl":"https:\/\/royalfamily.org\/wp-content\/uploads\/2023\/04\/COVER-Svetski-dan-Roma.jpg","width":1480,"height":720,"caption":"PORUKA PRESTOLONASLEDNIKA ALEKSANDRA POVODOM ME\u0110UNARODNOG DANA ROMA"},{"@type":"BreadcrumbList","@id":"https:\/\/royalfamily.org\/lat\/poruka-prestolonaslednika-aleksandra-povodom-medunarodnog-dana-roma\/#breadcrumb","itemListElement":[{"@type":"ListItem","position":1,"name":"Home","item":"https:\/\/royalfamily.org\/lat\/"},{"@type":"ListItem","position":2,"name":"PORUKA PRESTOLONASLEDNIKA ALEKSANDRA POVODOM ME\u0110UNARODNOG DANA ROMA"}]},{"@type":"WebSite","@id":"https:\/\/royalfamily.org\/#website","url":"https:\/\/royalfamily.org\/","name":"The Royal Family of Serbia","description":"From the people, for the people","publisher":{"@id":"https:\/\/royalfamily.org\/#organization"},"potentialAction":[{"@type":"SearchAction","target":{"@type":"EntryPoint","urlTemplate":"https:\/\/royalfamily.org\/?s={search_term_string}"},"query-input":{"@type":"PropertyValueSpecification","valueRequired":true,"valueName":"search_term_string"}}],"inLanguage":"sr-LT"},{"@type":"Organization","@id":"https:\/\/royalfamily.org\/#organization","name":"Royal Family","url":"https:\/\/royalfamily.org\/","logo":{"@type":"ImageObject","inLanguage":"sr-LT","@id":"https:\/\/royalfamily.org\/#\/schema\/logo\/image\/","url":"https:\/\/royalfamily.org\/wp-content\/uploads\/2019\/04\/logo-vector-02-V-latinica.png","contentUrl":"https:\/\/royalfamily.org\/wp-content\/uploads\/2019\/04\/logo-vector-02-V-latinica.png","width":552,"height":99,"caption":"Royal Family"},"image":{"@id":"https:\/\/royalfamily.org\/#\/schema\/logo\/image\/"},"sameAs":["https:\/\/www.facebook.com\/Prestolonaslednik.Aleksandar"]},{"@type":"Person","@id":"https:\/\/royalfamily.org\/#\/schema\/person\/4ad3296a6a8a35eed333b6a785e9f648","name":"Stefan Milanovic","image":{"@type":"ImageObject","inLanguage":"sr-LT","@id":"https:\/\/secure.gravatar.com\/avatar\/92dcbdcf3e32112a9ceb1e41665b1f44c69382d014cacfe12c701f6af7c40259?s=96&d=mm&r=g","url":"https:\/\/secure.gravatar.com\/avatar\/92dcbdcf3e32112a9ceb1e41665b1f44c69382d014cacfe12c701f6af7c40259?s=96&d=mm&r=g","contentUrl":"https:\/\/secure.gravatar.com\/avatar\/92dcbdcf3e32112a9ceb1e41665b1f44c69382d014cacfe12c701f6af7c40259?s=96&d=mm&r=g","caption":"Stefan Milanovic"}}]}},"_links":{"self":[{"href":"https:\/\/royalfamily.org\/lat\/wp-json\/wp\/v2\/posts\/85595","targetHints":{"allow":["GET"]}}],"collection":[{"href":"https:\/\/royalfamily.org\/lat\/wp-json\/wp\/v2\/posts"}],"about":[{"href":"https:\/\/royalfamily.org\/lat\/wp-json\/wp\/v2\/types\/post"}],"author":[{"embeddable":true,"href":"https:\/\/royalfamily.org\/lat\/wp-json\/wp\/v2\/users\/1001015"}],"replies":[{"embeddable":true,"href":"https:\/\/royalfamily.org\/lat\/wp-json\/wp\/v2\/comments?post=85595"}],"version-history":[{"count":1,"href":"https:\/\/royalfamily.org\/lat\/wp-json\/wp\/v2\/posts\/85595\/revisions"}],"predecessor-version":[{"id":85596,"href":"https:\/\/royalfamily.org\/lat\/wp-json\/wp\/v2\/posts\/85595\/revisions\/85596"}],"wp:featuredmedia":[{"embeddable":true,"href":"https:\/\/royalfamily.org\/lat\/wp-json\/wp\/v2\/media\/85592"}],"wp:attachment":[{"href":"https:\/\/royalfamily.org\/lat\/wp-json\/wp\/v2\/media?parent=85595"}],"wp:term":[{"taxonomy":"category","embeddable":true,"href":"https:\/\/royalfamily.org\/lat\/wp-json\/wp\/v2\/categories?post=85595"},{"taxonomy":"post_tag","embeddable":true,"href":"https:\/\/royalfamily.org\/lat\/wp-json\/wp\/v2\/tags?post=85595"}],"curies":[{"name":"wp","href":"https:\/\/api.w.org\/{rel}","templated":true}]}}