{"id":85957,"date":"2023-05-08T12:27:09","date_gmt":"2023-05-08T10:27:09","guid":{"rendered":"https:\/\/royalfamily.org\/?p=85957"},"modified":"2024-06-11T11:27:05","modified_gmt":"2024-06-11T09:27:05","slug":"kraljevski-par-srbije-na-krunisanju-kralja-carlsa-iii","status":"publish","type":"post","link":"https:\/\/royalfamily.org\/lat\/kraljevski-par-srbije-na-krunisanju-kralja-carlsa-iii\/","title":{"rendered":"KRALjEVSKI PAR SRBIJE NA KRUNISANjU KRALjA \u010cARLSA III"},"content":{"rendered":"<p><div class=\"fusion-fullwidth fullwidth-box fusion-builder-row-1 fusion-flex-container has-pattern-background has-mask-background nonhundred-percent-fullwidth non-hundred-percent-height-scrolling\" style=\"--awb-border-radius-top-left:0px;--awb-border-radius-top-right:0px;--awb-border-radius-bottom-right:0px;--awb-border-radius-bottom-left:0px;--awb-flex-wrap:wrap;\" ><div class=\"fusion-builder-row fusion-row fusion-flex-align-items-flex-start fusion-flex-content-wrap\" style=\"max-width:1227.2px;margin-left: calc(-4% \/ 2 );margin-right: calc(-4% \/ 2 );\"><div class=\"fusion-layout-column fusion_builder_column fusion-builder-column-0 fusion_builder_column_1_1 1_1 fusion-flex-column\" style=\"--awb-bg-size:cover;--awb-width-large:100%;--awb-margin-top-large:0px;--awb-spacing-right-large:1.92%;--awb-margin-bottom-large:20px;--awb-spacing-left-large:1.92%;--awb-width-medium:100%;--awb-order-medium:0;--awb-spacing-right-medium:1.92%;--awb-spacing-left-medium:1.92%;--awb-width-small:100%;--awb-order-small:0;--awb-spacing-right-small:1.92%;--awb-spacing-left-small:1.92%;\"><div class=\"fusion-column-wrapper fusion-column-has-shadow fusion-flex-justify-content-flex-start fusion-content-layout-column\"><div class=\"fusion-text fusion-text-1\"><p>Nj.K.V. Prestolonaslednik Aleksandar i Princeza Katarina prisustvovali su u Londonu krunisanju Njihovih Veli\u010danstava Kralja Ujedinjenog Kraljevstva i ostalih Krunskih zemalja Komonvelta \u010carlsa III i Kraljice Kamile, koje je odr\u017eano u subotu 6. maja, u Vestminsterskoj opatiji.<\/p>\n<p>Dan ranije, u petak 5. maja, Njihova Kraljevska Viso\u010danstva su prisustvovali formalnom prijemu za kraljevske porodice i \u0161efove dr\u017eava koji su Kralj i Kraljica priredili u Bakingemskoj palati.<\/p>\n<p>Krunisanje je zna\u010dajna sve\u010danost za ustavne parlamentarne monarhije, to nije obi\u010dna proslava, ve\u0107 predstavlja doga\u0111aj od najvi\u0161eg dr\u017eavnog zna\u010daja i pre svega va\u017enu versku ceremoniju. Kao istorijsko pore\u0111enje sa Srbijom, veoma je sli\u010dno krunisanju Kralja Petra I koje je obavljeno u Sabornoj crkvi u Beogradu, uz miropomazanje u manastiru \u017di\u010da. Zbog toga se krunisanje monarha Ujedinjenog Kraljevstva i vr\u0161i u Vestminsterskoj opatiji, jednom od najva\u017enijih hramova u Engleskoj.<\/p>\n<p>\u201eKrunisanje mog ujaka, Kralja \u010carlsa III, bio je veoma va\u017ean doga\u0111aj, zaista impresivna verska ceremonija i bili smo dirnuti i po\u010dastvovani \u0161to su nas zamolili da prisustvujemo. Ipak, nemogu\u0107e je bilo izbe\u0107i da na\u0161e misli i emocije ne budu sa \u017ertvama stra\u0161nih tragedija koje su se dogodile u Srbiji, i njihovim bli\u017enjima, \u0161to se duboko urezalo u srca svih nas. Tuga za izgubljenim \u017eivotima \u0107e trajati ve\u010dno, Srbija se nikada ne\u0107e u potpunosti oporaviti od tih u\u017easnih doga\u0111aja. Molimo se Gospodu za pokoj du\u0161a preminulih i utehu njihovim porodicama. \u010clanovi kraljevskih porodica i drugi svetski lideri koje smo sreli izrazili su nam iskreno sau\u010de\u0161\u0107e i zamolili nas da ga prenesemo narodu Srbije.<\/p>\n<p>Monarh u ustavnoj parlamentarnoj monarhiji uvek mora biti u slu\u017ebi svog naroda, a krunisanje je jedan od va\u017enih koraka koje on preduzima na ovom putu vr\u0161enja du\u017enosti nasle\u0111enih od njegovih prethodnika. To je najvi\u0161i zalog \u010dasti koji pola\u017ee pred Bogom i svojim narodom, a koji predstavlja oslonac njegove slu\u017ebe\u201c, rekao je Nj.K.V. Prestolonaslednik Aleksandar.<\/p>\n<p>Krunisanje Kralja \u010carlsa III bilo je jedinstven doga\u0111aj jer su mnogi novi detalji ugra\u0111eni u vekovnu tradiciju, odaju\u0107i po\u010dast svim gra\u0111anima Ujedinjenog Kraljevstva i Komonvelta, njihovim razli\u010ditostima i kulturama. To je tako\u0111e bilo prvo krunisanje u istoriji kome su prisustvovali drugi monarsi \u0161efovi dr\u017eava i ostali \u010dlanovi kraljevskih porodica izvan Velike Britanije.<\/p>\n<p>Ceremonija krunisanja po\u010dela je povorkom u kojoj su Kralj i Kraljica do\u0161li od Bakingemske palate do Vestminsterske opatije. Njihova Veli\u010danstva su u\u0161la u crkvu, a prethodile su im procesije koje su \u010dinili verski poglavari i predstavnici razli\u010ditih religija, kao i predstavnici nacija i dr\u017eava Komonvelta. Najvi\u0161a politi\u010dka li\u010dnost u Ujedinjenom Kraljevstvu, premijer Nj.E. gospodin Ri\u0161i Sunak, tako\u0111e je u\u010destvovao u ceremoniji. Crkvenu slu\u017ebu obavio je kenterberijski arhiepiskop D\u017eastin Velbi. Muziku za ceremoniju odabrao je li\u010dno Kralj, a u izbor je bila uklju\u010dena i gr\u010dka pravoslavna muzika, u znak se\u0107anja na Kraljevog oca, pokojnog Vojvodu od Edinburga, Princa Filipa.<\/p>\n<p>Kralju i Kraljici su u klju\u010dnim trenucima ceremonije uru\u010dene regalije \u2013 krune, \u0161ar i \u017eezla \u2013 koje simbolizuju razli\u010dite aspekte du\u017enosti i odgovornosti monarha. Ceremonija se sastojala od pet faza, od kojih je svaka deo va\u017ene tradicije i nosi svoju simboliku. Posle crkvene ceremonije, Kralj i Kraljica su se zajedno sa ostalim \u010dlanovima britanske kraljevske porodice vratili u Bakingemsku palatu i iza\u0161li pred narod, na \u010duvenom balkonu.<\/p>\n<p>Zajedno sa Kraljevskim parom Srbije, krunisanju su prisustvovale kraljevske porodice Evrope i sveta: Nj.V. Kralj Karl XVI Gustav i Nj.K.V. Prestolonaslednica Viktorija od \u0160vedske, Nj.V. Kralj Filip \u00a0i Kraljica Matilda od Belgije, Nj.V. Kralj Felipe VI i Kraljica Leticija od \u0160panije, Nj.V. Kralj Vilem-Aleksandar i Kraljica Maksima od Holandije, Nj.K.V. Prestolonaslednik Hakon i Princeza Mete-Marit od Norve\u0161ke, Nj.K.V. Prestolonaslednik Frederik i Princeza Meri od Danske, Nj.C.V. Prestolonaslednik Fumihito i Princeza Kiko od Japana , Nj.S.V. Princ Albert II i Princeza \u0160arlen od Monaka, Nj.K.V. Veliki Vojvoda Anri i Velika Vojvotkinja Marija Tereza od Luksemburga, Nj.K.V. Nasledni Princ Alojz i Nasledna Princeza Sofija od Lihten\u0161tajna, Nj.V. Kralj Abdulah II i Kraljica Ranija od Jordana, Nj.V Kralj Mohamed VI od Maroka, Nj.V. Sultan Bruneja Hasanal Bolkiah ibni Omar Ali Saifudien III, Nj.V. Kralj Malezije Abdulah od Pahanga, Nj.V. Emir Tamim bin Hamad Al Tani od Katara, Nj.V. Emir Mohamed bin Ra\u0161id Al Maktum od Dubaija, Nj.V. Kralj D\u017eigme Ketsun Pema od Butana, Nj.V. Kralj Vad\u017eiralongkorn i Kraljica Sutida od Tajlanda, kao i Nj.V. \u010cuvar Krune Rumunije Margareta i Nj.K.V. Princ Radu, Nj.V. Car Simeon od Bugarske, Nj.V. Kraljica An-Mari, Nj.K.V. Prestolonaslednik Pavlos i Princeza Mari-\u0160antal od Gr\u010dke, kao i mnogi drugi \u010dlanovi kraljevskih porodica.<\/p>\n<\/div><\/div><\/div><\/div><\/div><div class=\"fusion-fullwidth fullwidth-box fusion-builder-row-2 fusion-flex-container has-pattern-background has-mask-background nonhundred-percent-fullwidth non-hundred-percent-height-scrolling\" style=\"--awb-border-radius-top-left:0px;--awb-border-radius-top-right:0px;--awb-border-radius-bottom-right:0px;--awb-border-radius-bottom-left:0px;--awb-flex-wrap:wrap;\" ><div class=\"fusion-builder-row fusion-row fusion-flex-align-items-flex-start fusion-flex-content-wrap\" style=\"max-width:1227.2px;margin-left: calc(-4% \/ 2 );margin-right: calc(-4% \/ 2 );\"><div class=\"fusion-layout-column fusion_builder_column fusion-builder-column-1 fusion_builder_column_1_1 1_1 fusion-flex-column\" style=\"--awb-bg-size:cover;--awb-width-large:100%;--awb-margin-top-large:0px;--awb-spacing-right-large:1.92%;--awb-margin-bottom-large:20px;--awb-spacing-left-large:1.92%;--awb-width-medium:100%;--awb-order-medium:0;--awb-spacing-right-medium:1.92%;--awb-spacing-left-medium:1.92%;--awb-width-small:100%;--awb-order-small:0;--awb-spacing-right-small:1.92%;--awb-spacing-left-small:1.92%;\"><div class=\"fusion-column-wrapper fusion-column-has-shadow fusion-flex-justify-content-flex-start fusion-content-layout-column\"><div class=\"awb-gallery-wrapper awb-gallery-wrapper-1 button-span-no\" style=\"--more-btn-alignment:center;\" data-limit=\"20\" data-page=\"1\"><div style=\"margin:-5px;--awb-bordersize:0px;\" class=\"fusion-gallery fusion-gallery-container fusion-grid-3 fusion-columns-total-8 fusion-gallery-layout-grid fusion-gallery-1\"><div style=\"padding:5px;\" class=\"fusion-grid-column fusion-gallery-column fusion-gallery-column-3 hover-type-none\"><div class=\"fusion-gallery-image\"><a href=\"https:\/\/royalfamily.org\/wp-content\/uploads\/2023\/05\/1-Foreign-Commonwealth-and-Development-Office-Photo-by-Ian-Jones-1.jpg\" data-caption=\"NjV Kralj \u010carls III i NjKV Prestolonaslednik Aleksandar, Foto: Ian Jones (Flicker account of UK Foreign Commonwealth and Development Office)\" rel=\"noreferrer\" data-rel=\"iLightbox[gallery_image_1]\" class=\"fusion-lightbox\" target=\"_self\"><img decoding=\"async\" src=\"https:\/\/royalfamily.org\/wp-content\/uploads\/2023\/05\/1-Foreign-Commonwealth-and-Development-Office-Photo-by-Ian-Jones-1.jpg\" width=\"1772\" height=\"1181\" alt=\"NjV Kralj \u010carls III i NjKV Prestolonaslednik Aleksandar, Foto: Ian Jones (Flicker account of UK Foreign Commonwealth and Development Office)\" title=\"NjV Kralj \u010carls III i NjKV Prestolonaslednik Aleksandar, Foto: Ian Jones (Flicker account of UK Foreign Commonwealth and Development Office)\" aria-label=\"NjV Kralj \u010carls III i NjKV Prestolonaslednik Aleksandar, Foto: Ian Jones (Flicker account of UK Foreign Commonwealth and Development Office)\" class=\"img-responsive wp-image-85929\" srcset=\"https:\/\/royalfamily.org\/wp-content\/uploads\/2023\/05\/1-Foreign-Commonwealth-and-Development-Office-Photo-by-Ian-Jones-1-200x133.jpg 200w, https:\/\/royalfamily.org\/wp-content\/uploads\/2023\/05\/1-Foreign-Commonwealth-and-Development-Office-Photo-by-Ian-Jones-1-400x267.jpg 400w, https:\/\/royalfamily.org\/wp-content\/uploads\/2023\/05\/1-Foreign-Commonwealth-and-Development-Office-Photo-by-Ian-Jones-1-600x400.jpg 600w, https:\/\/royalfamily.org\/wp-content\/uploads\/2023\/05\/1-Foreign-Commonwealth-and-Development-Office-Photo-by-Ian-Jones-1-800x533.jpg 800w, https:\/\/royalfamily.org\/wp-content\/uploads\/2023\/05\/1-Foreign-Commonwealth-and-Development-Office-Photo-by-Ian-Jones-1-1200x800.jpg 1200w, https:\/\/royalfamily.org\/wp-content\/uploads\/2023\/05\/1-Foreign-Commonwealth-and-Development-Office-Photo-by-Ian-Jones-1.jpg 1772w\" sizes=\"(min-width: 2200px) 100vw, (min-width: 824px) 390px, (min-width: 732px) 585px, (min-width: 640px) 732px, \" \/><\/a><\/div><\/div><div style=\"padding:5px;\" class=\"fusion-grid-column fusion-gallery-column fusion-gallery-column-3 hover-type-none\"><div class=\"fusion-gallery-image\"><a href=\"https:\/\/royalfamily.org\/wp-content\/uploads\/2023\/05\/2-Sky-news-screenshot-1.jpg\" data-caption=\"Krunisanje NjV Kralja \u010carlsa III, Kraljevski par Srbije me\u0111u ostalim Kraljevskim porodicama, Foto: Sky news screenshot\" rel=\"noreferrer\" data-rel=\"iLightbox[gallery_image_1]\" class=\"fusion-lightbox\" target=\"_self\"><img decoding=\"async\" src=\"https:\/\/royalfamily.org\/wp-content\/uploads\/2023\/05\/2-Sky-news-screenshot-1.jpg\" width=\"1890\" height=\"1063\" alt=\"Krunisanje NjV Kralja \u010carlsa III, Kraljevski par Srbije me\u0111u ostalim Kraljevskim porodicama, Foto: Sky news screenshot\" title=\"Krunisanje NjV Kralja \u010carlsa III, Kraljevski par Srbije me\u0111u ostalim Kraljevskim porodicama, Foto: Sky news screenshot\" aria-label=\"Krunisanje NjV Kralja \u010carlsa III, Kraljevski par Srbije me\u0111u ostalim Kraljevskim porodicama, Foto: Sky news screenshot\" class=\"img-responsive wp-image-85932\" srcset=\"https:\/\/royalfamily.org\/wp-content\/uploads\/2023\/05\/2-Sky-news-screenshot-1-200x112.jpg 200w, https:\/\/royalfamily.org\/wp-content\/uploads\/2023\/05\/2-Sky-news-screenshot-1-400x225.jpg 400w, https:\/\/royalfamily.org\/wp-content\/uploads\/2023\/05\/2-Sky-news-screenshot-1-600x337.jpg 600w, https:\/\/royalfamily.org\/wp-content\/uploads\/2023\/05\/2-Sky-news-screenshot-1-800x450.jpg 800w, https:\/\/royalfamily.org\/wp-content\/uploads\/2023\/05\/2-Sky-news-screenshot-1-1200x675.jpg 1200w, https:\/\/royalfamily.org\/wp-content\/uploads\/2023\/05\/2-Sky-news-screenshot-1.jpg 1890w\" sizes=\"(min-width: 2200px) 100vw, (min-width: 824px) 390px, (min-width: 732px) 585px, (min-width: 640px) 732px, \" \/><\/a><\/div><\/div><div style=\"padding:5px;\" class=\"fusion-grid-column fusion-gallery-column fusion-gallery-column-3 hover-type-none\"><div class=\"fusion-gallery-image\"><a href=\"https:\/\/royalfamily.org\/wp-content\/uploads\/2023\/05\/3-The-Royal-Family-of-UK-screenshot-1.jpg\" data-caption=\"Kraljevski par Srbije ulazi u Vestminstersku opatiju, Foto: The Royal Family YouTube channel screenshot\" rel=\"noreferrer\" data-rel=\"iLightbox[gallery_image_1]\" class=\"fusion-lightbox\" target=\"_self\"><img decoding=\"async\" src=\"https:\/\/royalfamily.org\/wp-content\/uploads\/2023\/05\/3-The-Royal-Family-of-UK-screenshot-1.jpg\" width=\"2447\" height=\"1355\" alt=\"Kraljevski par Srbije ulazi u Vestminstersku opatiju, Foto: The Royal Family YouTube channel screenshot\" title=\"Kraljevski par Srbije ulazi u Vestminstersku opatiju, Foto: The Royal Family YouTube channel screenshot\" aria-label=\"Kraljevski par Srbije ulazi u Vestminstersku opatiju, Foto: The Royal Family YouTube channel screenshot\" class=\"img-responsive wp-image-85935\" srcset=\"https:\/\/royalfamily.org\/wp-content\/uploads\/2023\/05\/3-The-Royal-Family-of-UK-screenshot-1-200x111.jpg 200w, https:\/\/royalfamily.org\/wp-content\/uploads\/2023\/05\/3-The-Royal-Family-of-UK-screenshot-1-400x221.jpg 400w, https:\/\/royalfamily.org\/wp-content\/uploads\/2023\/05\/3-The-Royal-Family-of-UK-screenshot-1-600x332.jpg 600w, https:\/\/royalfamily.org\/wp-content\/uploads\/2023\/05\/3-The-Royal-Family-of-UK-screenshot-1-800x443.jpg 800w, https:\/\/royalfamily.org\/wp-content\/uploads\/2023\/05\/3-The-Royal-Family-of-UK-screenshot-1-1200x664.jpg 1200w, https:\/\/royalfamily.org\/wp-content\/uploads\/2023\/05\/3-The-Royal-Family-of-UK-screenshot-1.jpg 2447w\" sizes=\"(min-width: 2200px) 100vw, (min-width: 824px) 390px, (min-width: 732px) 585px, (min-width: 640px) 732px, \" \/><\/a><\/div><\/div><div class=\"clearfix\"><\/div><div style=\"padding:5px;\" class=\"fusion-grid-column fusion-gallery-column fusion-gallery-column-3 hover-type-none\"><div class=\"fusion-gallery-image\"><a href=\"https:\/\/royalfamily.org\/wp-content\/uploads\/2023\/05\/4-The-Royal-Family-of-UK-screenshot-2.jpg\" data-caption=\"Kraljevski par Srbije ulazi u Vestminstersku opatiju, Foto: The Royal Family YouTube channel screenshot\" rel=\"noreferrer\" data-rel=\"iLightbox[gallery_image_1]\" class=\"fusion-lightbox\" target=\"_self\"><img decoding=\"async\" src=\"https:\/\/royalfamily.org\/wp-content\/uploads\/2023\/05\/4-The-Royal-Family-of-UK-screenshot-2.jpg\" width=\"2447\" height=\"1355\" alt=\"Kraljevski par Srbije ulazi u Vestminstersku opatiju, Foto: The Royal Family YouTube channel screenshot\" title=\"Kraljevski par Srbije ulazi u Vestminstersku opatiju, Foto: The Royal Family YouTube channel screenshot\" aria-label=\"Kraljevski par Srbije ulazi u Vestminstersku opatiju, Foto: The Royal Family YouTube channel screenshot\" class=\"img-responsive wp-image-85938\" srcset=\"https:\/\/royalfamily.org\/wp-content\/uploads\/2023\/05\/4-The-Royal-Family-of-UK-screenshot-2-200x111.jpg 200w, https:\/\/royalfamily.org\/wp-content\/uploads\/2023\/05\/4-The-Royal-Family-of-UK-screenshot-2-400x221.jpg 400w, https:\/\/royalfamily.org\/wp-content\/uploads\/2023\/05\/4-The-Royal-Family-of-UK-screenshot-2-600x332.jpg 600w, https:\/\/royalfamily.org\/wp-content\/uploads\/2023\/05\/4-The-Royal-Family-of-UK-screenshot-2-800x443.jpg 800w, https:\/\/royalfamily.org\/wp-content\/uploads\/2023\/05\/4-The-Royal-Family-of-UK-screenshot-2-1200x664.jpg 1200w, https:\/\/royalfamily.org\/wp-content\/uploads\/2023\/05\/4-The-Royal-Family-of-UK-screenshot-2.jpg 2447w\" sizes=\"(min-width: 2200px) 100vw, (min-width: 824px) 390px, (min-width: 732px) 585px, (min-width: 640px) 732px, \" \/><\/a><\/div><\/div><div style=\"padding:5px;\" class=\"fusion-grid-column fusion-gallery-column fusion-gallery-column-3 hover-type-none\"><div class=\"fusion-gallery-image\"><a href=\"https:\/\/royalfamily.org\/wp-content\/uploads\/2023\/05\/5-Sky-news-screenshot-2.jpg\" data-caption=\"Krunisanje NjV Kralja \u010carlsa III, Foto: Sky news screenshot\" rel=\"noreferrer\" data-rel=\"iLightbox[gallery_image_1]\" class=\"fusion-lightbox\" target=\"_self\"><img decoding=\"async\" src=\"https:\/\/royalfamily.org\/wp-content\/uploads\/2023\/05\/5-Sky-news-screenshot-2.jpg\" width=\"1890\" height=\"1063\" alt=\"Krunisanje NjV Kralja \u010carlsa III, Foto: Sky news screenshot\" title=\"Krunisanje NjV Kralja \u010carlsa III, Foto: Sky news screenshot\" aria-label=\"Krunisanje NjV Kralja \u010carlsa III, Foto: Sky news screenshot\" class=\"img-responsive wp-image-85941\" srcset=\"https:\/\/royalfamily.org\/wp-content\/uploads\/2023\/05\/5-Sky-news-screenshot-2-200x112.jpg 200w, https:\/\/royalfamily.org\/wp-content\/uploads\/2023\/05\/5-Sky-news-screenshot-2-400x225.jpg 400w, https:\/\/royalfamily.org\/wp-content\/uploads\/2023\/05\/5-Sky-news-screenshot-2-600x337.jpg 600w, https:\/\/royalfamily.org\/wp-content\/uploads\/2023\/05\/5-Sky-news-screenshot-2-800x450.jpg 800w, https:\/\/royalfamily.org\/wp-content\/uploads\/2023\/05\/5-Sky-news-screenshot-2-1200x675.jpg 1200w, https:\/\/royalfamily.org\/wp-content\/uploads\/2023\/05\/5-Sky-news-screenshot-2.jpg 1890w\" sizes=\"(min-width: 2200px) 100vw, (min-width: 824px) 390px, (min-width: 732px) 585px, (min-width: 640px) 732px, \" \/><\/a><\/div><\/div><div style=\"padding:5px;\" class=\"fusion-grid-column fusion-gallery-column fusion-gallery-column-3 hover-type-none\"><div class=\"fusion-gallery-image\"><a href=\"https:\/\/royalfamily.org\/wp-content\/uploads\/2023\/05\/6-Foreign-Commonwealth-and-Development-Office-Photo-by-Ian-Jones-2.jpg\" data-caption=\"NjV Kralj \u010carls III i NjKV Prestolonaslednik Aleksandar, Foto: Ian Jones (Flicker account of UK Foreign Commonwealth and Development Office)\" rel=\"noreferrer\" data-rel=\"iLightbox[gallery_image_1]\" class=\"fusion-lightbox\" target=\"_self\"><img decoding=\"async\" src=\"https:\/\/royalfamily.org\/wp-content\/uploads\/2023\/05\/6-Foreign-Commonwealth-and-Development-Office-Photo-by-Ian-Jones-2.jpg\" width=\"1772\" height=\"1181\" alt=\"NjV Kralj \u010carls III i NjKV Prestolonaslednik Aleksandar, Foto: Ian Jones (Flicker account of UK Foreign Commonwealth and Development Office)\" title=\"NjV Kralj \u010carls III i NjKV Prestolonaslednik Aleksandar, Foto: Ian Jones (Flicker account of UK Foreign Commonwealth and Development Office)\" aria-label=\"NjV Kralj \u010carls III i NjKV Prestolonaslednik Aleksandar, Foto: Ian Jones (Flicker account of UK Foreign Commonwealth and Development Office)\" class=\"img-responsive wp-image-85944\" srcset=\"https:\/\/royalfamily.org\/wp-content\/uploads\/2023\/05\/6-Foreign-Commonwealth-and-Development-Office-Photo-by-Ian-Jones-2-200x133.jpg 200w, https:\/\/royalfamily.org\/wp-content\/uploads\/2023\/05\/6-Foreign-Commonwealth-and-Development-Office-Photo-by-Ian-Jones-2-400x267.jpg 400w, https:\/\/royalfamily.org\/wp-content\/uploads\/2023\/05\/6-Foreign-Commonwealth-and-Development-Office-Photo-by-Ian-Jones-2-600x400.jpg 600w, https:\/\/royalfamily.org\/wp-content\/uploads\/2023\/05\/6-Foreign-Commonwealth-and-Development-Office-Photo-by-Ian-Jones-2-800x533.jpg 800w, https:\/\/royalfamily.org\/wp-content\/uploads\/2023\/05\/6-Foreign-Commonwealth-and-Development-Office-Photo-by-Ian-Jones-2-1200x800.jpg 1200w, https:\/\/royalfamily.org\/wp-content\/uploads\/2023\/05\/6-Foreign-Commonwealth-and-Development-Office-Photo-by-Ian-Jones-2.jpg 1772w\" sizes=\"(min-width: 2200px) 100vw, (min-width: 824px) 390px, (min-width: 732px) 585px, (min-width: 640px) 732px, \" \/><\/a><\/div><\/div><div class=\"clearfix\"><\/div><div style=\"padding:5px;\" class=\"fusion-grid-column fusion-gallery-column fusion-gallery-column-3 hover-type-none\"><div class=\"fusion-gallery-image\"><a href=\"https:\/\/royalfamily.org\/wp-content\/uploads\/2023\/05\/7-Sky-news-screenshot-3.jpg\" data-caption=\"Krunisanje NjV Kralja \u010carlsa III, Kraljevski par Srbije me\u0111u ostalim Kraljevskim porodicama, Foto: Sky news screenshot\" rel=\"noreferrer\" data-rel=\"iLightbox[gallery_image_1]\" class=\"fusion-lightbox\" target=\"_self\"><img decoding=\"async\" src=\"https:\/\/royalfamily.org\/wp-content\/uploads\/2023\/05\/7-Sky-news-screenshot-3.jpg\" width=\"1890\" height=\"1063\" alt=\"Krunisanje NjV Kralja \u010carlsa III, Kraljevski par Srbije me\u0111u ostalim Kraljevskim porodicama, Foto: Sky news screenshot\" title=\"Krunisanje NjV Kralja \u010carlsa III, Kraljevski par Srbije me\u0111u ostalim Kraljevskim porodicama, Foto: Sky news screenshot\" aria-label=\"Krunisanje NjV Kralja \u010carlsa III, Kraljevski par Srbije me\u0111u ostalim Kraljevskim porodicama, Foto: Sky news screenshot\" class=\"img-responsive wp-image-85947\" srcset=\"https:\/\/royalfamily.org\/wp-content\/uploads\/2023\/05\/7-Sky-news-screenshot-3-200x112.jpg 200w, https:\/\/royalfamily.org\/wp-content\/uploads\/2023\/05\/7-Sky-news-screenshot-3-400x225.jpg 400w, https:\/\/royalfamily.org\/wp-content\/uploads\/2023\/05\/7-Sky-news-screenshot-3-600x337.jpg 600w, https:\/\/royalfamily.org\/wp-content\/uploads\/2023\/05\/7-Sky-news-screenshot-3-800x450.jpg 800w, https:\/\/royalfamily.org\/wp-content\/uploads\/2023\/05\/7-Sky-news-screenshot-3-1200x675.jpg 1200w, https:\/\/royalfamily.org\/wp-content\/uploads\/2023\/05\/7-Sky-news-screenshot-3.jpg 1890w\" sizes=\"(min-width: 2200px) 100vw, (min-width: 824px) 390px, (min-width: 732px) 585px, (min-width: 640px) 732px, \" \/><\/a><\/div><\/div><div style=\"padding:5px;\" class=\"fusion-grid-column fusion-gallery-column fusion-gallery-column-3 hover-type-none\"><div class=\"fusion-gallery-image\"><a href=\"https:\/\/royalfamily.org\/wp-content\/uploads\/2023\/05\/8-Getty-Images-photo-by-Jeff-J-Mitchell.jpg\" data-caption=\"NjKV Prestolonaslednik Aleksandar i NjKV Princeza Katarina: Jeff J Mitchell, Getty images\" rel=\"noreferrer\" data-rel=\"iLightbox[gallery_image_1]\" class=\"fusion-lightbox\" target=\"_self\"><img decoding=\"async\" src=\"https:\/\/royalfamily.org\/wp-content\/uploads\/2023\/05\/8-Getty-Images-photo-by-Jeff-J-Mitchell.jpg\" width=\"683\" height=\"1024\" alt=\"NjKV Prestolonaslednik Aleksandar i NjKV Princeza Katarina: Jeff J Mitchell, Getty images\" title=\"NjKV Prestolonaslednik Aleksandar i NjKV Princeza Katarina: Jeff J Mitchell, Getty images\" aria-label=\"NjKV Prestolonaslednik Aleksandar i NjKV Princeza Katarina: Jeff J Mitchell, Getty images\" class=\"img-responsive wp-image-85950\" srcset=\"https:\/\/royalfamily.org\/wp-content\/uploads\/2023\/05\/8-Getty-Images-photo-by-Jeff-J-Mitchell-200x300.jpg 200w, https:\/\/royalfamily.org\/wp-content\/uploads\/2023\/05\/8-Getty-Images-photo-by-Jeff-J-Mitchell-400x600.jpg 400w, https:\/\/royalfamily.org\/wp-content\/uploads\/2023\/05\/8-Getty-Images-photo-by-Jeff-J-Mitchell-600x900.jpg 600w, https:\/\/royalfamily.org\/wp-content\/uploads\/2023\/05\/8-Getty-Images-photo-by-Jeff-J-Mitchell.jpg 683w\" sizes=\"(min-width: 2200px) 100vw, (min-width: 824px) 390px, (min-width: 732px) 585px, (min-width: 640px) 732px, \" \/><\/a><\/div><\/div><\/div><\/div><\/div><\/div><\/div><\/div><\/p>\n","protected":false},"excerpt":{"rendered":"","protected":false},"author":1001015,"featured_media":85953,"comment_status":"closed","ping_status":"closed","sticky":false,"template":"","format":"standard","meta":{"_acf_changed":false,"footnotes":""},"categories":[22],"tags":[],"class_list":["post-85957","post","type-post","status-publish","format-standard","has-post-thumbnail","hentry","category-vesti"],"acf":[],"yoast_head":"<!-- This site is optimized with the Yoast SEO Premium plugin v27.4 (Yoast SEO v27.4) - https:\/\/yoast.com\/product\/yoast-seo-premium-wordpress\/ -->\n<title>KRALjEVSKI PAR SRBIJE NA KRUNISANjU KRALjA \u010cARLSA III - The Royal Family of Serbia<\/title>\n<meta name=\"robots\" content=\"index, follow, max-snippet:-1, max-image-preview:large, max-video-preview:-1\" \/>\n<link rel=\"canonical\" href=\"https:\/\/royalfamily.org\/lat\/kraljevski-par-srbije-na-krunisanju-kralja-carlsa-iii\/\" \/>\n<meta property=\"og:locale\" content=\"en_US\" \/>\n<meta property=\"og:type\" content=\"article\" \/>\n<meta property=\"og:title\" content=\"KRALjEVSKI PAR SRBIJE NA KRUNISANjU KRALjA \u010cARLSA III\" \/>\n<meta property=\"og:url\" content=\"https:\/\/royalfamily.org\/lat\/kraljevski-par-srbije-na-krunisanju-kralja-carlsa-iii\/\" \/>\n<meta property=\"og:site_name\" content=\"The Royal Family of Serbia\" \/>\n<meta property=\"article:publisher\" content=\"https:\/\/www.facebook.com\/Prestolonaslednik.Aleksandar\" \/>\n<meta property=\"article:published_time\" content=\"2023-05-08T10:27:09+00:00\" \/>\n<meta property=\"article:modified_time\" content=\"2024-06-11T09:27:05+00:00\" \/>\n<meta property=\"og:image\" content=\"https:\/\/royalfamily.org\/wp-content\/uploads\/2023\/05\/COVER-Krunisanje.jpg\" \/>\n\t<meta property=\"og:image:width\" content=\"1542\" \/>\n\t<meta property=\"og:image:height\" content=\"750\" \/>\n\t<meta property=\"og:image:type\" content=\"image\/jpeg\" \/>\n<meta name=\"author\" content=\"Stefan Milanovic\" \/>\n<meta name=\"twitter:card\" content=\"summary_large_image\" \/>\n<meta name=\"twitter:label1\" content=\"Written by\" \/>\n\t<meta name=\"twitter:data1\" content=\"Stefan Milanovic\" \/>\n\t<meta name=\"twitter:label2\" content=\"Est. reading time\" \/>\n\t<meta name=\"twitter:data2\" content=\"5 minutes\" \/>\n<script type=\"application\/ld+json\" class=\"yoast-schema-graph\">{\"@context\":\"https:\\\/\\\/schema.org\",\"@graph\":[{\"@type\":\"Article\",\"@id\":\"https:\\\/\\\/royalfamily.org\\\/lat\\\/kraljevski-par-srbije-na-krunisanju-kralja-carlsa-iii\\\/#article\",\"isPartOf\":{\"@id\":\"https:\\\/\\\/royalfamily.org\\\/lat\\\/kraljevski-par-srbije-na-krunisanju-kralja-carlsa-iii\\\/\"},\"author\":{\"name\":\"Stefan Milanovic\",\"@id\":\"https:\\\/\\\/royalfamily.org\\\/#\\\/schema\\\/person\\\/4ad3296a6a8a35eed333b6a785e9f648\"},\"headline\":\"KRALjEVSKI PAR SRBIJE NA KRUNISANjU KRALjA \u010cARLSA III\",\"datePublished\":\"2023-05-08T10:27:09+00:00\",\"dateModified\":\"2024-06-11T09:27:05+00:00\",\"mainEntityOfPage\":{\"@id\":\"https:\\\/\\\/royalfamily.org\\\/lat\\\/kraljevski-par-srbije-na-krunisanju-kralja-carlsa-iii\\\/\"},\"wordCount\":3003,\"publisher\":{\"@id\":\"https:\\\/\\\/royalfamily.org\\\/#organization\"},\"image\":{\"@id\":\"https:\\\/\\\/royalfamily.org\\\/lat\\\/kraljevski-par-srbije-na-krunisanju-kralja-carlsa-iii\\\/#primaryimage\"},\"thumbnailUrl\":\"https:\\\/\\\/royalfamily.org\\\/wp-content\\\/uploads\\\/2023\\\/05\\\/COVER-Krunisanje.jpg\",\"articleSection\":[\"Vesti\"],\"inLanguage\":\"sr-LT\"},{\"@type\":\"WebPage\",\"@id\":\"https:\\\/\\\/royalfamily.org\\\/lat\\\/kraljevski-par-srbije-na-krunisanju-kralja-carlsa-iii\\\/\",\"url\":\"https:\\\/\\\/royalfamily.org\\\/lat\\\/kraljevski-par-srbije-na-krunisanju-kralja-carlsa-iii\\\/\",\"name\":\"KRALjEVSKI PAR SRBIJE NA KRUNISANjU KRALjA \u010cARLSA III - The Royal Family of Serbia\",\"isPartOf\":{\"@id\":\"https:\\\/\\\/royalfamily.org\\\/#website\"},\"primaryImageOfPage\":{\"@id\":\"https:\\\/\\\/royalfamily.org\\\/lat\\\/kraljevski-par-srbije-na-krunisanju-kralja-carlsa-iii\\\/#primaryimage\"},\"image\":{\"@id\":\"https:\\\/\\\/royalfamily.org\\\/lat\\\/kraljevski-par-srbije-na-krunisanju-kralja-carlsa-iii\\\/#primaryimage\"},\"thumbnailUrl\":\"https:\\\/\\\/royalfamily.org\\\/wp-content\\\/uploads\\\/2023\\\/05\\\/COVER-Krunisanje.jpg\",\"datePublished\":\"2023-05-08T10:27:09+00:00\",\"dateModified\":\"2024-06-11T09:27:05+00:00\",\"breadcrumb\":{\"@id\":\"https:\\\/\\\/royalfamily.org\\\/lat\\\/kraljevski-par-srbije-na-krunisanju-kralja-carlsa-iii\\\/#breadcrumb\"},\"inLanguage\":\"sr-LT\",\"potentialAction\":[{\"@type\":\"ReadAction\",\"target\":[\"https:\\\/\\\/royalfamily.org\\\/lat\\\/kraljevski-par-srbije-na-krunisanju-kralja-carlsa-iii\\\/\"]}]},{\"@type\":\"ImageObject\",\"inLanguage\":\"sr-LT\",\"@id\":\"https:\\\/\\\/royalfamily.org\\\/lat\\\/kraljevski-par-srbije-na-krunisanju-kralja-carlsa-iii\\\/#primaryimage\",\"url\":\"https:\\\/\\\/royalfamily.org\\\/wp-content\\\/uploads\\\/2023\\\/05\\\/COVER-Krunisanje.jpg\",\"contentUrl\":\"https:\\\/\\\/royalfamily.org\\\/wp-content\\\/uploads\\\/2023\\\/05\\\/COVER-Krunisanje.jpg\",\"width\":1542,\"height\":750,\"caption\":\"KRALjEVSKI PAR SRBIJE NA KRUNISANjU KRALjA \u010cARLSA III\"},{\"@type\":\"BreadcrumbList\",\"@id\":\"https:\\\/\\\/royalfamily.org\\\/lat\\\/kraljevski-par-srbije-na-krunisanju-kralja-carlsa-iii\\\/#breadcrumb\",\"itemListElement\":[{\"@type\":\"ListItem\",\"position\":1,\"name\":\"Home\",\"item\":\"https:\\\/\\\/royalfamily.org\\\/lat\\\/\"},{\"@type\":\"ListItem\",\"position\":2,\"name\":\"KRALjEVSKI PAR SRBIJE NA KRUNISANjU KRALjA \u010cARLSA III\"}]},{\"@type\":\"WebSite\",\"@id\":\"https:\\\/\\\/royalfamily.org\\\/#website\",\"url\":\"https:\\\/\\\/royalfamily.org\\\/\",\"name\":\"The Royal Family of Serbia\",\"description\":\"From the people, for the people\",\"publisher\":{\"@id\":\"https:\\\/\\\/royalfamily.org\\\/#organization\"},\"potentialAction\":[{\"@type\":\"SearchAction\",\"target\":{\"@type\":\"EntryPoint\",\"urlTemplate\":\"https:\\\/\\\/royalfamily.org\\\/?s={search_term_string}\"},\"query-input\":{\"@type\":\"PropertyValueSpecification\",\"valueRequired\":true,\"valueName\":\"search_term_string\"}}],\"inLanguage\":\"sr-LT\"},{\"@type\":\"Organization\",\"@id\":\"https:\\\/\\\/royalfamily.org\\\/#organization\",\"name\":\"Royal Family\",\"url\":\"https:\\\/\\\/royalfamily.org\\\/\",\"logo\":{\"@type\":\"ImageObject\",\"inLanguage\":\"sr-LT\",\"@id\":\"https:\\\/\\\/royalfamily.org\\\/#\\\/schema\\\/logo\\\/image\\\/\",\"url\":\"https:\\\/\\\/royalfamily.org\\\/wp-content\\\/uploads\\\/2019\\\/04\\\/logo-vector-02-V-latinica.png\",\"contentUrl\":\"https:\\\/\\\/royalfamily.org\\\/wp-content\\\/uploads\\\/2019\\\/04\\\/logo-vector-02-V-latinica.png\",\"width\":552,\"height\":99,\"caption\":\"Royal Family\"},\"image\":{\"@id\":\"https:\\\/\\\/royalfamily.org\\\/#\\\/schema\\\/logo\\\/image\\\/\"},\"sameAs\":[\"https:\\\/\\\/www.facebook.com\\\/Prestolonaslednik.Aleksandar\"]},{\"@type\":\"Person\",\"@id\":\"https:\\\/\\\/royalfamily.org\\\/#\\\/schema\\\/person\\\/4ad3296a6a8a35eed333b6a785e9f648\",\"name\":\"Stefan Milanovic\",\"image\":{\"@type\":\"ImageObject\",\"inLanguage\":\"sr-LT\",\"@id\":\"https:\\\/\\\/secure.gravatar.com\\\/avatar\\\/92dcbdcf3e32112a9ceb1e41665b1f44c69382d014cacfe12c701f6af7c40259?s=96&d=mm&r=g\",\"url\":\"https:\\\/\\\/secure.gravatar.com\\\/avatar\\\/92dcbdcf3e32112a9ceb1e41665b1f44c69382d014cacfe12c701f6af7c40259?s=96&d=mm&r=g\",\"contentUrl\":\"https:\\\/\\\/secure.gravatar.com\\\/avatar\\\/92dcbdcf3e32112a9ceb1e41665b1f44c69382d014cacfe12c701f6af7c40259?s=96&d=mm&r=g\",\"caption\":\"Stefan Milanovic\"}}]}<\/script>\n<!-- \/ Yoast SEO Premium plugin. -->","yoast_head_json":{"title":"KRALjEVSKI PAR SRBIJE NA KRUNISANjU KRALjA \u010cARLSA III - The Royal Family of Serbia","robots":{"index":"index","follow":"follow","max-snippet":"max-snippet:-1","max-image-preview":"max-image-preview:large","max-video-preview":"max-video-preview:-1"},"canonical":"https:\/\/royalfamily.org\/lat\/kraljevski-par-srbije-na-krunisanju-kralja-carlsa-iii\/","og_locale":"en_US","og_type":"article","og_title":"KRALjEVSKI PAR SRBIJE NA KRUNISANjU KRALjA \u010cARLSA III","og_url":"https:\/\/royalfamily.org\/lat\/kraljevski-par-srbije-na-krunisanju-kralja-carlsa-iii\/","og_site_name":"The Royal Family of Serbia","article_publisher":"https:\/\/www.facebook.com\/Prestolonaslednik.Aleksandar","article_published_time":"2023-05-08T10:27:09+00:00","article_modified_time":"2024-06-11T09:27:05+00:00","og_image":[{"width":1542,"height":750,"url":"https:\/\/royalfamily.org\/wp-content\/uploads\/2023\/05\/COVER-Krunisanje.jpg","type":"image\/jpeg"}],"author":"Stefan Milanovic","twitter_card":"summary_large_image","twitter_misc":{"Written by":"Stefan Milanovic","Est. reading time":"5 minutes"},"schema":{"@context":"https:\/\/schema.org","@graph":[{"@type":"Article","@id":"https:\/\/royalfamily.org\/lat\/kraljevski-par-srbije-na-krunisanju-kralja-carlsa-iii\/#article","isPartOf":{"@id":"https:\/\/royalfamily.org\/lat\/kraljevski-par-srbije-na-krunisanju-kralja-carlsa-iii\/"},"author":{"name":"Stefan Milanovic","@id":"https:\/\/royalfamily.org\/#\/schema\/person\/4ad3296a6a8a35eed333b6a785e9f648"},"headline":"KRALjEVSKI PAR SRBIJE NA KRUNISANjU KRALjA \u010cARLSA III","datePublished":"2023-05-08T10:27:09+00:00","dateModified":"2024-06-11T09:27:05+00:00","mainEntityOfPage":{"@id":"https:\/\/royalfamily.org\/lat\/kraljevski-par-srbije-na-krunisanju-kralja-carlsa-iii\/"},"wordCount":3003,"publisher":{"@id":"https:\/\/royalfamily.org\/#organization"},"image":{"@id":"https:\/\/royalfamily.org\/lat\/kraljevski-par-srbije-na-krunisanju-kralja-carlsa-iii\/#primaryimage"},"thumbnailUrl":"https:\/\/royalfamily.org\/wp-content\/uploads\/2023\/05\/COVER-Krunisanje.jpg","articleSection":["Vesti"],"inLanguage":"sr-LT"},{"@type":"WebPage","@id":"https:\/\/royalfamily.org\/lat\/kraljevski-par-srbije-na-krunisanju-kralja-carlsa-iii\/","url":"https:\/\/royalfamily.org\/lat\/kraljevski-par-srbije-na-krunisanju-kralja-carlsa-iii\/","name":"KRALjEVSKI PAR SRBIJE NA KRUNISANjU KRALjA \u010cARLSA III - The Royal Family of Serbia","isPartOf":{"@id":"https:\/\/royalfamily.org\/#website"},"primaryImageOfPage":{"@id":"https:\/\/royalfamily.org\/lat\/kraljevski-par-srbije-na-krunisanju-kralja-carlsa-iii\/#primaryimage"},"image":{"@id":"https:\/\/royalfamily.org\/lat\/kraljevski-par-srbije-na-krunisanju-kralja-carlsa-iii\/#primaryimage"},"thumbnailUrl":"https:\/\/royalfamily.org\/wp-content\/uploads\/2023\/05\/COVER-Krunisanje.jpg","datePublished":"2023-05-08T10:27:09+00:00","dateModified":"2024-06-11T09:27:05+00:00","breadcrumb":{"@id":"https:\/\/royalfamily.org\/lat\/kraljevski-par-srbije-na-krunisanju-kralja-carlsa-iii\/#breadcrumb"},"inLanguage":"sr-LT","potentialAction":[{"@type":"ReadAction","target":["https:\/\/royalfamily.org\/lat\/kraljevski-par-srbije-na-krunisanju-kralja-carlsa-iii\/"]}]},{"@type":"ImageObject","inLanguage":"sr-LT","@id":"https:\/\/royalfamily.org\/lat\/kraljevski-par-srbije-na-krunisanju-kralja-carlsa-iii\/#primaryimage","url":"https:\/\/royalfamily.org\/wp-content\/uploads\/2023\/05\/COVER-Krunisanje.jpg","contentUrl":"https:\/\/royalfamily.org\/wp-content\/uploads\/2023\/05\/COVER-Krunisanje.jpg","width":1542,"height":750,"caption":"KRALjEVSKI PAR SRBIJE NA KRUNISANjU KRALjA \u010cARLSA III"},{"@type":"BreadcrumbList","@id":"https:\/\/royalfamily.org\/lat\/kraljevski-par-srbije-na-krunisanju-kralja-carlsa-iii\/#breadcrumb","itemListElement":[{"@type":"ListItem","position":1,"name":"Home","item":"https:\/\/royalfamily.org\/lat\/"},{"@type":"ListItem","position":2,"name":"KRALjEVSKI PAR SRBIJE NA KRUNISANjU KRALjA \u010cARLSA III"}]},{"@type":"WebSite","@id":"https:\/\/royalfamily.org\/#website","url":"https:\/\/royalfamily.org\/","name":"The Royal Family of Serbia","description":"From the people, for the people","publisher":{"@id":"https:\/\/royalfamily.org\/#organization"},"potentialAction":[{"@type":"SearchAction","target":{"@type":"EntryPoint","urlTemplate":"https:\/\/royalfamily.org\/?s={search_term_string}"},"query-input":{"@type":"PropertyValueSpecification","valueRequired":true,"valueName":"search_term_string"}}],"inLanguage":"sr-LT"},{"@type":"Organization","@id":"https:\/\/royalfamily.org\/#organization","name":"Royal Family","url":"https:\/\/royalfamily.org\/","logo":{"@type":"ImageObject","inLanguage":"sr-LT","@id":"https:\/\/royalfamily.org\/#\/schema\/logo\/image\/","url":"https:\/\/royalfamily.org\/wp-content\/uploads\/2019\/04\/logo-vector-02-V-latinica.png","contentUrl":"https:\/\/royalfamily.org\/wp-content\/uploads\/2019\/04\/logo-vector-02-V-latinica.png","width":552,"height":99,"caption":"Royal Family"},"image":{"@id":"https:\/\/royalfamily.org\/#\/schema\/logo\/image\/"},"sameAs":["https:\/\/www.facebook.com\/Prestolonaslednik.Aleksandar"]},{"@type":"Person","@id":"https:\/\/royalfamily.org\/#\/schema\/person\/4ad3296a6a8a35eed333b6a785e9f648","name":"Stefan Milanovic","image":{"@type":"ImageObject","inLanguage":"sr-LT","@id":"https:\/\/secure.gravatar.com\/avatar\/92dcbdcf3e32112a9ceb1e41665b1f44c69382d014cacfe12c701f6af7c40259?s=96&d=mm&r=g","url":"https:\/\/secure.gravatar.com\/avatar\/92dcbdcf3e32112a9ceb1e41665b1f44c69382d014cacfe12c701f6af7c40259?s=96&d=mm&r=g","contentUrl":"https:\/\/secure.gravatar.com\/avatar\/92dcbdcf3e32112a9ceb1e41665b1f44c69382d014cacfe12c701f6af7c40259?s=96&d=mm&r=g","caption":"Stefan Milanovic"}}]}},"_links":{"self":[{"href":"https:\/\/royalfamily.org\/lat\/wp-json\/wp\/v2\/posts\/85957","targetHints":{"allow":["GET"]}}],"collection":[{"href":"https:\/\/royalfamily.org\/lat\/wp-json\/wp\/v2\/posts"}],"about":[{"href":"https:\/\/royalfamily.org\/lat\/wp-json\/wp\/v2\/types\/post"}],"author":[{"embeddable":true,"href":"https:\/\/royalfamily.org\/lat\/wp-json\/wp\/v2\/users\/1001015"}],"replies":[{"embeddable":true,"href":"https:\/\/royalfamily.org\/lat\/wp-json\/wp\/v2\/comments?post=85957"}],"version-history":[{"count":2,"href":"https:\/\/royalfamily.org\/lat\/wp-json\/wp\/v2\/posts\/85957\/revisions"}],"predecessor-version":[{"id":90373,"href":"https:\/\/royalfamily.org\/lat\/wp-json\/wp\/v2\/posts\/85957\/revisions\/90373"}],"wp:featuredmedia":[{"embeddable":true,"href":"https:\/\/royalfamily.org\/lat\/wp-json\/wp\/v2\/media\/85953"}],"wp:attachment":[{"href":"https:\/\/royalfamily.org\/lat\/wp-json\/wp\/v2\/media?parent=85957"}],"wp:term":[{"taxonomy":"category","embeddable":true,"href":"https:\/\/royalfamily.org\/lat\/wp-json\/wp\/v2\/categories?post=85957"},{"taxonomy":"post_tag","embeddable":true,"href":"https:\/\/royalfamily.org\/lat\/wp-json\/wp\/v2\/tags?post=85957"}],"curies":[{"name":"wp","href":"https:\/\/api.w.org\/{rel}","templated":true}]}}