{"id":85990,"date":"2023-05-10T14:03:32","date_gmt":"2023-05-10T12:03:32","guid":{"rendered":"https:\/\/royalfamily.org\/?p=85990"},"modified":"2023-05-10T14:06:29","modified_gmt":"2023-05-10T12:06:29","slug":"kraljevski-kompleks-ponovno-otvoren-za-turisticke-posete","status":"publish","type":"post","link":"https:\/\/royalfamily.org\/lat\/kraljevski-kompleks-ponovno-otvoren-za-turisticke-posete\/","title":{"rendered":"KRALjEVSKI KOMPLEKS PONOVNO OTVOREN ZA TURISTI\u010cKE POSETE"},"content":{"rendered":"<p><div class=\"fusion-fullwidth fullwidth-box fusion-builder-row-1 fusion-flex-container has-pattern-background has-mask-background nonhundred-percent-fullwidth non-hundred-percent-height-scrolling\" style=\"--awb-border-radius-top-left:0px;--awb-border-radius-top-right:0px;--awb-border-radius-bottom-right:0px;--awb-border-radius-bottom-left:0px;--awb-flex-wrap:wrap;\" ><div class=\"fusion-builder-row fusion-row fusion-flex-align-items-flex-start fusion-flex-content-wrap\" style=\"max-width:1227.2px;margin-left: calc(-4% \/ 2 );margin-right: calc(-4% \/ 2 );\"><div class=\"fusion-layout-column fusion_builder_column fusion-builder-column-0 fusion_builder_column_1_1 1_1 fusion-flex-column\" style=\"--awb-bg-size:cover;--awb-width-large:100%;--awb-margin-top-large:0px;--awb-spacing-right-large:1.92%;--awb-margin-bottom-large:20px;--awb-spacing-left-large:1.92%;--awb-width-medium:100%;--awb-order-medium:0;--awb-spacing-right-medium:1.92%;--awb-spacing-left-medium:1.92%;--awb-width-small:100%;--awb-order-small:0;--awb-spacing-right-small:1.92%;--awb-spacing-left-small:1.92%;\"><div class=\"fusion-column-wrapper fusion-column-has-shadow fusion-flex-justify-content-flex-start fusion-content-layout-column\"><div class=\"fusion-text fusion-text-1\"><p>Kraljevski kompleks na Dedinju ponovo do\u010dekuje posetioce. Nj.K.V. Prestolonaslednik Aleksandar i Princeza Katarina sve\u010dano su danas otvorili turisti\u010dku sezonu za 2023. godinu i pozvali sve zainteresovane da se pridru\u017ee obilascima koje organizuje Turisti\u010dka organizacija Beograda. Doga\u0111aj je po\u010deo minutom \u0107utanja, u se\u0107anje na izgubljene \u017eivote u pro\u0161lonedeljnim tragedijama.<\/p>\n<p>\u201eSvih prethodnih godina ova otvaranja uvek su bila radosna i sre\u0107na, ali sada je nad nama senka u\u017easne tragedije koja nas je zadesila pro\u0161le nedelje. Nije lako vratiti se redovnim obavezama nakon ne\u010deg tako stra\u0161nog. U danima koji su usledili nakon tog u\u017easnog \u010dina, na\u0161a kancelarija primila je nekoliko poziva iz raznih \u0161kola. Pitali su da li smo otvoreni za posete, sa nadom da \u0107e to \u201epomo\u0107i deci da skrenu pa\u017enju sa tragedije\u201c. Nikada ne smemo niti mo\u017eemo zaboraviti \u0161ta se dogodilo. Ovakve re\u010di su ne\u0161to \u0161to nam daje nadu da, bar malo, mo\u017eemo pomo\u0107i deci da lak\u0161e prebrode sve ovo.<\/p>\n<p>Kraljevski kompleks je posebno mesto, bogato istorijom i nasle\u0111em mojih predaka. \u017delim da ljudi u Srbiji i svetu mogu da vide i osete svu istoriju i tradiciju koju ima na\u0161 porodi\u010dni dom. Veoma je va\u017eno da se to prenese na na\u0161e mla\u0111e generacije. Ako se ne ponosimo svojom slavnom pro\u0161lo\u0161\u0107u, ako nismo mi ti koji je negujemo i prenosimo dalje saznanja i \u010dinjenice o njoj, niko drugi to ne\u0107e u\u010diniti umesto nas. Organizovani turisti\u010dki obilasci su najbolja prilika da se vidi ovo prelepo mesto, oseti na\u0161a slavna pro\u0161lost i nau\u010di ne\u0161to novo\u201c, rekao je Nj.K.V. Prestolonaslednik Aleksandar.<\/p>\n<p>Gospodin Miodrag Popovi\u0107, v.d. direktora Turisti\u010dke organizacije Beograda, zahvalio se Njihovim Kraljevskim Viso\u010danstvima na saradnji i jo\u0161 jednom istakao da je Kraljevski kompleks jedna od najve\u0107ih turisti\u010dkih atrakcija Beograda. \u201eNadamo se da \u0107emo na ovaj na\u010din upotpuniti ve\u0107 bogatu ponudu na\u0161eg grada. Posete Dvorskom kopleksu su jedan od najpose\u0107enijih programa, koje su i dobar na\u010din da se na\u0161i gra\u0111ani podsete, a strani upoznaju sa istorijom Srbije i Beograda\u201c, rekao je g. Popovi\u0107.<\/p>\n<p>Predstavnike medija koji su se pridru\u017eili prvom obilasku u Kraljevskom Dvoru do\u010dekali su Njihova Kraljevska Viso\u010danstva i gospodin Popovi\u0107. U pratnji profesionalnog turisti\u010dkog vodi\u010da, imali su priliku da u\u017eivaju u istom obilasku koji \u0107e i turisti imati kada do\u0111u u posetu \u2013 Kraljevskom Dvoru, Belom Dvoru, Kraljevskoj kapeli Svetog Andreja Prvozvanog i Kraljevskom parku.<\/p>\n<p>Turiste \u0107e, kada im to obaveze budu dozvoljavale, do\u010dekati Prestolonaslednik i Princeza. Obilazak je prijatna \u0161etnja u trajanju od sat i po, za upoznavanje sa istorijom, zaostav\u0161tinom i kulturom na\u0161e zemlje. Pre povratka Kraljevske porodice u Srbiju, Kraljevski kompleks bio je zatvoren za javnost, a otvaranje za turiste bila je jedna od prvih va\u017enih odluka Nj.K.V. Prestolonaslednika Aleksandra.<\/p>\n<p>Turisti\u010dka organizacija Beograda (TOB) organizuje obilaske Kraljevskog kompleksa svakog vikenda <strong>subotom u 9.30 i 12.30 \u010dasova<\/strong>. Ulaznica kupljena kod Turisti\u010dke organizacije Beograda uklju\u010duje organizovani autobuski prevoz od Trga Nikole Pa\u0161i\u0107a do Kraljevskog kompleksa \u2013 okupljanja za prevoz su u 9.30 i 12.30 \u010dasova. Cena ulaznice je 1500 dinara. Broj posetilaca u grupi je ograni\u010den na najvi\u0161e 30.<\/p>\n<p>Za informacije i rezervacije turisti treba da posete Turisti\u010dki informativni centar u Beogradu, Knez Mihailova 56, telefon: 011 26 35 622, mejl: <a href=\"mailto:bginfo.knezmihailova@tob.rs\">bginfo.knezmihailova@tob.rs<\/a>, vebsajt <a href=\"http:\/\/www.tob.rs\">www.tob.rs<\/a>.<\/p>\n<p>\u0160kole, studenti i udru\u017eenja penzionera mogu da obi\u0111u Kraljevski kompleks na Dedinju u najavljenim grupnim posetama svakog radnog dana od 9 do 15 \u010dasova uz obavezno obave\u0161tenje Kancelariji Nj.K.V. Prestolonaslednika Aleksandra najmanje 7 do 10 dana unapred, na telefon +381 11 306 4014 ili putem i-mejla: <a href=\"mailto:kancelarija@dvor.rs\">kancelarija@dvor.rs<\/a>. Svaka grupa mora da se sastoji od najmanje 10 a najvi\u0161e 40 posetilaca. Vebsajt: <a href=\"http:\/\/www.dvor.rs\">www.dvor.rs<\/a><\/p>\n<\/div><\/div><\/div><\/div><\/div><div class=\"fusion-fullwidth fullwidth-box fusion-builder-row-2 fusion-flex-container has-pattern-background has-mask-background nonhundred-percent-fullwidth non-hundred-percent-height-scrolling\" style=\"--awb-border-radius-top-left:0px;--awb-border-radius-top-right:0px;--awb-border-radius-bottom-right:0px;--awb-border-radius-bottom-left:0px;--awb-flex-wrap:wrap;\" ><div class=\"fusion-builder-row fusion-row fusion-flex-align-items-flex-start fusion-flex-content-wrap\" style=\"max-width:1227.2px;margin-left: calc(-4% \/ 2 );margin-right: calc(-4% \/ 2 );\"><div class=\"fusion-layout-column fusion_builder_column fusion-builder-column-1 fusion_builder_column_1_1 1_1 fusion-flex-column\" style=\"--awb-bg-size:cover;--awb-width-large:100%;--awb-margin-top-large:0px;--awb-spacing-right-large:1.92%;--awb-margin-bottom-large:20px;--awb-spacing-left-large:1.92%;--awb-width-medium:100%;--awb-order-medium:0;--awb-spacing-right-medium:1.92%;--awb-spacing-left-medium:1.92%;--awb-width-small:100%;--awb-order-small:0;--awb-spacing-right-small:1.92%;--awb-spacing-left-small:1.92%;\"><div class=\"fusion-column-wrapper fusion-column-has-shadow fusion-flex-justify-content-flex-start fusion-content-layout-column\"><div class=\"awb-gallery-wrapper awb-gallery-wrapper-1 button-span-no\" style=\"--more-btn-alignment:center;\" data-limit=\"20\" data-page=\"1\"><div style=\"margin:-5px;--awb-bordersize:0px;\" class=\"fusion-gallery fusion-gallery-container fusion-grid-3 fusion-columns-total-1 fusion-gallery-layout-grid fusion-gallery-1\"><div style=\"padding:5px;\" class=\"fusion-grid-column fusion-gallery-column fusion-gallery-column-3 hover-type-none\"><div class=\"fusion-gallery-image\"><a href=\"https:\/\/royalfamily.org\/wp-content\/uploads\/2023\/05\/7-8F2A7074w.jpg\" data-caption=\"KRALjEVSKI KOMPLEKS PONOVNO OTVOREN ZA TURISTI\u010cKE POSETE\" rel=\"noreferrer\" data-rel=\"iLightbox[gallery_image_1]\" class=\"fusion-lightbox\" target=\"_self\"><img decoding=\"async\" src=\"https:\/\/royalfamily.org\/wp-content\/uploads\/2023\/05\/7-8F2A7074w.jpg\" width=\"1772\" height=\"1181\" alt=\"KRALjEVSKI KOMPLEKS PONOVNO OTVOREN ZA TURISTI\u010cKE POSETE\" title=\"KRALjEVSKI KOMPLEKS PONOVNO OTVOREN ZA TURISTI\u010cKE POSETE\" aria-label=\"KRALjEVSKI KOMPLEKS PONOVNO OTVOREN ZA TURISTI\u010cKE POSETE\" class=\"img-responsive wp-image-85984\" srcset=\"https:\/\/royalfamily.org\/wp-content\/uploads\/2023\/05\/7-8F2A7074w-200x133.jpg 200w, https:\/\/royalfamily.org\/wp-content\/uploads\/2023\/05\/7-8F2A7074w-400x267.jpg 400w, https:\/\/royalfamily.org\/wp-content\/uploads\/2023\/05\/7-8F2A7074w-600x400.jpg 600w, https:\/\/royalfamily.org\/wp-content\/uploads\/2023\/05\/7-8F2A7074w-800x533.jpg 800w, https:\/\/royalfamily.org\/wp-content\/uploads\/2023\/05\/7-8F2A7074w-1200x800.jpg 1200w, https:\/\/royalfamily.org\/wp-content\/uploads\/2023\/05\/7-8F2A7074w.jpg 1772w\" sizes=\"(min-width: 2200px) 100vw, (min-width: 824px) 390px, (min-width: 732px) 585px, (min-width: 640px) 732px, \" \/><\/a><\/div><\/div><\/div><\/div><\/div><\/div><\/div><\/div><\/p>\n","protected":false},"excerpt":{"rendered":"","protected":false},"author":1001015,"featured_media":85987,"comment_status":"closed","ping_status":"closed","sticky":false,"template":"","format":"standard","meta":{"_acf_changed":false,"footnotes":""},"categories":[22],"tags":[],"class_list":["post-85990","post","type-post","status-publish","format-standard","has-post-thumbnail","hentry","category-vesti"],"acf":[],"yoast_head":"<!-- This site is optimized with the Yoast SEO Premium plugin v27.4 (Yoast SEO v27.4) - https:\/\/yoast.com\/product\/yoast-seo-premium-wordpress\/ -->\n<title>KRALjEVSKI KOMPLEKS PONOVNO OTVOREN ZA TURISTI\u010cKE POSETE - The Royal Family of Serbia<\/title>\n<meta name=\"robots\" content=\"index, follow, max-snippet:-1, max-image-preview:large, max-video-preview:-1\" \/>\n<link rel=\"canonical\" href=\"https:\/\/royalfamily.org\/lat\/kraljevski-kompleks-ponovno-otvoren-za-turisticke-posete\/\" \/>\n<meta property=\"og:locale\" content=\"en_US\" \/>\n<meta property=\"og:type\" content=\"article\" \/>\n<meta property=\"og:title\" content=\"KRALjEVSKI KOMPLEKS PONOVNO OTVOREN ZA TURISTI\u010cKE POSETE\" \/>\n<meta property=\"og:url\" content=\"https:\/\/royalfamily.org\/lat\/kraljevski-kompleks-ponovno-otvoren-za-turisticke-posete\/\" \/>\n<meta property=\"og:site_name\" content=\"The Royal Family of Serbia\" \/>\n<meta property=\"article:publisher\" content=\"https:\/\/www.facebook.com\/Prestolonaslednik.Aleksandar\" \/>\n<meta property=\"article:published_time\" content=\"2023-05-10T12:03:32+00:00\" \/>\n<meta property=\"article:modified_time\" content=\"2023-05-10T12:06:29+00:00\" \/>\n<meta property=\"og:image\" content=\"https:\/\/royalfamily.org\/wp-content\/uploads\/2023\/05\/COVER-TOB.jpg\" \/>\n\t<meta property=\"og:image:width\" content=\"1542\" \/>\n\t<meta property=\"og:image:height\" content=\"750\" \/>\n\t<meta property=\"og:image:type\" content=\"image\/jpeg\" \/>\n<meta name=\"author\" content=\"Stefan Milanovic\" \/>\n<meta name=\"twitter:card\" content=\"summary_large_image\" \/>\n<meta name=\"twitter:label1\" content=\"Written by\" \/>\n\t<meta name=\"twitter:data1\" content=\"Stefan Milanovic\" \/>\n<script type=\"application\/ld+json\" class=\"yoast-schema-graph\">{\"@context\":\"https:\\\/\\\/schema.org\",\"@graph\":[{\"@type\":\"Article\",\"@id\":\"https:\\\/\\\/royalfamily.org\\\/lat\\\/kraljevski-kompleks-ponovno-otvoren-za-turisticke-posete\\\/#article\",\"isPartOf\":{\"@id\":\"https:\\\/\\\/royalfamily.org\\\/lat\\\/kraljevski-kompleks-ponovno-otvoren-za-turisticke-posete\\\/\"},\"author\":{\"name\":\"Stefan Milanovic\",\"@id\":\"https:\\\/\\\/royalfamily.org\\\/#\\\/schema\\\/person\\\/4ad3296a6a8a35eed333b6a785e9f648\"},\"headline\":\"KRALjEVSKI KOMPLEKS PONOVNO OTVOREN ZA TURISTI\u010cKE POSETE\",\"datePublished\":\"2023-05-10T12:03:32+00:00\",\"dateModified\":\"2023-05-10T12:06:29+00:00\",\"mainEntityOfPage\":{\"@id\":\"https:\\\/\\\/royalfamily.org\\\/lat\\\/kraljevski-kompleks-ponovno-otvoren-za-turisticke-posete\\\/\"},\"wordCount\":2628,\"publisher\":{\"@id\":\"https:\\\/\\\/royalfamily.org\\\/#organization\"},\"image\":{\"@id\":\"https:\\\/\\\/royalfamily.org\\\/lat\\\/kraljevski-kompleks-ponovno-otvoren-za-turisticke-posete\\\/#primaryimage\"},\"thumbnailUrl\":\"https:\\\/\\\/royalfamily.org\\\/wp-content\\\/uploads\\\/2023\\\/05\\\/COVER-TOB.jpg\",\"articleSection\":[\"Vesti\"],\"inLanguage\":\"sr-LT\"},{\"@type\":\"WebPage\",\"@id\":\"https:\\\/\\\/royalfamily.org\\\/lat\\\/kraljevski-kompleks-ponovno-otvoren-za-turisticke-posete\\\/\",\"url\":\"https:\\\/\\\/royalfamily.org\\\/lat\\\/kraljevski-kompleks-ponovno-otvoren-za-turisticke-posete\\\/\",\"name\":\"KRALjEVSKI KOMPLEKS PONOVNO OTVOREN ZA TURISTI\u010cKE POSETE - The Royal Family of Serbia\",\"isPartOf\":{\"@id\":\"https:\\\/\\\/royalfamily.org\\\/#website\"},\"primaryImageOfPage\":{\"@id\":\"https:\\\/\\\/royalfamily.org\\\/lat\\\/kraljevski-kompleks-ponovno-otvoren-za-turisticke-posete\\\/#primaryimage\"},\"image\":{\"@id\":\"https:\\\/\\\/royalfamily.org\\\/lat\\\/kraljevski-kompleks-ponovno-otvoren-za-turisticke-posete\\\/#primaryimage\"},\"thumbnailUrl\":\"https:\\\/\\\/royalfamily.org\\\/wp-content\\\/uploads\\\/2023\\\/05\\\/COVER-TOB.jpg\",\"datePublished\":\"2023-05-10T12:03:32+00:00\",\"dateModified\":\"2023-05-10T12:06:29+00:00\",\"breadcrumb\":{\"@id\":\"https:\\\/\\\/royalfamily.org\\\/lat\\\/kraljevski-kompleks-ponovno-otvoren-za-turisticke-posete\\\/#breadcrumb\"},\"inLanguage\":\"sr-LT\",\"potentialAction\":[{\"@type\":\"ReadAction\",\"target\":[\"https:\\\/\\\/royalfamily.org\\\/lat\\\/kraljevski-kompleks-ponovno-otvoren-za-turisticke-posete\\\/\"]}]},{\"@type\":\"ImageObject\",\"inLanguage\":\"sr-LT\",\"@id\":\"https:\\\/\\\/royalfamily.org\\\/lat\\\/kraljevski-kompleks-ponovno-otvoren-za-turisticke-posete\\\/#primaryimage\",\"url\":\"https:\\\/\\\/royalfamily.org\\\/wp-content\\\/uploads\\\/2023\\\/05\\\/COVER-TOB.jpg\",\"contentUrl\":\"https:\\\/\\\/royalfamily.org\\\/wp-content\\\/uploads\\\/2023\\\/05\\\/COVER-TOB.jpg\",\"width\":1542,\"height\":750,\"caption\":\"KRALjEVSKI KOMPLEKS PONOVNO OTVOREN ZA TURISTI\u010cKE POSETE\"},{\"@type\":\"BreadcrumbList\",\"@id\":\"https:\\\/\\\/royalfamily.org\\\/lat\\\/kraljevski-kompleks-ponovno-otvoren-za-turisticke-posete\\\/#breadcrumb\",\"itemListElement\":[{\"@type\":\"ListItem\",\"position\":1,\"name\":\"Home\",\"item\":\"https:\\\/\\\/royalfamily.org\\\/lat\\\/\"},{\"@type\":\"ListItem\",\"position\":2,\"name\":\"KRALjEVSKI KOMPLEKS PONOVNO OTVOREN ZA TURISTI\u010cKE POSETE\"}]},{\"@type\":\"WebSite\",\"@id\":\"https:\\\/\\\/royalfamily.org\\\/#website\",\"url\":\"https:\\\/\\\/royalfamily.org\\\/\",\"name\":\"The Royal Family of Serbia\",\"description\":\"From the people, for the people\",\"publisher\":{\"@id\":\"https:\\\/\\\/royalfamily.org\\\/#organization\"},\"potentialAction\":[{\"@type\":\"SearchAction\",\"target\":{\"@type\":\"EntryPoint\",\"urlTemplate\":\"https:\\\/\\\/royalfamily.org\\\/?s={search_term_string}\"},\"query-input\":{\"@type\":\"PropertyValueSpecification\",\"valueRequired\":true,\"valueName\":\"search_term_string\"}}],\"inLanguage\":\"sr-LT\"},{\"@type\":\"Organization\",\"@id\":\"https:\\\/\\\/royalfamily.org\\\/#organization\",\"name\":\"Royal Family\",\"url\":\"https:\\\/\\\/royalfamily.org\\\/\",\"logo\":{\"@type\":\"ImageObject\",\"inLanguage\":\"sr-LT\",\"@id\":\"https:\\\/\\\/royalfamily.org\\\/#\\\/schema\\\/logo\\\/image\\\/\",\"url\":\"https:\\\/\\\/royalfamily.org\\\/wp-content\\\/uploads\\\/2019\\\/04\\\/logo-vector-02-V-latinica.png\",\"contentUrl\":\"https:\\\/\\\/royalfamily.org\\\/wp-content\\\/uploads\\\/2019\\\/04\\\/logo-vector-02-V-latinica.png\",\"width\":552,\"height\":99,\"caption\":\"Royal Family\"},\"image\":{\"@id\":\"https:\\\/\\\/royalfamily.org\\\/#\\\/schema\\\/logo\\\/image\\\/\"},\"sameAs\":[\"https:\\\/\\\/www.facebook.com\\\/Prestolonaslednik.Aleksandar\"]},{\"@type\":\"Person\",\"@id\":\"https:\\\/\\\/royalfamily.org\\\/#\\\/schema\\\/person\\\/4ad3296a6a8a35eed333b6a785e9f648\",\"name\":\"Stefan Milanovic\",\"image\":{\"@type\":\"ImageObject\",\"inLanguage\":\"sr-LT\",\"@id\":\"https:\\\/\\\/secure.gravatar.com\\\/avatar\\\/92dcbdcf3e32112a9ceb1e41665b1f44c69382d014cacfe12c701f6af7c40259?s=96&d=mm&r=g\",\"url\":\"https:\\\/\\\/secure.gravatar.com\\\/avatar\\\/92dcbdcf3e32112a9ceb1e41665b1f44c69382d014cacfe12c701f6af7c40259?s=96&d=mm&r=g\",\"contentUrl\":\"https:\\\/\\\/secure.gravatar.com\\\/avatar\\\/92dcbdcf3e32112a9ceb1e41665b1f44c69382d014cacfe12c701f6af7c40259?s=96&d=mm&r=g\",\"caption\":\"Stefan Milanovic\"}}]}<\/script>\n<!-- \/ Yoast SEO Premium plugin. -->","yoast_head_json":{"title":"KRALjEVSKI KOMPLEKS PONOVNO OTVOREN ZA TURISTI\u010cKE POSETE - The Royal Family of Serbia","robots":{"index":"index","follow":"follow","max-snippet":"max-snippet:-1","max-image-preview":"max-image-preview:large","max-video-preview":"max-video-preview:-1"},"canonical":"https:\/\/royalfamily.org\/lat\/kraljevski-kompleks-ponovno-otvoren-za-turisticke-posete\/","og_locale":"en_US","og_type":"article","og_title":"KRALjEVSKI KOMPLEKS PONOVNO OTVOREN ZA TURISTI\u010cKE POSETE","og_url":"https:\/\/royalfamily.org\/lat\/kraljevski-kompleks-ponovno-otvoren-za-turisticke-posete\/","og_site_name":"The Royal Family of Serbia","article_publisher":"https:\/\/www.facebook.com\/Prestolonaslednik.Aleksandar","article_published_time":"2023-05-10T12:03:32+00:00","article_modified_time":"2023-05-10T12:06:29+00:00","og_image":[{"width":1542,"height":750,"url":"https:\/\/royalfamily.org\/wp-content\/uploads\/2023\/05\/COVER-TOB.jpg","type":"image\/jpeg"}],"author":"Stefan Milanovic","twitter_card":"summary_large_image","twitter_misc":{"Written by":"Stefan Milanovic"},"schema":{"@context":"https:\/\/schema.org","@graph":[{"@type":"Article","@id":"https:\/\/royalfamily.org\/lat\/kraljevski-kompleks-ponovno-otvoren-za-turisticke-posete\/#article","isPartOf":{"@id":"https:\/\/royalfamily.org\/lat\/kraljevski-kompleks-ponovno-otvoren-za-turisticke-posete\/"},"author":{"name":"Stefan Milanovic","@id":"https:\/\/royalfamily.org\/#\/schema\/person\/4ad3296a6a8a35eed333b6a785e9f648"},"headline":"KRALjEVSKI KOMPLEKS PONOVNO OTVOREN ZA TURISTI\u010cKE POSETE","datePublished":"2023-05-10T12:03:32+00:00","dateModified":"2023-05-10T12:06:29+00:00","mainEntityOfPage":{"@id":"https:\/\/royalfamily.org\/lat\/kraljevski-kompleks-ponovno-otvoren-za-turisticke-posete\/"},"wordCount":2628,"publisher":{"@id":"https:\/\/royalfamily.org\/#organization"},"image":{"@id":"https:\/\/royalfamily.org\/lat\/kraljevski-kompleks-ponovno-otvoren-za-turisticke-posete\/#primaryimage"},"thumbnailUrl":"https:\/\/royalfamily.org\/wp-content\/uploads\/2023\/05\/COVER-TOB.jpg","articleSection":["Vesti"],"inLanguage":"sr-LT"},{"@type":"WebPage","@id":"https:\/\/royalfamily.org\/lat\/kraljevski-kompleks-ponovno-otvoren-za-turisticke-posete\/","url":"https:\/\/royalfamily.org\/lat\/kraljevski-kompleks-ponovno-otvoren-za-turisticke-posete\/","name":"KRALjEVSKI KOMPLEKS PONOVNO OTVOREN ZA TURISTI\u010cKE POSETE - The Royal Family of Serbia","isPartOf":{"@id":"https:\/\/royalfamily.org\/#website"},"primaryImageOfPage":{"@id":"https:\/\/royalfamily.org\/lat\/kraljevski-kompleks-ponovno-otvoren-za-turisticke-posete\/#primaryimage"},"image":{"@id":"https:\/\/royalfamily.org\/lat\/kraljevski-kompleks-ponovno-otvoren-za-turisticke-posete\/#primaryimage"},"thumbnailUrl":"https:\/\/royalfamily.org\/wp-content\/uploads\/2023\/05\/COVER-TOB.jpg","datePublished":"2023-05-10T12:03:32+00:00","dateModified":"2023-05-10T12:06:29+00:00","breadcrumb":{"@id":"https:\/\/royalfamily.org\/lat\/kraljevski-kompleks-ponovno-otvoren-za-turisticke-posete\/#breadcrumb"},"inLanguage":"sr-LT","potentialAction":[{"@type":"ReadAction","target":["https:\/\/royalfamily.org\/lat\/kraljevski-kompleks-ponovno-otvoren-za-turisticke-posete\/"]}]},{"@type":"ImageObject","inLanguage":"sr-LT","@id":"https:\/\/royalfamily.org\/lat\/kraljevski-kompleks-ponovno-otvoren-za-turisticke-posete\/#primaryimage","url":"https:\/\/royalfamily.org\/wp-content\/uploads\/2023\/05\/COVER-TOB.jpg","contentUrl":"https:\/\/royalfamily.org\/wp-content\/uploads\/2023\/05\/COVER-TOB.jpg","width":1542,"height":750,"caption":"KRALjEVSKI KOMPLEKS PONOVNO OTVOREN ZA TURISTI\u010cKE POSETE"},{"@type":"BreadcrumbList","@id":"https:\/\/royalfamily.org\/lat\/kraljevski-kompleks-ponovno-otvoren-za-turisticke-posete\/#breadcrumb","itemListElement":[{"@type":"ListItem","position":1,"name":"Home","item":"https:\/\/royalfamily.org\/lat\/"},{"@type":"ListItem","position":2,"name":"KRALjEVSKI KOMPLEKS PONOVNO OTVOREN ZA TURISTI\u010cKE POSETE"}]},{"@type":"WebSite","@id":"https:\/\/royalfamily.org\/#website","url":"https:\/\/royalfamily.org\/","name":"The Royal Family of Serbia","description":"From the people, for the people","publisher":{"@id":"https:\/\/royalfamily.org\/#organization"},"potentialAction":[{"@type":"SearchAction","target":{"@type":"EntryPoint","urlTemplate":"https:\/\/royalfamily.org\/?s={search_term_string}"},"query-input":{"@type":"PropertyValueSpecification","valueRequired":true,"valueName":"search_term_string"}}],"inLanguage":"sr-LT"},{"@type":"Organization","@id":"https:\/\/royalfamily.org\/#organization","name":"Royal Family","url":"https:\/\/royalfamily.org\/","logo":{"@type":"ImageObject","inLanguage":"sr-LT","@id":"https:\/\/royalfamily.org\/#\/schema\/logo\/image\/","url":"https:\/\/royalfamily.org\/wp-content\/uploads\/2019\/04\/logo-vector-02-V-latinica.png","contentUrl":"https:\/\/royalfamily.org\/wp-content\/uploads\/2019\/04\/logo-vector-02-V-latinica.png","width":552,"height":99,"caption":"Royal Family"},"image":{"@id":"https:\/\/royalfamily.org\/#\/schema\/logo\/image\/"},"sameAs":["https:\/\/www.facebook.com\/Prestolonaslednik.Aleksandar"]},{"@type":"Person","@id":"https:\/\/royalfamily.org\/#\/schema\/person\/4ad3296a6a8a35eed333b6a785e9f648","name":"Stefan Milanovic","image":{"@type":"ImageObject","inLanguage":"sr-LT","@id":"https:\/\/secure.gravatar.com\/avatar\/92dcbdcf3e32112a9ceb1e41665b1f44c69382d014cacfe12c701f6af7c40259?s=96&d=mm&r=g","url":"https:\/\/secure.gravatar.com\/avatar\/92dcbdcf3e32112a9ceb1e41665b1f44c69382d014cacfe12c701f6af7c40259?s=96&d=mm&r=g","contentUrl":"https:\/\/secure.gravatar.com\/avatar\/92dcbdcf3e32112a9ceb1e41665b1f44c69382d014cacfe12c701f6af7c40259?s=96&d=mm&r=g","caption":"Stefan Milanovic"}}]}},"_links":{"self":[{"href":"https:\/\/royalfamily.org\/lat\/wp-json\/wp\/v2\/posts\/85990","targetHints":{"allow":["GET"]}}],"collection":[{"href":"https:\/\/royalfamily.org\/lat\/wp-json\/wp\/v2\/posts"}],"about":[{"href":"https:\/\/royalfamily.org\/lat\/wp-json\/wp\/v2\/types\/post"}],"author":[{"embeddable":true,"href":"https:\/\/royalfamily.org\/lat\/wp-json\/wp\/v2\/users\/1001015"}],"replies":[{"embeddable":true,"href":"https:\/\/royalfamily.org\/lat\/wp-json\/wp\/v2\/comments?post=85990"}],"version-history":[{"count":1,"href":"https:\/\/royalfamily.org\/lat\/wp-json\/wp\/v2\/posts\/85990\/revisions"}],"predecessor-version":[{"id":85991,"href":"https:\/\/royalfamily.org\/lat\/wp-json\/wp\/v2\/posts\/85990\/revisions\/85991"}],"wp:featuredmedia":[{"embeddable":true,"href":"https:\/\/royalfamily.org\/lat\/wp-json\/wp\/v2\/media\/85987"}],"wp:attachment":[{"href":"https:\/\/royalfamily.org\/lat\/wp-json\/wp\/v2\/media?parent=85990"}],"wp:term":[{"taxonomy":"category","embeddable":true,"href":"https:\/\/royalfamily.org\/lat\/wp-json\/wp\/v2\/categories?post=85990"},{"taxonomy":"post_tag","embeddable":true,"href":"https:\/\/royalfamily.org\/lat\/wp-json\/wp\/v2\/tags?post=85990"}],"curies":[{"name":"wp","href":"https:\/\/api.w.org\/{rel}","templated":true}]}}