{"id":86019,"date":"2023-05-15T11:53:02","date_gmt":"2023-05-15T09:53:02","guid":{"rendered":"https:\/\/royalfamily.org\/?p=86019"},"modified":"2023-05-15T11:53:03","modified_gmt":"2023-05-15T09:53:03","slug":"pocelo-snimanje-serije-o-zivotu-prestolonaslednika-aleksandra","status":"publish","type":"post","link":"https:\/\/royalfamily.org\/lat\/pocelo-snimanje-serije-o-zivotu-prestolonaslednika-aleksandra\/","title":{"rendered":"PO\u010cELO SNIMANjE SERIJE O \u017dIVOTU PRESTOLONASLEDNIKA ALEKSANDRA"},"content":{"rendered":"<p><div class=\"fusion-fullwidth fullwidth-box fusion-builder-row-1 fusion-flex-container has-pattern-background has-mask-background nonhundred-percent-fullwidth non-hundred-percent-height-scrolling\" style=\"--awb-border-radius-top-left:0px;--awb-border-radius-top-right:0px;--awb-border-radius-bottom-right:0px;--awb-border-radius-bottom-left:0px;--awb-flex-wrap:wrap;\" ><div class=\"fusion-builder-row fusion-row fusion-flex-align-items-flex-start fusion-flex-content-wrap\" style=\"max-width:1227.2px;margin-left: calc(-4% \/ 2 );margin-right: calc(-4% \/ 2 );\"><div class=\"fusion-layout-column fusion_builder_column fusion-builder-column-0 fusion_builder_column_1_1 1_1 fusion-flex-column\" style=\"--awb-bg-size:cover;--awb-width-large:100%;--awb-margin-top-large:0px;--awb-spacing-right-large:1.92%;--awb-margin-bottom-large:20px;--awb-spacing-left-large:1.92%;--awb-width-medium:100%;--awb-order-medium:0;--awb-spacing-right-medium:1.92%;--awb-spacing-left-medium:1.92%;--awb-width-small:100%;--awb-order-small:0;--awb-spacing-right-small:1.92%;--awb-spacing-left-small:1.92%;\"><div class=\"fusion-column-wrapper fusion-column-has-shadow fusion-flex-justify-content-flex-start fusion-content-layout-column\"><div class=\"fusion-text fusion-text-1\"><p>Snimanje dokumentarnog serijala pod radnim naslovom \u201eKruna, dr\u017eava i narod\u201c, koji obuhvata uzbudljivu i zanimljivu \u017eivotnu pri\u010du Nj.K.V. Prestolonaslednika Aleksandra, po\u010delo je krajem marta.<\/p>\n<p>Prvi kadrovi ovog dokumentarca snimljeni su u Londonu u hotelu \u201eKlerid\u017eiz\u201c, bitnoj i pre svega simboli\u010dnoj lokaciji za ovaj projekat, u apartmanu 212 u kom je Prestolonaslednik ro\u0111en 1945. godine. U narednom periodu \u0107e se snimanje nastaviti na raznim lokacijama u Srbiji, ali i u drugim zemljama, uz u\u010de\u0161\u0107e brojnih poznatih li\u010dnosti.<\/p>\n<p>\u201eSre\u0107an sam \u0161to je snimanje po\u010delo upravo na mestu odakle je moj put krenuo i radujem se daljem u\u010de\u0161\u0107u u ovom projektu i pri\u010di o nekim trenucima iz mog \u017eivota, za koje sam siguran da \u0107e biti zanimljivi \u0161iroj javnosti. Tako\u0111e, drago mi je \u0161to \u0107e jo\u0161 mnogo ljudi u\u010destvovati i pridru\u017eiti mi se u pri\u010danju moje \u017eivotne pri\u010de\u201c, rekao je Nj.K.V. Prestolonaslednik Aleksandar.<\/p>\n<p>Dokumentarnu seriju samostalno producira Lazar Vukovi\u0107 i njegova produkcijska ku\u0107a \u201eWolf Entertainment\u201c, koji je publici u Srbiji dobro poznat po jednom od njegovih prethodnih dokumentaraca &#8211; \u201eBojsi u Beogradu\u201c. \u201ePo\u010dastvovan sam \u0161to radim sa Nj.K.V. Prestolonaslednikom Aleksandrom na ovako zna\u010dajnom projektu koji govori o ljubavi prema svom narodu i svojoj zemlji. Imamo mnogo zanimljivih pri\u010da i dubokih analiza koje \u0107e ovu dokumentarnu seriju u\u010diniti zaista veoma interesantnom i gledanom. Postoji interesovanje velikih emitera, me\u0111utim, va\u017eno je da ovo kreiramo nezavisno, tako da Njegovo Kraljevsko Viso\u010danstvo ima potpunu ure\u0111iva\u010dku kontrolu.\u201c<\/p>\n<p>Za vi\u0161e informacija posetite:<\/p>\n<p><a href=\"https:\/\/www.wolf-entertainment.com\/crown\">https:\/\/www.wolf-entertainment.com\/crown<\/a><\/p>\n<\/div><\/div><\/div><\/div><\/div><div class=\"fusion-fullwidth fullwidth-box fusion-builder-row-2 fusion-flex-container has-pattern-background has-mask-background nonhundred-percent-fullwidth non-hundred-percent-height-scrolling\" style=\"--awb-border-radius-top-left:0px;--awb-border-radius-top-right:0px;--awb-border-radius-bottom-right:0px;--awb-border-radius-bottom-left:0px;--awb-flex-wrap:wrap;\" ><div class=\"fusion-builder-row fusion-row fusion-flex-align-items-flex-start fusion-flex-content-wrap\" style=\"max-width:1227.2px;margin-left: calc(-4% \/ 2 );margin-right: calc(-4% \/ 2 );\"><div class=\"fusion-layout-column fusion_builder_column fusion-builder-column-1 fusion_builder_column_1_1 1_1 fusion-flex-column\" style=\"--awb-bg-size:cover;--awb-width-large:100%;--awb-margin-top-large:0px;--awb-spacing-right-large:1.92%;--awb-margin-bottom-large:20px;--awb-spacing-left-large:1.92%;--awb-width-medium:100%;--awb-order-medium:0;--awb-spacing-right-medium:1.92%;--awb-spacing-left-medium:1.92%;--awb-width-small:100%;--awb-order-small:0;--awb-spacing-right-small:1.92%;--awb-spacing-left-small:1.92%;\"><div class=\"fusion-column-wrapper fusion-column-has-shadow fusion-flex-justify-content-flex-start fusion-content-layout-column\"><div class=\"awb-gallery-wrapper awb-gallery-wrapper-1 button-span-no\" style=\"--more-btn-alignment:center;\" data-limit=\"20\" data-page=\"1\"><div style=\"margin:-5px;--awb-bordersize:0px;\" class=\"fusion-gallery fusion-gallery-container fusion-grid-3 fusion-columns-total-3 fusion-gallery-layout-grid fusion-gallery-1\"><div style=\"padding:5px;\" class=\"fusion-grid-column fusion-gallery-column fusion-gallery-column-3 hover-type-none\"><div class=\"fusion-gallery-image\"><a href=\"https:\/\/royalfamily.org\/wp-content\/uploads\/2023\/05\/1.jpg\" data-caption=\"PO\u010cELO SNIMANjE SERIJE O \u017dIVOTU PRESTOLONASLEDNIKA ALEKSANDRA\" rel=\"noreferrer\" data-rel=\"iLightbox[gallery_image_1]\" class=\"fusion-lightbox\" target=\"_self\"><img decoding=\"async\" src=\"https:\/\/royalfamily.org\/wp-content\/uploads\/2023\/05\/1.jpg\" width=\"1240\" height=\"1754\" alt=\"PO\u010cELO SNIMANjE SERIJE O \u017dIVOTU PRESTOLONASLEDNIKA ALEKSANDRA\" title=\"PO\u010cELO SNIMANjE SERIJE O \u017dIVOTU PRESTOLONASLEDNIKA ALEKSANDRA\" aria-label=\"PO\u010cELO SNIMANjE SERIJE O \u017dIVOTU PRESTOLONASLEDNIKA ALEKSANDRA\" class=\"img-responsive wp-image-86007\" srcset=\"https:\/\/royalfamily.org\/wp-content\/uploads\/2023\/05\/1-200x283.jpg 200w, https:\/\/royalfamily.org\/wp-content\/uploads\/2023\/05\/1-400x566.jpg 400w, https:\/\/royalfamily.org\/wp-content\/uploads\/2023\/05\/1-600x849.jpg 600w, https:\/\/royalfamily.org\/wp-content\/uploads\/2023\/05\/1-800x1132.jpg 800w, https:\/\/royalfamily.org\/wp-content\/uploads\/2023\/05\/1-1200x1697.jpg 1200w, https:\/\/royalfamily.org\/wp-content\/uploads\/2023\/05\/1.jpg 1240w\" sizes=\"(min-width: 2200px) 100vw, (min-width: 824px) 390px, (min-width: 732px) 585px, (min-width: 640px) 732px, \" \/><\/a><\/div><\/div><div style=\"padding:5px;\" class=\"fusion-grid-column fusion-gallery-column fusion-gallery-column-3 hover-type-none\"><div class=\"fusion-gallery-image\"><a href=\"https:\/\/royalfamily.org\/wp-content\/uploads\/2023\/05\/2.jpg\" data-caption=\"PO\u010cELO SNIMANjE SERIJE O \u017dIVOTU PRESTOLONASLEDNIKA ALEKSANDRA\" rel=\"noreferrer\" data-rel=\"iLightbox[gallery_image_1]\" class=\"fusion-lightbox\" target=\"_self\"><img decoding=\"async\" src=\"https:\/\/royalfamily.org\/wp-content\/uploads\/2023\/05\/2.jpg\" width=\"1170\" height=\"1165\" alt=\"PO\u010cELO SNIMANjE SERIJE O \u017dIVOTU PRESTOLONASLEDNIKA ALEKSANDRA\" title=\"PO\u010cELO SNIMANjE SERIJE O \u017dIVOTU PRESTOLONASLEDNIKA ALEKSANDRA\" aria-label=\"PO\u010cELO SNIMANjE SERIJE O \u017dIVOTU PRESTOLONASLEDNIKA ALEKSANDRA\" class=\"img-responsive wp-image-86010\" srcset=\"https:\/\/royalfamily.org\/wp-content\/uploads\/2023\/05\/2-200x200.jpg 200w, https:\/\/royalfamily.org\/wp-content\/uploads\/2023\/05\/2-400x398.jpg 400w, https:\/\/royalfamily.org\/wp-content\/uploads\/2023\/05\/2-600x597.jpg 600w, https:\/\/royalfamily.org\/wp-content\/uploads\/2023\/05\/2-800x797.jpg 800w, https:\/\/royalfamily.org\/wp-content\/uploads\/2023\/05\/2.jpg 1170w\" sizes=\"(min-width: 2200px) 100vw, (min-width: 824px) 390px, (min-width: 732px) 585px, (min-width: 640px) 732px, \" \/><\/a><\/div><\/div><div style=\"padding:5px;\" class=\"fusion-grid-column fusion-gallery-column fusion-gallery-column-3 hover-type-none\"><div class=\"fusion-gallery-image\"><a href=\"https:\/\/royalfamily.org\/wp-content\/uploads\/2023\/05\/3.jpg\" data-caption=\"PO\u010cELO SNIMANjE SERIJE O \u017dIVOTU PRESTOLONASLEDNIKA ALEKSANDRA\" rel=\"noreferrer\" data-rel=\"iLightbox[gallery_image_1]\" class=\"fusion-lightbox\" target=\"_self\"><img decoding=\"async\" src=\"https:\/\/royalfamily.org\/wp-content\/uploads\/2023\/05\/3.jpg\" width=\"1170\" height=\"1159\" alt=\"PO\u010cELO SNIMANjE SERIJE O \u017dIVOTU PRESTOLONASLEDNIKA ALEKSANDRA\" title=\"PO\u010cELO SNIMANjE SERIJE O \u017dIVOTU PRESTOLONASLEDNIKA ALEKSANDRA\" aria-label=\"PO\u010cELO SNIMANjE SERIJE O \u017dIVOTU PRESTOLONASLEDNIKA ALEKSANDRA\" class=\"img-responsive wp-image-86013\" srcset=\"https:\/\/royalfamily.org\/wp-content\/uploads\/2023\/05\/3-200x198.jpg 200w, https:\/\/royalfamily.org\/wp-content\/uploads\/2023\/05\/3-400x396.jpg 400w, https:\/\/royalfamily.org\/wp-content\/uploads\/2023\/05\/3-600x594.jpg 600w, https:\/\/royalfamily.org\/wp-content\/uploads\/2023\/05\/3-800x792.jpg 800w, https:\/\/royalfamily.org\/wp-content\/uploads\/2023\/05\/3.jpg 1170w\" sizes=\"(min-width: 2200px) 100vw, (min-width: 824px) 390px, (min-width: 732px) 585px, (min-width: 640px) 732px, \" \/><\/a><\/div><\/div><div class=\"clearfix\"><\/div><\/div><\/div><\/div><\/div><\/div><\/div><\/p>\n","protected":false},"excerpt":{"rendered":"","protected":false},"author":1001015,"featured_media":86016,"comment_status":"closed","ping_status":"closed","sticky":false,"template":"","format":"standard","meta":{"_acf_changed":false,"footnotes":""},"categories":[22],"tags":[],"class_list":["post-86019","post","type-post","status-publish","format-standard","has-post-thumbnail","hentry","category-vesti"],"acf":[],"yoast_head":"<!-- This site is optimized with the Yoast SEO Premium plugin v27.4 (Yoast SEO v27.4) - https:\/\/yoast.com\/product\/yoast-seo-premium-wordpress\/ -->\n<title>PO\u010cELO SNIMANjE SERIJE O \u017dIVOTU PRESTOLONASLEDNIKA ALEKSANDRA - The Royal Family of Serbia<\/title>\n<meta name=\"robots\" content=\"index, follow, max-snippet:-1, max-image-preview:large, max-video-preview:-1\" \/>\n<link rel=\"canonical\" href=\"https:\/\/royalfamily.org\/lat\/pocelo-snimanje-serije-o-zivotu-prestolonaslednika-aleksandra\/\" \/>\n<meta property=\"og:locale\" content=\"en_US\" \/>\n<meta property=\"og:type\" content=\"article\" \/>\n<meta property=\"og:title\" content=\"PO\u010cELO SNIMANjE SERIJE O \u017dIVOTU PRESTOLONASLEDNIKA ALEKSANDRA\" \/>\n<meta property=\"og:url\" content=\"https:\/\/royalfamily.org\/lat\/pocelo-snimanje-serije-o-zivotu-prestolonaslednika-aleksandra\/\" \/>\n<meta property=\"og:site_name\" content=\"The Royal Family of Serbia\" \/>\n<meta property=\"article:publisher\" content=\"https:\/\/www.facebook.com\/Prestolonaslednik.Aleksandar\" \/>\n<meta property=\"article:published_time\" content=\"2023-05-15T09:53:02+00:00\" \/>\n<meta property=\"article:modified_time\" content=\"2023-05-15T09:53:03+00:00\" \/>\n<meta property=\"og:image\" content=\"https:\/\/royalfamily.org\/wp-content\/uploads\/2023\/05\/COVER-dokumentarac.jpg\" \/>\n\t<meta property=\"og:image:width\" content=\"1542\" \/>\n\t<meta property=\"og:image:height\" content=\"750\" \/>\n\t<meta property=\"og:image:type\" content=\"image\/jpeg\" \/>\n<meta name=\"author\" content=\"Stefan Milanovic\" \/>\n<meta name=\"twitter:card\" content=\"summary_large_image\" \/>\n<meta name=\"twitter:label1\" content=\"Written by\" \/>\n\t<meta name=\"twitter:data1\" content=\"Stefan Milanovic\" \/>\n<script type=\"application\/ld+json\" class=\"yoast-schema-graph\">{\"@context\":\"https:\\\/\\\/schema.org\",\"@graph\":[{\"@type\":\"Article\",\"@id\":\"https:\\\/\\\/royalfamily.org\\\/lat\\\/pocelo-snimanje-serije-o-zivotu-prestolonaslednika-aleksandra\\\/#article\",\"isPartOf\":{\"@id\":\"https:\\\/\\\/royalfamily.org\\\/lat\\\/pocelo-snimanje-serije-o-zivotu-prestolonaslednika-aleksandra\\\/\"},\"author\":{\"name\":\"Stefan Milanovic\",\"@id\":\"https:\\\/\\\/royalfamily.org\\\/#\\\/schema\\\/person\\\/4ad3296a6a8a35eed333b6a785e9f648\"},\"headline\":\"PO\u010cELO SNIMANjE SERIJE O \u017dIVOTU PRESTOLONASLEDNIKA ALEKSANDRA\",\"datePublished\":\"2023-05-15T09:53:02+00:00\",\"dateModified\":\"2023-05-15T09:53:03+00:00\",\"mainEntityOfPage\":{\"@id\":\"https:\\\/\\\/royalfamily.org\\\/lat\\\/pocelo-snimanje-serije-o-zivotu-prestolonaslednika-aleksandra\\\/\"},\"wordCount\":2307,\"publisher\":{\"@id\":\"https:\\\/\\\/royalfamily.org\\\/#organization\"},\"image\":{\"@id\":\"https:\\\/\\\/royalfamily.org\\\/lat\\\/pocelo-snimanje-serije-o-zivotu-prestolonaslednika-aleksandra\\\/#primaryimage\"},\"thumbnailUrl\":\"https:\\\/\\\/royalfamily.org\\\/wp-content\\\/uploads\\\/2023\\\/05\\\/COVER-dokumentarac.jpg\",\"articleSection\":[\"Vesti\"],\"inLanguage\":\"sr-LT\"},{\"@type\":\"WebPage\",\"@id\":\"https:\\\/\\\/royalfamily.org\\\/lat\\\/pocelo-snimanje-serije-o-zivotu-prestolonaslednika-aleksandra\\\/\",\"url\":\"https:\\\/\\\/royalfamily.org\\\/lat\\\/pocelo-snimanje-serije-o-zivotu-prestolonaslednika-aleksandra\\\/\",\"name\":\"PO\u010cELO SNIMANjE SERIJE O \u017dIVOTU PRESTOLONASLEDNIKA ALEKSANDRA - The Royal Family of Serbia\",\"isPartOf\":{\"@id\":\"https:\\\/\\\/royalfamily.org\\\/#website\"},\"primaryImageOfPage\":{\"@id\":\"https:\\\/\\\/royalfamily.org\\\/lat\\\/pocelo-snimanje-serije-o-zivotu-prestolonaslednika-aleksandra\\\/#primaryimage\"},\"image\":{\"@id\":\"https:\\\/\\\/royalfamily.org\\\/lat\\\/pocelo-snimanje-serije-o-zivotu-prestolonaslednika-aleksandra\\\/#primaryimage\"},\"thumbnailUrl\":\"https:\\\/\\\/royalfamily.org\\\/wp-content\\\/uploads\\\/2023\\\/05\\\/COVER-dokumentarac.jpg\",\"datePublished\":\"2023-05-15T09:53:02+00:00\",\"dateModified\":\"2023-05-15T09:53:03+00:00\",\"breadcrumb\":{\"@id\":\"https:\\\/\\\/royalfamily.org\\\/lat\\\/pocelo-snimanje-serije-o-zivotu-prestolonaslednika-aleksandra\\\/#breadcrumb\"},\"inLanguage\":\"sr-LT\",\"potentialAction\":[{\"@type\":\"ReadAction\",\"target\":[\"https:\\\/\\\/royalfamily.org\\\/lat\\\/pocelo-snimanje-serije-o-zivotu-prestolonaslednika-aleksandra\\\/\"]}]},{\"@type\":\"ImageObject\",\"inLanguage\":\"sr-LT\",\"@id\":\"https:\\\/\\\/royalfamily.org\\\/lat\\\/pocelo-snimanje-serije-o-zivotu-prestolonaslednika-aleksandra\\\/#primaryimage\",\"url\":\"https:\\\/\\\/royalfamily.org\\\/wp-content\\\/uploads\\\/2023\\\/05\\\/COVER-dokumentarac.jpg\",\"contentUrl\":\"https:\\\/\\\/royalfamily.org\\\/wp-content\\\/uploads\\\/2023\\\/05\\\/COVER-dokumentarac.jpg\",\"width\":1542,\"height\":750,\"caption\":\"PO\u010cELO SNIMANjE SERIJE O \u017dIVOTU PRESTOLONASLEDNIKA ALEKSANDRA\"},{\"@type\":\"BreadcrumbList\",\"@id\":\"https:\\\/\\\/royalfamily.org\\\/lat\\\/pocelo-snimanje-serije-o-zivotu-prestolonaslednika-aleksandra\\\/#breadcrumb\",\"itemListElement\":[{\"@type\":\"ListItem\",\"position\":1,\"name\":\"Home\",\"item\":\"https:\\\/\\\/royalfamily.org\\\/lat\\\/\"},{\"@type\":\"ListItem\",\"position\":2,\"name\":\"PO\u010cELO SNIMANjE SERIJE O \u017dIVOTU PRESTOLONASLEDNIKA ALEKSANDRA\"}]},{\"@type\":\"WebSite\",\"@id\":\"https:\\\/\\\/royalfamily.org\\\/#website\",\"url\":\"https:\\\/\\\/royalfamily.org\\\/\",\"name\":\"The Royal Family of Serbia\",\"description\":\"From the people, for the people\",\"publisher\":{\"@id\":\"https:\\\/\\\/royalfamily.org\\\/#organization\"},\"potentialAction\":[{\"@type\":\"SearchAction\",\"target\":{\"@type\":\"EntryPoint\",\"urlTemplate\":\"https:\\\/\\\/royalfamily.org\\\/?s={search_term_string}\"},\"query-input\":{\"@type\":\"PropertyValueSpecification\",\"valueRequired\":true,\"valueName\":\"search_term_string\"}}],\"inLanguage\":\"sr-LT\"},{\"@type\":\"Organization\",\"@id\":\"https:\\\/\\\/royalfamily.org\\\/#organization\",\"name\":\"Royal Family\",\"url\":\"https:\\\/\\\/royalfamily.org\\\/\",\"logo\":{\"@type\":\"ImageObject\",\"inLanguage\":\"sr-LT\",\"@id\":\"https:\\\/\\\/royalfamily.org\\\/#\\\/schema\\\/logo\\\/image\\\/\",\"url\":\"https:\\\/\\\/royalfamily.org\\\/wp-content\\\/uploads\\\/2019\\\/04\\\/logo-vector-02-V-latinica.png\",\"contentUrl\":\"https:\\\/\\\/royalfamily.org\\\/wp-content\\\/uploads\\\/2019\\\/04\\\/logo-vector-02-V-latinica.png\",\"width\":552,\"height\":99,\"caption\":\"Royal Family\"},\"image\":{\"@id\":\"https:\\\/\\\/royalfamily.org\\\/#\\\/schema\\\/logo\\\/image\\\/\"},\"sameAs\":[\"https:\\\/\\\/www.facebook.com\\\/Prestolonaslednik.Aleksandar\"]},{\"@type\":\"Person\",\"@id\":\"https:\\\/\\\/royalfamily.org\\\/#\\\/schema\\\/person\\\/4ad3296a6a8a35eed333b6a785e9f648\",\"name\":\"Stefan Milanovic\",\"image\":{\"@type\":\"ImageObject\",\"inLanguage\":\"sr-LT\",\"@id\":\"https:\\\/\\\/secure.gravatar.com\\\/avatar\\\/92dcbdcf3e32112a9ceb1e41665b1f44c69382d014cacfe12c701f6af7c40259?s=96&d=mm&r=g\",\"url\":\"https:\\\/\\\/secure.gravatar.com\\\/avatar\\\/92dcbdcf3e32112a9ceb1e41665b1f44c69382d014cacfe12c701f6af7c40259?s=96&d=mm&r=g\",\"contentUrl\":\"https:\\\/\\\/secure.gravatar.com\\\/avatar\\\/92dcbdcf3e32112a9ceb1e41665b1f44c69382d014cacfe12c701f6af7c40259?s=96&d=mm&r=g\",\"caption\":\"Stefan Milanovic\"}}]}<\/script>\n<!-- \/ Yoast SEO Premium plugin. -->","yoast_head_json":{"title":"PO\u010cELO SNIMANjE SERIJE O \u017dIVOTU PRESTOLONASLEDNIKA ALEKSANDRA - The Royal Family of Serbia","robots":{"index":"index","follow":"follow","max-snippet":"max-snippet:-1","max-image-preview":"max-image-preview:large","max-video-preview":"max-video-preview:-1"},"canonical":"https:\/\/royalfamily.org\/lat\/pocelo-snimanje-serije-o-zivotu-prestolonaslednika-aleksandra\/","og_locale":"en_US","og_type":"article","og_title":"PO\u010cELO SNIMANjE SERIJE O \u017dIVOTU PRESTOLONASLEDNIKA ALEKSANDRA","og_url":"https:\/\/royalfamily.org\/lat\/pocelo-snimanje-serije-o-zivotu-prestolonaslednika-aleksandra\/","og_site_name":"The Royal Family of Serbia","article_publisher":"https:\/\/www.facebook.com\/Prestolonaslednik.Aleksandar","article_published_time":"2023-05-15T09:53:02+00:00","article_modified_time":"2023-05-15T09:53:03+00:00","og_image":[{"width":1542,"height":750,"url":"https:\/\/royalfamily.org\/wp-content\/uploads\/2023\/05\/COVER-dokumentarac.jpg","type":"image\/jpeg"}],"author":"Stefan Milanovic","twitter_card":"summary_large_image","twitter_misc":{"Written by":"Stefan Milanovic"},"schema":{"@context":"https:\/\/schema.org","@graph":[{"@type":"Article","@id":"https:\/\/royalfamily.org\/lat\/pocelo-snimanje-serije-o-zivotu-prestolonaslednika-aleksandra\/#article","isPartOf":{"@id":"https:\/\/royalfamily.org\/lat\/pocelo-snimanje-serije-o-zivotu-prestolonaslednika-aleksandra\/"},"author":{"name":"Stefan Milanovic","@id":"https:\/\/royalfamily.org\/#\/schema\/person\/4ad3296a6a8a35eed333b6a785e9f648"},"headline":"PO\u010cELO SNIMANjE SERIJE O \u017dIVOTU PRESTOLONASLEDNIKA ALEKSANDRA","datePublished":"2023-05-15T09:53:02+00:00","dateModified":"2023-05-15T09:53:03+00:00","mainEntityOfPage":{"@id":"https:\/\/royalfamily.org\/lat\/pocelo-snimanje-serije-o-zivotu-prestolonaslednika-aleksandra\/"},"wordCount":2307,"publisher":{"@id":"https:\/\/royalfamily.org\/#organization"},"image":{"@id":"https:\/\/royalfamily.org\/lat\/pocelo-snimanje-serije-o-zivotu-prestolonaslednika-aleksandra\/#primaryimage"},"thumbnailUrl":"https:\/\/royalfamily.org\/wp-content\/uploads\/2023\/05\/COVER-dokumentarac.jpg","articleSection":["Vesti"],"inLanguage":"sr-LT"},{"@type":"WebPage","@id":"https:\/\/royalfamily.org\/lat\/pocelo-snimanje-serije-o-zivotu-prestolonaslednika-aleksandra\/","url":"https:\/\/royalfamily.org\/lat\/pocelo-snimanje-serije-o-zivotu-prestolonaslednika-aleksandra\/","name":"PO\u010cELO SNIMANjE SERIJE O \u017dIVOTU PRESTOLONASLEDNIKA ALEKSANDRA - The Royal Family of Serbia","isPartOf":{"@id":"https:\/\/royalfamily.org\/#website"},"primaryImageOfPage":{"@id":"https:\/\/royalfamily.org\/lat\/pocelo-snimanje-serije-o-zivotu-prestolonaslednika-aleksandra\/#primaryimage"},"image":{"@id":"https:\/\/royalfamily.org\/lat\/pocelo-snimanje-serije-o-zivotu-prestolonaslednika-aleksandra\/#primaryimage"},"thumbnailUrl":"https:\/\/royalfamily.org\/wp-content\/uploads\/2023\/05\/COVER-dokumentarac.jpg","datePublished":"2023-05-15T09:53:02+00:00","dateModified":"2023-05-15T09:53:03+00:00","breadcrumb":{"@id":"https:\/\/royalfamily.org\/lat\/pocelo-snimanje-serije-o-zivotu-prestolonaslednika-aleksandra\/#breadcrumb"},"inLanguage":"sr-LT","potentialAction":[{"@type":"ReadAction","target":["https:\/\/royalfamily.org\/lat\/pocelo-snimanje-serije-o-zivotu-prestolonaslednika-aleksandra\/"]}]},{"@type":"ImageObject","inLanguage":"sr-LT","@id":"https:\/\/royalfamily.org\/lat\/pocelo-snimanje-serije-o-zivotu-prestolonaslednika-aleksandra\/#primaryimage","url":"https:\/\/royalfamily.org\/wp-content\/uploads\/2023\/05\/COVER-dokumentarac.jpg","contentUrl":"https:\/\/royalfamily.org\/wp-content\/uploads\/2023\/05\/COVER-dokumentarac.jpg","width":1542,"height":750,"caption":"PO\u010cELO SNIMANjE SERIJE O \u017dIVOTU PRESTOLONASLEDNIKA ALEKSANDRA"},{"@type":"BreadcrumbList","@id":"https:\/\/royalfamily.org\/lat\/pocelo-snimanje-serije-o-zivotu-prestolonaslednika-aleksandra\/#breadcrumb","itemListElement":[{"@type":"ListItem","position":1,"name":"Home","item":"https:\/\/royalfamily.org\/lat\/"},{"@type":"ListItem","position":2,"name":"PO\u010cELO SNIMANjE SERIJE O \u017dIVOTU PRESTOLONASLEDNIKA ALEKSANDRA"}]},{"@type":"WebSite","@id":"https:\/\/royalfamily.org\/#website","url":"https:\/\/royalfamily.org\/","name":"The Royal Family of Serbia","description":"From the people, for the people","publisher":{"@id":"https:\/\/royalfamily.org\/#organization"},"potentialAction":[{"@type":"SearchAction","target":{"@type":"EntryPoint","urlTemplate":"https:\/\/royalfamily.org\/?s={search_term_string}"},"query-input":{"@type":"PropertyValueSpecification","valueRequired":true,"valueName":"search_term_string"}}],"inLanguage":"sr-LT"},{"@type":"Organization","@id":"https:\/\/royalfamily.org\/#organization","name":"Royal Family","url":"https:\/\/royalfamily.org\/","logo":{"@type":"ImageObject","inLanguage":"sr-LT","@id":"https:\/\/royalfamily.org\/#\/schema\/logo\/image\/","url":"https:\/\/royalfamily.org\/wp-content\/uploads\/2019\/04\/logo-vector-02-V-latinica.png","contentUrl":"https:\/\/royalfamily.org\/wp-content\/uploads\/2019\/04\/logo-vector-02-V-latinica.png","width":552,"height":99,"caption":"Royal Family"},"image":{"@id":"https:\/\/royalfamily.org\/#\/schema\/logo\/image\/"},"sameAs":["https:\/\/www.facebook.com\/Prestolonaslednik.Aleksandar"]},{"@type":"Person","@id":"https:\/\/royalfamily.org\/#\/schema\/person\/4ad3296a6a8a35eed333b6a785e9f648","name":"Stefan Milanovic","image":{"@type":"ImageObject","inLanguage":"sr-LT","@id":"https:\/\/secure.gravatar.com\/avatar\/92dcbdcf3e32112a9ceb1e41665b1f44c69382d014cacfe12c701f6af7c40259?s=96&d=mm&r=g","url":"https:\/\/secure.gravatar.com\/avatar\/92dcbdcf3e32112a9ceb1e41665b1f44c69382d014cacfe12c701f6af7c40259?s=96&d=mm&r=g","contentUrl":"https:\/\/secure.gravatar.com\/avatar\/92dcbdcf3e32112a9ceb1e41665b1f44c69382d014cacfe12c701f6af7c40259?s=96&d=mm&r=g","caption":"Stefan Milanovic"}}]}},"_links":{"self":[{"href":"https:\/\/royalfamily.org\/lat\/wp-json\/wp\/v2\/posts\/86019","targetHints":{"allow":["GET"]}}],"collection":[{"href":"https:\/\/royalfamily.org\/lat\/wp-json\/wp\/v2\/posts"}],"about":[{"href":"https:\/\/royalfamily.org\/lat\/wp-json\/wp\/v2\/types\/post"}],"author":[{"embeddable":true,"href":"https:\/\/royalfamily.org\/lat\/wp-json\/wp\/v2\/users\/1001015"}],"replies":[{"embeddable":true,"href":"https:\/\/royalfamily.org\/lat\/wp-json\/wp\/v2\/comments?post=86019"}],"version-history":[{"count":1,"href":"https:\/\/royalfamily.org\/lat\/wp-json\/wp\/v2\/posts\/86019\/revisions"}],"predecessor-version":[{"id":86020,"href":"https:\/\/royalfamily.org\/lat\/wp-json\/wp\/v2\/posts\/86019\/revisions\/86020"}],"wp:featuredmedia":[{"embeddable":true,"href":"https:\/\/royalfamily.org\/lat\/wp-json\/wp\/v2\/media\/86016"}],"wp:attachment":[{"href":"https:\/\/royalfamily.org\/lat\/wp-json\/wp\/v2\/media?parent=86019"}],"wp:term":[{"taxonomy":"category","embeddable":true,"href":"https:\/\/royalfamily.org\/lat\/wp-json\/wp\/v2\/categories?post=86019"},{"taxonomy":"post_tag","embeddable":true,"href":"https:\/\/royalfamily.org\/lat\/wp-json\/wp\/v2\/tags?post=86019"}],"curies":[{"name":"wp","href":"https:\/\/api.w.org\/{rel}","templated":true}]}}