{"id":86054,"date":"2023-05-19T10:26:17","date_gmt":"2023-05-19T08:26:17","guid":{"rendered":"https:\/\/royalfamily.org\/?p=86054"},"modified":"2023-05-19T10:26:19","modified_gmt":"2023-05-19T08:26:19","slug":"prestolonaslednik-domacin-vecere-u-cast-svetog-arhijerejskog-sabora","status":"publish","type":"post","link":"https:\/\/royalfamily.org\/lat\/prestolonaslednik-domacin-vecere-u-cast-svetog-arhijerejskog-sabora\/","title":{"rendered":"PRESTOLONASLEDNIK DOMA\u0106IN VE\u010cERE U \u010cAST SVETOG ARHIJEREJSKOG SABORA"},"content":{"rendered":"<p><div class=\"fusion-fullwidth fullwidth-box fusion-builder-row-1 fusion-flex-container has-pattern-background has-mask-background nonhundred-percent-fullwidth non-hundred-percent-height-scrolling\" style=\"--awb-border-radius-top-left:0px;--awb-border-radius-top-right:0px;--awb-border-radius-bottom-right:0px;--awb-border-radius-bottom-left:0px;--awb-flex-wrap:wrap;\" ><div class=\"fusion-builder-row fusion-row fusion-flex-align-items-flex-start fusion-flex-content-wrap\" style=\"max-width:1227.2px;margin-left: calc(-4% \/ 2 );margin-right: calc(-4% \/ 2 );\"><div class=\"fusion-layout-column fusion_builder_column fusion-builder-column-0 fusion_builder_column_1_1 1_1 fusion-flex-column\" style=\"--awb-bg-size:cover;--awb-width-large:100%;--awb-margin-top-large:0px;--awb-spacing-right-large:1.92%;--awb-margin-bottom-large:20px;--awb-spacing-left-large:1.92%;--awb-width-medium:100%;--awb-order-medium:0;--awb-spacing-right-medium:1.92%;--awb-spacing-left-medium:1.92%;--awb-width-small:100%;--awb-order-small:0;--awb-spacing-right-small:1.92%;--awb-spacing-left-small:1.92%;\"><div class=\"fusion-column-wrapper fusion-column-has-shadow fusion-flex-justify-content-flex-start fusion-content-layout-column\"><div class=\"fusion-text fusion-text-1\"><p>Nj.K.V. Prestolonaslednik Aleksandar je i ove godine bio doma\u0107in tradicionalne ve\u010dere u Belom Dvoru u \u010dast godi\u0161njeg zasedanja Svetog arhijerejskog sabora Srpske pravoslavne crkve, po tradiciji koju je Njegovo Kraljevsko Viso\u010danstvo zapo\u010delo po povratku Kraljevske porodice u Srbiju.<\/p>\n<p>Ve\u010deri su sino\u0107 prisustvovali Njegova Svetost Patrijarh srpski G. Porfirije sa Mitropolitom crnogorsko-primorskim Joanikijem i episkopima Srpske pravoslavne crkve, dr Vladimirom Roganovi\u0107em, direktorom Uprave za saradnju sa crkvama i verskim zajednicama Vlade Srbije, kao i \u010dlanovima savetodavnih tela Krune.<\/p>\n<p>\u201eOvo tradicionalno okupljanje je primer zajedni\u0161tva i saradnje za op\u0161te dobro. Crkva i Kruna su uvek bile bliske i zajedno radile za dobro na\u0161eg naroda i na\u0161e zemlje. Tako \u0107emo nastaviti i u budu\u0107nosti. To su dve institucije na koje \u0107e narod Srbije uvek mo\u0107i da se osloni.<\/p>\n<p>Na\u0161e stare tradicije nas obavezuju, a mudrost na\u0161e crkve je vekovima stara. Ta mudrost nas je provela kroz mnoge pote\u0161ko\u0107e, u\u010dinila nas ja\u010dim i ujedinjenim. Ta mudrost je bila i najsna\u017eniji oslonac za svakog mog pretka, pa i za mene. Znam da \u0107e na\u0161a Crkva na \u010delu sa Patrijarhom Porfirijem nastaviti da vodi na\u0161 narod na putu jedinstva i sloge. Slede\u0107i na\u0161u svetu crkvu, i mi svi \u0107emo ostati na putu na\u0161eg Gospoda\u201c, rekao je Nj.K.V. Prestolonaslednik Aleksandar.<\/p>\n<p>Njegova Svetost Patrijarh srpski Porfirije zahvalio je Njegovom Kraljevskom Viso\u010danstvu na gostoprimstvu, po\u017eeleo sre\u0107u i blagostanje Kraljevskoj porodici, istakav\u0161i da je \u201eglava Kraljevskog doma ujedno i glava srpske porodice. Kraljevski dom je va\u017ean deo ne samo na\u0161e istorije, nego i budu\u0107nosti, on je omogu\u0107io da i na\u0161 narod sija i spolja i iznutra\u201c.<\/p>\n<\/div><\/div><\/div><\/div><\/div><div class=\"fusion-fullwidth fullwidth-box fusion-builder-row-2 fusion-flex-container has-pattern-background has-mask-background nonhundred-percent-fullwidth non-hundred-percent-height-scrolling\" style=\"--awb-border-radius-top-left:0px;--awb-border-radius-top-right:0px;--awb-border-radius-bottom-right:0px;--awb-border-radius-bottom-left:0px;--awb-flex-wrap:wrap;\" ><div class=\"fusion-builder-row fusion-row fusion-flex-align-items-flex-start fusion-flex-content-wrap\" style=\"max-width:1227.2px;margin-left: calc(-4% \/ 2 );margin-right: calc(-4% \/ 2 );\"><div class=\"fusion-layout-column fusion_builder_column fusion-builder-column-1 fusion_builder_column_1_1 1_1 fusion-flex-column\" style=\"--awb-bg-size:cover;--awb-width-large:100%;--awb-margin-top-large:0px;--awb-spacing-right-large:1.92%;--awb-margin-bottom-large:20px;--awb-spacing-left-large:1.92%;--awb-width-medium:100%;--awb-order-medium:0;--awb-spacing-right-medium:1.92%;--awb-spacing-left-medium:1.92%;--awb-width-small:100%;--awb-order-small:0;--awb-spacing-right-small:1.92%;--awb-spacing-left-small:1.92%;\"><div class=\"fusion-column-wrapper fusion-column-has-shadow fusion-flex-justify-content-flex-start fusion-content-layout-column\"><div class=\"awb-gallery-wrapper awb-gallery-wrapper-1 button-span-no\" style=\"--more-btn-alignment:center;\" data-limit=\"20\" data-page=\"1\"><div style=\"margin:-5px;--awb-bordersize:0px;\" class=\"fusion-gallery fusion-gallery-container fusion-grid-3 fusion-columns-total-8 fusion-gallery-layout-grid fusion-gallery-1\"><div style=\"padding:5px;\" class=\"fusion-grid-column fusion-gallery-column fusion-gallery-column-3 hover-type-none\"><div class=\"fusion-gallery-image\"><a href=\"https:\/\/royalfamily.org\/wp-content\/uploads\/2023\/05\/1-8F2A7280m.jpg\" data-caption=\"PRESTOLONASLEDNIK DOMA\u0106IN VE\u010cERE U \u010cAST SVETOG ARHIJEREJSKOG SABORA\" rel=\"noreferrer\" data-rel=\"iLightbox[gallery_image_1]\" class=\"fusion-lightbox\" target=\"_self\"><img decoding=\"async\" src=\"https:\/\/royalfamily.org\/wp-content\/uploads\/2023\/05\/1-8F2A7280m.jpg\" width=\"1772\" height=\"1181\" alt=\"PRESTOLONASLEDNIK DOMA\u0106IN VE\u010cERE U \u010cAST SVETOG ARHIJEREJSKOG SABORA\" title=\"PRESTOLONASLEDNIK DOMA\u0106IN VE\u010cERE U \u010cAST SVETOG ARHIJEREJSKOG SABORA\" aria-label=\"PRESTOLONASLEDNIK DOMA\u0106IN VE\u010cERE U \u010cAST SVETOG ARHIJEREJSKOG SABORA\" class=\"img-responsive wp-image-86027\" srcset=\"https:\/\/royalfamily.org\/wp-content\/uploads\/2023\/05\/1-8F2A7280m-200x133.jpg 200w, https:\/\/royalfamily.org\/wp-content\/uploads\/2023\/05\/1-8F2A7280m-400x267.jpg 400w, https:\/\/royalfamily.org\/wp-content\/uploads\/2023\/05\/1-8F2A7280m-600x400.jpg 600w, https:\/\/royalfamily.org\/wp-content\/uploads\/2023\/05\/1-8F2A7280m-800x533.jpg 800w, https:\/\/royalfamily.org\/wp-content\/uploads\/2023\/05\/1-8F2A7280m-1200x800.jpg 1200w, https:\/\/royalfamily.org\/wp-content\/uploads\/2023\/05\/1-8F2A7280m.jpg 1772w\" sizes=\"(min-width: 2200px) 100vw, (min-width: 824px) 390px, (min-width: 732px) 585px, (min-width: 640px) 732px, \" \/><\/a><\/div><\/div><div style=\"padding:5px;\" class=\"fusion-grid-column fusion-gallery-column fusion-gallery-column-3 hover-type-none\"><div class=\"fusion-gallery-image\"><a href=\"https:\/\/royalfamily.org\/wp-content\/uploads\/2023\/05\/2-8F2A7312m.jpg\" data-caption=\"PRESTOLONASLEDNIK DOMA\u0106IN VE\u010cERE U \u010cAST SVETOG ARHIJEREJSKOG SABORA\" rel=\"noreferrer\" data-rel=\"iLightbox[gallery_image_1]\" class=\"fusion-lightbox\" target=\"_self\"><img decoding=\"async\" src=\"https:\/\/royalfamily.org\/wp-content\/uploads\/2023\/05\/2-8F2A7312m.jpg\" width=\"1772\" height=\"1181\" alt=\"PRESTOLONASLEDNIK DOMA\u0106IN VE\u010cERE U \u010cAST SVETOG ARHIJEREJSKOG SABORA\" title=\"PRESTOLONASLEDNIK DOMA\u0106IN VE\u010cERE U \u010cAST SVETOG ARHIJEREJSKOG SABORA\" aria-label=\"PRESTOLONASLEDNIK DOMA\u0106IN VE\u010cERE U \u010cAST SVETOG ARHIJEREJSKOG SABORA\" class=\"img-responsive wp-image-86030\" srcset=\"https:\/\/royalfamily.org\/wp-content\/uploads\/2023\/05\/2-8F2A7312m-200x133.jpg 200w, https:\/\/royalfamily.org\/wp-content\/uploads\/2023\/05\/2-8F2A7312m-400x267.jpg 400w, https:\/\/royalfamily.org\/wp-content\/uploads\/2023\/05\/2-8F2A7312m-600x400.jpg 600w, https:\/\/royalfamily.org\/wp-content\/uploads\/2023\/05\/2-8F2A7312m-800x533.jpg 800w, https:\/\/royalfamily.org\/wp-content\/uploads\/2023\/05\/2-8F2A7312m-1200x800.jpg 1200w, https:\/\/royalfamily.org\/wp-content\/uploads\/2023\/05\/2-8F2A7312m.jpg 1772w\" sizes=\"(min-width: 2200px) 100vw, (min-width: 824px) 390px, (min-width: 732px) 585px, (min-width: 640px) 732px, \" \/><\/a><\/div><\/div><div style=\"padding:5px;\" class=\"fusion-grid-column fusion-gallery-column fusion-gallery-column-3 hover-type-none\"><div class=\"fusion-gallery-image\"><a href=\"https:\/\/royalfamily.org\/wp-content\/uploads\/2023\/05\/3-8F2A7345m.jpg\" data-caption=\"PRESTOLONASLEDNIK DOMA\u0106IN VE\u010cERE U \u010cAST SVETOG ARHIJEREJSKOG SABORA\" rel=\"noreferrer\" data-rel=\"iLightbox[gallery_image_1]\" class=\"fusion-lightbox\" target=\"_self\"><img decoding=\"async\" src=\"https:\/\/royalfamily.org\/wp-content\/uploads\/2023\/05\/3-8F2A7345m.jpg\" width=\"1772\" height=\"1181\" alt=\"PRESTOLONASLEDNIK DOMA\u0106IN VE\u010cERE U \u010cAST SVETOG ARHIJEREJSKOG SABORA\" title=\"PRESTOLONASLEDNIK DOMA\u0106IN VE\u010cERE U \u010cAST SVETOG ARHIJEREJSKOG SABORA\" aria-label=\"PRESTOLONASLEDNIK DOMA\u0106IN VE\u010cERE U \u010cAST SVETOG ARHIJEREJSKOG SABORA\" class=\"img-responsive wp-image-86033\" srcset=\"https:\/\/royalfamily.org\/wp-content\/uploads\/2023\/05\/3-8F2A7345m-200x133.jpg 200w, https:\/\/royalfamily.org\/wp-content\/uploads\/2023\/05\/3-8F2A7345m-400x267.jpg 400w, https:\/\/royalfamily.org\/wp-content\/uploads\/2023\/05\/3-8F2A7345m-600x400.jpg 600w, https:\/\/royalfamily.org\/wp-content\/uploads\/2023\/05\/3-8F2A7345m-800x533.jpg 800w, https:\/\/royalfamily.org\/wp-content\/uploads\/2023\/05\/3-8F2A7345m-1200x800.jpg 1200w, https:\/\/royalfamily.org\/wp-content\/uploads\/2023\/05\/3-8F2A7345m.jpg 1772w\" sizes=\"(min-width: 2200px) 100vw, (min-width: 824px) 390px, (min-width: 732px) 585px, (min-width: 640px) 732px, \" \/><\/a><\/div><\/div><div class=\"clearfix\"><\/div><div style=\"padding:5px;\" class=\"fusion-grid-column fusion-gallery-column fusion-gallery-column-3 hover-type-none\"><div class=\"fusion-gallery-image\"><a href=\"https:\/\/royalfamily.org\/wp-content\/uploads\/2023\/05\/4-8F2A7289m.jpg\" data-caption=\"PRESTOLONASLEDNIK DOMA\u0106IN VE\u010cERE U \u010cAST SVETOG ARHIJEREJSKOG SABORA\" rel=\"noreferrer\" data-rel=\"iLightbox[gallery_image_1]\" class=\"fusion-lightbox\" target=\"_self\"><img decoding=\"async\" src=\"https:\/\/royalfamily.org\/wp-content\/uploads\/2023\/05\/4-8F2A7289m.jpg\" width=\"1772\" height=\"1181\" alt=\"PRESTOLONASLEDNIK DOMA\u0106IN VE\u010cERE U \u010cAST SVETOG ARHIJEREJSKOG SABORA\" title=\"PRESTOLONASLEDNIK DOMA\u0106IN VE\u010cERE U \u010cAST SVETOG ARHIJEREJSKOG SABORA\" aria-label=\"PRESTOLONASLEDNIK DOMA\u0106IN VE\u010cERE U \u010cAST SVETOG ARHIJEREJSKOG SABORA\" class=\"img-responsive wp-image-86036\" srcset=\"https:\/\/royalfamily.org\/wp-content\/uploads\/2023\/05\/4-8F2A7289m-200x133.jpg 200w, https:\/\/royalfamily.org\/wp-content\/uploads\/2023\/05\/4-8F2A7289m-400x267.jpg 400w, https:\/\/royalfamily.org\/wp-content\/uploads\/2023\/05\/4-8F2A7289m-600x400.jpg 600w, https:\/\/royalfamily.org\/wp-content\/uploads\/2023\/05\/4-8F2A7289m-800x533.jpg 800w, https:\/\/royalfamily.org\/wp-content\/uploads\/2023\/05\/4-8F2A7289m-1200x800.jpg 1200w, https:\/\/royalfamily.org\/wp-content\/uploads\/2023\/05\/4-8F2A7289m.jpg 1772w\" sizes=\"(min-width: 2200px) 100vw, (min-width: 824px) 390px, (min-width: 732px) 585px, (min-width: 640px) 732px, \" \/><\/a><\/div><\/div><div style=\"padding:5px;\" class=\"fusion-grid-column fusion-gallery-column fusion-gallery-column-3 hover-type-none\"><div class=\"fusion-gallery-image\"><a href=\"https:\/\/royalfamily.org\/wp-content\/uploads\/2023\/05\/5-8F2A7292m.jpg\" data-caption=\"PRESTOLONASLEDNIK DOMA\u0106IN VE\u010cERE U \u010cAST SVETOG ARHIJEREJSKOG SABORA\" rel=\"noreferrer\" data-rel=\"iLightbox[gallery_image_1]\" class=\"fusion-lightbox\" target=\"_self\"><img decoding=\"async\" src=\"https:\/\/royalfamily.org\/wp-content\/uploads\/2023\/05\/5-8F2A7292m.jpg\" width=\"1181\" height=\"1772\" alt=\"PRESTOLONASLEDNIK DOMA\u0106IN VE\u010cERE U \u010cAST SVETOG ARHIJEREJSKOG SABORA\" title=\"PRESTOLONASLEDNIK DOMA\u0106IN VE\u010cERE U \u010cAST SVETOG ARHIJEREJSKOG SABORA\" aria-label=\"PRESTOLONASLEDNIK DOMA\u0106IN VE\u010cERE U \u010cAST SVETOG ARHIJEREJSKOG SABORA\" class=\"img-responsive wp-image-86039\" srcset=\"https:\/\/royalfamily.org\/wp-content\/uploads\/2023\/05\/5-8F2A7292m-200x300.jpg 200w, https:\/\/royalfamily.org\/wp-content\/uploads\/2023\/05\/5-8F2A7292m-400x600.jpg 400w, https:\/\/royalfamily.org\/wp-content\/uploads\/2023\/05\/5-8F2A7292m-600x900.jpg 600w, https:\/\/royalfamily.org\/wp-content\/uploads\/2023\/05\/5-8F2A7292m-800x1200.jpg 800w, https:\/\/royalfamily.org\/wp-content\/uploads\/2023\/05\/5-8F2A7292m.jpg 1181w\" sizes=\"(min-width: 2200px) 100vw, (min-width: 824px) 390px, (min-width: 732px) 585px, (min-width: 640px) 732px, \" \/><\/a><\/div><\/div><div style=\"padding:5px;\" class=\"fusion-grid-column fusion-gallery-column fusion-gallery-column-3 hover-type-none\"><div class=\"fusion-gallery-image\"><a href=\"https:\/\/royalfamily.org\/wp-content\/uploads\/2023\/05\/6-8F2A7362m.jpg\" data-caption=\"PRESTOLONASLEDNIK DOMA\u0106IN VE\u010cERE U \u010cAST SVETOG ARHIJEREJSKOG SABORA\" rel=\"noreferrer\" data-rel=\"iLightbox[gallery_image_1]\" class=\"fusion-lightbox\" target=\"_self\"><img decoding=\"async\" src=\"https:\/\/royalfamily.org\/wp-content\/uploads\/2023\/05\/6-8F2A7362m.jpg\" width=\"1772\" height=\"1181\" alt=\"PRESTOLONASLEDNIK DOMA\u0106IN VE\u010cERE U \u010cAST SVETOG ARHIJEREJSKOG SABORA\" title=\"PRESTOLONASLEDNIK DOMA\u0106IN VE\u010cERE U \u010cAST SVETOG ARHIJEREJSKOG SABORA\" aria-label=\"PRESTOLONASLEDNIK DOMA\u0106IN VE\u010cERE U \u010cAST SVETOG ARHIJEREJSKOG SABORA\" class=\"img-responsive wp-image-86042\" srcset=\"https:\/\/royalfamily.org\/wp-content\/uploads\/2023\/05\/6-8F2A7362m-200x133.jpg 200w, https:\/\/royalfamily.org\/wp-content\/uploads\/2023\/05\/6-8F2A7362m-400x267.jpg 400w, https:\/\/royalfamily.org\/wp-content\/uploads\/2023\/05\/6-8F2A7362m-600x400.jpg 600w, https:\/\/royalfamily.org\/wp-content\/uploads\/2023\/05\/6-8F2A7362m-800x533.jpg 800w, https:\/\/royalfamily.org\/wp-content\/uploads\/2023\/05\/6-8F2A7362m-1200x800.jpg 1200w, https:\/\/royalfamily.org\/wp-content\/uploads\/2023\/05\/6-8F2A7362m.jpg 1772w\" sizes=\"(min-width: 2200px) 100vw, (min-width: 824px) 390px, (min-width: 732px) 585px, (min-width: 640px) 732px, \" \/><\/a><\/div><\/div><div class=\"clearfix\"><\/div><div style=\"padding:5px;\" class=\"fusion-grid-column fusion-gallery-column fusion-gallery-column-3 hover-type-none\"><div class=\"fusion-gallery-image\"><a href=\"https:\/\/royalfamily.org\/wp-content\/uploads\/2023\/05\/7-8F2A7366m.jpg\" data-caption=\"PRESTOLONASLEDNIK DOMA\u0106IN VE\u010cERE U \u010cAST SVETOG ARHIJEREJSKOG SABORA\" rel=\"noreferrer\" data-rel=\"iLightbox[gallery_image_1]\" class=\"fusion-lightbox\" target=\"_self\"><img decoding=\"async\" src=\"https:\/\/royalfamily.org\/wp-content\/uploads\/2023\/05\/7-8F2A7366m.jpg\" width=\"1772\" height=\"1181\" alt=\"PRESTOLONASLEDNIK DOMA\u0106IN VE\u010cERE U \u010cAST SVETOG ARHIJEREJSKOG SABORA\" title=\"PRESTOLONASLEDNIK DOMA\u0106IN VE\u010cERE U \u010cAST SVETOG ARHIJEREJSKOG SABORA\" aria-label=\"PRESTOLONASLEDNIK DOMA\u0106IN VE\u010cERE U \u010cAST SVETOG ARHIJEREJSKOG SABORA\" class=\"img-responsive wp-image-86045\" srcset=\"https:\/\/royalfamily.org\/wp-content\/uploads\/2023\/05\/7-8F2A7366m-200x133.jpg 200w, https:\/\/royalfamily.org\/wp-content\/uploads\/2023\/05\/7-8F2A7366m-400x267.jpg 400w, https:\/\/royalfamily.org\/wp-content\/uploads\/2023\/05\/7-8F2A7366m-600x400.jpg 600w, https:\/\/royalfamily.org\/wp-content\/uploads\/2023\/05\/7-8F2A7366m-800x533.jpg 800w, https:\/\/royalfamily.org\/wp-content\/uploads\/2023\/05\/7-8F2A7366m-1200x800.jpg 1200w, https:\/\/royalfamily.org\/wp-content\/uploads\/2023\/05\/7-8F2A7366m.jpg 1772w\" sizes=\"(min-width: 2200px) 100vw, (min-width: 824px) 390px, (min-width: 732px) 585px, (min-width: 640px) 732px, \" \/><\/a><\/div><\/div><div style=\"padding:5px;\" class=\"fusion-grid-column fusion-gallery-column fusion-gallery-column-3 hover-type-none\"><div class=\"fusion-gallery-image\"><a href=\"https:\/\/royalfamily.org\/wp-content\/uploads\/2023\/05\/8-8F2A7365m.jpg\" data-caption=\"PRESTOLONASLEDNIK DOMA\u0106IN VE\u010cERE U \u010cAST SVETOG ARHIJEREJSKOG SABORA\" rel=\"noreferrer\" data-rel=\"iLightbox[gallery_image_1]\" class=\"fusion-lightbox\" target=\"_self\"><img decoding=\"async\" src=\"https:\/\/royalfamily.org\/wp-content\/uploads\/2023\/05\/8-8F2A7365m.jpg\" width=\"1772\" height=\"1181\" alt=\"PRESTOLONASLEDNIK DOMA\u0106IN VE\u010cERE U \u010cAST SVETOG ARHIJEREJSKOG SABORA\" title=\"PRESTOLONASLEDNIK DOMA\u0106IN VE\u010cERE U \u010cAST SVETOG ARHIJEREJSKOG SABORA\" aria-label=\"PRESTOLONASLEDNIK DOMA\u0106IN VE\u010cERE U \u010cAST SVETOG ARHIJEREJSKOG SABORA\" class=\"img-responsive wp-image-86048\" srcset=\"https:\/\/royalfamily.org\/wp-content\/uploads\/2023\/05\/8-8F2A7365m-200x133.jpg 200w, https:\/\/royalfamily.org\/wp-content\/uploads\/2023\/05\/8-8F2A7365m-400x267.jpg 400w, https:\/\/royalfamily.org\/wp-content\/uploads\/2023\/05\/8-8F2A7365m-600x400.jpg 600w, https:\/\/royalfamily.org\/wp-content\/uploads\/2023\/05\/8-8F2A7365m-800x533.jpg 800w, https:\/\/royalfamily.org\/wp-content\/uploads\/2023\/05\/8-8F2A7365m-1200x800.jpg 1200w, https:\/\/royalfamily.org\/wp-content\/uploads\/2023\/05\/8-8F2A7365m.jpg 1772w\" sizes=\"(min-width: 2200px) 100vw, (min-width: 824px) 390px, (min-width: 732px) 585px, (min-width: 640px) 732px, \" \/><\/a><\/div><\/div><\/div><\/div><\/div><\/div><\/div><\/div><\/p>\n","protected":false},"excerpt":{"rendered":"","protected":false},"author":1001015,"featured_media":86051,"comment_status":"closed","ping_status":"closed","sticky":false,"template":"","format":"standard","meta":{"_acf_changed":false,"footnotes":""},"categories":[22],"tags":[],"class_list":["post-86054","post","type-post","status-publish","format-standard","has-post-thumbnail","hentry","category-vesti"],"acf":[],"yoast_head":"<!-- This site is optimized with the Yoast SEO Premium plugin v27.4 (Yoast SEO v27.4) - https:\/\/yoast.com\/product\/yoast-seo-premium-wordpress\/ -->\n<title>PRESTOLONASLEDNIK DOMA\u0106IN VE\u010cERE U \u010cAST SVETOG ARHIJEREJSKOG SABORA - The Royal Family of Serbia<\/title>\n<meta name=\"robots\" content=\"index, follow, max-snippet:-1, max-image-preview:large, max-video-preview:-1\" \/>\n<link rel=\"canonical\" href=\"https:\/\/royalfamily.org\/lat\/prestolonaslednik-domacin-vecere-u-cast-svetog-arhijerejskog-sabora\/\" \/>\n<meta property=\"og:locale\" content=\"en_US\" \/>\n<meta property=\"og:type\" content=\"article\" \/>\n<meta property=\"og:title\" content=\"PRESTOLONASLEDNIK DOMA\u0106IN VE\u010cERE U \u010cAST SVETOG ARHIJEREJSKOG SABORA\" \/>\n<meta property=\"og:url\" content=\"https:\/\/royalfamily.org\/lat\/prestolonaslednik-domacin-vecere-u-cast-svetog-arhijerejskog-sabora\/\" \/>\n<meta property=\"og:site_name\" content=\"The Royal Family of Serbia\" \/>\n<meta property=\"article:publisher\" content=\"https:\/\/www.facebook.com\/Prestolonaslednik.Aleksandar\" \/>\n<meta property=\"article:published_time\" content=\"2023-05-19T08:26:17+00:00\" \/>\n<meta property=\"article:modified_time\" content=\"2023-05-19T08:26:19+00:00\" \/>\n<meta property=\"og:image\" content=\"https:\/\/royalfamily.org\/wp-content\/uploads\/2023\/05\/COVER-Sabor-SPC.jpg\" \/>\n\t<meta property=\"og:image:width\" content=\"1542\" \/>\n\t<meta property=\"og:image:height\" content=\"750\" \/>\n\t<meta property=\"og:image:type\" content=\"image\/jpeg\" \/>\n<meta name=\"author\" content=\"Stefan Milanovic\" \/>\n<meta name=\"twitter:card\" content=\"summary_large_image\" \/>\n<meta name=\"twitter:label1\" content=\"Written by\" \/>\n\t<meta name=\"twitter:data1\" content=\"Stefan Milanovic\" \/>\n<script type=\"application\/ld+json\" class=\"yoast-schema-graph\">{\"@context\":\"https:\\\/\\\/schema.org\",\"@graph\":[{\"@type\":\"Article\",\"@id\":\"https:\\\/\\\/royalfamily.org\\\/lat\\\/prestolonaslednik-domacin-vecere-u-cast-svetog-arhijerejskog-sabora\\\/#article\",\"isPartOf\":{\"@id\":\"https:\\\/\\\/royalfamily.org\\\/lat\\\/prestolonaslednik-domacin-vecere-u-cast-svetog-arhijerejskog-sabora\\\/\"},\"author\":{\"name\":\"Stefan Milanovic\",\"@id\":\"https:\\\/\\\/royalfamily.org\\\/#\\\/schema\\\/person\\\/4ad3296a6a8a35eed333b6a785e9f648\"},\"headline\":\"PRESTOLONASLEDNIK DOMA\u0106IN VE\u010cERE U \u010cAST SVETOG ARHIJEREJSKOG SABORA\",\"datePublished\":\"2023-05-19T08:26:17+00:00\",\"dateModified\":\"2023-05-19T08:26:19+00:00\",\"mainEntityOfPage\":{\"@id\":\"https:\\\/\\\/royalfamily.org\\\/lat\\\/prestolonaslednik-domacin-vecere-u-cast-svetog-arhijerejskog-sabora\\\/\"},\"wordCount\":2486,\"publisher\":{\"@id\":\"https:\\\/\\\/royalfamily.org\\\/#organization\"},\"image\":{\"@id\":\"https:\\\/\\\/royalfamily.org\\\/lat\\\/prestolonaslednik-domacin-vecere-u-cast-svetog-arhijerejskog-sabora\\\/#primaryimage\"},\"thumbnailUrl\":\"https:\\\/\\\/royalfamily.org\\\/wp-content\\\/uploads\\\/2023\\\/05\\\/COVER-Sabor-SPC.jpg\",\"articleSection\":[\"Vesti\"],\"inLanguage\":\"sr-LT\"},{\"@type\":\"WebPage\",\"@id\":\"https:\\\/\\\/royalfamily.org\\\/lat\\\/prestolonaslednik-domacin-vecere-u-cast-svetog-arhijerejskog-sabora\\\/\",\"url\":\"https:\\\/\\\/royalfamily.org\\\/lat\\\/prestolonaslednik-domacin-vecere-u-cast-svetog-arhijerejskog-sabora\\\/\",\"name\":\"PRESTOLONASLEDNIK DOMA\u0106IN VE\u010cERE U \u010cAST SVETOG ARHIJEREJSKOG SABORA - The Royal Family of Serbia\",\"isPartOf\":{\"@id\":\"https:\\\/\\\/royalfamily.org\\\/#website\"},\"primaryImageOfPage\":{\"@id\":\"https:\\\/\\\/royalfamily.org\\\/lat\\\/prestolonaslednik-domacin-vecere-u-cast-svetog-arhijerejskog-sabora\\\/#primaryimage\"},\"image\":{\"@id\":\"https:\\\/\\\/royalfamily.org\\\/lat\\\/prestolonaslednik-domacin-vecere-u-cast-svetog-arhijerejskog-sabora\\\/#primaryimage\"},\"thumbnailUrl\":\"https:\\\/\\\/royalfamily.org\\\/wp-content\\\/uploads\\\/2023\\\/05\\\/COVER-Sabor-SPC.jpg\",\"datePublished\":\"2023-05-19T08:26:17+00:00\",\"dateModified\":\"2023-05-19T08:26:19+00:00\",\"breadcrumb\":{\"@id\":\"https:\\\/\\\/royalfamily.org\\\/lat\\\/prestolonaslednik-domacin-vecere-u-cast-svetog-arhijerejskog-sabora\\\/#breadcrumb\"},\"inLanguage\":\"sr-LT\",\"potentialAction\":[{\"@type\":\"ReadAction\",\"target\":[\"https:\\\/\\\/royalfamily.org\\\/lat\\\/prestolonaslednik-domacin-vecere-u-cast-svetog-arhijerejskog-sabora\\\/\"]}]},{\"@type\":\"ImageObject\",\"inLanguage\":\"sr-LT\",\"@id\":\"https:\\\/\\\/royalfamily.org\\\/lat\\\/prestolonaslednik-domacin-vecere-u-cast-svetog-arhijerejskog-sabora\\\/#primaryimage\",\"url\":\"https:\\\/\\\/royalfamily.org\\\/wp-content\\\/uploads\\\/2023\\\/05\\\/COVER-Sabor-SPC.jpg\",\"contentUrl\":\"https:\\\/\\\/royalfamily.org\\\/wp-content\\\/uploads\\\/2023\\\/05\\\/COVER-Sabor-SPC.jpg\",\"width\":1542,\"height\":750,\"caption\":\"PRESTOLONASLEDNIK DOMA\u0106IN VE\u010cERE U \u010cAST SVETOG ARHIJEREJSKOG SABORA\"},{\"@type\":\"BreadcrumbList\",\"@id\":\"https:\\\/\\\/royalfamily.org\\\/lat\\\/prestolonaslednik-domacin-vecere-u-cast-svetog-arhijerejskog-sabora\\\/#breadcrumb\",\"itemListElement\":[{\"@type\":\"ListItem\",\"position\":1,\"name\":\"Home\",\"item\":\"https:\\\/\\\/royalfamily.org\\\/lat\\\/\"},{\"@type\":\"ListItem\",\"position\":2,\"name\":\"PRESTOLONASLEDNIK DOMA\u0106IN VE\u010cERE U \u010cAST SVETOG ARHIJEREJSKOG SABORA\"}]},{\"@type\":\"WebSite\",\"@id\":\"https:\\\/\\\/royalfamily.org\\\/#website\",\"url\":\"https:\\\/\\\/royalfamily.org\\\/\",\"name\":\"The Royal Family of Serbia\",\"description\":\"From the people, for the people\",\"publisher\":{\"@id\":\"https:\\\/\\\/royalfamily.org\\\/#organization\"},\"potentialAction\":[{\"@type\":\"SearchAction\",\"target\":{\"@type\":\"EntryPoint\",\"urlTemplate\":\"https:\\\/\\\/royalfamily.org\\\/?s={search_term_string}\"},\"query-input\":{\"@type\":\"PropertyValueSpecification\",\"valueRequired\":true,\"valueName\":\"search_term_string\"}}],\"inLanguage\":\"sr-LT\"},{\"@type\":\"Organization\",\"@id\":\"https:\\\/\\\/royalfamily.org\\\/#organization\",\"name\":\"Royal Family\",\"url\":\"https:\\\/\\\/royalfamily.org\\\/\",\"logo\":{\"@type\":\"ImageObject\",\"inLanguage\":\"sr-LT\",\"@id\":\"https:\\\/\\\/royalfamily.org\\\/#\\\/schema\\\/logo\\\/image\\\/\",\"url\":\"https:\\\/\\\/royalfamily.org\\\/wp-content\\\/uploads\\\/2019\\\/04\\\/logo-vector-02-V-latinica.png\",\"contentUrl\":\"https:\\\/\\\/royalfamily.org\\\/wp-content\\\/uploads\\\/2019\\\/04\\\/logo-vector-02-V-latinica.png\",\"width\":552,\"height\":99,\"caption\":\"Royal Family\"},\"image\":{\"@id\":\"https:\\\/\\\/royalfamily.org\\\/#\\\/schema\\\/logo\\\/image\\\/\"},\"sameAs\":[\"https:\\\/\\\/www.facebook.com\\\/Prestolonaslednik.Aleksandar\"]},{\"@type\":\"Person\",\"@id\":\"https:\\\/\\\/royalfamily.org\\\/#\\\/schema\\\/person\\\/4ad3296a6a8a35eed333b6a785e9f648\",\"name\":\"Stefan Milanovic\",\"image\":{\"@type\":\"ImageObject\",\"inLanguage\":\"sr-LT\",\"@id\":\"https:\\\/\\\/secure.gravatar.com\\\/avatar\\\/92dcbdcf3e32112a9ceb1e41665b1f44c69382d014cacfe12c701f6af7c40259?s=96&d=mm&r=g\",\"url\":\"https:\\\/\\\/secure.gravatar.com\\\/avatar\\\/92dcbdcf3e32112a9ceb1e41665b1f44c69382d014cacfe12c701f6af7c40259?s=96&d=mm&r=g\",\"contentUrl\":\"https:\\\/\\\/secure.gravatar.com\\\/avatar\\\/92dcbdcf3e32112a9ceb1e41665b1f44c69382d014cacfe12c701f6af7c40259?s=96&d=mm&r=g\",\"caption\":\"Stefan Milanovic\"}}]}<\/script>\n<!-- \/ Yoast SEO Premium plugin. -->","yoast_head_json":{"title":"PRESTOLONASLEDNIK DOMA\u0106IN VE\u010cERE U \u010cAST SVETOG ARHIJEREJSKOG SABORA - The Royal Family of Serbia","robots":{"index":"index","follow":"follow","max-snippet":"max-snippet:-1","max-image-preview":"max-image-preview:large","max-video-preview":"max-video-preview:-1"},"canonical":"https:\/\/royalfamily.org\/lat\/prestolonaslednik-domacin-vecere-u-cast-svetog-arhijerejskog-sabora\/","og_locale":"en_US","og_type":"article","og_title":"PRESTOLONASLEDNIK DOMA\u0106IN VE\u010cERE U \u010cAST SVETOG ARHIJEREJSKOG SABORA","og_url":"https:\/\/royalfamily.org\/lat\/prestolonaslednik-domacin-vecere-u-cast-svetog-arhijerejskog-sabora\/","og_site_name":"The Royal Family of Serbia","article_publisher":"https:\/\/www.facebook.com\/Prestolonaslednik.Aleksandar","article_published_time":"2023-05-19T08:26:17+00:00","article_modified_time":"2023-05-19T08:26:19+00:00","og_image":[{"width":1542,"height":750,"url":"https:\/\/royalfamily.org\/wp-content\/uploads\/2023\/05\/COVER-Sabor-SPC.jpg","type":"image\/jpeg"}],"author":"Stefan Milanovic","twitter_card":"summary_large_image","twitter_misc":{"Written by":"Stefan Milanovic"},"schema":{"@context":"https:\/\/schema.org","@graph":[{"@type":"Article","@id":"https:\/\/royalfamily.org\/lat\/prestolonaslednik-domacin-vecere-u-cast-svetog-arhijerejskog-sabora\/#article","isPartOf":{"@id":"https:\/\/royalfamily.org\/lat\/prestolonaslednik-domacin-vecere-u-cast-svetog-arhijerejskog-sabora\/"},"author":{"name":"Stefan Milanovic","@id":"https:\/\/royalfamily.org\/#\/schema\/person\/4ad3296a6a8a35eed333b6a785e9f648"},"headline":"PRESTOLONASLEDNIK DOMA\u0106IN VE\u010cERE U \u010cAST SVETOG ARHIJEREJSKOG SABORA","datePublished":"2023-05-19T08:26:17+00:00","dateModified":"2023-05-19T08:26:19+00:00","mainEntityOfPage":{"@id":"https:\/\/royalfamily.org\/lat\/prestolonaslednik-domacin-vecere-u-cast-svetog-arhijerejskog-sabora\/"},"wordCount":2486,"publisher":{"@id":"https:\/\/royalfamily.org\/#organization"},"image":{"@id":"https:\/\/royalfamily.org\/lat\/prestolonaslednik-domacin-vecere-u-cast-svetog-arhijerejskog-sabora\/#primaryimage"},"thumbnailUrl":"https:\/\/royalfamily.org\/wp-content\/uploads\/2023\/05\/COVER-Sabor-SPC.jpg","articleSection":["Vesti"],"inLanguage":"sr-LT"},{"@type":"WebPage","@id":"https:\/\/royalfamily.org\/lat\/prestolonaslednik-domacin-vecere-u-cast-svetog-arhijerejskog-sabora\/","url":"https:\/\/royalfamily.org\/lat\/prestolonaslednik-domacin-vecere-u-cast-svetog-arhijerejskog-sabora\/","name":"PRESTOLONASLEDNIK DOMA\u0106IN VE\u010cERE U \u010cAST SVETOG ARHIJEREJSKOG SABORA - The Royal Family of Serbia","isPartOf":{"@id":"https:\/\/royalfamily.org\/#website"},"primaryImageOfPage":{"@id":"https:\/\/royalfamily.org\/lat\/prestolonaslednik-domacin-vecere-u-cast-svetog-arhijerejskog-sabora\/#primaryimage"},"image":{"@id":"https:\/\/royalfamily.org\/lat\/prestolonaslednik-domacin-vecere-u-cast-svetog-arhijerejskog-sabora\/#primaryimage"},"thumbnailUrl":"https:\/\/royalfamily.org\/wp-content\/uploads\/2023\/05\/COVER-Sabor-SPC.jpg","datePublished":"2023-05-19T08:26:17+00:00","dateModified":"2023-05-19T08:26:19+00:00","breadcrumb":{"@id":"https:\/\/royalfamily.org\/lat\/prestolonaslednik-domacin-vecere-u-cast-svetog-arhijerejskog-sabora\/#breadcrumb"},"inLanguage":"sr-LT","potentialAction":[{"@type":"ReadAction","target":["https:\/\/royalfamily.org\/lat\/prestolonaslednik-domacin-vecere-u-cast-svetog-arhijerejskog-sabora\/"]}]},{"@type":"ImageObject","inLanguage":"sr-LT","@id":"https:\/\/royalfamily.org\/lat\/prestolonaslednik-domacin-vecere-u-cast-svetog-arhijerejskog-sabora\/#primaryimage","url":"https:\/\/royalfamily.org\/wp-content\/uploads\/2023\/05\/COVER-Sabor-SPC.jpg","contentUrl":"https:\/\/royalfamily.org\/wp-content\/uploads\/2023\/05\/COVER-Sabor-SPC.jpg","width":1542,"height":750,"caption":"PRESTOLONASLEDNIK DOMA\u0106IN VE\u010cERE U \u010cAST SVETOG ARHIJEREJSKOG SABORA"},{"@type":"BreadcrumbList","@id":"https:\/\/royalfamily.org\/lat\/prestolonaslednik-domacin-vecere-u-cast-svetog-arhijerejskog-sabora\/#breadcrumb","itemListElement":[{"@type":"ListItem","position":1,"name":"Home","item":"https:\/\/royalfamily.org\/lat\/"},{"@type":"ListItem","position":2,"name":"PRESTOLONASLEDNIK DOMA\u0106IN VE\u010cERE U \u010cAST SVETOG ARHIJEREJSKOG SABORA"}]},{"@type":"WebSite","@id":"https:\/\/royalfamily.org\/#website","url":"https:\/\/royalfamily.org\/","name":"The Royal Family of Serbia","description":"From the people, for the people","publisher":{"@id":"https:\/\/royalfamily.org\/#organization"},"potentialAction":[{"@type":"SearchAction","target":{"@type":"EntryPoint","urlTemplate":"https:\/\/royalfamily.org\/?s={search_term_string}"},"query-input":{"@type":"PropertyValueSpecification","valueRequired":true,"valueName":"search_term_string"}}],"inLanguage":"sr-LT"},{"@type":"Organization","@id":"https:\/\/royalfamily.org\/#organization","name":"Royal Family","url":"https:\/\/royalfamily.org\/","logo":{"@type":"ImageObject","inLanguage":"sr-LT","@id":"https:\/\/royalfamily.org\/#\/schema\/logo\/image\/","url":"https:\/\/royalfamily.org\/wp-content\/uploads\/2019\/04\/logo-vector-02-V-latinica.png","contentUrl":"https:\/\/royalfamily.org\/wp-content\/uploads\/2019\/04\/logo-vector-02-V-latinica.png","width":552,"height":99,"caption":"Royal Family"},"image":{"@id":"https:\/\/royalfamily.org\/#\/schema\/logo\/image\/"},"sameAs":["https:\/\/www.facebook.com\/Prestolonaslednik.Aleksandar"]},{"@type":"Person","@id":"https:\/\/royalfamily.org\/#\/schema\/person\/4ad3296a6a8a35eed333b6a785e9f648","name":"Stefan Milanovic","image":{"@type":"ImageObject","inLanguage":"sr-LT","@id":"https:\/\/secure.gravatar.com\/avatar\/92dcbdcf3e32112a9ceb1e41665b1f44c69382d014cacfe12c701f6af7c40259?s=96&d=mm&r=g","url":"https:\/\/secure.gravatar.com\/avatar\/92dcbdcf3e32112a9ceb1e41665b1f44c69382d014cacfe12c701f6af7c40259?s=96&d=mm&r=g","contentUrl":"https:\/\/secure.gravatar.com\/avatar\/92dcbdcf3e32112a9ceb1e41665b1f44c69382d014cacfe12c701f6af7c40259?s=96&d=mm&r=g","caption":"Stefan Milanovic"}}]}},"_links":{"self":[{"href":"https:\/\/royalfamily.org\/lat\/wp-json\/wp\/v2\/posts\/86054","targetHints":{"allow":["GET"]}}],"collection":[{"href":"https:\/\/royalfamily.org\/lat\/wp-json\/wp\/v2\/posts"}],"about":[{"href":"https:\/\/royalfamily.org\/lat\/wp-json\/wp\/v2\/types\/post"}],"author":[{"embeddable":true,"href":"https:\/\/royalfamily.org\/lat\/wp-json\/wp\/v2\/users\/1001015"}],"replies":[{"embeddable":true,"href":"https:\/\/royalfamily.org\/lat\/wp-json\/wp\/v2\/comments?post=86054"}],"version-history":[{"count":1,"href":"https:\/\/royalfamily.org\/lat\/wp-json\/wp\/v2\/posts\/86054\/revisions"}],"predecessor-version":[{"id":86055,"href":"https:\/\/royalfamily.org\/lat\/wp-json\/wp\/v2\/posts\/86054\/revisions\/86055"}],"wp:featuredmedia":[{"embeddable":true,"href":"https:\/\/royalfamily.org\/lat\/wp-json\/wp\/v2\/media\/86051"}],"wp:attachment":[{"href":"https:\/\/royalfamily.org\/lat\/wp-json\/wp\/v2\/media?parent=86054"}],"wp:term":[{"taxonomy":"category","embeddable":true,"href":"https:\/\/royalfamily.org\/lat\/wp-json\/wp\/v2\/categories?post=86054"},{"taxonomy":"post_tag","embeddable":true,"href":"https:\/\/royalfamily.org\/lat\/wp-json\/wp\/v2\/tags?post=86054"}],"curies":[{"name":"wp","href":"https:\/\/api.w.org\/{rel}","templated":true}]}}