{"id":86102,"date":"2023-05-20T18:32:27","date_gmt":"2023-05-20T16:32:27","guid":{"rendered":"https:\/\/royalfamily.org\/?p=86102"},"modified":"2023-05-20T18:32:29","modified_gmt":"2023-05-20T16:32:29","slug":"prestolonaslednik-na-ravnoj-gori-odao-pocast-generalu-mihailovicu","status":"publish","type":"post","link":"https:\/\/royalfamily.org\/lat\/prestolonaslednik-na-ravnoj-gori-odao-pocast-generalu-mihailovicu\/","title":{"rendered":"PRESTOLONASLEDNIK NA RAVNOJ GORI ODAO PO\u010cAST GENERALU MIHAILOVI\u0106U"},"content":{"rendered":"<div class=\"fusion-fullwidth fullwidth-box fusion-builder-row-1 fusion-flex-container nonhundred-percent-fullwidth non-hundred-percent-height-scrolling\" style=\"--awb-border-radius-top-left:0px;--awb-border-radius-top-right:0px;--awb-border-radius-bottom-right:0px;--awb-border-radius-bottom-left:0px;--awb-flex-wrap:wrap;\" ><div class=\"fusion-builder-row fusion-row fusion-flex-align-items-flex-start fusion-flex-content-wrap\" style=\"max-width:1227.2px;margin-left: calc(-4% \/ 2 );margin-right: calc(-4% \/ 2 );\"><div class=\"fusion-layout-column fusion_builder_column fusion-builder-column-0 fusion_builder_column_1_1 1_1 fusion-flex-column\" style=\"--awb-bg-size:cover;--awb-width-large:100%;--awb-margin-top-large:0px;--awb-spacing-right-large:1.92%;--awb-margin-bottom-large:0px;--awb-spacing-left-large:1.92%;--awb-width-medium:100%;--awb-spacing-right-medium:1.92%;--awb-spacing-left-medium:1.92%;--awb-width-small:100%;--awb-spacing-right-small:1.92%;--awb-spacing-left-small:1.92%;\"><div class=\"fusion-column-wrapper fusion-flex-justify-content-flex-start fusion-content-layout-column\"><div class=\"fusion-text fusion-text-1\"><p>Nj.K.V. Prestolonaslednik Aleksandar posetio je danas spomen kompleks na Ravnoj gori i odao po\u0161tu generalu Dragoljubu Dra\u017ei Mihailovi\u0107u i svim herojskim borcima Jugoslovenske vojske u otad\u017ebini.<\/p>\n<p>Manifestaciju je organizovao \u201eRavnogorski pokret SRBIOORS\u201d, a povod posete bila je 82. godi\u0161njica otkako je (u to vreme) pukovnik Dragoljub Mihailovi\u0107 sa grupom od 25 oficira i vojnika do\u0161ao na ovo mesto na planini Suvobor i zapo\u010deo gerilsku borbu protiv nacisti\u010dke okupacije. Kako Prestolonasledniku obaveze nisu dozvoljavale da do\u0111e na Ravnu goru ba\u0161 na samu godi\u0161njicu, poseta je organizovana u prvom slobodnom terminu.<\/p>\n<p>Okupljanje je po\u010delo parastosom u crkvi Svetog Georgija, koji je predvodio arhimandrit Mihailo Bikovi\u0107, iguman manastira Jovanje, sa sve\u0161tenstvom valjevske eparhije, a potom je usledio program i polaganje venaca ispred spomenika generalu Mihailovi\u0107u. Prestolonaslednik je posetio i muzej na Ravnoj gori, posve\u0107en Jugoslovenskoj vojsci u otad\u017ebini.<\/p>\n<p>\u201eSa ovog svetog mesta iskra slobode i otpora okupaciji kao vatra se \u0161irila po celoj zemlji. Jo\u0161 jednom je po\u0161tovan zavet na\u0161ih predaka i jasno pokazan onima koji su nastojali da porobe na\u0161u otad\u017ebinu \u2013 da smo mi narod koji ljubi slobodu, uvek na strani dobra, i da ne trpimo okove.<\/p>\n<p>General Mihailovi\u0107 i njegovi vojnici borili su se na dva fronta, protiv dve ekstremne ideologije, od kojih su obe u suprotnosti sa svakom vrednosti na kojoj na\u0161 narod stoji. U toj borbi uvek su bili verni na\u0161im korenima, na\u0161oj narodnoj ba\u0161tini, i re\u010dima zakletve koju su polo\u017eili \u2013 \u201eS verom u Boga, za Kralja i Otad\u017ebinu!\u201c. Oni su svoje \u017eivote stavili na oltar otad\u017ebine u borbi za pravdu i slobodu. Njihovom \u017ertvom Ravna Gora postala je va\u017ean simbol za svakog pravog rodoljuba u na\u0161oj zemlji.<\/p>\n<p>Iako su oni \u010dija imena ovde ne\u0107u spominjati poku\u0161ali da oklevetaju generala Mihailovi\u0107a, njegovo ime je ostalo slavno i zapam\u0107eno sa velikom ljubavlju i po\u0161tovanjem. Moram re\u0107i da su isto poku\u0161ali i sa imenom mog oca. Ali \u010dasni ljudi nikada nisu verovali u izmi\u0161ljotine zapisane u \u201ezvani\u010dnoj\u201c, diktiranoj istoriji, ve\u0107 su \u010duvali se\u0107anje na istinu. I istina je pobedila, kao i uvek.<\/p>\n<p>Odaju\u0107i po\u010dast tim herojima, svi smo du\u017eni da uvek budemo verni najvi\u0161im vrednostima i idealima pravde, odanosti, jedinstva, po\u0161tenja i pravi\u010dnosti. Neka se ime Ravne Gore uvek izgovara sa ponosom i dostojanstvom. Uvek moramo da budemo svesni koliko je tradicija Jugoslovenske vojske u otad\u017ebini va\u017ena za na\u0161u zemlju, narod i istoriju\u201c, naveo je Nj.K.V. Prestolonaslednik Aleksandar u svom govoru.<\/p>\n<\/div><div class=\"awb-gallery-wrapper awb-gallery-wrapper-1 button-span-no\" style=\"--more-btn-alignment:center;\" data-limit=\"20\" data-page=\"1\"><div style=\"margin:-5px;--awb-bordersize:0px;\" class=\"fusion-gallery fusion-gallery-container fusion-grid-3 fusion-columns-total-11 fusion-gallery-layout-grid fusion-gallery-1\"><div style=\"padding:5px;\" class=\"fusion-grid-column fusion-gallery-column fusion-gallery-column-3 hover-type-none\"><div class=\"fusion-gallery-image\"><a href=\"https:\/\/royalfamily.org\/wp-content\/uploads\/2023\/05\/2-8F2A7607m.jpg\" rel=\"noreferrer\" data-rel=\"iLightbox[gallery_image_1]\" class=\"fusion-lightbox\" target=\"_self\"><img decoding=\"async\" src=\"https:\/\/royalfamily.org\/wp-content\/uploads\/2023\/05\/2-8F2A7607m.jpg\" width=\"1772\" height=\"1181\" alt=\"\" title=\"2 8F2A7607m\" aria-label=\"2 8F2A7607m\" class=\"img-responsive wp-image-86098\" srcset=\"https:\/\/royalfamily.org\/wp-content\/uploads\/2023\/05\/2-8F2A7607m-200x133.jpg 200w, https:\/\/royalfamily.org\/wp-content\/uploads\/2023\/05\/2-8F2A7607m-400x267.jpg 400w, https:\/\/royalfamily.org\/wp-content\/uploads\/2023\/05\/2-8F2A7607m-600x400.jpg 600w, https:\/\/royalfamily.org\/wp-content\/uploads\/2023\/05\/2-8F2A7607m-800x533.jpg 800w, https:\/\/royalfamily.org\/wp-content\/uploads\/2023\/05\/2-8F2A7607m-1200x800.jpg 1200w, https:\/\/royalfamily.org\/wp-content\/uploads\/2023\/05\/2-8F2A7607m.jpg 1772w\" sizes=\"(min-width: 2200px) 100vw, (min-width: 824px) 390px, (min-width: 732px) 585px, (min-width: 640px) 732px, \" \/><\/a><\/div><\/div><div style=\"padding:5px;\" class=\"fusion-grid-column fusion-gallery-column fusion-gallery-column-3 hover-type-none\"><div class=\"fusion-gallery-image\"><a href=\"https:\/\/royalfamily.org\/wp-content\/uploads\/2023\/05\/3-8F2A7578m.jpg\" rel=\"noreferrer\" data-rel=\"iLightbox[gallery_image_1]\" class=\"fusion-lightbox\" target=\"_self\"><img decoding=\"async\" src=\"https:\/\/royalfamily.org\/wp-content\/uploads\/2023\/05\/3-8F2A7578m.jpg\" width=\"1772\" height=\"1181\" alt=\"\" title=\"3 8F2A7578m\" aria-label=\"3 8F2A7578m\" class=\"img-responsive wp-image-86095\" srcset=\"https:\/\/royalfamily.org\/wp-content\/uploads\/2023\/05\/3-8F2A7578m-200x133.jpg 200w, https:\/\/royalfamily.org\/wp-content\/uploads\/2023\/05\/3-8F2A7578m-400x267.jpg 400w, https:\/\/royalfamily.org\/wp-content\/uploads\/2023\/05\/3-8F2A7578m-600x400.jpg 600w, https:\/\/royalfamily.org\/wp-content\/uploads\/2023\/05\/3-8F2A7578m-800x533.jpg 800w, https:\/\/royalfamily.org\/wp-content\/uploads\/2023\/05\/3-8F2A7578m-1200x800.jpg 1200w, https:\/\/royalfamily.org\/wp-content\/uploads\/2023\/05\/3-8F2A7578m.jpg 1772w\" sizes=\"(min-width: 2200px) 100vw, (min-width: 824px) 390px, (min-width: 732px) 585px, (min-width: 640px) 732px, \" \/><\/a><\/div><\/div><div style=\"padding:5px;\" class=\"fusion-grid-column fusion-gallery-column fusion-gallery-column-3 hover-type-none\"><div class=\"fusion-gallery-image\"><a href=\"https:\/\/royalfamily.org\/wp-content\/uploads\/2023\/05\/4-8F2A7806m.jpg\" rel=\"noreferrer\" data-rel=\"iLightbox[gallery_image_1]\" class=\"fusion-lightbox\" target=\"_self\"><img decoding=\"async\" src=\"https:\/\/royalfamily.org\/wp-content\/uploads\/2023\/05\/4-8F2A7806m.jpg\" width=\"1181\" height=\"1772\" alt=\"\" title=\"4 8F2A7806m\" aria-label=\"4 8F2A7806m\" class=\"img-responsive wp-image-86092\" srcset=\"https:\/\/royalfamily.org\/wp-content\/uploads\/2023\/05\/4-8F2A7806m-200x300.jpg 200w, https:\/\/royalfamily.org\/wp-content\/uploads\/2023\/05\/4-8F2A7806m-400x600.jpg 400w, https:\/\/royalfamily.org\/wp-content\/uploads\/2023\/05\/4-8F2A7806m-600x900.jpg 600w, https:\/\/royalfamily.org\/wp-content\/uploads\/2023\/05\/4-8F2A7806m-800x1200.jpg 800w, https:\/\/royalfamily.org\/wp-content\/uploads\/2023\/05\/4-8F2A7806m.jpg 1181w\" sizes=\"(min-width: 2200px) 100vw, (min-width: 824px) 390px, (min-width: 732px) 585px, (min-width: 640px) 732px, \" \/><\/a><\/div><\/div><div class=\"clearfix\"><\/div><div style=\"padding:5px;\" class=\"fusion-grid-column fusion-gallery-column fusion-gallery-column-3 hover-type-none\"><div class=\"fusion-gallery-image\"><a href=\"https:\/\/royalfamily.org\/wp-content\/uploads\/2023\/05\/5-8F2A7622m.jpg\" rel=\"noreferrer\" data-rel=\"iLightbox[gallery_image_1]\" class=\"fusion-lightbox\" target=\"_self\"><img decoding=\"async\" src=\"https:\/\/royalfamily.org\/wp-content\/uploads\/2023\/05\/5-8F2A7622m.jpg\" width=\"1772\" height=\"1181\" alt=\"\" title=\"5 8F2A7622m\" aria-label=\"5 8F2A7622m\" class=\"img-responsive wp-image-86089\" srcset=\"https:\/\/royalfamily.org\/wp-content\/uploads\/2023\/05\/5-8F2A7622m-200x133.jpg 200w, https:\/\/royalfamily.org\/wp-content\/uploads\/2023\/05\/5-8F2A7622m-400x267.jpg 400w, https:\/\/royalfamily.org\/wp-content\/uploads\/2023\/05\/5-8F2A7622m-600x400.jpg 600w, https:\/\/royalfamily.org\/wp-content\/uploads\/2023\/05\/5-8F2A7622m-800x533.jpg 800w, https:\/\/royalfamily.org\/wp-content\/uploads\/2023\/05\/5-8F2A7622m-1200x800.jpg 1200w, https:\/\/royalfamily.org\/wp-content\/uploads\/2023\/05\/5-8F2A7622m.jpg 1772w\" sizes=\"(min-width: 2200px) 100vw, (min-width: 824px) 390px, (min-width: 732px) 585px, (min-width: 640px) 732px, \" \/><\/a><\/div><\/div><div style=\"padding:5px;\" class=\"fusion-grid-column fusion-gallery-column fusion-gallery-column-3 hover-type-none\"><div class=\"fusion-gallery-image\"><a href=\"https:\/\/royalfamily.org\/wp-content\/uploads\/2023\/05\/7-8F2A7816m.jpg\" rel=\"noreferrer\" data-rel=\"iLightbox[gallery_image_1]\" class=\"fusion-lightbox\" target=\"_self\"><img decoding=\"async\" src=\"https:\/\/royalfamily.org\/wp-content\/uploads\/2023\/05\/7-8F2A7816m.jpg\" width=\"1181\" height=\"1772\" alt=\"\" title=\"7 8F2A7816m\" aria-label=\"7 8F2A7816m\" class=\"img-responsive wp-image-86086\" srcset=\"https:\/\/royalfamily.org\/wp-content\/uploads\/2023\/05\/7-8F2A7816m-200x300.jpg 200w, https:\/\/royalfamily.org\/wp-content\/uploads\/2023\/05\/7-8F2A7816m-400x600.jpg 400w, https:\/\/royalfamily.org\/wp-content\/uploads\/2023\/05\/7-8F2A7816m-600x900.jpg 600w, https:\/\/royalfamily.org\/wp-content\/uploads\/2023\/05\/7-8F2A7816m-800x1200.jpg 800w, https:\/\/royalfamily.org\/wp-content\/uploads\/2023\/05\/7-8F2A7816m.jpg 1181w\" sizes=\"(min-width: 2200px) 100vw, (min-width: 824px) 390px, (min-width: 732px) 585px, (min-width: 640px) 732px, \" \/><\/a><\/div><\/div><div style=\"padding:5px;\" class=\"fusion-grid-column fusion-gallery-column fusion-gallery-column-3 hover-type-none\"><div class=\"fusion-gallery-image\"><a href=\"https:\/\/royalfamily.org\/wp-content\/uploads\/2023\/05\/6-8F2A7668m.jpg\" rel=\"noreferrer\" data-rel=\"iLightbox[gallery_image_1]\" class=\"fusion-lightbox\" target=\"_self\"><img decoding=\"async\" src=\"https:\/\/royalfamily.org\/wp-content\/uploads\/2023\/05\/6-8F2A7668m.jpg\" width=\"1772\" height=\"1181\" alt=\"\" title=\"6 8F2A7668m\" aria-label=\"6 8F2A7668m\" class=\"img-responsive wp-image-86083\" srcset=\"https:\/\/royalfamily.org\/wp-content\/uploads\/2023\/05\/6-8F2A7668m-200x133.jpg 200w, https:\/\/royalfamily.org\/wp-content\/uploads\/2023\/05\/6-8F2A7668m-400x267.jpg 400w, https:\/\/royalfamily.org\/wp-content\/uploads\/2023\/05\/6-8F2A7668m-600x400.jpg 600w, https:\/\/royalfamily.org\/wp-content\/uploads\/2023\/05\/6-8F2A7668m-800x533.jpg 800w, https:\/\/royalfamily.org\/wp-content\/uploads\/2023\/05\/6-8F2A7668m-1200x800.jpg 1200w, https:\/\/royalfamily.org\/wp-content\/uploads\/2023\/05\/6-8F2A7668m.jpg 1772w\" sizes=\"(min-width: 2200px) 100vw, (min-width: 824px) 390px, (min-width: 732px) 585px, (min-width: 640px) 732px, \" \/><\/a><\/div><\/div><div class=\"clearfix\"><\/div><div style=\"padding:5px;\" class=\"fusion-grid-column fusion-gallery-column fusion-gallery-column-3 hover-type-none\"><div class=\"fusion-gallery-image\"><a href=\"https:\/\/royalfamily.org\/wp-content\/uploads\/2023\/05\/1-8F2A7718m.jpg\" rel=\"noreferrer\" data-rel=\"iLightbox[gallery_image_1]\" class=\"fusion-lightbox\" target=\"_self\"><img decoding=\"async\" src=\"https:\/\/royalfamily.org\/wp-content\/uploads\/2023\/05\/1-8F2A7718m.jpg\" width=\"1772\" height=\"1181\" alt=\"\" title=\"1 8F2A7718m\" aria-label=\"1 8F2A7718m\" class=\"img-responsive wp-image-86080\" srcset=\"https:\/\/royalfamily.org\/wp-content\/uploads\/2023\/05\/1-8F2A7718m-200x133.jpg 200w, https:\/\/royalfamily.org\/wp-content\/uploads\/2023\/05\/1-8F2A7718m-400x267.jpg 400w, https:\/\/royalfamily.org\/wp-content\/uploads\/2023\/05\/1-8F2A7718m-600x400.jpg 600w, https:\/\/royalfamily.org\/wp-content\/uploads\/2023\/05\/1-8F2A7718m-800x533.jpg 800w, https:\/\/royalfamily.org\/wp-content\/uploads\/2023\/05\/1-8F2A7718m-1200x800.jpg 1200w, https:\/\/royalfamily.org\/wp-content\/uploads\/2023\/05\/1-8F2A7718m.jpg 1772w\" sizes=\"(min-width: 2200px) 100vw, (min-width: 824px) 390px, (min-width: 732px) 585px, (min-width: 640px) 732px, \" \/><\/a><\/div><\/div><div style=\"padding:5px;\" class=\"fusion-grid-column fusion-gallery-column fusion-gallery-column-3 hover-type-none\"><div class=\"fusion-gallery-image\"><a href=\"https:\/\/royalfamily.org\/wp-content\/uploads\/2023\/05\/11-8F2A7932m.jpg\" rel=\"noreferrer\" data-rel=\"iLightbox[gallery_image_1]\" class=\"fusion-lightbox\" target=\"_self\"><img decoding=\"async\" src=\"https:\/\/royalfamily.org\/wp-content\/uploads\/2023\/05\/11-8F2A7932m.jpg\" width=\"1772\" height=\"1181\" alt=\"\" title=\"11 8F2A7932m\" aria-label=\"11 8F2A7932m\" class=\"img-responsive wp-image-86077\" srcset=\"https:\/\/royalfamily.org\/wp-content\/uploads\/2023\/05\/11-8F2A7932m-200x133.jpg 200w, https:\/\/royalfamily.org\/wp-content\/uploads\/2023\/05\/11-8F2A7932m-400x267.jpg 400w, https:\/\/royalfamily.org\/wp-content\/uploads\/2023\/05\/11-8F2A7932m-600x400.jpg 600w, https:\/\/royalfamily.org\/wp-content\/uploads\/2023\/05\/11-8F2A7932m-800x533.jpg 800w, https:\/\/royalfamily.org\/wp-content\/uploads\/2023\/05\/11-8F2A7932m-1200x800.jpg 1200w, https:\/\/royalfamily.org\/wp-content\/uploads\/2023\/05\/11-8F2A7932m.jpg 1772w\" sizes=\"(min-width: 2200px) 100vw, (min-width: 824px) 390px, (min-width: 732px) 585px, (min-width: 640px) 732px, \" \/><\/a><\/div><\/div><div style=\"padding:5px;\" class=\"fusion-grid-column fusion-gallery-column fusion-gallery-column-3 hover-type-none\"><div class=\"fusion-gallery-image\"><a href=\"https:\/\/royalfamily.org\/wp-content\/uploads\/2023\/05\/10-8F2A7563m.jpg\" rel=\"noreferrer\" data-rel=\"iLightbox[gallery_image_1]\" class=\"fusion-lightbox\" target=\"_self\"><img decoding=\"async\" src=\"https:\/\/royalfamily.org\/wp-content\/uploads\/2023\/05\/10-8F2A7563m.jpg\" width=\"1772\" height=\"1181\" alt=\"\" title=\"10 8F2A7563m\" aria-label=\"10 8F2A7563m\" class=\"img-responsive wp-image-86074\" srcset=\"https:\/\/royalfamily.org\/wp-content\/uploads\/2023\/05\/10-8F2A7563m-200x133.jpg 200w, https:\/\/royalfamily.org\/wp-content\/uploads\/2023\/05\/10-8F2A7563m-400x267.jpg 400w, https:\/\/royalfamily.org\/wp-content\/uploads\/2023\/05\/10-8F2A7563m-600x400.jpg 600w, https:\/\/royalfamily.org\/wp-content\/uploads\/2023\/05\/10-8F2A7563m-800x533.jpg 800w, https:\/\/royalfamily.org\/wp-content\/uploads\/2023\/05\/10-8F2A7563m-1200x800.jpg 1200w, https:\/\/royalfamily.org\/wp-content\/uploads\/2023\/05\/10-8F2A7563m.jpg 1772w\" sizes=\"(min-width: 2200px) 100vw, (min-width: 824px) 390px, (min-width: 732px) 585px, (min-width: 640px) 732px, \" \/><\/a><\/div><\/div><div class=\"clearfix\"><\/div><div style=\"padding:5px;\" class=\"fusion-grid-column fusion-gallery-column fusion-gallery-column-3 hover-type-none\"><div class=\"fusion-gallery-image\"><a href=\"https:\/\/royalfamily.org\/wp-content\/uploads\/2023\/05\/9-8F2A7781m.jpg\" rel=\"noreferrer\" data-rel=\"iLightbox[gallery_image_1]\" class=\"fusion-lightbox\" target=\"_self\"><img decoding=\"async\" src=\"https:\/\/royalfamily.org\/wp-content\/uploads\/2023\/05\/9-8F2A7781m.jpg\" width=\"1772\" height=\"1181\" alt=\"\" title=\"9 8F2A7781m\" aria-label=\"9 8F2A7781m\" class=\"img-responsive wp-image-86071\" srcset=\"https:\/\/royalfamily.org\/wp-content\/uploads\/2023\/05\/9-8F2A7781m-200x133.jpg 200w, https:\/\/royalfamily.org\/wp-content\/uploads\/2023\/05\/9-8F2A7781m-400x267.jpg 400w, https:\/\/royalfamily.org\/wp-content\/uploads\/2023\/05\/9-8F2A7781m-600x400.jpg 600w, https:\/\/royalfamily.org\/wp-content\/uploads\/2023\/05\/9-8F2A7781m-800x533.jpg 800w, https:\/\/royalfamily.org\/wp-content\/uploads\/2023\/05\/9-8F2A7781m-1200x800.jpg 1200w, https:\/\/royalfamily.org\/wp-content\/uploads\/2023\/05\/9-8F2A7781m.jpg 1772w\" sizes=\"(min-width: 2200px) 100vw, (min-width: 824px) 390px, (min-width: 732px) 585px, (min-width: 640px) 732px, \" \/><\/a><\/div><\/div><div style=\"padding:5px;\" class=\"fusion-grid-column fusion-gallery-column fusion-gallery-column-3 hover-type-none\"><div class=\"fusion-gallery-image\"><a href=\"https:\/\/royalfamily.org\/wp-content\/uploads\/2023\/05\/8-8F2A7427m.jpg\" rel=\"noreferrer\" data-rel=\"iLightbox[gallery_image_1]\" class=\"fusion-lightbox\" target=\"_self\"><img decoding=\"async\" src=\"https:\/\/royalfamily.org\/wp-content\/uploads\/2023\/05\/8-8F2A7427m.jpg\" width=\"1772\" height=\"1181\" alt=\"\" title=\"8 8F2A7427m\" aria-label=\"8 8F2A7427m\" class=\"img-responsive wp-image-86068\" srcset=\"https:\/\/royalfamily.org\/wp-content\/uploads\/2023\/05\/8-8F2A7427m-200x133.jpg 200w, https:\/\/royalfamily.org\/wp-content\/uploads\/2023\/05\/8-8F2A7427m-400x267.jpg 400w, https:\/\/royalfamily.org\/wp-content\/uploads\/2023\/05\/8-8F2A7427m-600x400.jpg 600w, https:\/\/royalfamily.org\/wp-content\/uploads\/2023\/05\/8-8F2A7427m-800x533.jpg 800w, https:\/\/royalfamily.org\/wp-content\/uploads\/2023\/05\/8-8F2A7427m-1200x800.jpg 1200w, https:\/\/royalfamily.org\/wp-content\/uploads\/2023\/05\/8-8F2A7427m.jpg 1772w\" sizes=\"(min-width: 2200px) 100vw, (min-width: 824px) 390px, (min-width: 732px) 585px, (min-width: 640px) 732px, \" \/><\/a><\/div><\/div><\/div><\/div><\/div><\/div><\/div><\/div>\n","protected":false},"excerpt":{"rendered":"","protected":false},"author":1,"featured_media":86065,"comment_status":"closed","ping_status":"closed","sticky":false,"template":"","format":"standard","meta":{"_acf_changed":false,"footnotes":""},"categories":[22],"tags":[],"class_list":["post-86102","post","type-post","status-publish","format-standard","has-post-thumbnail","hentry","category-vesti"],"acf":[],"yoast_head":"<!-- This site is optimized with the Yoast SEO Premium plugin v27.4 (Yoast SEO v27.4) - https:\/\/yoast.com\/product\/yoast-seo-premium-wordpress\/ -->\n<title>PRESTOLONASLEDNIK NA RAVNOJ GORI ODAO PO\u010cAST GENERALU MIHAILOVI\u0106U - The Royal Family of Serbia<\/title>\n<meta name=\"robots\" content=\"index, follow, max-snippet:-1, max-image-preview:large, max-video-preview:-1\" \/>\n<link rel=\"canonical\" href=\"https:\/\/royalfamily.org\/lat\/prestolonaslednik-na-ravnoj-gori-odao-pocast-generalu-mihailovicu\/\" \/>\n<meta property=\"og:locale\" content=\"en_US\" \/>\n<meta property=\"og:type\" content=\"article\" \/>\n<meta property=\"og:title\" content=\"PRESTOLONASLEDNIK NA RAVNOJ GORI ODAO PO\u010cAST GENERALU MIHAILOVI\u0106U\" \/>\n<meta property=\"og:url\" content=\"https:\/\/royalfamily.org\/lat\/prestolonaslednik-na-ravnoj-gori-odao-pocast-generalu-mihailovicu\/\" \/>\n<meta property=\"og:site_name\" content=\"The Royal Family of Serbia\" \/>\n<meta property=\"article:publisher\" content=\"https:\/\/www.facebook.com\/Prestolonaslednik.Aleksandar\" \/>\n<meta property=\"article:published_time\" content=\"2023-05-20T16:32:27+00:00\" \/>\n<meta property=\"article:modified_time\" content=\"2023-05-20T16:32:29+00:00\" \/>\n<meta property=\"og:image\" content=\"https:\/\/royalfamily.org\/wp-content\/uploads\/2023\/05\/COVER-Ravna-Gora.jpg\" \/>\n\t<meta property=\"og:image:width\" content=\"1542\" \/>\n\t<meta property=\"og:image:height\" content=\"750\" \/>\n\t<meta property=\"og:image:type\" content=\"image\/jpeg\" \/>\n<meta name=\"author\" content=\"Web Royal\" \/>\n<meta name=\"twitter:card\" content=\"summary_large_image\" \/>\n<meta name=\"twitter:label1\" content=\"Written by\" \/>\n\t<meta name=\"twitter:data1\" content=\"Web Royal\" \/>\n\t<meta name=\"twitter:label2\" content=\"Est. reading time\" \/>\n\t<meta name=\"twitter:data2\" content=\"2 minutes\" \/>\n<script type=\"application\/ld+json\" class=\"yoast-schema-graph\">{\"@context\":\"https:\\\/\\\/schema.org\",\"@graph\":[{\"@type\":\"Article\",\"@id\":\"https:\\\/\\\/royalfamily.org\\\/lat\\\/prestolonaslednik-na-ravnoj-gori-odao-pocast-generalu-mihailovicu\\\/#article\",\"isPartOf\":{\"@id\":\"https:\\\/\\\/royalfamily.org\\\/lat\\\/prestolonaslednik-na-ravnoj-gori-odao-pocast-generalu-mihailovicu\\\/\"},\"author\":{\"name\":\"Web Royal\",\"@id\":\"https:\\\/\\\/royalfamily.org\\\/#\\\/schema\\\/person\\\/49383a0c31232a928463939891db1ad5\"},\"headline\":\"PRESTOLONASLEDNIK NA RAVNOJ GORI ODAO PO\u010cAST GENERALU MIHAILOVI\u0106U\",\"datePublished\":\"2023-05-20T16:32:27+00:00\",\"dateModified\":\"2023-05-20T16:32:29+00:00\",\"mainEntityOfPage\":{\"@id\":\"https:\\\/\\\/royalfamily.org\\\/lat\\\/prestolonaslednik-na-ravnoj-gori-odao-pocast-generalu-mihailovicu\\\/\"},\"wordCount\":1133,\"publisher\":{\"@id\":\"https:\\\/\\\/royalfamily.org\\\/#organization\"},\"image\":{\"@id\":\"https:\\\/\\\/royalfamily.org\\\/lat\\\/prestolonaslednik-na-ravnoj-gori-odao-pocast-generalu-mihailovicu\\\/#primaryimage\"},\"thumbnailUrl\":\"https:\\\/\\\/royalfamily.org\\\/wp-content\\\/uploads\\\/2023\\\/05\\\/COVER-Ravna-Gora.jpg\",\"articleSection\":[\"Vesti\"],\"inLanguage\":\"sr-LT\"},{\"@type\":\"WebPage\",\"@id\":\"https:\\\/\\\/royalfamily.org\\\/lat\\\/prestolonaslednik-na-ravnoj-gori-odao-pocast-generalu-mihailovicu\\\/\",\"url\":\"https:\\\/\\\/royalfamily.org\\\/lat\\\/prestolonaslednik-na-ravnoj-gori-odao-pocast-generalu-mihailovicu\\\/\",\"name\":\"PRESTOLONASLEDNIK NA RAVNOJ GORI ODAO PO\u010cAST GENERALU MIHAILOVI\u0106U - The Royal Family of Serbia\",\"isPartOf\":{\"@id\":\"https:\\\/\\\/royalfamily.org\\\/#website\"},\"primaryImageOfPage\":{\"@id\":\"https:\\\/\\\/royalfamily.org\\\/lat\\\/prestolonaslednik-na-ravnoj-gori-odao-pocast-generalu-mihailovicu\\\/#primaryimage\"},\"image\":{\"@id\":\"https:\\\/\\\/royalfamily.org\\\/lat\\\/prestolonaslednik-na-ravnoj-gori-odao-pocast-generalu-mihailovicu\\\/#primaryimage\"},\"thumbnailUrl\":\"https:\\\/\\\/royalfamily.org\\\/wp-content\\\/uploads\\\/2023\\\/05\\\/COVER-Ravna-Gora.jpg\",\"datePublished\":\"2023-05-20T16:32:27+00:00\",\"dateModified\":\"2023-05-20T16:32:29+00:00\",\"breadcrumb\":{\"@id\":\"https:\\\/\\\/royalfamily.org\\\/lat\\\/prestolonaslednik-na-ravnoj-gori-odao-pocast-generalu-mihailovicu\\\/#breadcrumb\"},\"inLanguage\":\"sr-LT\",\"potentialAction\":[{\"@type\":\"ReadAction\",\"target\":[\"https:\\\/\\\/royalfamily.org\\\/lat\\\/prestolonaslednik-na-ravnoj-gori-odao-pocast-generalu-mihailovicu\\\/\"]}]},{\"@type\":\"ImageObject\",\"inLanguage\":\"sr-LT\",\"@id\":\"https:\\\/\\\/royalfamily.org\\\/lat\\\/prestolonaslednik-na-ravnoj-gori-odao-pocast-generalu-mihailovicu\\\/#primaryimage\",\"url\":\"https:\\\/\\\/royalfamily.org\\\/wp-content\\\/uploads\\\/2023\\\/05\\\/COVER-Ravna-Gora.jpg\",\"contentUrl\":\"https:\\\/\\\/royalfamily.org\\\/wp-content\\\/uploads\\\/2023\\\/05\\\/COVER-Ravna-Gora.jpg\",\"width\":1542,\"height\":750},{\"@type\":\"BreadcrumbList\",\"@id\":\"https:\\\/\\\/royalfamily.org\\\/lat\\\/prestolonaslednik-na-ravnoj-gori-odao-pocast-generalu-mihailovicu\\\/#breadcrumb\",\"itemListElement\":[{\"@type\":\"ListItem\",\"position\":1,\"name\":\"Home\",\"item\":\"https:\\\/\\\/royalfamily.org\\\/lat\\\/\"},{\"@type\":\"ListItem\",\"position\":2,\"name\":\"PRESTOLONASLEDNIK NA RAVNOJ GORI ODAO PO\u010cAST GENERALU MIHAILOVI\u0106U\"}]},{\"@type\":\"WebSite\",\"@id\":\"https:\\\/\\\/royalfamily.org\\\/#website\",\"url\":\"https:\\\/\\\/royalfamily.org\\\/\",\"name\":\"The Royal Family of Serbia\",\"description\":\"From the people, for the people\",\"publisher\":{\"@id\":\"https:\\\/\\\/royalfamily.org\\\/#organization\"},\"potentialAction\":[{\"@type\":\"SearchAction\",\"target\":{\"@type\":\"EntryPoint\",\"urlTemplate\":\"https:\\\/\\\/royalfamily.org\\\/?s={search_term_string}\"},\"query-input\":{\"@type\":\"PropertyValueSpecification\",\"valueRequired\":true,\"valueName\":\"search_term_string\"}}],\"inLanguage\":\"sr-LT\"},{\"@type\":\"Organization\",\"@id\":\"https:\\\/\\\/royalfamily.org\\\/#organization\",\"name\":\"Royal Family\",\"url\":\"https:\\\/\\\/royalfamily.org\\\/\",\"logo\":{\"@type\":\"ImageObject\",\"inLanguage\":\"sr-LT\",\"@id\":\"https:\\\/\\\/royalfamily.org\\\/#\\\/schema\\\/logo\\\/image\\\/\",\"url\":\"https:\\\/\\\/royalfamily.org\\\/wp-content\\\/uploads\\\/2019\\\/04\\\/logo-vector-02-V-latinica.png\",\"contentUrl\":\"https:\\\/\\\/royalfamily.org\\\/wp-content\\\/uploads\\\/2019\\\/04\\\/logo-vector-02-V-latinica.png\",\"width\":552,\"height\":99,\"caption\":\"Royal Family\"},\"image\":{\"@id\":\"https:\\\/\\\/royalfamily.org\\\/#\\\/schema\\\/logo\\\/image\\\/\"},\"sameAs\":[\"https:\\\/\\\/www.facebook.com\\\/Prestolonaslednik.Aleksandar\"]},{\"@type\":\"Person\",\"@id\":\"https:\\\/\\\/royalfamily.org\\\/#\\\/schema\\\/person\\\/49383a0c31232a928463939891db1ad5\",\"name\":\"Web Royal\",\"image\":{\"@type\":\"ImageObject\",\"inLanguage\":\"sr-LT\",\"@id\":\"https:\\\/\\\/secure.gravatar.com\\\/avatar\\\/8dbdbae4ed2a898dcf0dcd9d01bf41782c405af026744c66e6a62d6235a20271?s=96&d=mm&r=g\",\"url\":\"https:\\\/\\\/secure.gravatar.com\\\/avatar\\\/8dbdbae4ed2a898dcf0dcd9d01bf41782c405af026744c66e6a62d6235a20271?s=96&d=mm&r=g\",\"contentUrl\":\"https:\\\/\\\/secure.gravatar.com\\\/avatar\\\/8dbdbae4ed2a898dcf0dcd9d01bf41782c405af026744c66e6a62d6235a20271?s=96&d=mm&r=g\",\"caption\":\"Web Royal\"}}]}<\/script>\n<!-- \/ Yoast SEO Premium plugin. -->","yoast_head_json":{"title":"PRESTOLONASLEDNIK NA RAVNOJ GORI ODAO PO\u010cAST GENERALU MIHAILOVI\u0106U - The Royal Family of Serbia","robots":{"index":"index","follow":"follow","max-snippet":"max-snippet:-1","max-image-preview":"max-image-preview:large","max-video-preview":"max-video-preview:-1"},"canonical":"https:\/\/royalfamily.org\/lat\/prestolonaslednik-na-ravnoj-gori-odao-pocast-generalu-mihailovicu\/","og_locale":"en_US","og_type":"article","og_title":"PRESTOLONASLEDNIK NA RAVNOJ GORI ODAO PO\u010cAST GENERALU MIHAILOVI\u0106U","og_url":"https:\/\/royalfamily.org\/lat\/prestolonaslednik-na-ravnoj-gori-odao-pocast-generalu-mihailovicu\/","og_site_name":"The Royal Family of Serbia","article_publisher":"https:\/\/www.facebook.com\/Prestolonaslednik.Aleksandar","article_published_time":"2023-05-20T16:32:27+00:00","article_modified_time":"2023-05-20T16:32:29+00:00","og_image":[{"width":1542,"height":750,"url":"https:\/\/royalfamily.org\/wp-content\/uploads\/2023\/05\/COVER-Ravna-Gora.jpg","type":"image\/jpeg"}],"author":"Web Royal","twitter_card":"summary_large_image","twitter_misc":{"Written by":"Web Royal","Est. reading time":"2 minutes"},"schema":{"@context":"https:\/\/schema.org","@graph":[{"@type":"Article","@id":"https:\/\/royalfamily.org\/lat\/prestolonaslednik-na-ravnoj-gori-odao-pocast-generalu-mihailovicu\/#article","isPartOf":{"@id":"https:\/\/royalfamily.org\/lat\/prestolonaslednik-na-ravnoj-gori-odao-pocast-generalu-mihailovicu\/"},"author":{"name":"Web Royal","@id":"https:\/\/royalfamily.org\/#\/schema\/person\/49383a0c31232a928463939891db1ad5"},"headline":"PRESTOLONASLEDNIK NA RAVNOJ GORI ODAO PO\u010cAST GENERALU MIHAILOVI\u0106U","datePublished":"2023-05-20T16:32:27+00:00","dateModified":"2023-05-20T16:32:29+00:00","mainEntityOfPage":{"@id":"https:\/\/royalfamily.org\/lat\/prestolonaslednik-na-ravnoj-gori-odao-pocast-generalu-mihailovicu\/"},"wordCount":1133,"publisher":{"@id":"https:\/\/royalfamily.org\/#organization"},"image":{"@id":"https:\/\/royalfamily.org\/lat\/prestolonaslednik-na-ravnoj-gori-odao-pocast-generalu-mihailovicu\/#primaryimage"},"thumbnailUrl":"https:\/\/royalfamily.org\/wp-content\/uploads\/2023\/05\/COVER-Ravna-Gora.jpg","articleSection":["Vesti"],"inLanguage":"sr-LT"},{"@type":"WebPage","@id":"https:\/\/royalfamily.org\/lat\/prestolonaslednik-na-ravnoj-gori-odao-pocast-generalu-mihailovicu\/","url":"https:\/\/royalfamily.org\/lat\/prestolonaslednik-na-ravnoj-gori-odao-pocast-generalu-mihailovicu\/","name":"PRESTOLONASLEDNIK NA RAVNOJ GORI ODAO PO\u010cAST GENERALU MIHAILOVI\u0106U - The Royal Family of Serbia","isPartOf":{"@id":"https:\/\/royalfamily.org\/#website"},"primaryImageOfPage":{"@id":"https:\/\/royalfamily.org\/lat\/prestolonaslednik-na-ravnoj-gori-odao-pocast-generalu-mihailovicu\/#primaryimage"},"image":{"@id":"https:\/\/royalfamily.org\/lat\/prestolonaslednik-na-ravnoj-gori-odao-pocast-generalu-mihailovicu\/#primaryimage"},"thumbnailUrl":"https:\/\/royalfamily.org\/wp-content\/uploads\/2023\/05\/COVER-Ravna-Gora.jpg","datePublished":"2023-05-20T16:32:27+00:00","dateModified":"2023-05-20T16:32:29+00:00","breadcrumb":{"@id":"https:\/\/royalfamily.org\/lat\/prestolonaslednik-na-ravnoj-gori-odao-pocast-generalu-mihailovicu\/#breadcrumb"},"inLanguage":"sr-LT","potentialAction":[{"@type":"ReadAction","target":["https:\/\/royalfamily.org\/lat\/prestolonaslednik-na-ravnoj-gori-odao-pocast-generalu-mihailovicu\/"]}]},{"@type":"ImageObject","inLanguage":"sr-LT","@id":"https:\/\/royalfamily.org\/lat\/prestolonaslednik-na-ravnoj-gori-odao-pocast-generalu-mihailovicu\/#primaryimage","url":"https:\/\/royalfamily.org\/wp-content\/uploads\/2023\/05\/COVER-Ravna-Gora.jpg","contentUrl":"https:\/\/royalfamily.org\/wp-content\/uploads\/2023\/05\/COVER-Ravna-Gora.jpg","width":1542,"height":750},{"@type":"BreadcrumbList","@id":"https:\/\/royalfamily.org\/lat\/prestolonaslednik-na-ravnoj-gori-odao-pocast-generalu-mihailovicu\/#breadcrumb","itemListElement":[{"@type":"ListItem","position":1,"name":"Home","item":"https:\/\/royalfamily.org\/lat\/"},{"@type":"ListItem","position":2,"name":"PRESTOLONASLEDNIK NA RAVNOJ GORI ODAO PO\u010cAST GENERALU MIHAILOVI\u0106U"}]},{"@type":"WebSite","@id":"https:\/\/royalfamily.org\/#website","url":"https:\/\/royalfamily.org\/","name":"The Royal Family of Serbia","description":"From the people, for the people","publisher":{"@id":"https:\/\/royalfamily.org\/#organization"},"potentialAction":[{"@type":"SearchAction","target":{"@type":"EntryPoint","urlTemplate":"https:\/\/royalfamily.org\/?s={search_term_string}"},"query-input":{"@type":"PropertyValueSpecification","valueRequired":true,"valueName":"search_term_string"}}],"inLanguage":"sr-LT"},{"@type":"Organization","@id":"https:\/\/royalfamily.org\/#organization","name":"Royal Family","url":"https:\/\/royalfamily.org\/","logo":{"@type":"ImageObject","inLanguage":"sr-LT","@id":"https:\/\/royalfamily.org\/#\/schema\/logo\/image\/","url":"https:\/\/royalfamily.org\/wp-content\/uploads\/2019\/04\/logo-vector-02-V-latinica.png","contentUrl":"https:\/\/royalfamily.org\/wp-content\/uploads\/2019\/04\/logo-vector-02-V-latinica.png","width":552,"height":99,"caption":"Royal Family"},"image":{"@id":"https:\/\/royalfamily.org\/#\/schema\/logo\/image\/"},"sameAs":["https:\/\/www.facebook.com\/Prestolonaslednik.Aleksandar"]},{"@type":"Person","@id":"https:\/\/royalfamily.org\/#\/schema\/person\/49383a0c31232a928463939891db1ad5","name":"Web Royal","image":{"@type":"ImageObject","inLanguage":"sr-LT","@id":"https:\/\/secure.gravatar.com\/avatar\/8dbdbae4ed2a898dcf0dcd9d01bf41782c405af026744c66e6a62d6235a20271?s=96&d=mm&r=g","url":"https:\/\/secure.gravatar.com\/avatar\/8dbdbae4ed2a898dcf0dcd9d01bf41782c405af026744c66e6a62d6235a20271?s=96&d=mm&r=g","contentUrl":"https:\/\/secure.gravatar.com\/avatar\/8dbdbae4ed2a898dcf0dcd9d01bf41782c405af026744c66e6a62d6235a20271?s=96&d=mm&r=g","caption":"Web Royal"}}]}},"_links":{"self":[{"href":"https:\/\/royalfamily.org\/lat\/wp-json\/wp\/v2\/posts\/86102","targetHints":{"allow":["GET"]}}],"collection":[{"href":"https:\/\/royalfamily.org\/lat\/wp-json\/wp\/v2\/posts"}],"about":[{"href":"https:\/\/royalfamily.org\/lat\/wp-json\/wp\/v2\/types\/post"}],"author":[{"embeddable":true,"href":"https:\/\/royalfamily.org\/lat\/wp-json\/wp\/v2\/users\/1"}],"replies":[{"embeddable":true,"href":"https:\/\/royalfamily.org\/lat\/wp-json\/wp\/v2\/comments?post=86102"}],"version-history":[{"count":1,"href":"https:\/\/royalfamily.org\/lat\/wp-json\/wp\/v2\/posts\/86102\/revisions"}],"predecessor-version":[{"id":86103,"href":"https:\/\/royalfamily.org\/lat\/wp-json\/wp\/v2\/posts\/86102\/revisions\/86103"}],"wp:featuredmedia":[{"embeddable":true,"href":"https:\/\/royalfamily.org\/lat\/wp-json\/wp\/v2\/media\/86065"}],"wp:attachment":[{"href":"https:\/\/royalfamily.org\/lat\/wp-json\/wp\/v2\/media?parent=86102"}],"wp:term":[{"taxonomy":"category","embeddable":true,"href":"https:\/\/royalfamily.org\/lat\/wp-json\/wp\/v2\/categories?post=86102"},{"taxonomy":"post_tag","embeddable":true,"href":"https:\/\/royalfamily.org\/lat\/wp-json\/wp\/v2\/tags?post=86102"}],"curies":[{"name":"wp","href":"https:\/\/api.w.org\/{rel}","templated":true}]}}