{"id":89088,"date":"2024-02-15T21:44:50","date_gmt":"2024-02-15T20:44:50","guid":{"rendered":"https:\/\/royalfamily.org\/?p=89088"},"modified":"2024-02-15T21:44:51","modified_gmt":"2024-02-15T20:44:51","slug":"princeza-katarina-odlikovana-ordenom-karadordeve-zvezde","status":"publish","type":"post","link":"https:\/\/royalfamily.org\/lat\/princeza-katarina-odlikovana-ordenom-karadordeve-zvezde\/","title":{"rendered":"PRINCEZA KATARINA ODLIKOVANA ORDENOM KARA\u0110OR\u0110EVE ZVEZDE"},"content":{"rendered":"<p><div class=\"fusion-fullwidth fullwidth-box fusion-builder-row-1 fusion-flex-container has-pattern-background has-mask-background nonhundred-percent-fullwidth non-hundred-percent-height-scrolling\" style=\"--awb-border-radius-top-left:0px;--awb-border-radius-top-right:0px;--awb-border-radius-bottom-right:0px;--awb-border-radius-bottom-left:0px;--awb-flex-wrap:wrap;\" ><div class=\"fusion-builder-row fusion-row fusion-flex-align-items-flex-start fusion-flex-content-wrap\" style=\"max-width:1227.2px;margin-left: calc(-4% \/ 2 );margin-right: calc(-4% \/ 2 );\"><div class=\"fusion-layout-column fusion_builder_column fusion-builder-column-0 fusion_builder_column_1_1 1_1 fusion-flex-column\" style=\"--awb-bg-size:cover;--awb-width-large:100%;--awb-margin-top-large:0px;--awb-spacing-right-large:1.92%;--awb-margin-bottom-large:20px;--awb-spacing-left-large:1.92%;--awb-width-medium:100%;--awb-order-medium:0;--awb-spacing-right-medium:1.92%;--awb-spacing-left-medium:1.92%;--awb-width-small:100%;--awb-order-small:0;--awb-spacing-right-small:1.92%;--awb-spacing-left-small:1.92%;\"><div class=\"fusion-column-wrapper fusion-column-has-shadow fusion-flex-justify-content-flex-start fusion-content-layout-column\"><div class=\"fusion-text fusion-text-1\"><p>Povodom Dana dr\u017eavnosti, Sretenja, Nj.E. Predsednik Srbije g. Aleksandar Vu\u010di\u0107 uru\u010dio je danas Nj.K.V. Princezi Katarini Orden Kara\u0111or\u0111eve zvezde prvog stepena, kojim je odlikovao Njeno Kraljevsko Viso\u010danstvo za zasluge u oblasti humanitarnog rada i veliki doprinos na\u0161em narodu i na\u0161oj zemlji, tokom vi\u0161e od 30 godina njene predanosti da pru\u017ei pomo\u0107 onima kojima je potrebna. Zajedno sa Njenim Kraljevskim Viso\u010danstvom na ceremoniji bio je njen suprug, Nj.K.V. Prestolonaslednik Aleksandar.<\/p>\n<p>Sve\u010dana dodela nagrada odr\u017eana je danas u Predsedni\u0161tvu Srbije u prisustvu brojnih predstavnika Vlade, diplomatskog kora i drugih visokih gostiju. Svim laureatima uru\u010dena su pripadaju\u0107a odlikovanja koja su dobili od predsednika Srbije za dostignu\u0107a u odgovaraju\u0107im oblastima delovanja.<\/p>\n<p>\u201eZaista je velika \u010dast dobiti ovo visoko priznanje i veoma sam zahvalna predsedniku Vu\u010di\u0107u jer je prepoznao moj trud. Moram da ka\u017eem da ovo nije priznanje samo za moj rad, ve\u0107 i za ogromne napore i podr\u0161ku svih onih divnih ljudi koji su tokom mnogo godina podr\u017eavali moju \u017eelju da pru\u017eim pomo\u0107 svima onima kojima je ona potrebna. Bez njihove podr\u0161ke, bilo bi nemogu\u0107e doneti sre\u0107u u srca i osmehe na lica svih ljudi \u010diji su \u017eivoti dirnuti i promenjeni na bolje, upravo velikodu\u0161no\u0161\u0107u i nesebi\u010dnom pomo\u0107i svih vas koji mi poma\u017eete i dajete snagu.<\/p>\n<p>Ono \u0161to tako\u0111e moram da ka\u017eem je da sve to ne bi bilo mogu\u0107e bez velike podr\u0161ke mog dragog supruga, Prestolonaslednika Aleksandra, \u010dija me ljubav prema svom narodu i svojoj zemlji inspirisala i pru\u017eila mi priliku da dam doprinos \u017eivotima ljudi Srbije i Republike Srpske. Istinski sam zavolela ove divne ljude, Srbija je postala i moja otad\u017ebina. A oni su otvorenih srca prihvatili moju podr\u0161ku i zauzvrat mi dali svoju ljubav i po\u0161tovanje, kroz mogu\u0107nost da u\u010dinim ne\u0161to pozitivno u njihovim \u017eivotima.<\/p>\n<p>Kada se osvrnem u pro\u0161lost i u ovih vi\u0161e od 30 godina humanitarnog rada, uvek se sa velikom rado\u0161\u0107u setim svojih roditelja, koji su bili veliki humanitarci i koji su me u mojim ranim godinama na svom sopstvenom primeru nau\u010dili da je prava radost \u017eivota &#8211; radost davanja. I to je ne\u0161to \u0161to \u017eelim da svi mi nau\u010dimo i na\u0161u decu, koliku radost svakome donosi pomaganje drugima. Imamo odgovornost prema na\u0161oj deci, da im damo dobre smernice i pravi primer u ranom uzrastu\u201c, rekla je Nj.K.V. Princeza Katarina ovom prilikom.<\/p>\n<p>Nj.K.V. Prestolonaslednik Aleksandar je istakao: \u201eVeoma sam ponosan na moju dragu suprugu zbog ovog zna\u010dajnog priznanja njenoj posve\u0107enosti na pru\u017eanju podr\u0161ke na\u0161em narodu. Ovo je odlikovanje koje je na stogodi\u0161njicu Prvog srpskog ustanka ustanovio moj pradeda, kralj Petar I, te je veoma simboli\u010dno da ga Princeza dobija danas, na 220. godi\u0161njicu od po\u010detka te borbe za kona\u010dnu slobodu na\u0161eg naroda. Kako je ovaj orden va\u017ean deo srpske tradicije i kako sam imao zadovoljstvo da njegovu kraljevsku varijantu dodeljujem uglednim i zaslu\u017enim pojedincima i institucijama, mogu re\u0107i da je biti nosilac ovog priznanja velika \u010dast, ali i velika odgovornost, jer ono podrazumeva i nastavak rada i zalaganja koji su i doveli do toga da se odlikovanje zaslu\u017ei.\u201d<\/p>\n<p>\u201eVeoma sam zahvalna svim predanim ljudima iz humanitarnih organizacija Lajflajn u \u010cikagu, Njujorku, Torontu, Londonu i Atini, koji svih ovih decenija toliko mnogo doprinose na\u0161em zajedni\u010dkom cilju pru\u017eanja pomo\u0107i onima kojima je ona potrebna. Tako\u0111e, ni\u0161ta ne bi bilo mogu\u0107e bez podr\u0161ke Srba u dijaspori, koji, iako \u017eive daleko od svoje otad\u017ebine, nisu zaboravili na\u0161u zemlju, ali i svih na\u0161ih dragih stranih prijatelja, koji su prepoznali potrebe naroda Srbije i velikodu\u0161no pomogli. Ovaj orden je nagrada svih vas, va\u0161 rad se danas prepoznaje i njemu se odaje priznanje.<\/p>\n<p>Odlikovanje ordenom Kara\u0111or\u0111eve zvezde je izuzetna \u010dast za mene i prava inspiracija da nastavim sa mojom misijom, jer nema ve\u0107eg postignu\u0107a od saznanja da ste u\u010dinili ne\u010diji \u017eivot boljim\u201c, zaklju\u010dila je Nj.K.V. Princeza Katarina.<\/p>\n<\/div><\/div><\/div><\/div><\/div><div class=\"fusion-fullwidth fullwidth-box fusion-builder-row-2 fusion-flex-container has-pattern-background has-mask-background nonhundred-percent-fullwidth non-hundred-percent-height-scrolling\" style=\"--awb-border-radius-top-left:0px;--awb-border-radius-top-right:0px;--awb-border-radius-bottom-right:0px;--awb-border-radius-bottom-left:0px;--awb-flex-wrap:wrap;\" ><div class=\"fusion-builder-row fusion-row fusion-flex-align-items-flex-start fusion-flex-content-wrap\" style=\"max-width:1227.2px;margin-left: calc(-4% \/ 2 );margin-right: calc(-4% \/ 2 );\"><div class=\"fusion-layout-column fusion_builder_column fusion-builder-column-1 fusion_builder_column_1_1 1_1 fusion-flex-column\" style=\"--awb-bg-size:cover;--awb-width-large:100%;--awb-margin-top-large:0px;--awb-spacing-right-large:1.92%;--awb-margin-bottom-large:20px;--awb-spacing-left-large:1.92%;--awb-width-medium:100%;--awb-order-medium:0;--awb-spacing-right-medium:1.92%;--awb-spacing-left-medium:1.92%;--awb-width-small:100%;--awb-order-small:0;--awb-spacing-right-small:1.92%;--awb-spacing-left-small:1.92%;\"><div class=\"fusion-column-wrapper fusion-column-has-shadow fusion-flex-justify-content-flex-start fusion-content-layout-column\"><div class=\"awb-gallery-wrapper awb-gallery-wrapper-1 button-span-no\" style=\"--more-btn-alignment:center;\" data-limit=\"20\" data-page=\"1\"><div style=\"margin:-5px;--awb-bordersize:0px;\" class=\"fusion-gallery fusion-gallery-container fusion-grid-3 fusion-columns-total-10 fusion-gallery-layout-grid fusion-gallery-1\"><div style=\"padding:5px;\" class=\"fusion-grid-column fusion-gallery-column fusion-gallery-column-3 hover-type-none\"><div class=\"fusion-gallery-image\"><a href=\"https:\/\/royalfamily.org\/wp-content\/uploads\/2024\/02\/1-Lola-Djordjevic-4.jpg\" data-caption=\"PRINCEZA KATARINA ODLIKOVANA ORDENOM KARA\u0110OR\u0110EVE ZVEZDE \/ Lola Djordjevic\" rel=\"noreferrer\" data-rel=\"iLightbox[gallery_image_1]\" class=\"fusion-lightbox\" target=\"_self\"><img decoding=\"async\" src=\"https:\/\/royalfamily.org\/wp-content\/uploads\/2024\/02\/1-Lola-Djordjevic-4.jpg\" width=\"1772\" height=\"1181\" alt=\"CROWN PRINCESS KATHERINE RECEIVES ORDER OF THE STAR OF KARADJORDJE \/ \" title=\"1 &#8211; Lola Djordjevic (4)\" aria-label=\"1 &#8211; Lola Djordjevic (4)\" class=\"img-responsive wp-image-89055\" srcset=\"https:\/\/royalfamily.org\/wp-content\/uploads\/2024\/02\/1-Lola-Djordjevic-4-200x133.jpg 200w, https:\/\/royalfamily.org\/wp-content\/uploads\/2024\/02\/1-Lola-Djordjevic-4-400x267.jpg 400w, https:\/\/royalfamily.org\/wp-content\/uploads\/2024\/02\/1-Lola-Djordjevic-4-600x400.jpg 600w, https:\/\/royalfamily.org\/wp-content\/uploads\/2024\/02\/1-Lola-Djordjevic-4-800x533.jpg 800w, https:\/\/royalfamily.org\/wp-content\/uploads\/2024\/02\/1-Lola-Djordjevic-4-1200x800.jpg 1200w, https:\/\/royalfamily.org\/wp-content\/uploads\/2024\/02\/1-Lola-Djordjevic-4.jpg 1772w\" sizes=\"(min-width: 2200px) 100vw, (min-width: 824px) 390px, (min-width: 732px) 585px, (min-width: 640px) 732px, \" \/><\/a><\/div><\/div><div style=\"padding:5px;\" class=\"fusion-grid-column fusion-gallery-column fusion-gallery-column-3 hover-type-none\"><div class=\"fusion-gallery-image\"><a href=\"https:\/\/royalfamily.org\/wp-content\/uploads\/2024\/02\/2-RTS-screenshot-1.jpeg\" data-caption=\"PRINCEZA KATARINA ODLIKOVANA ORDENOM KARA\u0110OR\u0110EVE ZVEZDE \/ RTS screenshot\" rel=\"noreferrer\" data-rel=\"iLightbox[gallery_image_1]\" class=\"fusion-lightbox\" target=\"_self\"><img decoding=\"async\" src=\"https:\/\/royalfamily.org\/wp-content\/uploads\/2024\/02\/2-RTS-screenshot-1.jpeg\" width=\"2096\" height=\"1170\" alt=\"CROWN PRINCESS KATHERINE RECEIVES ORDER OF THE STAR OF KARADJORDJE\" title=\"2 &#8211; RTS screenshot (1)\" aria-label=\"2 &#8211; RTS screenshot (1)\" class=\"img-responsive wp-image-89058\" srcset=\"https:\/\/royalfamily.org\/wp-content\/uploads\/2024\/02\/2-RTS-screenshot-1-200x112.jpeg 200w, https:\/\/royalfamily.org\/wp-content\/uploads\/2024\/02\/2-RTS-screenshot-1-400x223.jpeg 400w, https:\/\/royalfamily.org\/wp-content\/uploads\/2024\/02\/2-RTS-screenshot-1-600x335.jpeg 600w, https:\/\/royalfamily.org\/wp-content\/uploads\/2024\/02\/2-RTS-screenshot-1-800x447.jpeg 800w, https:\/\/royalfamily.org\/wp-content\/uploads\/2024\/02\/2-RTS-screenshot-1-1200x670.jpeg 1200w, https:\/\/royalfamily.org\/wp-content\/uploads\/2024\/02\/2-RTS-screenshot-1.jpeg 2096w\" sizes=\"(min-width: 2200px) 100vw, (min-width: 824px) 390px, (min-width: 732px) 585px, (min-width: 640px) 732px, \" \/><\/a><\/div><\/div><div style=\"padding:5px;\" class=\"fusion-grid-column fusion-gallery-column fusion-gallery-column-3 hover-type-none\"><div class=\"fusion-gallery-image\"><a href=\"https:\/\/royalfamily.org\/wp-content\/uploads\/2024\/02\/3-Igor-Ursic-4.jpg\" data-caption=\"PRINCEZA KATARINA ODLIKOVANA ORDENOM KARA\u0110OR\u0110EVE ZVEZDE\" rel=\"noreferrer\" data-rel=\"iLightbox[gallery_image_1]\" class=\"fusion-lightbox\" target=\"_self\"><img decoding=\"async\" src=\"https:\/\/royalfamily.org\/wp-content\/uploads\/2024\/02\/3-Igor-Ursic-4.jpg\" width=\"1772\" height=\"1181\" alt=\"CROWN PRINCESS KATHERINE RECEIVES ORDER OF THE STAR OF KARADJORDJE\" title=\"3 &#8211; Igor Ursic (4)\" aria-label=\"3 &#8211; Igor Ursic (4)\" class=\"img-responsive wp-image-89061\" srcset=\"https:\/\/royalfamily.org\/wp-content\/uploads\/2024\/02\/3-Igor-Ursic-4-200x133.jpg 200w, https:\/\/royalfamily.org\/wp-content\/uploads\/2024\/02\/3-Igor-Ursic-4-400x267.jpg 400w, https:\/\/royalfamily.org\/wp-content\/uploads\/2024\/02\/3-Igor-Ursic-4-600x400.jpg 600w, https:\/\/royalfamily.org\/wp-content\/uploads\/2024\/02\/3-Igor-Ursic-4-800x533.jpg 800w, https:\/\/royalfamily.org\/wp-content\/uploads\/2024\/02\/3-Igor-Ursic-4-1200x800.jpg 1200w, https:\/\/royalfamily.org\/wp-content\/uploads\/2024\/02\/3-Igor-Ursic-4.jpg 1772w\" sizes=\"(min-width: 2200px) 100vw, (min-width: 824px) 390px, (min-width: 732px) 585px, (min-width: 640px) 732px, \" \/><\/a><\/div><\/div><div class=\"clearfix\"><\/div><div style=\"padding:5px;\" class=\"fusion-grid-column fusion-gallery-column fusion-gallery-column-3 hover-type-none\"><div class=\"fusion-gallery-image\"><a href=\"https:\/\/royalfamily.org\/wp-content\/uploads\/2024\/02\/4-RTS-screenshot-2.jpeg\" data-caption=\"PRINCEZA KATARINA ODLIKOVANA ORDENOM KARA\u0110OR\u0110EVE ZVEZDE \/ RTS screenshot \" rel=\"noreferrer\" data-rel=\"iLightbox[gallery_image_1]\" class=\"fusion-lightbox\" target=\"_self\"><img decoding=\"async\" src=\"https:\/\/royalfamily.org\/wp-content\/uploads\/2024\/02\/4-RTS-screenshot-2.jpeg\" width=\"2082\" height=\"1170\" alt=\"CROWN PRINCESS KATHERINE RECEIVES ORDER OF THE STAR OF KARADJORDJE\" title=\"4 &#8211; RTS screenshot (2)\" aria-label=\"4 &#8211; RTS screenshot (2)\" class=\"img-responsive wp-image-89064\" srcset=\"https:\/\/royalfamily.org\/wp-content\/uploads\/2024\/02\/4-RTS-screenshot-2-200x112.jpeg 200w, https:\/\/royalfamily.org\/wp-content\/uploads\/2024\/02\/4-RTS-screenshot-2-400x225.jpeg 400w, https:\/\/royalfamily.org\/wp-content\/uploads\/2024\/02\/4-RTS-screenshot-2-600x337.jpeg 600w, https:\/\/royalfamily.org\/wp-content\/uploads\/2024\/02\/4-RTS-screenshot-2-800x450.jpeg 800w, https:\/\/royalfamily.org\/wp-content\/uploads\/2024\/02\/4-RTS-screenshot-2-1200x674.jpeg 1200w, https:\/\/royalfamily.org\/wp-content\/uploads\/2024\/02\/4-RTS-screenshot-2.jpeg 2082w\" sizes=\"(min-width: 2200px) 100vw, (min-width: 824px) 390px, (min-width: 732px) 585px, (min-width: 640px) 732px, \" \/><\/a><\/div><\/div><div style=\"padding:5px;\" class=\"fusion-grid-column fusion-gallery-column fusion-gallery-column-3 hover-type-none\"><div class=\"fusion-gallery-image\"><a href=\"https:\/\/royalfamily.org\/wp-content\/uploads\/2024\/02\/5-Zoran-Petrovic-7.jpg\" data-caption=\"PRINCEZA KATARINA ODLIKOVANA ORDENOM KARA\u0110OR\u0110EVE ZVEZDE \/ Zoran Petrovic\" rel=\"noreferrer\" data-rel=\"iLightbox[gallery_image_1]\" class=\"fusion-lightbox\" target=\"_self\"><img decoding=\"async\" src=\"https:\/\/royalfamily.org\/wp-content\/uploads\/2024\/02\/5-Zoran-Petrovic-7.jpg\" width=\"1772\" height=\"1181\" alt=\"CROWN PRINCESS KATHERINE RECEIVES ORDER OF THE STAR OF KARADJORDJE\" title=\"5 &#8211; Zoran Petrovic (7)\" aria-label=\"5 &#8211; Zoran Petrovic (7)\" class=\"img-responsive wp-image-89067\" srcset=\"https:\/\/royalfamily.org\/wp-content\/uploads\/2024\/02\/5-Zoran-Petrovic-7-200x133.jpg 200w, https:\/\/royalfamily.org\/wp-content\/uploads\/2024\/02\/5-Zoran-Petrovic-7-400x267.jpg 400w, https:\/\/royalfamily.org\/wp-content\/uploads\/2024\/02\/5-Zoran-Petrovic-7-600x400.jpg 600w, https:\/\/royalfamily.org\/wp-content\/uploads\/2024\/02\/5-Zoran-Petrovic-7-800x533.jpg 800w, https:\/\/royalfamily.org\/wp-content\/uploads\/2024\/02\/5-Zoran-Petrovic-7-1200x800.jpg 1200w, https:\/\/royalfamily.org\/wp-content\/uploads\/2024\/02\/5-Zoran-Petrovic-7.jpg 1772w\" sizes=\"(min-width: 2200px) 100vw, (min-width: 824px) 390px, (min-width: 732px) 585px, (min-width: 640px) 732px, \" \/><\/a><\/div><\/div><div style=\"padding:5px;\" class=\"fusion-grid-column fusion-gallery-column fusion-gallery-column-3 hover-type-none\"><div class=\"fusion-gallery-image\"><a href=\"https:\/\/royalfamily.org\/wp-content\/uploads\/2024\/02\/6-Igor-Ursic-1.jpg\" data-caption=\"PRINCEZA KATARINA ODLIKOVANA ORDENOM KARA\u0110OR\u0110EVE ZVEZDE\" rel=\"noreferrer\" data-rel=\"iLightbox[gallery_image_1]\" class=\"fusion-lightbox\" target=\"_self\"><img decoding=\"async\" src=\"https:\/\/royalfamily.org\/wp-content\/uploads\/2024\/02\/6-Igor-Ursic-1.jpg\" width=\"1772\" height=\"1181\" alt=\"CROWN PRINCESS KATHERINE RECEIVES ORDER OF THE STAR OF KARADJORDJE\" title=\"6 &#8211; Igor Ursic (1)\" aria-label=\"6 &#8211; Igor Ursic (1)\" class=\"img-responsive wp-image-89070\" srcset=\"https:\/\/royalfamily.org\/wp-content\/uploads\/2024\/02\/6-Igor-Ursic-1-200x133.jpg 200w, https:\/\/royalfamily.org\/wp-content\/uploads\/2024\/02\/6-Igor-Ursic-1-400x267.jpg 400w, https:\/\/royalfamily.org\/wp-content\/uploads\/2024\/02\/6-Igor-Ursic-1-600x400.jpg 600w, https:\/\/royalfamily.org\/wp-content\/uploads\/2024\/02\/6-Igor-Ursic-1-800x533.jpg 800w, https:\/\/royalfamily.org\/wp-content\/uploads\/2024\/02\/6-Igor-Ursic-1-1200x800.jpg 1200w, https:\/\/royalfamily.org\/wp-content\/uploads\/2024\/02\/6-Igor-Ursic-1.jpg 1772w\" sizes=\"(min-width: 2200px) 100vw, (min-width: 824px) 390px, (min-width: 732px) 585px, (min-width: 640px) 732px, \" \/><\/a><\/div><\/div><div class=\"clearfix\"><\/div><div style=\"padding:5px;\" class=\"fusion-grid-column fusion-gallery-column fusion-gallery-column-3 hover-type-none\"><div class=\"fusion-gallery-image\"><a href=\"https:\/\/royalfamily.org\/wp-content\/uploads\/2024\/02\/7-Igor-Ursic-3.jpg\" data-caption=\"PRINCEZA KATARINA ODLIKOVANA ORDENOM KARA\u0110OR\u0110EVE ZVEZDE\" rel=\"noreferrer\" data-rel=\"iLightbox[gallery_image_1]\" class=\"fusion-lightbox\" target=\"_self\"><img decoding=\"async\" src=\"https:\/\/royalfamily.org\/wp-content\/uploads\/2024\/02\/7-Igor-Ursic-3.jpg\" width=\"1181\" height=\"1772\" alt=\"CROWN PRINCESS KATHERINE RECEIVES ORDER OF THE STAR OF KARADJORDJE\" title=\"7 &#8211; Igor Ursic (3)\" aria-label=\"7 &#8211; Igor Ursic (3)\" class=\"img-responsive wp-image-89073\" srcset=\"https:\/\/royalfamily.org\/wp-content\/uploads\/2024\/02\/7-Igor-Ursic-3-200x300.jpg 200w, https:\/\/royalfamily.org\/wp-content\/uploads\/2024\/02\/7-Igor-Ursic-3-400x600.jpg 400w, https:\/\/royalfamily.org\/wp-content\/uploads\/2024\/02\/7-Igor-Ursic-3-600x900.jpg 600w, https:\/\/royalfamily.org\/wp-content\/uploads\/2024\/02\/7-Igor-Ursic-3-800x1200.jpg 800w, https:\/\/royalfamily.org\/wp-content\/uploads\/2024\/02\/7-Igor-Ursic-3.jpg 1181w\" sizes=\"(min-width: 2200px) 100vw, (min-width: 824px) 390px, (min-width: 732px) 585px, (min-width: 640px) 732px, \" \/><\/a><\/div><\/div><div style=\"padding:5px;\" class=\"fusion-grid-column fusion-gallery-column fusion-gallery-column-3 hover-type-none\"><div class=\"fusion-gallery-image\"><a href=\"https:\/\/royalfamily.org\/wp-content\/uploads\/2024\/02\/8-Lola-Djordjevic-2.jpg\" data-caption=\"PRINCEZA KATARINA ODLIKOVANA ORDENOM KARA\u0110OR\u0110EVE ZVEZDE \/ Lola Djordjevic\" rel=\"noreferrer\" data-rel=\"iLightbox[gallery_image_1]\" class=\"fusion-lightbox\" target=\"_self\"><img decoding=\"async\" src=\"https:\/\/royalfamily.org\/wp-content\/uploads\/2024\/02\/8-Lola-Djordjevic-2.jpg\" width=\"1772\" height=\"1181\" alt=\"CROWN PRINCESS KATHERINE RECEIVES ORDER OF THE STAR OF KARADJORDJE\" title=\"8 &#8211; Lola Djordjevic (2)\" aria-label=\"8 &#8211; Lola Djordjevic (2)\" class=\"img-responsive wp-image-89076\" srcset=\"https:\/\/royalfamily.org\/wp-content\/uploads\/2024\/02\/8-Lola-Djordjevic-2-200x133.jpg 200w, https:\/\/royalfamily.org\/wp-content\/uploads\/2024\/02\/8-Lola-Djordjevic-2-400x267.jpg 400w, https:\/\/royalfamily.org\/wp-content\/uploads\/2024\/02\/8-Lola-Djordjevic-2-600x400.jpg 600w, https:\/\/royalfamily.org\/wp-content\/uploads\/2024\/02\/8-Lola-Djordjevic-2-800x533.jpg 800w, https:\/\/royalfamily.org\/wp-content\/uploads\/2024\/02\/8-Lola-Djordjevic-2-1200x800.jpg 1200w, https:\/\/royalfamily.org\/wp-content\/uploads\/2024\/02\/8-Lola-Djordjevic-2.jpg 1772w\" sizes=\"(min-width: 2200px) 100vw, (min-width: 824px) 390px, (min-width: 732px) 585px, (min-width: 640px) 732px, \" \/><\/a><\/div><\/div><div style=\"padding:5px;\" class=\"fusion-grid-column fusion-gallery-column fusion-gallery-column-3 hover-type-none\"><div class=\"fusion-gallery-image\"><a href=\"https:\/\/royalfamily.org\/wp-content\/uploads\/2024\/02\/9-Igor-Ursic-2.jpg\" data-caption=\"PRINCEZA KATARINA ODLIKOVANA ORDENOM KARA\u0110OR\u0110EVE ZVEZDE\" rel=\"noreferrer\" data-rel=\"iLightbox[gallery_image_1]\" class=\"fusion-lightbox\" target=\"_self\"><img decoding=\"async\" src=\"https:\/\/royalfamily.org\/wp-content\/uploads\/2024\/02\/9-Igor-Ursic-2.jpg\" width=\"1772\" height=\"1181\" alt=\"CROWN PRINCESS KATHERINE RECEIVES ORDER OF THE STAR OF KARADJORDJE\" title=\"9 &#8211; Igor Ursic (2)\" aria-label=\"9 &#8211; Igor Ursic (2)\" class=\"img-responsive wp-image-89079\" srcset=\"https:\/\/royalfamily.org\/wp-content\/uploads\/2024\/02\/9-Igor-Ursic-2-200x133.jpg 200w, https:\/\/royalfamily.org\/wp-content\/uploads\/2024\/02\/9-Igor-Ursic-2-400x267.jpg 400w, https:\/\/royalfamily.org\/wp-content\/uploads\/2024\/02\/9-Igor-Ursic-2-600x400.jpg 600w, https:\/\/royalfamily.org\/wp-content\/uploads\/2024\/02\/9-Igor-Ursic-2-800x533.jpg 800w, https:\/\/royalfamily.org\/wp-content\/uploads\/2024\/02\/9-Igor-Ursic-2-1200x800.jpg 1200w, https:\/\/royalfamily.org\/wp-content\/uploads\/2024\/02\/9-Igor-Ursic-2.jpg 1772w\" sizes=\"(min-width: 2200px) 100vw, (min-width: 824px) 390px, (min-width: 732px) 585px, (min-width: 640px) 732px, \" \/><\/a><\/div><\/div><div class=\"clearfix\"><\/div><div style=\"padding:5px;\" class=\"fusion-grid-column fusion-gallery-column fusion-gallery-column-3 hover-type-none\"><div class=\"fusion-gallery-image\"><a href=\"https:\/\/royalfamily.org\/wp-content\/uploads\/2024\/02\/10-Djordje-Krstic-1.jpg\" data-caption=\"PRINCEZA KATARINA ODLIKOVANA ORDENOM KARA\u0110OR\u0110EVE ZVEZDE \/ Djordje Krstic\" rel=\"noreferrer\" data-rel=\"iLightbox[gallery_image_1]\" class=\"fusion-lightbox\" target=\"_self\"><img decoding=\"async\" src=\"https:\/\/royalfamily.org\/wp-content\/uploads\/2024\/02\/10-Djordje-Krstic-1.jpg\" width=\"1772\" height=\"1181\" alt=\"CROWN PRINCESS KATHERINE RECEIVES ORDER OF THE STAR OF KARADJORDJE\" title=\"10 &#8211; Djordje Krstic (1)\" aria-label=\"10 &#8211; Djordje Krstic (1)\" class=\"img-responsive wp-image-89082\" srcset=\"https:\/\/royalfamily.org\/wp-content\/uploads\/2024\/02\/10-Djordje-Krstic-1-200x133.jpg 200w, https:\/\/royalfamily.org\/wp-content\/uploads\/2024\/02\/10-Djordje-Krstic-1-400x267.jpg 400w, https:\/\/royalfamily.org\/wp-content\/uploads\/2024\/02\/10-Djordje-Krstic-1-600x400.jpg 600w, https:\/\/royalfamily.org\/wp-content\/uploads\/2024\/02\/10-Djordje-Krstic-1-800x533.jpg 800w, https:\/\/royalfamily.org\/wp-content\/uploads\/2024\/02\/10-Djordje-Krstic-1-1200x800.jpg 1200w, https:\/\/royalfamily.org\/wp-content\/uploads\/2024\/02\/10-Djordje-Krstic-1.jpg 1772w\" sizes=\"(min-width: 2200px) 100vw, (min-width: 824px) 390px, (min-width: 732px) 585px, (min-width: 640px) 732px, \" \/><\/a><\/div><\/div><\/div><\/div><\/div><\/div><\/div><\/div><\/p>\n","protected":false},"excerpt":{"rendered":"","protected":false},"author":1001015,"featured_media":89085,"comment_status":"closed","ping_status":"closed","sticky":false,"template":"","format":"standard","meta":{"_acf_changed":false,"footnotes":""},"categories":[22],"tags":[],"class_list":["post-89088","post","type-post","status-publish","format-standard","has-post-thumbnail","hentry","category-vesti"],"acf":[],"yoast_head":"<!-- This site is optimized with the Yoast SEO Premium plugin v27.4 (Yoast SEO v27.4) - https:\/\/yoast.com\/product\/yoast-seo-premium-wordpress\/ -->\n<title>PRINCEZA KATARINA ODLIKOVANA ORDENOM KARA\u0110OR\u0110EVE ZVEZDE - The Royal Family of Serbia<\/title>\n<meta name=\"robots\" content=\"index, follow, max-snippet:-1, max-image-preview:large, max-video-preview:-1\" \/>\n<link rel=\"canonical\" href=\"https:\/\/royalfamily.org\/lat\/princeza-katarina-odlikovana-ordenom-karadordeve-zvezde\/\" \/>\n<meta property=\"og:locale\" content=\"en_US\" \/>\n<meta property=\"og:type\" content=\"article\" \/>\n<meta property=\"og:title\" content=\"PRINCEZA KATARINA ODLIKOVANA ORDENOM KARA\u0110OR\u0110EVE ZVEZDE\" \/>\n<meta property=\"og:url\" content=\"https:\/\/royalfamily.org\/lat\/princeza-katarina-odlikovana-ordenom-karadordeve-zvezde\/\" \/>\n<meta property=\"og:site_name\" content=\"The Royal Family of Serbia\" \/>\n<meta property=\"article:publisher\" content=\"https:\/\/www.facebook.com\/Prestolonaslednik.Aleksandar\" \/>\n<meta property=\"article:published_time\" content=\"2024-02-15T20:44:50+00:00\" \/>\n<meta property=\"article:modified_time\" content=\"2024-02-15T20:44:51+00:00\" \/>\n<meta property=\"og:image\" content=\"https:\/\/royalfamily.org\/wp-content\/uploads\/2024\/02\/COVER-Karadjordjeva-zvezda-PA.jpg\" \/>\n\t<meta property=\"og:image:width\" content=\"1480\" \/>\n\t<meta property=\"og:image:height\" content=\"720\" \/>\n\t<meta property=\"og:image:type\" content=\"image\/jpeg\" \/>\n<meta name=\"author\" content=\"Stefan Milanovic\" \/>\n<meta name=\"twitter:card\" content=\"summary_large_image\" \/>\n<meta name=\"twitter:label1\" content=\"Written by\" \/>\n\t<meta name=\"twitter:data1\" content=\"Stefan Milanovic\" \/>\n\t<meta name=\"twitter:label2\" content=\"Est. reading time\" \/>\n\t<meta name=\"twitter:data2\" content=\"5 minutes\" \/>\n<script type=\"application\/ld+json\" class=\"yoast-schema-graph\">{\"@context\":\"https:\\\/\\\/schema.org\",\"@graph\":[{\"@type\":\"Article\",\"@id\":\"https:\\\/\\\/royalfamily.org\\\/lat\\\/princeza-katarina-odlikovana-ordenom-karadordeve-zvezde\\\/#article\",\"isPartOf\":{\"@id\":\"https:\\\/\\\/royalfamily.org\\\/lat\\\/princeza-katarina-odlikovana-ordenom-karadordeve-zvezde\\\/\"},\"author\":{\"name\":\"Stefan Milanovic\",\"@id\":\"https:\\\/\\\/royalfamily.org\\\/#\\\/schema\\\/person\\\/4ad3296a6a8a35eed333b6a785e9f648\"},\"headline\":\"PRINCEZA KATARINA ODLIKOVANA ORDENOM KARA\u0110OR\u0110EVE ZVEZDE\",\"datePublished\":\"2024-02-15T20:44:50+00:00\",\"dateModified\":\"2024-02-15T20:44:51+00:00\",\"mainEntityOfPage\":{\"@id\":\"https:\\\/\\\/royalfamily.org\\\/lat\\\/princeza-katarina-odlikovana-ordenom-karadordeve-zvezde\\\/\"},\"wordCount\":3165,\"publisher\":{\"@id\":\"https:\\\/\\\/royalfamily.org\\\/#organization\"},\"image\":{\"@id\":\"https:\\\/\\\/royalfamily.org\\\/lat\\\/princeza-katarina-odlikovana-ordenom-karadordeve-zvezde\\\/#primaryimage\"},\"thumbnailUrl\":\"https:\\\/\\\/royalfamily.org\\\/wp-content\\\/uploads\\\/2024\\\/02\\\/COVER-Karadjordjeva-zvezda-PA.jpg\",\"articleSection\":[\"Vesti\"],\"inLanguage\":\"sr-LT\"},{\"@type\":\"WebPage\",\"@id\":\"https:\\\/\\\/royalfamily.org\\\/lat\\\/princeza-katarina-odlikovana-ordenom-karadordeve-zvezde\\\/\",\"url\":\"https:\\\/\\\/royalfamily.org\\\/lat\\\/princeza-katarina-odlikovana-ordenom-karadordeve-zvezde\\\/\",\"name\":\"PRINCEZA KATARINA ODLIKOVANA ORDENOM KARA\u0110OR\u0110EVE ZVEZDE - The Royal Family of Serbia\",\"isPartOf\":{\"@id\":\"https:\\\/\\\/royalfamily.org\\\/#website\"},\"primaryImageOfPage\":{\"@id\":\"https:\\\/\\\/royalfamily.org\\\/lat\\\/princeza-katarina-odlikovana-ordenom-karadordeve-zvezde\\\/#primaryimage\"},\"image\":{\"@id\":\"https:\\\/\\\/royalfamily.org\\\/lat\\\/princeza-katarina-odlikovana-ordenom-karadordeve-zvezde\\\/#primaryimage\"},\"thumbnailUrl\":\"https:\\\/\\\/royalfamily.org\\\/wp-content\\\/uploads\\\/2024\\\/02\\\/COVER-Karadjordjeva-zvezda-PA.jpg\",\"datePublished\":\"2024-02-15T20:44:50+00:00\",\"dateModified\":\"2024-02-15T20:44:51+00:00\",\"breadcrumb\":{\"@id\":\"https:\\\/\\\/royalfamily.org\\\/lat\\\/princeza-katarina-odlikovana-ordenom-karadordeve-zvezde\\\/#breadcrumb\"},\"inLanguage\":\"sr-LT\",\"potentialAction\":[{\"@type\":\"ReadAction\",\"target\":[\"https:\\\/\\\/royalfamily.org\\\/lat\\\/princeza-katarina-odlikovana-ordenom-karadordeve-zvezde\\\/\"]}]},{\"@type\":\"ImageObject\",\"inLanguage\":\"sr-LT\",\"@id\":\"https:\\\/\\\/royalfamily.org\\\/lat\\\/princeza-katarina-odlikovana-ordenom-karadordeve-zvezde\\\/#primaryimage\",\"url\":\"https:\\\/\\\/royalfamily.org\\\/wp-content\\\/uploads\\\/2024\\\/02\\\/COVER-Karadjordjeva-zvezda-PA.jpg\",\"contentUrl\":\"https:\\\/\\\/royalfamily.org\\\/wp-content\\\/uploads\\\/2024\\\/02\\\/COVER-Karadjordjeva-zvezda-PA.jpg\",\"width\":1480,\"height\":720,\"caption\":\"PRINCEZA KATARINA ODLIKOVANA ORDENOM KARA\u0110OR\u0110EVE ZVEZDE\"},{\"@type\":\"BreadcrumbList\",\"@id\":\"https:\\\/\\\/royalfamily.org\\\/lat\\\/princeza-katarina-odlikovana-ordenom-karadordeve-zvezde\\\/#breadcrumb\",\"itemListElement\":[{\"@type\":\"ListItem\",\"position\":1,\"name\":\"Home\",\"item\":\"https:\\\/\\\/royalfamily.org\\\/lat\\\/\"},{\"@type\":\"ListItem\",\"position\":2,\"name\":\"PRINCEZA KATARINA ODLIKOVANA ORDENOM KARA\u0110OR\u0110EVE ZVEZDE\"}]},{\"@type\":\"WebSite\",\"@id\":\"https:\\\/\\\/royalfamily.org\\\/#website\",\"url\":\"https:\\\/\\\/royalfamily.org\\\/\",\"name\":\"The Royal Family of Serbia\",\"description\":\"From the people, for the people\",\"publisher\":{\"@id\":\"https:\\\/\\\/royalfamily.org\\\/#organization\"},\"potentialAction\":[{\"@type\":\"SearchAction\",\"target\":{\"@type\":\"EntryPoint\",\"urlTemplate\":\"https:\\\/\\\/royalfamily.org\\\/?s={search_term_string}\"},\"query-input\":{\"@type\":\"PropertyValueSpecification\",\"valueRequired\":true,\"valueName\":\"search_term_string\"}}],\"inLanguage\":\"sr-LT\"},{\"@type\":\"Organization\",\"@id\":\"https:\\\/\\\/royalfamily.org\\\/#organization\",\"name\":\"Royal Family\",\"url\":\"https:\\\/\\\/royalfamily.org\\\/\",\"logo\":{\"@type\":\"ImageObject\",\"inLanguage\":\"sr-LT\",\"@id\":\"https:\\\/\\\/royalfamily.org\\\/#\\\/schema\\\/logo\\\/image\\\/\",\"url\":\"https:\\\/\\\/royalfamily.org\\\/wp-content\\\/uploads\\\/2019\\\/04\\\/logo-vector-02-V-latinica.png\",\"contentUrl\":\"https:\\\/\\\/royalfamily.org\\\/wp-content\\\/uploads\\\/2019\\\/04\\\/logo-vector-02-V-latinica.png\",\"width\":552,\"height\":99,\"caption\":\"Royal Family\"},\"image\":{\"@id\":\"https:\\\/\\\/royalfamily.org\\\/#\\\/schema\\\/logo\\\/image\\\/\"},\"sameAs\":[\"https:\\\/\\\/www.facebook.com\\\/Prestolonaslednik.Aleksandar\"]},{\"@type\":\"Person\",\"@id\":\"https:\\\/\\\/royalfamily.org\\\/#\\\/schema\\\/person\\\/4ad3296a6a8a35eed333b6a785e9f648\",\"name\":\"Stefan Milanovic\",\"image\":{\"@type\":\"ImageObject\",\"inLanguage\":\"sr-LT\",\"@id\":\"https:\\\/\\\/secure.gravatar.com\\\/avatar\\\/92dcbdcf3e32112a9ceb1e41665b1f44c69382d014cacfe12c701f6af7c40259?s=96&d=mm&r=g\",\"url\":\"https:\\\/\\\/secure.gravatar.com\\\/avatar\\\/92dcbdcf3e32112a9ceb1e41665b1f44c69382d014cacfe12c701f6af7c40259?s=96&d=mm&r=g\",\"contentUrl\":\"https:\\\/\\\/secure.gravatar.com\\\/avatar\\\/92dcbdcf3e32112a9ceb1e41665b1f44c69382d014cacfe12c701f6af7c40259?s=96&d=mm&r=g\",\"caption\":\"Stefan Milanovic\"}}]}<\/script>\n<!-- \/ Yoast SEO Premium plugin. -->","yoast_head_json":{"title":"PRINCEZA KATARINA ODLIKOVANA ORDENOM KARA\u0110OR\u0110EVE ZVEZDE - The Royal Family of Serbia","robots":{"index":"index","follow":"follow","max-snippet":"max-snippet:-1","max-image-preview":"max-image-preview:large","max-video-preview":"max-video-preview:-1"},"canonical":"https:\/\/royalfamily.org\/lat\/princeza-katarina-odlikovana-ordenom-karadordeve-zvezde\/","og_locale":"en_US","og_type":"article","og_title":"PRINCEZA KATARINA ODLIKOVANA ORDENOM KARA\u0110OR\u0110EVE ZVEZDE","og_url":"https:\/\/royalfamily.org\/lat\/princeza-katarina-odlikovana-ordenom-karadordeve-zvezde\/","og_site_name":"The Royal Family of Serbia","article_publisher":"https:\/\/www.facebook.com\/Prestolonaslednik.Aleksandar","article_published_time":"2024-02-15T20:44:50+00:00","article_modified_time":"2024-02-15T20:44:51+00:00","og_image":[{"width":1480,"height":720,"url":"https:\/\/royalfamily.org\/wp-content\/uploads\/2024\/02\/COVER-Karadjordjeva-zvezda-PA.jpg","type":"image\/jpeg"}],"author":"Stefan Milanovic","twitter_card":"summary_large_image","twitter_misc":{"Written by":"Stefan Milanovic","Est. reading time":"5 minutes"},"schema":{"@context":"https:\/\/schema.org","@graph":[{"@type":"Article","@id":"https:\/\/royalfamily.org\/lat\/princeza-katarina-odlikovana-ordenom-karadordeve-zvezde\/#article","isPartOf":{"@id":"https:\/\/royalfamily.org\/lat\/princeza-katarina-odlikovana-ordenom-karadordeve-zvezde\/"},"author":{"name":"Stefan Milanovic","@id":"https:\/\/royalfamily.org\/#\/schema\/person\/4ad3296a6a8a35eed333b6a785e9f648"},"headline":"PRINCEZA KATARINA ODLIKOVANA ORDENOM KARA\u0110OR\u0110EVE ZVEZDE","datePublished":"2024-02-15T20:44:50+00:00","dateModified":"2024-02-15T20:44:51+00:00","mainEntityOfPage":{"@id":"https:\/\/royalfamily.org\/lat\/princeza-katarina-odlikovana-ordenom-karadordeve-zvezde\/"},"wordCount":3165,"publisher":{"@id":"https:\/\/royalfamily.org\/#organization"},"image":{"@id":"https:\/\/royalfamily.org\/lat\/princeza-katarina-odlikovana-ordenom-karadordeve-zvezde\/#primaryimage"},"thumbnailUrl":"https:\/\/royalfamily.org\/wp-content\/uploads\/2024\/02\/COVER-Karadjordjeva-zvezda-PA.jpg","articleSection":["Vesti"],"inLanguage":"sr-LT"},{"@type":"WebPage","@id":"https:\/\/royalfamily.org\/lat\/princeza-katarina-odlikovana-ordenom-karadordeve-zvezde\/","url":"https:\/\/royalfamily.org\/lat\/princeza-katarina-odlikovana-ordenom-karadordeve-zvezde\/","name":"PRINCEZA KATARINA ODLIKOVANA ORDENOM KARA\u0110OR\u0110EVE ZVEZDE - The Royal Family of Serbia","isPartOf":{"@id":"https:\/\/royalfamily.org\/#website"},"primaryImageOfPage":{"@id":"https:\/\/royalfamily.org\/lat\/princeza-katarina-odlikovana-ordenom-karadordeve-zvezde\/#primaryimage"},"image":{"@id":"https:\/\/royalfamily.org\/lat\/princeza-katarina-odlikovana-ordenom-karadordeve-zvezde\/#primaryimage"},"thumbnailUrl":"https:\/\/royalfamily.org\/wp-content\/uploads\/2024\/02\/COVER-Karadjordjeva-zvezda-PA.jpg","datePublished":"2024-02-15T20:44:50+00:00","dateModified":"2024-02-15T20:44:51+00:00","breadcrumb":{"@id":"https:\/\/royalfamily.org\/lat\/princeza-katarina-odlikovana-ordenom-karadordeve-zvezde\/#breadcrumb"},"inLanguage":"sr-LT","potentialAction":[{"@type":"ReadAction","target":["https:\/\/royalfamily.org\/lat\/princeza-katarina-odlikovana-ordenom-karadordeve-zvezde\/"]}]},{"@type":"ImageObject","inLanguage":"sr-LT","@id":"https:\/\/royalfamily.org\/lat\/princeza-katarina-odlikovana-ordenom-karadordeve-zvezde\/#primaryimage","url":"https:\/\/royalfamily.org\/wp-content\/uploads\/2024\/02\/COVER-Karadjordjeva-zvezda-PA.jpg","contentUrl":"https:\/\/royalfamily.org\/wp-content\/uploads\/2024\/02\/COVER-Karadjordjeva-zvezda-PA.jpg","width":1480,"height":720,"caption":"PRINCEZA KATARINA ODLIKOVANA ORDENOM KARA\u0110OR\u0110EVE ZVEZDE"},{"@type":"BreadcrumbList","@id":"https:\/\/royalfamily.org\/lat\/princeza-katarina-odlikovana-ordenom-karadordeve-zvezde\/#breadcrumb","itemListElement":[{"@type":"ListItem","position":1,"name":"Home","item":"https:\/\/royalfamily.org\/lat\/"},{"@type":"ListItem","position":2,"name":"PRINCEZA KATARINA ODLIKOVANA ORDENOM KARA\u0110OR\u0110EVE ZVEZDE"}]},{"@type":"WebSite","@id":"https:\/\/royalfamily.org\/#website","url":"https:\/\/royalfamily.org\/","name":"The Royal Family of Serbia","description":"From the people, for the people","publisher":{"@id":"https:\/\/royalfamily.org\/#organization"},"potentialAction":[{"@type":"SearchAction","target":{"@type":"EntryPoint","urlTemplate":"https:\/\/royalfamily.org\/?s={search_term_string}"},"query-input":{"@type":"PropertyValueSpecification","valueRequired":true,"valueName":"search_term_string"}}],"inLanguage":"sr-LT"},{"@type":"Organization","@id":"https:\/\/royalfamily.org\/#organization","name":"Royal Family","url":"https:\/\/royalfamily.org\/","logo":{"@type":"ImageObject","inLanguage":"sr-LT","@id":"https:\/\/royalfamily.org\/#\/schema\/logo\/image\/","url":"https:\/\/royalfamily.org\/wp-content\/uploads\/2019\/04\/logo-vector-02-V-latinica.png","contentUrl":"https:\/\/royalfamily.org\/wp-content\/uploads\/2019\/04\/logo-vector-02-V-latinica.png","width":552,"height":99,"caption":"Royal Family"},"image":{"@id":"https:\/\/royalfamily.org\/#\/schema\/logo\/image\/"},"sameAs":["https:\/\/www.facebook.com\/Prestolonaslednik.Aleksandar"]},{"@type":"Person","@id":"https:\/\/royalfamily.org\/#\/schema\/person\/4ad3296a6a8a35eed333b6a785e9f648","name":"Stefan Milanovic","image":{"@type":"ImageObject","inLanguage":"sr-LT","@id":"https:\/\/secure.gravatar.com\/avatar\/92dcbdcf3e32112a9ceb1e41665b1f44c69382d014cacfe12c701f6af7c40259?s=96&d=mm&r=g","url":"https:\/\/secure.gravatar.com\/avatar\/92dcbdcf3e32112a9ceb1e41665b1f44c69382d014cacfe12c701f6af7c40259?s=96&d=mm&r=g","contentUrl":"https:\/\/secure.gravatar.com\/avatar\/92dcbdcf3e32112a9ceb1e41665b1f44c69382d014cacfe12c701f6af7c40259?s=96&d=mm&r=g","caption":"Stefan Milanovic"}}]}},"_links":{"self":[{"href":"https:\/\/royalfamily.org\/lat\/wp-json\/wp\/v2\/posts\/89088","targetHints":{"allow":["GET"]}}],"collection":[{"href":"https:\/\/royalfamily.org\/lat\/wp-json\/wp\/v2\/posts"}],"about":[{"href":"https:\/\/royalfamily.org\/lat\/wp-json\/wp\/v2\/types\/post"}],"author":[{"embeddable":true,"href":"https:\/\/royalfamily.org\/lat\/wp-json\/wp\/v2\/users\/1001015"}],"replies":[{"embeddable":true,"href":"https:\/\/royalfamily.org\/lat\/wp-json\/wp\/v2\/comments?post=89088"}],"version-history":[{"count":1,"href":"https:\/\/royalfamily.org\/lat\/wp-json\/wp\/v2\/posts\/89088\/revisions"}],"predecessor-version":[{"id":89089,"href":"https:\/\/royalfamily.org\/lat\/wp-json\/wp\/v2\/posts\/89088\/revisions\/89089"}],"wp:featuredmedia":[{"embeddable":true,"href":"https:\/\/royalfamily.org\/lat\/wp-json\/wp\/v2\/media\/89085"}],"wp:attachment":[{"href":"https:\/\/royalfamily.org\/lat\/wp-json\/wp\/v2\/media?parent=89088"}],"wp:term":[{"taxonomy":"category","embeddable":true,"href":"https:\/\/royalfamily.org\/lat\/wp-json\/wp\/v2\/categories?post=89088"},{"taxonomy":"post_tag","embeddable":true,"href":"https:\/\/royalfamily.org\/lat\/wp-json\/wp\/v2\/tags?post=89088"}],"curies":[{"name":"wp","href":"https:\/\/api.w.org\/{rel}","templated":true}]}}