{"id":89626,"date":"2024-03-27T17:27:09","date_gmt":"2024-03-27T16:27:09","guid":{"rendered":"https:\/\/royalfamily.org\/?p=89626"},"modified":"2024-03-27T17:27:09","modified_gmt":"2024-03-27T16:27:09","slug":"premijera-dokumentarnog-filma-33-andela-u-kraljevskom-dvoru","status":"publish","type":"post","link":"https:\/\/royalfamily.org\/lat\/premijera-dokumentarnog-filma-33-andela-u-kraljevskom-dvoru\/","title":{"rendered":"PREMIJERA DOKUMENTARNOG FILMA \u201e33 AN\u0110ELA\u201c U KRALjEVSKOM DVORU"},"content":{"rendered":"<p><div class=\"fusion-fullwidth fullwidth-box fusion-builder-row-1 fusion-flex-container has-pattern-background has-mask-background nonhundred-percent-fullwidth non-hundred-percent-height-scrolling\" style=\"--awb-border-radius-top-left:0px;--awb-border-radius-top-right:0px;--awb-border-radius-bottom-right:0px;--awb-border-radius-bottom-left:0px;--awb-flex-wrap:wrap;\" ><div class=\"fusion-builder-row fusion-row fusion-flex-align-items-flex-start fusion-flex-content-wrap\" style=\"max-width:1227.2px;margin-left: calc(-4% \/ 2 );margin-right: calc(-4% \/ 2 );\"><div class=\"fusion-layout-column fusion_builder_column fusion-builder-column-0 fusion_builder_column_1_1 1_1 fusion-flex-column\" style=\"--awb-bg-size:cover;--awb-width-large:100%;--awb-margin-top-large:0px;--awb-spacing-right-large:1.92%;--awb-margin-bottom-large:20px;--awb-spacing-left-large:1.92%;--awb-width-medium:100%;--awb-order-medium:0;--awb-spacing-right-medium:1.92%;--awb-spacing-left-medium:1.92%;--awb-width-small:100%;--awb-order-small:0;--awb-spacing-right-small:1.92%;--awb-spacing-left-small:1.92%;\"><div class=\"fusion-column-wrapper fusion-column-has-shadow fusion-flex-justify-content-flex-start fusion-content-layout-column\"><div class=\"fusion-text fusion-text-1\"><p>U Kraljevskom Dvoru u Beogradu danas je odr\u017eana projekcija istorijskog dokumentarno-igranog filma \u201e33 an\u0111ela\u201c o tragi\u010dnoj sudbini srpske dece zato\u010dene u nacisti\u010dkim logorima u Norve\u0161koj, \u010diji su doma\u0107ini bili Nj.K.V. Prestolonaslednik Aleksandar i Princeza Katarina.<\/p>\n<p>Nakon filma \u201eLogor smrti u Kara\u0161joku\u201c, koji govori o stradanju Srba tokom Drugog svetskog rata u nacisti\u010dkim logorima u Norve\u0161koj, srpsko-norve\u0161ka koprodukcija snimila je i film \u201e33 an\u0111ela\u201c posve\u0107en o\u010duvanju se\u0107anja na tu\u017enu sudbinu vi\u0161e od dve stotine srpske dece koja su tokom Drugog svetskog rata bila zato\u010dena u nacisti\u010dkim logorima u Norve\u0161koj, nakon \u0161to su prethodno pro\u0161la kroz logore smrti Jasenovac, Sisak, Stara Gradi\u0161ka i Staro Sajmi\u0161te. Ovaj emotivni film je potresno svedo\u010danstvo o njihovoj patnji i nepravdi koja im je naneta, a istovremeno daje glas svedocima i potomcima koji poku\u0161avaju da sa\u010duvaju se\u0107anje i istinu o ovoj tragi\u010dnoj epizodi u istoriji \u010dove\u010danstva.<\/p>\n<p>\u201eSe\u0107anje na najtragi\u010dnija vremena u ljudskoj pro\u0161losti i \u010duvanje od zaborava stra\u0161ne sudbine na\u0161ih sunarodnika u nacisti\u010dkim logorima obaveza je koju svi imamo. Ono \u0161to je danas gotovo nezamislivo jeste \u010dinjenica da su oni o \u010dijem stradanju ovde govorimo bila deca. Koliko god nam je te\u0161ko i da samo razmi\u0161ljamo o tome, da probamo da razumemo vremena kada su ljudi postali zveri, i da slu\u0161amo ove pri\u010de, ovo je svedo\u010danstvo koje je trebalo da bude ispri\u010dano. Ne samo trebalo \u2013 moralo je da bude zabele\u017eeno, da ostane u se\u0107anju.<\/p>\n<p>Mudri ljudi su mnogo puta rekli da istoriju moramo znati, da nam se ona ne bi ponovila. Zato je ovaj film toliko va\u017ean, ne samo za na\u0161 narod i na\u0161u zemlju ve\u0107 i za budu\u0107nost \u010dove\u010danstva\u201c, rekao je Nj.K.V. Prestolonaslednik Aleksandar.<\/p>\n<p>Zajedno sa Njihovim Kraljevskim Viso\u010danstvima projekciji filma prisustvovali su Njegovo Preosve\u0161tenstvo Episkop topli\u010dki G. Petar, vikar Njegove Svetosti Patrijarha srpskog G. Porfirija, gospo\u0111a Ivana Cvetkovi\u0107, ata\u0161e za politi\u010dka i kulturna pitanja Ambasade \u0160vajcarske, gospodin Darko Spasi\u0107, \u010dlan Krunskog saveta, i drugi gosti.<\/p>\n<p>\u201e33 an\u0111ela\u201d je potresna pri\u010da o stradanju dece, koja nas podse\u0107a na va\u017enost \u010duvanja se\u0107anja i po\u0161tovanja \u017eivota. U filmu \u0107e gledaoci imati priliku da \u010duju svedo\u010denja logora\u0161a koji su pre\u017eiveli strahote logora smrti u Nezavisnoj Dr\u017eavi Hrvatskoj, kao i potomaka dece stradale u nacisti\u010dkim logorima tokom Drugog svetskog rata u Norve\u0161koj\u201c, istakao je Branko Dimovi\u0107 Dimeski, autor i producent filma.<\/p>\n<p>Zaslu\u017eni za ovu zna\u010dajnu pri\u010du zajedno sa gospodinom Dimovi\u0107em Dimeskim su: re\u017eser Goran Vuk\u010devi\u0107, direktor fotografije Dejan Tr\u0161i\u0107, koscenaristi Milka Kajgani\u0107 i Branko Dimovi\u0107 Dimeski, autori muzike Stela Toresen, Andrej Stojanovi\u0107 i Nikola Miti\u0107, kao i stru\u010dni saradnici dr Johanes Solberg, Jelena Stojkovi\u0107, \u0110or\u0111e Bojani\u0107 \u2013 istori\u010dar, Branislav Gaji\u0107 i Aleksandar Din\u010di\u0107 \u2013 istori\u010dar.<\/p>\n<p>Vi\u0161e od 4.000 zarobljenika tokom Drugog svetskog rata deportovano je iz NDH, Srbije i drugih delova okupirane Kraljevine Jugoslavije u Norve\u0161ku (od kojih su 95% bili Srbi, ve\u0107inom oficiri i vojnici Kraljevske jugoslovenske vojske) gde su bili u nacisti\u010dkim logorima smrti i primorani na prinudni rad. Od ukupnog broja zatvorenika u Norve\u0161koj, 2.398 se nikada nije vratilo ku\u0107i. Najmla\u0111i me\u0111u njima imao je samo 11 godina.<\/p>\n<\/div><\/div><\/div><\/div><\/div><div class=\"fusion-fullwidth fullwidth-box fusion-builder-row-2 fusion-flex-container has-pattern-background has-mask-background nonhundred-percent-fullwidth non-hundred-percent-height-scrolling\" style=\"--awb-border-radius-top-left:0px;--awb-border-radius-top-right:0px;--awb-border-radius-bottom-right:0px;--awb-border-radius-bottom-left:0px;--awb-flex-wrap:wrap;\" ><div class=\"fusion-builder-row fusion-row fusion-flex-align-items-flex-start fusion-flex-content-wrap\" style=\"max-width:1227.2px;margin-left: calc(-4% \/ 2 );margin-right: calc(-4% \/ 2 );\"><div class=\"fusion-layout-column fusion_builder_column fusion-builder-column-1 fusion_builder_column_1_1 1_1 fusion-flex-column\" style=\"--awb-bg-size:cover;--awb-width-large:100%;--awb-margin-top-large:0px;--awb-spacing-right-large:1.92%;--awb-margin-bottom-large:20px;--awb-spacing-left-large:1.92%;--awb-width-medium:100%;--awb-order-medium:0;--awb-spacing-right-medium:1.92%;--awb-spacing-left-medium:1.92%;--awb-width-small:100%;--awb-order-small:0;--awb-spacing-right-small:1.92%;--awb-spacing-left-small:1.92%;\"><div class=\"fusion-column-wrapper fusion-column-has-shadow fusion-flex-justify-content-flex-start fusion-content-layout-column\"><div class=\"awb-gallery-wrapper awb-gallery-wrapper-1 button-span-no\" style=\"--more-btn-alignment:center;\" data-limit=\"20\" data-page=\"1\"><div style=\"margin:-5px;--awb-bordersize:0px;\" class=\"fusion-gallery fusion-gallery-container fusion-grid-3 fusion-columns-total-6 fusion-gallery-layout-grid fusion-gallery-1\"><div style=\"padding:5px;\" class=\"fusion-grid-column fusion-gallery-column fusion-gallery-column-3 hover-type-none\"><div class=\"fusion-gallery-image\"><a href=\"https:\/\/royalfamily.org\/wp-content\/uploads\/2024\/03\/8F2A9399m.jpg\" data-caption=\"PREMIJERA DOKUMENTARNOG FILMA \u201e33 AN\u0110ELA\u201c U KRALjEVSKOM DVORU\" rel=\"noreferrer\" data-rel=\"iLightbox[gallery_image_1]\" class=\"fusion-lightbox\" target=\"_self\"><img decoding=\"async\" src=\"https:\/\/royalfamily.org\/wp-content\/uploads\/2024\/03\/8F2A9399m.jpg\" width=\"1772\" height=\"1181\" alt=\"PREMIJERA DOKUMENTARNOG FILMA \u201e33 AN\u0110ELA\u201c U KRALjEVSKOM DVORU\" title=\"PREMIJERA DOKUMENTARNOG FILMA \u201e33 AN\u0110ELA\u201c U KRALjEVSKOM DVORU\" aria-label=\"PREMIJERA DOKUMENTARNOG FILMA \u201e33 AN\u0110ELA\u201c U KRALjEVSKOM DVORU\" class=\"img-responsive wp-image-89605\" srcset=\"https:\/\/royalfamily.org\/wp-content\/uploads\/2024\/03\/8F2A9399m-200x133.jpg 200w, https:\/\/royalfamily.org\/wp-content\/uploads\/2024\/03\/8F2A9399m-400x267.jpg 400w, https:\/\/royalfamily.org\/wp-content\/uploads\/2024\/03\/8F2A9399m-600x400.jpg 600w, https:\/\/royalfamily.org\/wp-content\/uploads\/2024\/03\/8F2A9399m-800x533.jpg 800w, https:\/\/royalfamily.org\/wp-content\/uploads\/2024\/03\/8F2A9399m-1200x800.jpg 1200w, https:\/\/royalfamily.org\/wp-content\/uploads\/2024\/03\/8F2A9399m.jpg 1772w\" sizes=\"(min-width: 2200px) 100vw, (min-width: 824px) 390px, (min-width: 732px) 585px, (min-width: 640px) 732px, \" \/><\/a><\/div><\/div><div style=\"padding:5px;\" class=\"fusion-grid-column fusion-gallery-column fusion-gallery-column-3 hover-type-none\"><div class=\"fusion-gallery-image\"><a href=\"https:\/\/royalfamily.org\/wp-content\/uploads\/2024\/03\/8F2A9423m.jpg\" data-caption=\"PREMIJERA DOKUMENTARNOG FILMA \u201e33 AN\u0110ELA\u201c U KRALjEVSKOM DVORU\" rel=\"noreferrer\" data-rel=\"iLightbox[gallery_image_1]\" class=\"fusion-lightbox\" target=\"_self\"><img decoding=\"async\" src=\"https:\/\/royalfamily.org\/wp-content\/uploads\/2024\/03\/8F2A9423m.jpg\" width=\"1772\" height=\"1181\" alt=\"PREMIJERA DOKUMENTARNOG FILMA \u201e33 AN\u0110ELA\u201c U KRALjEVSKOM DVORU\" title=\"PREMIJERA DOKUMENTARNOG FILMA \u201e33 AN\u0110ELA\u201c U KRALjEVSKOM DVORU\" aria-label=\"PREMIJERA DOKUMENTARNOG FILMA \u201e33 AN\u0110ELA\u201c U KRALjEVSKOM DVORU\" class=\"img-responsive wp-image-89608\" srcset=\"https:\/\/royalfamily.org\/wp-content\/uploads\/2024\/03\/8F2A9423m-200x133.jpg 200w, https:\/\/royalfamily.org\/wp-content\/uploads\/2024\/03\/8F2A9423m-400x267.jpg 400w, https:\/\/royalfamily.org\/wp-content\/uploads\/2024\/03\/8F2A9423m-600x400.jpg 600w, https:\/\/royalfamily.org\/wp-content\/uploads\/2024\/03\/8F2A9423m-800x533.jpg 800w, https:\/\/royalfamily.org\/wp-content\/uploads\/2024\/03\/8F2A9423m-1200x800.jpg 1200w, https:\/\/royalfamily.org\/wp-content\/uploads\/2024\/03\/8F2A9423m.jpg 1772w\" sizes=\"(min-width: 2200px) 100vw, (min-width: 824px) 390px, (min-width: 732px) 585px, (min-width: 640px) 732px, \" \/><\/a><\/div><\/div><div style=\"padding:5px;\" class=\"fusion-grid-column fusion-gallery-column fusion-gallery-column-3 hover-type-none\"><div class=\"fusion-gallery-image\"><a href=\"https:\/\/royalfamily.org\/wp-content\/uploads\/2024\/03\/8F2A9451m.jpg\" data-caption=\"PREMIJERA DOKUMENTARNOG FILMA \u201e33 AN\u0110ELA\u201c U KRALjEVSKOM DVORU\" rel=\"noreferrer\" data-rel=\"iLightbox[gallery_image_1]\" class=\"fusion-lightbox\" target=\"_self\"><img decoding=\"async\" src=\"https:\/\/royalfamily.org\/wp-content\/uploads\/2024\/03\/8F2A9451m.jpg\" width=\"1772\" height=\"1181\" alt=\"PREMIJERA DOKUMENTARNOG FILMA \u201e33 AN\u0110ELA\u201c U KRALjEVSKOM DVORU\" title=\"PREMIJERA DOKUMENTARNOG FILMA \u201e33 AN\u0110ELA\u201c U KRALjEVSKOM DVORU\" aria-label=\"PREMIJERA DOKUMENTARNOG FILMA \u201e33 AN\u0110ELA\u201c U KRALjEVSKOM DVORU\" class=\"img-responsive wp-image-89611\" srcset=\"https:\/\/royalfamily.org\/wp-content\/uploads\/2024\/03\/8F2A9451m-200x133.jpg 200w, https:\/\/royalfamily.org\/wp-content\/uploads\/2024\/03\/8F2A9451m-400x267.jpg 400w, https:\/\/royalfamily.org\/wp-content\/uploads\/2024\/03\/8F2A9451m-600x400.jpg 600w, https:\/\/royalfamily.org\/wp-content\/uploads\/2024\/03\/8F2A9451m-800x533.jpg 800w, https:\/\/royalfamily.org\/wp-content\/uploads\/2024\/03\/8F2A9451m-1200x800.jpg 1200w, https:\/\/royalfamily.org\/wp-content\/uploads\/2024\/03\/8F2A9451m.jpg 1772w\" sizes=\"(min-width: 2200px) 100vw, (min-width: 824px) 390px, (min-width: 732px) 585px, (min-width: 640px) 732px, \" \/><\/a><\/div><\/div><div class=\"clearfix\"><\/div><div style=\"padding:5px;\" class=\"fusion-grid-column fusion-gallery-column fusion-gallery-column-3 hover-type-none\"><div class=\"fusion-gallery-image\"><a href=\"https:\/\/royalfamily.org\/wp-content\/uploads\/2024\/03\/8F2A9464m.jpg\" data-caption=\"PREMIJERA DOKUMENTARNOG FILMA \u201e33 AN\u0110ELA\u201c U KRALjEVSKOM DVORU\" rel=\"noreferrer\" data-rel=\"iLightbox[gallery_image_1]\" class=\"fusion-lightbox\" target=\"_self\"><img decoding=\"async\" src=\"https:\/\/royalfamily.org\/wp-content\/uploads\/2024\/03\/8F2A9464m.jpg\" width=\"1772\" height=\"1181\" alt=\"PREMIJERA DOKUMENTARNOG FILMA \u201e33 AN\u0110ELA\u201c U KRALjEVSKOM DVORU\" title=\"PREMIJERA DOKUMENTARNOG FILMA \u201e33 AN\u0110ELA\u201c U KRALjEVSKOM DVORU\" aria-label=\"PREMIJERA DOKUMENTARNOG FILMA \u201e33 AN\u0110ELA\u201c U KRALjEVSKOM DVORU\" class=\"img-responsive wp-image-89614\" srcset=\"https:\/\/royalfamily.org\/wp-content\/uploads\/2024\/03\/8F2A9464m-200x133.jpg 200w, https:\/\/royalfamily.org\/wp-content\/uploads\/2024\/03\/8F2A9464m-400x267.jpg 400w, https:\/\/royalfamily.org\/wp-content\/uploads\/2024\/03\/8F2A9464m-600x400.jpg 600w, https:\/\/royalfamily.org\/wp-content\/uploads\/2024\/03\/8F2A9464m-800x533.jpg 800w, https:\/\/royalfamily.org\/wp-content\/uploads\/2024\/03\/8F2A9464m-1200x800.jpg 1200w, https:\/\/royalfamily.org\/wp-content\/uploads\/2024\/03\/8F2A9464m.jpg 1772w\" sizes=\"(min-width: 2200px) 100vw, (min-width: 824px) 390px, (min-width: 732px) 585px, (min-width: 640px) 732px, \" \/><\/a><\/div><\/div><div style=\"padding:5px;\" class=\"fusion-grid-column fusion-gallery-column fusion-gallery-column-3 hover-type-none\"><div class=\"fusion-gallery-image\"><a href=\"https:\/\/royalfamily.org\/wp-content\/uploads\/2024\/03\/8F2A9465m.jpg\" data-caption=\"PREMIJERA DOKUMENTARNOG FILMA \u201e33 AN\u0110ELA\u201c U KRALjEVSKOM DVORU\" rel=\"noreferrer\" data-rel=\"iLightbox[gallery_image_1]\" class=\"fusion-lightbox\" target=\"_self\"><img decoding=\"async\" src=\"https:\/\/royalfamily.org\/wp-content\/uploads\/2024\/03\/8F2A9465m.jpg\" width=\"1772\" height=\"1181\" alt=\"PREMIJERA DOKUMENTARNOG FILMA \u201e33 AN\u0110ELA\u201c U KRALjEVSKOM DVORU\" title=\"PREMIJERA DOKUMENTARNOG FILMA \u201e33 AN\u0110ELA\u201c U KRALjEVSKOM DVORU\" aria-label=\"PREMIJERA DOKUMENTARNOG FILMA \u201e33 AN\u0110ELA\u201c U KRALjEVSKOM DVORU\" class=\"img-responsive wp-image-89617\" srcset=\"https:\/\/royalfamily.org\/wp-content\/uploads\/2024\/03\/8F2A9465m-200x133.jpg 200w, https:\/\/royalfamily.org\/wp-content\/uploads\/2024\/03\/8F2A9465m-400x267.jpg 400w, https:\/\/royalfamily.org\/wp-content\/uploads\/2024\/03\/8F2A9465m-600x400.jpg 600w, https:\/\/royalfamily.org\/wp-content\/uploads\/2024\/03\/8F2A9465m-800x533.jpg 800w, https:\/\/royalfamily.org\/wp-content\/uploads\/2024\/03\/8F2A9465m-1200x800.jpg 1200w, https:\/\/royalfamily.org\/wp-content\/uploads\/2024\/03\/8F2A9465m.jpg 1772w\" sizes=\"(min-width: 2200px) 100vw, (min-width: 824px) 390px, (min-width: 732px) 585px, (min-width: 640px) 732px, \" \/><\/a><\/div><\/div><div style=\"padding:5px;\" class=\"fusion-grid-column fusion-gallery-column fusion-gallery-column-3 hover-type-none\"><div class=\"fusion-gallery-image\"><a href=\"https:\/\/royalfamily.org\/wp-content\/uploads\/2024\/03\/8F2A9480m.jpg\" data-caption=\"PREMIJERA DOKUMENTARNOG FILMA \u201e33 AN\u0110ELA\u201c U KRALjEVSKOM DVORU\" rel=\"noreferrer\" data-rel=\"iLightbox[gallery_image_1]\" class=\"fusion-lightbox\" target=\"_self\"><img decoding=\"async\" src=\"https:\/\/royalfamily.org\/wp-content\/uploads\/2024\/03\/8F2A9480m.jpg\" width=\"1772\" height=\"1181\" alt=\"PREMIJERA DOKUMENTARNOG FILMA \u201e33 AN\u0110ELA\u201c U KRALjEVSKOM DVORU\" title=\"PREMIJERA DOKUMENTARNOG FILMA \u201e33 AN\u0110ELA\u201c U KRALjEVSKOM DVORU\" aria-label=\"PREMIJERA DOKUMENTARNOG FILMA \u201e33 AN\u0110ELA\u201c U KRALjEVSKOM DVORU\" class=\"img-responsive wp-image-89620\" srcset=\"https:\/\/royalfamily.org\/wp-content\/uploads\/2024\/03\/8F2A9480m-200x133.jpg 200w, https:\/\/royalfamily.org\/wp-content\/uploads\/2024\/03\/8F2A9480m-400x267.jpg 400w, https:\/\/royalfamily.org\/wp-content\/uploads\/2024\/03\/8F2A9480m-600x400.jpg 600w, https:\/\/royalfamily.org\/wp-content\/uploads\/2024\/03\/8F2A9480m-800x533.jpg 800w, https:\/\/royalfamily.org\/wp-content\/uploads\/2024\/03\/8F2A9480m-1200x800.jpg 1200w, https:\/\/royalfamily.org\/wp-content\/uploads\/2024\/03\/8F2A9480m.jpg 1772w\" sizes=\"(min-width: 2200px) 100vw, (min-width: 824px) 390px, (min-width: 732px) 585px, (min-width: 640px) 732px, \" \/><\/a><\/div><\/div><div class=\"clearfix\"><\/div><\/div><\/div><\/div><\/div><\/div><\/div><\/p>\n","protected":false},"excerpt":{"rendered":"","protected":false},"author":1001015,"featured_media":89623,"comment_status":"closed","ping_status":"closed","sticky":false,"template":"","format":"standard","meta":{"_acf_changed":false,"footnotes":""},"categories":[22],"tags":[],"class_list":["post-89626","post","type-post","status-publish","format-standard","has-post-thumbnail","hentry","category-vesti"],"acf":[],"yoast_head":"<!-- This site is optimized with the Yoast SEO Premium plugin v27.4 (Yoast SEO v27.4) - https:\/\/yoast.com\/product\/yoast-seo-premium-wordpress\/ -->\n<title>PREMIJERA DOKUMENTARNOG FILMA \u201e33 AN\u0110ELA\u201c U KRALjEVSKOM DVORU - The Royal Family of Serbia<\/title>\n<meta name=\"robots\" content=\"index, follow, max-snippet:-1, max-image-preview:large, max-video-preview:-1\" \/>\n<link rel=\"canonical\" href=\"https:\/\/royalfamily.org\/lat\/premijera-dokumentarnog-filma-33-andela-u-kraljevskom-dvoru\/\" \/>\n<meta property=\"og:locale\" content=\"en_US\" \/>\n<meta property=\"og:type\" content=\"article\" \/>\n<meta property=\"og:title\" content=\"PREMIJERA DOKUMENTARNOG FILMA \u201e33 AN\u0110ELA\u201c U KRALjEVSKOM DVORU\" \/>\n<meta property=\"og:url\" content=\"https:\/\/royalfamily.org\/lat\/premijera-dokumentarnog-filma-33-andela-u-kraljevskom-dvoru\/\" \/>\n<meta property=\"og:site_name\" content=\"The Royal Family of Serbia\" \/>\n<meta property=\"article:publisher\" content=\"https:\/\/www.facebook.com\/Prestolonaslednik.Aleksandar\" \/>\n<meta property=\"article:published_time\" content=\"2024-03-27T16:27:09+00:00\" \/>\n<meta property=\"og:image\" content=\"https:\/\/royalfamily.org\/wp-content\/uploads\/2024\/03\/COVER-33-Andjela.jpg\" \/>\n\t<meta property=\"og:image:width\" content=\"1480\" \/>\n\t<meta property=\"og:image:height\" content=\"720\" \/>\n\t<meta property=\"og:image:type\" content=\"image\/jpeg\" \/>\n<meta name=\"author\" content=\"Stefan Milanovic\" \/>\n<meta name=\"twitter:card\" content=\"summary_large_image\" \/>\n<meta name=\"twitter:label1\" content=\"Written by\" \/>\n\t<meta name=\"twitter:data1\" content=\"Stefan Milanovic\" \/>\n\t<meta name=\"twitter:label2\" content=\"Est. reading time\" \/>\n\t<meta name=\"twitter:data2\" content=\"4 minutes\" \/>\n<script type=\"application\/ld+json\" class=\"yoast-schema-graph\">{\"@context\":\"https:\\\/\\\/schema.org\",\"@graph\":[{\"@type\":\"Article\",\"@id\":\"https:\\\/\\\/royalfamily.org\\\/lat\\\/premijera-dokumentarnog-filma-33-andela-u-kraljevskom-dvoru\\\/#article\",\"isPartOf\":{\"@id\":\"https:\\\/\\\/royalfamily.org\\\/lat\\\/premijera-dokumentarnog-filma-33-andela-u-kraljevskom-dvoru\\\/\"},\"author\":{\"name\":\"Stefan Milanovic\",\"@id\":\"https:\\\/\\\/royalfamily.org\\\/#\\\/schema\\\/person\\\/4ad3296a6a8a35eed333b6a785e9f648\"},\"headline\":\"PREMIJERA DOKUMENTARNOG FILMA \u201e33 AN\u0110ELA\u201c U KRALjEVSKOM DVORU\",\"datePublished\":\"2024-03-27T16:27:09+00:00\",\"mainEntityOfPage\":{\"@id\":\"https:\\\/\\\/royalfamily.org\\\/lat\\\/premijera-dokumentarnog-filma-33-andela-u-kraljevskom-dvoru\\\/\"},\"wordCount\":2939,\"publisher\":{\"@id\":\"https:\\\/\\\/royalfamily.org\\\/#organization\"},\"image\":{\"@id\":\"https:\\\/\\\/royalfamily.org\\\/lat\\\/premijera-dokumentarnog-filma-33-andela-u-kraljevskom-dvoru\\\/#primaryimage\"},\"thumbnailUrl\":\"https:\\\/\\\/royalfamily.org\\\/wp-content\\\/uploads\\\/2024\\\/03\\\/COVER-33-Andjela.jpg\",\"articleSection\":[\"Vesti\"],\"inLanguage\":\"sr-LT\"},{\"@type\":\"WebPage\",\"@id\":\"https:\\\/\\\/royalfamily.org\\\/lat\\\/premijera-dokumentarnog-filma-33-andela-u-kraljevskom-dvoru\\\/\",\"url\":\"https:\\\/\\\/royalfamily.org\\\/lat\\\/premijera-dokumentarnog-filma-33-andela-u-kraljevskom-dvoru\\\/\",\"name\":\"PREMIJERA DOKUMENTARNOG FILMA \u201e33 AN\u0110ELA\u201c U KRALjEVSKOM DVORU - The Royal Family of Serbia\",\"isPartOf\":{\"@id\":\"https:\\\/\\\/royalfamily.org\\\/#website\"},\"primaryImageOfPage\":{\"@id\":\"https:\\\/\\\/royalfamily.org\\\/lat\\\/premijera-dokumentarnog-filma-33-andela-u-kraljevskom-dvoru\\\/#primaryimage\"},\"image\":{\"@id\":\"https:\\\/\\\/royalfamily.org\\\/lat\\\/premijera-dokumentarnog-filma-33-andela-u-kraljevskom-dvoru\\\/#primaryimage\"},\"thumbnailUrl\":\"https:\\\/\\\/royalfamily.org\\\/wp-content\\\/uploads\\\/2024\\\/03\\\/COVER-33-Andjela.jpg\",\"datePublished\":\"2024-03-27T16:27:09+00:00\",\"breadcrumb\":{\"@id\":\"https:\\\/\\\/royalfamily.org\\\/lat\\\/premijera-dokumentarnog-filma-33-andela-u-kraljevskom-dvoru\\\/#breadcrumb\"},\"inLanguage\":\"sr-LT\",\"potentialAction\":[{\"@type\":\"ReadAction\",\"target\":[\"https:\\\/\\\/royalfamily.org\\\/lat\\\/premijera-dokumentarnog-filma-33-andela-u-kraljevskom-dvoru\\\/\"]}]},{\"@type\":\"ImageObject\",\"inLanguage\":\"sr-LT\",\"@id\":\"https:\\\/\\\/royalfamily.org\\\/lat\\\/premijera-dokumentarnog-filma-33-andela-u-kraljevskom-dvoru\\\/#primaryimage\",\"url\":\"https:\\\/\\\/royalfamily.org\\\/wp-content\\\/uploads\\\/2024\\\/03\\\/COVER-33-Andjela.jpg\",\"contentUrl\":\"https:\\\/\\\/royalfamily.org\\\/wp-content\\\/uploads\\\/2024\\\/03\\\/COVER-33-Andjela.jpg\",\"width\":1480,\"height\":720,\"caption\":\"PREMIJERA DOKUMENTARNOG FILMA \u201e33 AN\u0110ELA\u201c U KRALjEVSKOM DVORU\"},{\"@type\":\"BreadcrumbList\",\"@id\":\"https:\\\/\\\/royalfamily.org\\\/lat\\\/premijera-dokumentarnog-filma-33-andela-u-kraljevskom-dvoru\\\/#breadcrumb\",\"itemListElement\":[{\"@type\":\"ListItem\",\"position\":1,\"name\":\"Home\",\"item\":\"https:\\\/\\\/royalfamily.org\\\/lat\\\/\"},{\"@type\":\"ListItem\",\"position\":2,\"name\":\"PREMIJERA DOKUMENTARNOG FILMA \u201e33 AN\u0110ELA\u201c U KRALjEVSKOM DVORU\"}]},{\"@type\":\"WebSite\",\"@id\":\"https:\\\/\\\/royalfamily.org\\\/#website\",\"url\":\"https:\\\/\\\/royalfamily.org\\\/\",\"name\":\"The Royal Family of Serbia\",\"description\":\"From the people, for the people\",\"publisher\":{\"@id\":\"https:\\\/\\\/royalfamily.org\\\/#organization\"},\"potentialAction\":[{\"@type\":\"SearchAction\",\"target\":{\"@type\":\"EntryPoint\",\"urlTemplate\":\"https:\\\/\\\/royalfamily.org\\\/?s={search_term_string}\"},\"query-input\":{\"@type\":\"PropertyValueSpecification\",\"valueRequired\":true,\"valueName\":\"search_term_string\"}}],\"inLanguage\":\"sr-LT\"},{\"@type\":\"Organization\",\"@id\":\"https:\\\/\\\/royalfamily.org\\\/#organization\",\"name\":\"Royal Family\",\"url\":\"https:\\\/\\\/royalfamily.org\\\/\",\"logo\":{\"@type\":\"ImageObject\",\"inLanguage\":\"sr-LT\",\"@id\":\"https:\\\/\\\/royalfamily.org\\\/#\\\/schema\\\/logo\\\/image\\\/\",\"url\":\"https:\\\/\\\/royalfamily.org\\\/wp-content\\\/uploads\\\/2019\\\/04\\\/logo-vector-02-V-latinica.png\",\"contentUrl\":\"https:\\\/\\\/royalfamily.org\\\/wp-content\\\/uploads\\\/2019\\\/04\\\/logo-vector-02-V-latinica.png\",\"width\":552,\"height\":99,\"caption\":\"Royal Family\"},\"image\":{\"@id\":\"https:\\\/\\\/royalfamily.org\\\/#\\\/schema\\\/logo\\\/image\\\/\"},\"sameAs\":[\"https:\\\/\\\/www.facebook.com\\\/Prestolonaslednik.Aleksandar\"]},{\"@type\":\"Person\",\"@id\":\"https:\\\/\\\/royalfamily.org\\\/#\\\/schema\\\/person\\\/4ad3296a6a8a35eed333b6a785e9f648\",\"name\":\"Stefan Milanovic\",\"image\":{\"@type\":\"ImageObject\",\"inLanguage\":\"sr-LT\",\"@id\":\"https:\\\/\\\/secure.gravatar.com\\\/avatar\\\/92dcbdcf3e32112a9ceb1e41665b1f44c69382d014cacfe12c701f6af7c40259?s=96&d=mm&r=g\",\"url\":\"https:\\\/\\\/secure.gravatar.com\\\/avatar\\\/92dcbdcf3e32112a9ceb1e41665b1f44c69382d014cacfe12c701f6af7c40259?s=96&d=mm&r=g\",\"contentUrl\":\"https:\\\/\\\/secure.gravatar.com\\\/avatar\\\/92dcbdcf3e32112a9ceb1e41665b1f44c69382d014cacfe12c701f6af7c40259?s=96&d=mm&r=g\",\"caption\":\"Stefan Milanovic\"}}]}<\/script>\n<!-- \/ Yoast SEO Premium plugin. -->","yoast_head_json":{"title":"PREMIJERA DOKUMENTARNOG FILMA \u201e33 AN\u0110ELA\u201c U KRALjEVSKOM DVORU - The Royal Family of Serbia","robots":{"index":"index","follow":"follow","max-snippet":"max-snippet:-1","max-image-preview":"max-image-preview:large","max-video-preview":"max-video-preview:-1"},"canonical":"https:\/\/royalfamily.org\/lat\/premijera-dokumentarnog-filma-33-andela-u-kraljevskom-dvoru\/","og_locale":"en_US","og_type":"article","og_title":"PREMIJERA DOKUMENTARNOG FILMA \u201e33 AN\u0110ELA\u201c U KRALjEVSKOM DVORU","og_url":"https:\/\/royalfamily.org\/lat\/premijera-dokumentarnog-filma-33-andela-u-kraljevskom-dvoru\/","og_site_name":"The Royal Family of Serbia","article_publisher":"https:\/\/www.facebook.com\/Prestolonaslednik.Aleksandar","article_published_time":"2024-03-27T16:27:09+00:00","og_image":[{"width":1480,"height":720,"url":"https:\/\/royalfamily.org\/wp-content\/uploads\/2024\/03\/COVER-33-Andjela.jpg","type":"image\/jpeg"}],"author":"Stefan Milanovic","twitter_card":"summary_large_image","twitter_misc":{"Written by":"Stefan Milanovic","Est. reading time":"4 minutes"},"schema":{"@context":"https:\/\/schema.org","@graph":[{"@type":"Article","@id":"https:\/\/royalfamily.org\/lat\/premijera-dokumentarnog-filma-33-andela-u-kraljevskom-dvoru\/#article","isPartOf":{"@id":"https:\/\/royalfamily.org\/lat\/premijera-dokumentarnog-filma-33-andela-u-kraljevskom-dvoru\/"},"author":{"name":"Stefan Milanovic","@id":"https:\/\/royalfamily.org\/#\/schema\/person\/4ad3296a6a8a35eed333b6a785e9f648"},"headline":"PREMIJERA DOKUMENTARNOG FILMA \u201e33 AN\u0110ELA\u201c U KRALjEVSKOM DVORU","datePublished":"2024-03-27T16:27:09+00:00","mainEntityOfPage":{"@id":"https:\/\/royalfamily.org\/lat\/premijera-dokumentarnog-filma-33-andela-u-kraljevskom-dvoru\/"},"wordCount":2939,"publisher":{"@id":"https:\/\/royalfamily.org\/#organization"},"image":{"@id":"https:\/\/royalfamily.org\/lat\/premijera-dokumentarnog-filma-33-andela-u-kraljevskom-dvoru\/#primaryimage"},"thumbnailUrl":"https:\/\/royalfamily.org\/wp-content\/uploads\/2024\/03\/COVER-33-Andjela.jpg","articleSection":["Vesti"],"inLanguage":"sr-LT"},{"@type":"WebPage","@id":"https:\/\/royalfamily.org\/lat\/premijera-dokumentarnog-filma-33-andela-u-kraljevskom-dvoru\/","url":"https:\/\/royalfamily.org\/lat\/premijera-dokumentarnog-filma-33-andela-u-kraljevskom-dvoru\/","name":"PREMIJERA DOKUMENTARNOG FILMA \u201e33 AN\u0110ELA\u201c U KRALjEVSKOM DVORU - The Royal Family of Serbia","isPartOf":{"@id":"https:\/\/royalfamily.org\/#website"},"primaryImageOfPage":{"@id":"https:\/\/royalfamily.org\/lat\/premijera-dokumentarnog-filma-33-andela-u-kraljevskom-dvoru\/#primaryimage"},"image":{"@id":"https:\/\/royalfamily.org\/lat\/premijera-dokumentarnog-filma-33-andela-u-kraljevskom-dvoru\/#primaryimage"},"thumbnailUrl":"https:\/\/royalfamily.org\/wp-content\/uploads\/2024\/03\/COVER-33-Andjela.jpg","datePublished":"2024-03-27T16:27:09+00:00","breadcrumb":{"@id":"https:\/\/royalfamily.org\/lat\/premijera-dokumentarnog-filma-33-andela-u-kraljevskom-dvoru\/#breadcrumb"},"inLanguage":"sr-LT","potentialAction":[{"@type":"ReadAction","target":["https:\/\/royalfamily.org\/lat\/premijera-dokumentarnog-filma-33-andela-u-kraljevskom-dvoru\/"]}]},{"@type":"ImageObject","inLanguage":"sr-LT","@id":"https:\/\/royalfamily.org\/lat\/premijera-dokumentarnog-filma-33-andela-u-kraljevskom-dvoru\/#primaryimage","url":"https:\/\/royalfamily.org\/wp-content\/uploads\/2024\/03\/COVER-33-Andjela.jpg","contentUrl":"https:\/\/royalfamily.org\/wp-content\/uploads\/2024\/03\/COVER-33-Andjela.jpg","width":1480,"height":720,"caption":"PREMIJERA DOKUMENTARNOG FILMA \u201e33 AN\u0110ELA\u201c U KRALjEVSKOM DVORU"},{"@type":"BreadcrumbList","@id":"https:\/\/royalfamily.org\/lat\/premijera-dokumentarnog-filma-33-andela-u-kraljevskom-dvoru\/#breadcrumb","itemListElement":[{"@type":"ListItem","position":1,"name":"Home","item":"https:\/\/royalfamily.org\/lat\/"},{"@type":"ListItem","position":2,"name":"PREMIJERA DOKUMENTARNOG FILMA \u201e33 AN\u0110ELA\u201c U KRALjEVSKOM DVORU"}]},{"@type":"WebSite","@id":"https:\/\/royalfamily.org\/#website","url":"https:\/\/royalfamily.org\/","name":"The Royal Family of Serbia","description":"From the people, for the people","publisher":{"@id":"https:\/\/royalfamily.org\/#organization"},"potentialAction":[{"@type":"SearchAction","target":{"@type":"EntryPoint","urlTemplate":"https:\/\/royalfamily.org\/?s={search_term_string}"},"query-input":{"@type":"PropertyValueSpecification","valueRequired":true,"valueName":"search_term_string"}}],"inLanguage":"sr-LT"},{"@type":"Organization","@id":"https:\/\/royalfamily.org\/#organization","name":"Royal Family","url":"https:\/\/royalfamily.org\/","logo":{"@type":"ImageObject","inLanguage":"sr-LT","@id":"https:\/\/royalfamily.org\/#\/schema\/logo\/image\/","url":"https:\/\/royalfamily.org\/wp-content\/uploads\/2019\/04\/logo-vector-02-V-latinica.png","contentUrl":"https:\/\/royalfamily.org\/wp-content\/uploads\/2019\/04\/logo-vector-02-V-latinica.png","width":552,"height":99,"caption":"Royal Family"},"image":{"@id":"https:\/\/royalfamily.org\/#\/schema\/logo\/image\/"},"sameAs":["https:\/\/www.facebook.com\/Prestolonaslednik.Aleksandar"]},{"@type":"Person","@id":"https:\/\/royalfamily.org\/#\/schema\/person\/4ad3296a6a8a35eed333b6a785e9f648","name":"Stefan Milanovic","image":{"@type":"ImageObject","inLanguage":"sr-LT","@id":"https:\/\/secure.gravatar.com\/avatar\/92dcbdcf3e32112a9ceb1e41665b1f44c69382d014cacfe12c701f6af7c40259?s=96&d=mm&r=g","url":"https:\/\/secure.gravatar.com\/avatar\/92dcbdcf3e32112a9ceb1e41665b1f44c69382d014cacfe12c701f6af7c40259?s=96&d=mm&r=g","contentUrl":"https:\/\/secure.gravatar.com\/avatar\/92dcbdcf3e32112a9ceb1e41665b1f44c69382d014cacfe12c701f6af7c40259?s=96&d=mm&r=g","caption":"Stefan Milanovic"}}]}},"_links":{"self":[{"href":"https:\/\/royalfamily.org\/lat\/wp-json\/wp\/v2\/posts\/89626","targetHints":{"allow":["GET"]}}],"collection":[{"href":"https:\/\/royalfamily.org\/lat\/wp-json\/wp\/v2\/posts"}],"about":[{"href":"https:\/\/royalfamily.org\/lat\/wp-json\/wp\/v2\/types\/post"}],"author":[{"embeddable":true,"href":"https:\/\/royalfamily.org\/lat\/wp-json\/wp\/v2\/users\/1001015"}],"replies":[{"embeddable":true,"href":"https:\/\/royalfamily.org\/lat\/wp-json\/wp\/v2\/comments?post=89626"}],"version-history":[{"count":1,"href":"https:\/\/royalfamily.org\/lat\/wp-json\/wp\/v2\/posts\/89626\/revisions"}],"predecessor-version":[{"id":89627,"href":"https:\/\/royalfamily.org\/lat\/wp-json\/wp\/v2\/posts\/89626\/revisions\/89627"}],"wp:featuredmedia":[{"embeddable":true,"href":"https:\/\/royalfamily.org\/lat\/wp-json\/wp\/v2\/media\/89623"}],"wp:attachment":[{"href":"https:\/\/royalfamily.org\/lat\/wp-json\/wp\/v2\/media?parent=89626"}],"wp:term":[{"taxonomy":"category","embeddable":true,"href":"https:\/\/royalfamily.org\/lat\/wp-json\/wp\/v2\/categories?post=89626"},{"taxonomy":"post_tag","embeddable":true,"href":"https:\/\/royalfamily.org\/lat\/wp-json\/wp\/v2\/tags?post=89626"}],"curies":[{"name":"wp","href":"https:\/\/api.w.org\/{rel}","templated":true}]}}