{"id":89680,"date":"2024-03-29T14:30:07","date_gmt":"2024-03-29T13:30:07","guid":{"rendered":"https:\/\/royalfamily.org\/?p=89680"},"modified":"2024-03-29T14:30:08","modified_gmt":"2024-03-29T13:30:08","slug":"princeza-katarina-i-ministar-selakovic-isporucili-pomoc-domu-drinka-pavlovic","status":"publish","type":"post","link":"https:\/\/royalfamily.org\/lat\/princeza-katarina-i-ministar-selakovic-isporucili-pomoc-domu-drinka-pavlovic\/","title":{"rendered":"PRINCEZA KATARINA I MINISTAR SELAKOVI\u0106 ISPORU\u010cILI POMO\u0106 DOMU \u201eDRINKA PAVLOVI\u0106\u201c"},"content":{"rendered":"<p><div class=\"fusion-fullwidth fullwidth-box fusion-builder-row-1 fusion-flex-container has-pattern-background has-mask-background nonhundred-percent-fullwidth non-hundred-percent-height-scrolling\" style=\"--awb-border-radius-top-left:0px;--awb-border-radius-top-right:0px;--awb-border-radius-bottom-right:0px;--awb-border-radius-bottom-left:0px;--awb-flex-wrap:wrap;\" ><div class=\"fusion-builder-row fusion-row fusion-flex-align-items-flex-start fusion-flex-content-wrap\" style=\"max-width:1227.2px;margin-left: calc(-4% \/ 2 );margin-right: calc(-4% \/ 2 );\"><div class=\"fusion-layout-column fusion_builder_column fusion-builder-column-0 fusion_builder_column_1_1 1_1 fusion-flex-column\" style=\"--awb-bg-size:cover;--awb-width-large:100%;--awb-margin-top-large:0px;--awb-spacing-right-large:1.92%;--awb-margin-bottom-large:20px;--awb-spacing-left-large:1.92%;--awb-width-medium:100%;--awb-order-medium:0;--awb-spacing-right-medium:1.92%;--awb-spacing-left-medium:1.92%;--awb-width-small:100%;--awb-order-small:0;--awb-spacing-right-small:1.92%;--awb-spacing-left-small:1.92%;\"><div class=\"fusion-column-wrapper fusion-column-has-shadow fusion-flex-justify-content-flex-start fusion-content-layout-column\"><div class=\"fusion-text fusion-text-1\"><p>Humanitarna organizacija Lajflajn \u010cikago, \u010diji je pokrovitelj Nj.K.V. Princeza Katarina, i Princezina Fondacija u Beogradu, uspe\u0161no su zavr\u0161ili jo\u0161 jedan zna\u010dajni projekat pomo\u0107i Domu za decu bez roditeljskog staranja \u201eDrinka Pavlovi\u0107\u201c u Beogradu. Njeno Kraljevsko Viso\u010danstvo, zajedno sa Nj.E. Nikolom Selakovi\u0107em, ministrom za rad, zapo\u0161ljavanje, bora\u010dka i socijalna pitanja Srbije, posetila je danas ovu ustanovu kako bi zvani\u010dno otvorili renovirane prostorije i uru\u010dili novi name\u0161taj i opremu. Projekat je realizovan sa ciljem da se deci koja borave u domu obezbede bolje uslove za \u017eivot, uz doprinos njihovom obrazovanju i unapre\u0111enju \u017eivotnih ve\u0161tina.<\/p>\n<p>Princezu i ministra su ispred ustanove do\u010dekali g. Zoran Mila\u010di\u0107, direktor Centra za za\u0161titu odoj\u010dadi, dece i omladine \u201eZve\u010danska\u201c i g-\u0111a Hristina Kadijevi\u0107, rukovodilac Doma, koji je jedna od radnih jedinica \u201eZve\u010danske\u201c, kao krovne institucije.<\/p>\n<p>Ministar Selakovi\u0107 se u svom obra\u0107anju zahvalio Princezi Katarini na celokupnoj pomo\u0107i koju Njeno Kraljevsko Viso\u010danstvo pru\u017ea na\u0161em narodu ve\u0107 vi\u0161e od 20 godina, kao i fondacijama iz dijaspore koji pod njenim pokroviteljstvom poma\u017eu na\u0161oj zemlji, dodav\u0161i:\u201eZa mene je najve\u0107e priznanje danas, prilikom obilaska ovih prostorija bilo, kada je Princeza Katarina rekla da je bila u ovakvim prostorima \u0161irom Evrope i sveta, ali da se ovaj u Beogradu izdvaja ne samo po svom izgledu i opremljenosti, nego po odnosu, stru\u010dnosti i posve\u0107enosti zaposlenih prema korisnicima jedne ovako izuzetno va\u017ene ustanove.\u201c<\/p>\n<p>Po\u010detnu fazu ove va\u017ene humanitarne akcije omogu\u0107ila je jo\u0161 jedna velikodu\u0161na donacija Dobrotvorne fondacije porodice Nelson. U ovom delu ura\u0111eno je kompletno i sveobuhvatno renoviranje stambenog prostora za tre\u0107u obrazovnu grupu, \u0161to uklju\u010duje \u010detiri velike spava\u0107e sobe, dnevni boravak, sve hodnike i dva kupatila (uklju\u010div\u0161i i nove toalete i nove slavine za kupatilo). Uspe\u0161an zavr\u0161etak ove faze podrazumevao je i malterisanje i farbanje, zamenu nekoliko vrata, popravku \u010detvoro vrata i potpuno nove podove.<\/p>\n<p>Druga faza ovog projekta je zavr\u0161ena zahvaljuju\u0107i velikodu\u0161nosti dr Nikole i g-\u0111e Tatjane Nenadovi\u0107. Njihovo pokroviteljstvo nad dva izvanredno organizovana humanitarna koncerta, kojima je prisustvovao Kraljevski par, a na kojima su nastupili virtuoz Stefan Milenkovi\u0107 i kamerni orkestar Kamerata \u010cikago, bilo je usmereno da pru\u017ei podr\u0161ku Lajflajnu \u010cikago. Ova faza projekta se fokusirala na kompletno renoviranje i adaptaciju velike prostorije na drugom spratu \u201eDrinke Pavlovi\u0107\u201c, kako bi se napravila kompjuterska soba za decu \u0161ti\u0107enike Doma. To je uklju\u010divalo instalaciju nove elektri\u010dne i internet infrastrukture za ra\u010dunare, malterisanje i farbanje cele prostorije, farbanje svih vrata i postavljanje nove rasvete i novih klima ure\u0111aja. Pored toga, nabavljena je potpuno nova oprema: \u0161est kompjutera, \u0161tampa\u010d u boji (sa dodatnim mastilom), de\u010diji stolovi za kompjutere, \u0161est stolica za decu, radni sto i stolica za instruktora, tabla, dve oglasne table od plute, dve visoke police za knjige, dve kratke police za knjige i izolacija na svim vratima i prozorima.<\/p>\n<p>\u201eMoj suprug i ja smo jako zahvalni Dobrotvornoj fondaciji porodice Nelson i porodici Nenadovi\u0107. Uz njihovu podr\u0161ku, uspe\u0161no smo zavr\u0161ili jo\u0161 jedan projekat u korist dece bez roditeljskog staranja, kao i dece i mladih sa te\u0161ko\u0107ama u razvoju. Sve \u0161to je ura\u0111eno je podsetnik deci da smo uvek uz njih, da nisu zaboravljeni, da ih iskreno volimo i brinemo o njima\u201c, istakla je Nj.K.V. Princeza Katarina, zahvaliv\u0161i se pritom ministru Selakovi\u0107u na njegovoj podr\u0161ci.<\/p>\n<p>\u201eZahvaljujem Nj.K.V. Princezi Katarini na izuzetnom anga\u017emanu, bezrezervnoj pomo\u0107i i podr\u0161ci tokom svih ovih godina. Tako\u0111e, posebno isti\u010dem zna\u010daj donacija Dobrotvorne fondacije porodice Nelson, porodice Nenadovi\u0107 i Lajflajna \u010cikago, koje su od velikog zna\u010daja za svu decu i mlade u na\u0161em Domu. Ova donacija doprinosi podizanju kvaliteta \u017eivota na\u0161ih korisnika\u201c, rekla je Hristina Kadijevi\u0107, rukovodilac Doma \u201eDrinka Pavlovi\u0107\u201c.<\/p>\n<\/div><\/div><\/div><\/div><\/div><div class=\"fusion-fullwidth fullwidth-box fusion-builder-row-2 fusion-flex-container has-pattern-background has-mask-background nonhundred-percent-fullwidth non-hundred-percent-height-scrolling\" style=\"--awb-border-radius-top-left:0px;--awb-border-radius-top-right:0px;--awb-border-radius-bottom-right:0px;--awb-border-radius-bottom-left:0px;--awb-flex-wrap:wrap;\" ><div class=\"fusion-builder-row fusion-row fusion-flex-align-items-flex-start fusion-flex-content-wrap\" style=\"max-width:1227.2px;margin-left: calc(-4% \/ 2 );margin-right: calc(-4% \/ 2 );\"><div class=\"fusion-layout-column fusion_builder_column fusion-builder-column-1 fusion_builder_column_1_1 1_1 fusion-flex-column\" style=\"--awb-bg-size:cover;--awb-width-large:100%;--awb-margin-top-large:0px;--awb-spacing-right-large:1.92%;--awb-margin-bottom-large:20px;--awb-spacing-left-large:1.92%;--awb-width-medium:100%;--awb-order-medium:0;--awb-spacing-right-medium:1.92%;--awb-spacing-left-medium:1.92%;--awb-width-small:100%;--awb-order-small:0;--awb-spacing-right-small:1.92%;--awb-spacing-left-small:1.92%;\"><div class=\"fusion-column-wrapper fusion-column-has-shadow fusion-flex-justify-content-flex-start fusion-content-layout-column\"><div class=\"awb-gallery-wrapper awb-gallery-wrapper-1 button-span-no\" style=\"--more-btn-alignment:center;\" data-limit=\"20\" data-page=\"1\"><div style=\"margin:-5px;--awb-bordersize:0px;\" class=\"fusion-gallery fusion-gallery-container fusion-grid-3 fusion-columns-total-12 fusion-gallery-layout-grid fusion-gallery-1\"><div style=\"padding:5px;\" class=\"fusion-grid-column fusion-gallery-column fusion-gallery-column-3 hover-type-none\"><div class=\"fusion-gallery-image\"><a href=\"https:\/\/royalfamily.org\/wp-content\/uploads\/2024\/03\/Drinka-Pavlovic-1.jpg\" data-caption=\"PRINCEZA KATARINA I MINISTAR SELAKOVI\u0106 ISPORU\u010cILI POMO\u0106 DOMU \u201eDRINKA PAVLOVI\u0106\u201c\" rel=\"noreferrer\" data-rel=\"iLightbox[gallery_image_1]\" class=\"fusion-lightbox\" target=\"_self\"><img decoding=\"async\" src=\"https:\/\/royalfamily.org\/wp-content\/uploads\/2024\/03\/Drinka-Pavlovic-1.jpg\" width=\"1772\" height=\"1181\" alt=\"CROWN PRINCESS KATHERINE AND LIFELINE CHICAGO CONTINUE SUPPORTING DRINKA PAVLOVIC CHILDREN&#039;S HOME\" title=\"PRINCEZA KATARINA I MINISTAR SELAKOVI\u0106 ISPORU\u010cILI POMO\u0106 DOMU \u201eDRINKA PAVLOVI\u0106\u201c\" aria-label=\"PRINCEZA KATARINA I MINISTAR SELAKOVI\u0106 ISPORU\u010cILI POMO\u0106 DOMU \u201eDRINKA PAVLOVI\u0106\u201c\" class=\"img-responsive wp-image-89644\" srcset=\"https:\/\/royalfamily.org\/wp-content\/uploads\/2024\/03\/Drinka-Pavlovic-1-200x133.jpg 200w, https:\/\/royalfamily.org\/wp-content\/uploads\/2024\/03\/Drinka-Pavlovic-1-400x267.jpg 400w, https:\/\/royalfamily.org\/wp-content\/uploads\/2024\/03\/Drinka-Pavlovic-1-600x400.jpg 600w, https:\/\/royalfamily.org\/wp-content\/uploads\/2024\/03\/Drinka-Pavlovic-1-800x533.jpg 800w, https:\/\/royalfamily.org\/wp-content\/uploads\/2024\/03\/Drinka-Pavlovic-1-1200x800.jpg 1200w, https:\/\/royalfamily.org\/wp-content\/uploads\/2024\/03\/Drinka-Pavlovic-1.jpg 1772w\" sizes=\"(min-width: 2200px) 100vw, (min-width: 824px) 390px, (min-width: 732px) 585px, (min-width: 640px) 732px, \" \/><\/a><\/div><\/div><div style=\"padding:5px;\" class=\"fusion-grid-column fusion-gallery-column fusion-gallery-column-3 hover-type-none\"><div class=\"fusion-gallery-image\"><a href=\"https:\/\/royalfamily.org\/wp-content\/uploads\/2024\/03\/Drinka-Pavlovic-2.jpg\" data-caption=\"PRINCEZA KATARINA I MINISTAR SELAKOVI\u0106 ISPORU\u010cILI POMO\u0106 DOMU \u201eDRINKA PAVLOVI\u0106\u201c\" rel=\"noreferrer\" data-rel=\"iLightbox[gallery_image_1]\" class=\"fusion-lightbox\" target=\"_self\"><img decoding=\"async\" src=\"https:\/\/royalfamily.org\/wp-content\/uploads\/2024\/03\/Drinka-Pavlovic-2.jpg\" width=\"1772\" height=\"1181\" alt=\"CROWN PRINCESS KATHERINE AND LIFELINE CHICAGO CONTINUE SUPPORTING DRINKA PAVLOVIC CHILDREN&#039;S HOME\" title=\"PRINCEZA KATARINA I MINISTAR SELAKOVI\u0106 ISPORU\u010cILI POMO\u0106 DOMU \u201eDRINKA PAVLOVI\u0106\u201c\" aria-label=\"PRINCEZA KATARINA I MINISTAR SELAKOVI\u0106 ISPORU\u010cILI POMO\u0106 DOMU \u201eDRINKA PAVLOVI\u0106\u201c\" class=\"img-responsive wp-image-89647\" srcset=\"https:\/\/royalfamily.org\/wp-content\/uploads\/2024\/03\/Drinka-Pavlovic-2-200x133.jpg 200w, https:\/\/royalfamily.org\/wp-content\/uploads\/2024\/03\/Drinka-Pavlovic-2-400x267.jpg 400w, https:\/\/royalfamily.org\/wp-content\/uploads\/2024\/03\/Drinka-Pavlovic-2-600x400.jpg 600w, https:\/\/royalfamily.org\/wp-content\/uploads\/2024\/03\/Drinka-Pavlovic-2-800x533.jpg 800w, https:\/\/royalfamily.org\/wp-content\/uploads\/2024\/03\/Drinka-Pavlovic-2-1200x800.jpg 1200w, https:\/\/royalfamily.org\/wp-content\/uploads\/2024\/03\/Drinka-Pavlovic-2.jpg 1772w\" sizes=\"(min-width: 2200px) 100vw, (min-width: 824px) 390px, (min-width: 732px) 585px, (min-width: 640px) 732px, \" \/><\/a><\/div><\/div><div style=\"padding:5px;\" class=\"fusion-grid-column fusion-gallery-column fusion-gallery-column-3 hover-type-none\"><div class=\"fusion-gallery-image\"><a href=\"https:\/\/royalfamily.org\/wp-content\/uploads\/2024\/03\/Drinka-Pavlovic-3.jpg\" data-caption=\"PRINCEZA KATARINA I MINISTAR SELAKOVI\u0106 ISPORU\u010cILI POMO\u0106 DOMU \u201eDRINKA PAVLOVI\u0106\u201c\" rel=\"noreferrer\" data-rel=\"iLightbox[gallery_image_1]\" class=\"fusion-lightbox\" target=\"_self\"><img decoding=\"async\" src=\"https:\/\/royalfamily.org\/wp-content\/uploads\/2024\/03\/Drinka-Pavlovic-3.jpg\" width=\"1772\" height=\"1181\" alt=\"CROWN PRINCESS KATHERINE AND LIFELINE CHICAGO CONTINUE SUPPORTING DRINKA PAVLOVIC CHILDREN&#039;S HOME\" title=\"PRINCEZA KATARINA I MINISTAR SELAKOVI\u0106 ISPORU\u010cILI POMO\u0106 DOMU \u201eDRINKA PAVLOVI\u0106\u201c\" aria-label=\"PRINCEZA KATARINA I MINISTAR SELAKOVI\u0106 ISPORU\u010cILI POMO\u0106 DOMU \u201eDRINKA PAVLOVI\u0106\u201c\" class=\"img-responsive wp-image-89650\" srcset=\"https:\/\/royalfamily.org\/wp-content\/uploads\/2024\/03\/Drinka-Pavlovic-3-200x133.jpg 200w, https:\/\/royalfamily.org\/wp-content\/uploads\/2024\/03\/Drinka-Pavlovic-3-400x267.jpg 400w, https:\/\/royalfamily.org\/wp-content\/uploads\/2024\/03\/Drinka-Pavlovic-3-600x400.jpg 600w, https:\/\/royalfamily.org\/wp-content\/uploads\/2024\/03\/Drinka-Pavlovic-3-800x533.jpg 800w, https:\/\/royalfamily.org\/wp-content\/uploads\/2024\/03\/Drinka-Pavlovic-3-1200x800.jpg 1200w, https:\/\/royalfamily.org\/wp-content\/uploads\/2024\/03\/Drinka-Pavlovic-3.jpg 1772w\" sizes=\"(min-width: 2200px) 100vw, (min-width: 824px) 390px, (min-width: 732px) 585px, (min-width: 640px) 732px, \" \/><\/a><\/div><\/div><div class=\"clearfix\"><\/div><div style=\"padding:5px;\" class=\"fusion-grid-column fusion-gallery-column fusion-gallery-column-3 hover-type-none\"><div class=\"fusion-gallery-image\"><a href=\"https:\/\/royalfamily.org\/wp-content\/uploads\/2024\/03\/Drinka-Pavlovic-4.jpg\" data-caption=\"PRINCEZA KATARINA I MINISTAR SELAKOVI\u0106 ISPORU\u010cILI POMO\u0106 DOMU \u201eDRINKA PAVLOVI\u0106\u201c\" rel=\"noreferrer\" data-rel=\"iLightbox[gallery_image_1]\" class=\"fusion-lightbox\" target=\"_self\"><img decoding=\"async\" src=\"https:\/\/royalfamily.org\/wp-content\/uploads\/2024\/03\/Drinka-Pavlovic-4.jpg\" width=\"1772\" height=\"1181\" alt=\"CROWN PRINCESS KATHERINE AND LIFELINE CHICAGO CONTINUE SUPPORTING DRINKA PAVLOVIC CHILDREN&#039;S HOME\" title=\"PRINCEZA KATARINA I MINISTAR SELAKOVI\u0106 ISPORU\u010cILI POMO\u0106 DOMU \u201eDRINKA PAVLOVI\u0106\u201c\" aria-label=\"PRINCEZA KATARINA I MINISTAR SELAKOVI\u0106 ISPORU\u010cILI POMO\u0106 DOMU \u201eDRINKA PAVLOVI\u0106\u201c\" class=\"img-responsive wp-image-89653\" srcset=\"https:\/\/royalfamily.org\/wp-content\/uploads\/2024\/03\/Drinka-Pavlovic-4-200x133.jpg 200w, https:\/\/royalfamily.org\/wp-content\/uploads\/2024\/03\/Drinka-Pavlovic-4-400x267.jpg 400w, https:\/\/royalfamily.org\/wp-content\/uploads\/2024\/03\/Drinka-Pavlovic-4-600x400.jpg 600w, https:\/\/royalfamily.org\/wp-content\/uploads\/2024\/03\/Drinka-Pavlovic-4-800x533.jpg 800w, https:\/\/royalfamily.org\/wp-content\/uploads\/2024\/03\/Drinka-Pavlovic-4-1200x800.jpg 1200w, https:\/\/royalfamily.org\/wp-content\/uploads\/2024\/03\/Drinka-Pavlovic-4.jpg 1772w\" sizes=\"(min-width: 2200px) 100vw, (min-width: 824px) 390px, (min-width: 732px) 585px, (min-width: 640px) 732px, \" \/><\/a><\/div><\/div><div style=\"padding:5px;\" class=\"fusion-grid-column fusion-gallery-column fusion-gallery-column-3 hover-type-none\"><div class=\"fusion-gallery-image\"><a href=\"https:\/\/royalfamily.org\/wp-content\/uploads\/2024\/03\/Drinka-Pavlovic-5.jpg\" data-caption=\"PRINCEZA KATARINA I MINISTAR SELAKOVI\u0106 ISPORU\u010cILI POMO\u0106 DOMU \u201eDRINKA PAVLOVI\u0106\u201c\" rel=\"noreferrer\" data-rel=\"iLightbox[gallery_image_1]\" class=\"fusion-lightbox\" target=\"_self\"><img decoding=\"async\" src=\"https:\/\/royalfamily.org\/wp-content\/uploads\/2024\/03\/Drinka-Pavlovic-5.jpg\" width=\"1772\" height=\"1181\" alt=\"CROWN PRINCESS KATHERINE AND LIFELINE CHICAGO CONTINUE SUPPORTING DRINKA PAVLOVIC CHILDREN&#039;S HOME\" title=\"PRINCEZA KATARINA I MINISTAR SELAKOVI\u0106 ISPORU\u010cILI POMO\u0106 DOMU \u201eDRINKA PAVLOVI\u0106\u201c\" aria-label=\"PRINCEZA KATARINA I MINISTAR SELAKOVI\u0106 ISPORU\u010cILI POMO\u0106 DOMU \u201eDRINKA PAVLOVI\u0106\u201c\" class=\"img-responsive wp-image-89656\" srcset=\"https:\/\/royalfamily.org\/wp-content\/uploads\/2024\/03\/Drinka-Pavlovic-5-200x133.jpg 200w, https:\/\/royalfamily.org\/wp-content\/uploads\/2024\/03\/Drinka-Pavlovic-5-400x267.jpg 400w, https:\/\/royalfamily.org\/wp-content\/uploads\/2024\/03\/Drinka-Pavlovic-5-600x400.jpg 600w, https:\/\/royalfamily.org\/wp-content\/uploads\/2024\/03\/Drinka-Pavlovic-5-800x533.jpg 800w, https:\/\/royalfamily.org\/wp-content\/uploads\/2024\/03\/Drinka-Pavlovic-5-1200x800.jpg 1200w, https:\/\/royalfamily.org\/wp-content\/uploads\/2024\/03\/Drinka-Pavlovic-5.jpg 1772w\" sizes=\"(min-width: 2200px) 100vw, (min-width: 824px) 390px, (min-width: 732px) 585px, (min-width: 640px) 732px, \" \/><\/a><\/div><\/div><div style=\"padding:5px;\" class=\"fusion-grid-column fusion-gallery-column fusion-gallery-column-3 hover-type-none\"><div class=\"fusion-gallery-image\"><a href=\"https:\/\/royalfamily.org\/wp-content\/uploads\/2024\/03\/Drinka-Pavlovic-6.jpg\" data-caption=\"PRINCEZA KATARINA I MINISTAR SELAKOVI\u0106 ISPORU\u010cILI POMO\u0106 DOMU \u201eDRINKA PAVLOVI\u0106\u201c\" rel=\"noreferrer\" data-rel=\"iLightbox[gallery_image_1]\" class=\"fusion-lightbox\" target=\"_self\"><img decoding=\"async\" src=\"https:\/\/royalfamily.org\/wp-content\/uploads\/2024\/03\/Drinka-Pavlovic-6.jpg\" width=\"1772\" height=\"1181\" alt=\"CROWN PRINCESS KATHERINE AND LIFELINE CHICAGO CONTINUE SUPPORTING DRINKA PAVLOVIC CHILDREN&#039;S HOME\" title=\"PRINCEZA KATARINA I MINISTAR SELAKOVI\u0106 ISPORU\u010cILI POMO\u0106 DOMU \u201eDRINKA PAVLOVI\u0106\u201c\" aria-label=\"PRINCEZA KATARINA I MINISTAR SELAKOVI\u0106 ISPORU\u010cILI POMO\u0106 DOMU \u201eDRINKA PAVLOVI\u0106\u201c\" class=\"img-responsive wp-image-89659\" srcset=\"https:\/\/royalfamily.org\/wp-content\/uploads\/2024\/03\/Drinka-Pavlovic-6-200x133.jpg 200w, https:\/\/royalfamily.org\/wp-content\/uploads\/2024\/03\/Drinka-Pavlovic-6-400x267.jpg 400w, https:\/\/royalfamily.org\/wp-content\/uploads\/2024\/03\/Drinka-Pavlovic-6-600x400.jpg 600w, https:\/\/royalfamily.org\/wp-content\/uploads\/2024\/03\/Drinka-Pavlovic-6-800x533.jpg 800w, https:\/\/royalfamily.org\/wp-content\/uploads\/2024\/03\/Drinka-Pavlovic-6-1200x800.jpg 1200w, https:\/\/royalfamily.org\/wp-content\/uploads\/2024\/03\/Drinka-Pavlovic-6.jpg 1772w\" sizes=\"(min-width: 2200px) 100vw, (min-width: 824px) 390px, (min-width: 732px) 585px, (min-width: 640px) 732px, \" \/><\/a><\/div><\/div><div class=\"clearfix\"><\/div><div style=\"padding:5px;\" class=\"fusion-grid-column fusion-gallery-column fusion-gallery-column-3 hover-type-none\"><div class=\"fusion-gallery-image\"><a href=\"https:\/\/royalfamily.org\/wp-content\/uploads\/2024\/03\/Drinka-Pavlovic-7.jpg\" data-caption=\"PRINCEZA KATARINA I MINISTAR SELAKOVI\u0106 ISPORU\u010cILI POMO\u0106 DOMU \u201eDRINKA PAVLOVI\u0106\u201c\" rel=\"noreferrer\" data-rel=\"iLightbox[gallery_image_1]\" class=\"fusion-lightbox\" target=\"_self\"><img decoding=\"async\" src=\"https:\/\/royalfamily.org\/wp-content\/uploads\/2024\/03\/Drinka-Pavlovic-7.jpg\" width=\"1772\" height=\"1181\" alt=\"CROWN PRINCESS KATHERINE AND LIFELINE CHICAGO CONTINUE SUPPORTING DRINKA PAVLOVIC CHILDREN&#039;S HOME\" title=\"PRINCEZA KATARINA I MINISTAR SELAKOVI\u0106 ISPORU\u010cILI POMO\u0106 DOMU \u201eDRINKA PAVLOVI\u0106\u201c\" aria-label=\"PRINCEZA KATARINA I MINISTAR SELAKOVI\u0106 ISPORU\u010cILI POMO\u0106 DOMU \u201eDRINKA PAVLOVI\u0106\u201c\" class=\"img-responsive wp-image-89662\" srcset=\"https:\/\/royalfamily.org\/wp-content\/uploads\/2024\/03\/Drinka-Pavlovic-7-200x133.jpg 200w, https:\/\/royalfamily.org\/wp-content\/uploads\/2024\/03\/Drinka-Pavlovic-7-400x267.jpg 400w, https:\/\/royalfamily.org\/wp-content\/uploads\/2024\/03\/Drinka-Pavlovic-7-600x400.jpg 600w, https:\/\/royalfamily.org\/wp-content\/uploads\/2024\/03\/Drinka-Pavlovic-7-800x533.jpg 800w, https:\/\/royalfamily.org\/wp-content\/uploads\/2024\/03\/Drinka-Pavlovic-7-1200x800.jpg 1200w, https:\/\/royalfamily.org\/wp-content\/uploads\/2024\/03\/Drinka-Pavlovic-7.jpg 1772w\" sizes=\"(min-width: 2200px) 100vw, (min-width: 824px) 390px, (min-width: 732px) 585px, (min-width: 640px) 732px, \" \/><\/a><\/div><\/div><div style=\"padding:5px;\" class=\"fusion-grid-column fusion-gallery-column fusion-gallery-column-3 hover-type-none\"><div class=\"fusion-gallery-image\"><a href=\"https:\/\/royalfamily.org\/wp-content\/uploads\/2024\/03\/Drinka-Pavlovic-8.jpg\" data-caption=\"PRINCEZA KATARINA I MINISTAR SELAKOVI\u0106 ISPORU\u010cILI POMO\u0106 DOMU \u201eDRINKA PAVLOVI\u0106\u201c\" rel=\"noreferrer\" data-rel=\"iLightbox[gallery_image_1]\" class=\"fusion-lightbox\" target=\"_self\"><img decoding=\"async\" src=\"https:\/\/royalfamily.org\/wp-content\/uploads\/2024\/03\/Drinka-Pavlovic-8.jpg\" width=\"1772\" height=\"1181\" alt=\"CROWN PRINCESS KATHERINE AND LIFELINE CHICAGO CONTINUE SUPPORTING DRINKA PAVLOVIC CHILDREN&#039;S HOME\" title=\"PRINCEZA KATARINA I MINISTAR SELAKOVI\u0106 ISPORU\u010cILI POMO\u0106 DOMU \u201eDRINKA PAVLOVI\u0106\u201c\" aria-label=\"PRINCEZA KATARINA I MINISTAR SELAKOVI\u0106 ISPORU\u010cILI POMO\u0106 DOMU \u201eDRINKA PAVLOVI\u0106\u201c\" class=\"img-responsive wp-image-89665\" srcset=\"https:\/\/royalfamily.org\/wp-content\/uploads\/2024\/03\/Drinka-Pavlovic-8-200x133.jpg 200w, https:\/\/royalfamily.org\/wp-content\/uploads\/2024\/03\/Drinka-Pavlovic-8-400x267.jpg 400w, https:\/\/royalfamily.org\/wp-content\/uploads\/2024\/03\/Drinka-Pavlovic-8-600x400.jpg 600w, https:\/\/royalfamily.org\/wp-content\/uploads\/2024\/03\/Drinka-Pavlovic-8-800x533.jpg 800w, https:\/\/royalfamily.org\/wp-content\/uploads\/2024\/03\/Drinka-Pavlovic-8-1200x800.jpg 1200w, https:\/\/royalfamily.org\/wp-content\/uploads\/2024\/03\/Drinka-Pavlovic-8.jpg 1772w\" sizes=\"(min-width: 2200px) 100vw, (min-width: 824px) 390px, (min-width: 732px) 585px, (min-width: 640px) 732px, \" \/><\/a><\/div><\/div><div style=\"padding:5px;\" class=\"fusion-grid-column fusion-gallery-column fusion-gallery-column-3 hover-type-none\"><div class=\"fusion-gallery-image\"><a href=\"https:\/\/royalfamily.org\/wp-content\/uploads\/2024\/03\/Drinka-Pavlovic-9.jpg\" data-caption=\"PRINCEZA KATARINA I MINISTAR SELAKOVI\u0106 ISPORU\u010cILI POMO\u0106 DOMU \u201eDRINKA PAVLOVI\u0106\u201c\" rel=\"noreferrer\" data-rel=\"iLightbox[gallery_image_1]\" class=\"fusion-lightbox\" target=\"_self\"><img decoding=\"async\" src=\"https:\/\/royalfamily.org\/wp-content\/uploads\/2024\/03\/Drinka-Pavlovic-9.jpg\" width=\"1772\" height=\"1181\" alt=\"CROWN PRINCESS KATHERINE AND LIFELINE CHICAGO CONTINUE SUPPORTING DRINKA PAVLOVIC CHILDREN&#039;S HOME\" title=\"PRINCEZA KATARINA I MINISTAR SELAKOVI\u0106 ISPORU\u010cILI POMO\u0106 DOMU \u201eDRINKA PAVLOVI\u0106\u201c\" aria-label=\"PRINCEZA KATARINA I MINISTAR SELAKOVI\u0106 ISPORU\u010cILI POMO\u0106 DOMU \u201eDRINKA PAVLOVI\u0106\u201c\" class=\"img-responsive wp-image-89668\" srcset=\"https:\/\/royalfamily.org\/wp-content\/uploads\/2024\/03\/Drinka-Pavlovic-9-200x133.jpg 200w, https:\/\/royalfamily.org\/wp-content\/uploads\/2024\/03\/Drinka-Pavlovic-9-400x267.jpg 400w, https:\/\/royalfamily.org\/wp-content\/uploads\/2024\/03\/Drinka-Pavlovic-9-600x400.jpg 600w, https:\/\/royalfamily.org\/wp-content\/uploads\/2024\/03\/Drinka-Pavlovic-9-800x533.jpg 800w, https:\/\/royalfamily.org\/wp-content\/uploads\/2024\/03\/Drinka-Pavlovic-9-1200x800.jpg 1200w, https:\/\/royalfamily.org\/wp-content\/uploads\/2024\/03\/Drinka-Pavlovic-9.jpg 1772w\" sizes=\"(min-width: 2200px) 100vw, (min-width: 824px) 390px, (min-width: 732px) 585px, (min-width: 640px) 732px, \" \/><\/a><\/div><\/div><div class=\"clearfix\"><\/div><div style=\"padding:5px;\" class=\"fusion-grid-column fusion-gallery-column fusion-gallery-column-3 hover-type-none\"><div class=\"fusion-gallery-image\"><a href=\"https:\/\/royalfamily.org\/wp-content\/uploads\/2024\/03\/Drinka-Pavlovic-10.jpg\" data-caption=\"PRINCEZA KATARINA I MINISTAR SELAKOVI\u0106 ISPORU\u010cILI POMO\u0106 DOMU \u201eDRINKA PAVLOVI\u0106\u201c\" rel=\"noreferrer\" data-rel=\"iLightbox[gallery_image_1]\" class=\"fusion-lightbox\" target=\"_self\"><img decoding=\"async\" src=\"https:\/\/royalfamily.org\/wp-content\/uploads\/2024\/03\/Drinka-Pavlovic-10.jpg\" width=\"1772\" height=\"1181\" alt=\"CROWN PRINCESS KATHERINE AND LIFELINE CHICAGO CONTINUE SUPPORTING DRINKA PAVLOVIC CHILDREN&#039;S HOME\" title=\"PRINCEZA KATARINA I MINISTAR SELAKOVI\u0106 ISPORU\u010cILI POMO\u0106 DOMU \u201eDRINKA PAVLOVI\u0106\u201c\" aria-label=\"PRINCEZA KATARINA I MINISTAR SELAKOVI\u0106 ISPORU\u010cILI POMO\u0106 DOMU \u201eDRINKA PAVLOVI\u0106\u201c\" class=\"img-responsive wp-image-89671\" srcset=\"https:\/\/royalfamily.org\/wp-content\/uploads\/2024\/03\/Drinka-Pavlovic-10-200x133.jpg 200w, https:\/\/royalfamily.org\/wp-content\/uploads\/2024\/03\/Drinka-Pavlovic-10-400x267.jpg 400w, https:\/\/royalfamily.org\/wp-content\/uploads\/2024\/03\/Drinka-Pavlovic-10-600x400.jpg 600w, https:\/\/royalfamily.org\/wp-content\/uploads\/2024\/03\/Drinka-Pavlovic-10-800x533.jpg 800w, https:\/\/royalfamily.org\/wp-content\/uploads\/2024\/03\/Drinka-Pavlovic-10-1200x800.jpg 1200w, https:\/\/royalfamily.org\/wp-content\/uploads\/2024\/03\/Drinka-Pavlovic-10.jpg 1772w\" sizes=\"(min-width: 2200px) 100vw, (min-width: 824px) 390px, (min-width: 732px) 585px, (min-width: 640px) 732px, \" \/><\/a><\/div><\/div><div style=\"padding:5px;\" class=\"fusion-grid-column fusion-gallery-column fusion-gallery-column-3 hover-type-none\"><div class=\"fusion-gallery-image\"><a href=\"https:\/\/royalfamily.org\/wp-content\/uploads\/2024\/03\/Drinka-Pavlovic-11.jpg\" data-caption=\"PRINCEZA KATARINA I MINISTAR SELAKOVI\u0106 ISPORU\u010cILI POMO\u0106 DOMU \u201eDRINKA PAVLOVI\u0106\u201c\" rel=\"noreferrer\" data-rel=\"iLightbox[gallery_image_1]\" class=\"fusion-lightbox\" target=\"_self\"><img decoding=\"async\" src=\"https:\/\/royalfamily.org\/wp-content\/uploads\/2024\/03\/Drinka-Pavlovic-11.jpg\" width=\"1772\" height=\"1181\" alt=\"CROWN PRINCESS KATHERINE AND LIFELINE CHICAGO CONTINUE SUPPORTING DRINKA PAVLOVIC CHILDREN&#039;S HOME\" title=\"PRINCEZA KATARINA I MINISTAR SELAKOVI\u0106 ISPORU\u010cILI POMO\u0106 DOMU \u201eDRINKA PAVLOVI\u0106\u201c\" aria-label=\"PRINCEZA KATARINA I MINISTAR SELAKOVI\u0106 ISPORU\u010cILI POMO\u0106 DOMU \u201eDRINKA PAVLOVI\u0106\u201c\" class=\"img-responsive wp-image-89674\" srcset=\"https:\/\/royalfamily.org\/wp-content\/uploads\/2024\/03\/Drinka-Pavlovic-11-200x133.jpg 200w, https:\/\/royalfamily.org\/wp-content\/uploads\/2024\/03\/Drinka-Pavlovic-11-400x267.jpg 400w, https:\/\/royalfamily.org\/wp-content\/uploads\/2024\/03\/Drinka-Pavlovic-11-600x400.jpg 600w, https:\/\/royalfamily.org\/wp-content\/uploads\/2024\/03\/Drinka-Pavlovic-11-800x533.jpg 800w, https:\/\/royalfamily.org\/wp-content\/uploads\/2024\/03\/Drinka-Pavlovic-11-1200x800.jpg 1200w, https:\/\/royalfamily.org\/wp-content\/uploads\/2024\/03\/Drinka-Pavlovic-11.jpg 1772w\" sizes=\"(min-width: 2200px) 100vw, (min-width: 824px) 390px, (min-width: 732px) 585px, (min-width: 640px) 732px, \" \/><\/a><\/div><\/div><div style=\"padding:5px;\" class=\"fusion-grid-column fusion-gallery-column fusion-gallery-column-3 hover-type-none\"><div class=\"fusion-gallery-image\"><a href=\"https:\/\/royalfamily.org\/wp-content\/uploads\/2024\/03\/Drinka-Pavlovic-12.jpg\" data-caption=\"PRINCEZA KATARINA I MINISTAR SELAKOVI\u0106 ISPORU\u010cILI POMO\u0106 DOMU \u201eDRINKA PAVLOVI\u0106\u201c\" rel=\"noreferrer\" data-rel=\"iLightbox[gallery_image_1]\" class=\"fusion-lightbox\" target=\"_self\"><img decoding=\"async\" src=\"https:\/\/royalfamily.org\/wp-content\/uploads\/2024\/03\/Drinka-Pavlovic-12.jpg\" width=\"1772\" height=\"1181\" alt=\"CROWN PRINCESS KATHERINE AND LIFELINE CHICAGO CONTINUE SUPPORTING DRINKA PAVLOVIC CHILDREN&#039;S HOME\" title=\"PRINCEZA KATARINA I MINISTAR SELAKOVI\u0106 ISPORU\u010cILI POMO\u0106 DOMU \u201eDRINKA PAVLOVI\u0106\u201c\" aria-label=\"PRINCEZA KATARINA I MINISTAR SELAKOVI\u0106 ISPORU\u010cILI POMO\u0106 DOMU \u201eDRINKA PAVLOVI\u0106\u201c\" class=\"img-responsive wp-image-89677\" srcset=\"https:\/\/royalfamily.org\/wp-content\/uploads\/2024\/03\/Drinka-Pavlovic-12-200x133.jpg 200w, https:\/\/royalfamily.org\/wp-content\/uploads\/2024\/03\/Drinka-Pavlovic-12-400x267.jpg 400w, https:\/\/royalfamily.org\/wp-content\/uploads\/2024\/03\/Drinka-Pavlovic-12-600x400.jpg 600w, https:\/\/royalfamily.org\/wp-content\/uploads\/2024\/03\/Drinka-Pavlovic-12-800x533.jpg 800w, https:\/\/royalfamily.org\/wp-content\/uploads\/2024\/03\/Drinka-Pavlovic-12-1200x800.jpg 1200w, https:\/\/royalfamily.org\/wp-content\/uploads\/2024\/03\/Drinka-Pavlovic-12.jpg 1772w\" sizes=\"(min-width: 2200px) 100vw, (min-width: 824px) 390px, (min-width: 732px) 585px, (min-width: 640px) 732px, \" \/><\/a><\/div><\/div><div class=\"clearfix\"><\/div><\/div><\/div><\/div><\/div><\/div><\/div><\/p>\n","protected":false},"excerpt":{"rendered":"","protected":false},"author":1001015,"featured_media":89641,"comment_status":"closed","ping_status":"closed","sticky":false,"template":"","format":"standard","meta":{"_acf_changed":false,"footnotes":""},"categories":[22],"tags":[],"class_list":["post-89680","post","type-post","status-publish","format-standard","has-post-thumbnail","hentry","category-vesti"],"acf":[],"yoast_head":"<!-- This site is optimized with the Yoast SEO Premium plugin v27.4 (Yoast SEO v27.4) - https:\/\/yoast.com\/product\/yoast-seo-premium-wordpress\/ -->\n<title>PRINCEZA KATARINA I MINISTAR SELAKOVI\u0106 ISPORU\u010cILI POMO\u0106 DOMU \u201eDRINKA PAVLOVI\u0106\u201c - The Royal Family of Serbia<\/title>\n<meta name=\"robots\" content=\"index, follow, max-snippet:-1, max-image-preview:large, max-video-preview:-1\" \/>\n<link rel=\"canonical\" href=\"https:\/\/royalfamily.org\/lat\/princeza-katarina-i-ministar-selakovic-isporucili-pomoc-domu-drinka-pavlovic\/\" \/>\n<meta property=\"og:locale\" content=\"en_US\" \/>\n<meta property=\"og:type\" content=\"article\" \/>\n<meta property=\"og:title\" content=\"PRINCEZA KATARINA I MINISTAR SELAKOVI\u0106 ISPORU\u010cILI POMO\u0106 DOMU \u201eDRINKA PAVLOVI\u0106\u201c\" \/>\n<meta property=\"og:url\" content=\"https:\/\/royalfamily.org\/lat\/princeza-katarina-i-ministar-selakovic-isporucili-pomoc-domu-drinka-pavlovic\/\" \/>\n<meta property=\"og:site_name\" content=\"The Royal Family of Serbia\" \/>\n<meta property=\"article:publisher\" content=\"https:\/\/www.facebook.com\/Prestolonaslednik.Aleksandar\" \/>\n<meta property=\"article:published_time\" content=\"2024-03-29T13:30:07+00:00\" \/>\n<meta property=\"article:modified_time\" content=\"2024-03-29T13:30:08+00:00\" \/>\n<meta property=\"og:image\" content=\"https:\/\/royalfamily.org\/wp-content\/uploads\/2024\/03\/COVER-Drinka-Pavlovic-pomoc-PA.jpg\" \/>\n\t<meta property=\"og:image:width\" content=\"1480\" \/>\n\t<meta property=\"og:image:height\" content=\"720\" \/>\n\t<meta property=\"og:image:type\" content=\"image\/jpeg\" \/>\n<meta name=\"author\" content=\"Stefan Milanovic\" \/>\n<meta name=\"twitter:card\" content=\"summary_large_image\" \/>\n<meta name=\"twitter:label1\" content=\"Written by\" \/>\n\t<meta name=\"twitter:data1\" content=\"Stefan Milanovic\" \/>\n\t<meta name=\"twitter:label2\" content=\"Est. reading time\" \/>\n\t<meta name=\"twitter:data2\" content=\"3 minutes\" \/>\n<script type=\"application\/ld+json\" class=\"yoast-schema-graph\">{\"@context\":\"https:\\\/\\\/schema.org\",\"@graph\":[{\"@type\":\"Article\",\"@id\":\"https:\\\/\\\/royalfamily.org\\\/lat\\\/princeza-katarina-i-ministar-selakovic-isporucili-pomoc-domu-drinka-pavlovic\\\/#article\",\"isPartOf\":{\"@id\":\"https:\\\/\\\/royalfamily.org\\\/lat\\\/princeza-katarina-i-ministar-selakovic-isporucili-pomoc-domu-drinka-pavlovic\\\/\"},\"author\":{\"name\":\"Stefan Milanovic\",\"@id\":\"https:\\\/\\\/royalfamily.org\\\/#\\\/schema\\\/person\\\/4ad3296a6a8a35eed333b6a785e9f648\"},\"headline\":\"PRINCEZA KATARINA I MINISTAR SELAKOVI\u0106 ISPORU\u010cILI POMO\u0106 DOMU \u201eDRINKA PAVLOVI\u0106\u201c\",\"datePublished\":\"2024-03-29T13:30:07+00:00\",\"dateModified\":\"2024-03-29T13:30:08+00:00\",\"mainEntityOfPage\":{\"@id\":\"https:\\\/\\\/royalfamily.org\\\/lat\\\/princeza-katarina-i-ministar-selakovic-isporucili-pomoc-domu-drinka-pavlovic\\\/\"},\"wordCount\":3173,\"publisher\":{\"@id\":\"https:\\\/\\\/royalfamily.org\\\/#organization\"},\"image\":{\"@id\":\"https:\\\/\\\/royalfamily.org\\\/lat\\\/princeza-katarina-i-ministar-selakovic-isporucili-pomoc-domu-drinka-pavlovic\\\/#primaryimage\"},\"thumbnailUrl\":\"https:\\\/\\\/royalfamily.org\\\/wp-content\\\/uploads\\\/2024\\\/03\\\/COVER-Drinka-Pavlovic-pomoc-PA.jpg\",\"articleSection\":[\"Vesti\"],\"inLanguage\":\"sr-LT\"},{\"@type\":\"WebPage\",\"@id\":\"https:\\\/\\\/royalfamily.org\\\/lat\\\/princeza-katarina-i-ministar-selakovic-isporucili-pomoc-domu-drinka-pavlovic\\\/\",\"url\":\"https:\\\/\\\/royalfamily.org\\\/lat\\\/princeza-katarina-i-ministar-selakovic-isporucili-pomoc-domu-drinka-pavlovic\\\/\",\"name\":\"PRINCEZA KATARINA I MINISTAR SELAKOVI\u0106 ISPORU\u010cILI POMO\u0106 DOMU \u201eDRINKA PAVLOVI\u0106\u201c - The Royal Family of Serbia\",\"isPartOf\":{\"@id\":\"https:\\\/\\\/royalfamily.org\\\/#website\"},\"primaryImageOfPage\":{\"@id\":\"https:\\\/\\\/royalfamily.org\\\/lat\\\/princeza-katarina-i-ministar-selakovic-isporucili-pomoc-domu-drinka-pavlovic\\\/#primaryimage\"},\"image\":{\"@id\":\"https:\\\/\\\/royalfamily.org\\\/lat\\\/princeza-katarina-i-ministar-selakovic-isporucili-pomoc-domu-drinka-pavlovic\\\/#primaryimage\"},\"thumbnailUrl\":\"https:\\\/\\\/royalfamily.org\\\/wp-content\\\/uploads\\\/2024\\\/03\\\/COVER-Drinka-Pavlovic-pomoc-PA.jpg\",\"datePublished\":\"2024-03-29T13:30:07+00:00\",\"dateModified\":\"2024-03-29T13:30:08+00:00\",\"breadcrumb\":{\"@id\":\"https:\\\/\\\/royalfamily.org\\\/lat\\\/princeza-katarina-i-ministar-selakovic-isporucili-pomoc-domu-drinka-pavlovic\\\/#breadcrumb\"},\"inLanguage\":\"sr-LT\",\"potentialAction\":[{\"@type\":\"ReadAction\",\"target\":[\"https:\\\/\\\/royalfamily.org\\\/lat\\\/princeza-katarina-i-ministar-selakovic-isporucili-pomoc-domu-drinka-pavlovic\\\/\"]}]},{\"@type\":\"ImageObject\",\"inLanguage\":\"sr-LT\",\"@id\":\"https:\\\/\\\/royalfamily.org\\\/lat\\\/princeza-katarina-i-ministar-selakovic-isporucili-pomoc-domu-drinka-pavlovic\\\/#primaryimage\",\"url\":\"https:\\\/\\\/royalfamily.org\\\/wp-content\\\/uploads\\\/2024\\\/03\\\/COVER-Drinka-Pavlovic-pomoc-PA.jpg\",\"contentUrl\":\"https:\\\/\\\/royalfamily.org\\\/wp-content\\\/uploads\\\/2024\\\/03\\\/COVER-Drinka-Pavlovic-pomoc-PA.jpg\",\"width\":1480,\"height\":720,\"caption\":\"PRINCEZA KATARINA I MINISTAR SELAKOVI\u0106 ISPORU\u010cILI POMO\u0106 DOMU \u201eDRINKA PAVLOVI\u0106\u201c\"},{\"@type\":\"BreadcrumbList\",\"@id\":\"https:\\\/\\\/royalfamily.org\\\/lat\\\/princeza-katarina-i-ministar-selakovic-isporucili-pomoc-domu-drinka-pavlovic\\\/#breadcrumb\",\"itemListElement\":[{\"@type\":\"ListItem\",\"position\":1,\"name\":\"Home\",\"item\":\"https:\\\/\\\/royalfamily.org\\\/lat\\\/\"},{\"@type\":\"ListItem\",\"position\":2,\"name\":\"PRINCEZA KATARINA I MINISTAR SELAKOVI\u0106 ISPORU\u010cILI POMO\u0106 DOMU \u201eDRINKA PAVLOVI\u0106\u201c\"}]},{\"@type\":\"WebSite\",\"@id\":\"https:\\\/\\\/royalfamily.org\\\/#website\",\"url\":\"https:\\\/\\\/royalfamily.org\\\/\",\"name\":\"The Royal Family of Serbia\",\"description\":\"From the people, for the people\",\"publisher\":{\"@id\":\"https:\\\/\\\/royalfamily.org\\\/#organization\"},\"potentialAction\":[{\"@type\":\"SearchAction\",\"target\":{\"@type\":\"EntryPoint\",\"urlTemplate\":\"https:\\\/\\\/royalfamily.org\\\/?s={search_term_string}\"},\"query-input\":{\"@type\":\"PropertyValueSpecification\",\"valueRequired\":true,\"valueName\":\"search_term_string\"}}],\"inLanguage\":\"sr-LT\"},{\"@type\":\"Organization\",\"@id\":\"https:\\\/\\\/royalfamily.org\\\/#organization\",\"name\":\"Royal Family\",\"url\":\"https:\\\/\\\/royalfamily.org\\\/\",\"logo\":{\"@type\":\"ImageObject\",\"inLanguage\":\"sr-LT\",\"@id\":\"https:\\\/\\\/royalfamily.org\\\/#\\\/schema\\\/logo\\\/image\\\/\",\"url\":\"https:\\\/\\\/royalfamily.org\\\/wp-content\\\/uploads\\\/2019\\\/04\\\/logo-vector-02-V-latinica.png\",\"contentUrl\":\"https:\\\/\\\/royalfamily.org\\\/wp-content\\\/uploads\\\/2019\\\/04\\\/logo-vector-02-V-latinica.png\",\"width\":552,\"height\":99,\"caption\":\"Royal Family\"},\"image\":{\"@id\":\"https:\\\/\\\/royalfamily.org\\\/#\\\/schema\\\/logo\\\/image\\\/\"},\"sameAs\":[\"https:\\\/\\\/www.facebook.com\\\/Prestolonaslednik.Aleksandar\"]},{\"@type\":\"Person\",\"@id\":\"https:\\\/\\\/royalfamily.org\\\/#\\\/schema\\\/person\\\/4ad3296a6a8a35eed333b6a785e9f648\",\"name\":\"Stefan Milanovic\",\"image\":{\"@type\":\"ImageObject\",\"inLanguage\":\"sr-LT\",\"@id\":\"https:\\\/\\\/secure.gravatar.com\\\/avatar\\\/92dcbdcf3e32112a9ceb1e41665b1f44c69382d014cacfe12c701f6af7c40259?s=96&d=mm&r=g\",\"url\":\"https:\\\/\\\/secure.gravatar.com\\\/avatar\\\/92dcbdcf3e32112a9ceb1e41665b1f44c69382d014cacfe12c701f6af7c40259?s=96&d=mm&r=g\",\"contentUrl\":\"https:\\\/\\\/secure.gravatar.com\\\/avatar\\\/92dcbdcf3e32112a9ceb1e41665b1f44c69382d014cacfe12c701f6af7c40259?s=96&d=mm&r=g\",\"caption\":\"Stefan Milanovic\"}}]}<\/script>\n<!-- \/ Yoast SEO Premium plugin. -->","yoast_head_json":{"title":"PRINCEZA KATARINA I MINISTAR SELAKOVI\u0106 ISPORU\u010cILI POMO\u0106 DOMU \u201eDRINKA PAVLOVI\u0106\u201c - The Royal Family of Serbia","robots":{"index":"index","follow":"follow","max-snippet":"max-snippet:-1","max-image-preview":"max-image-preview:large","max-video-preview":"max-video-preview:-1"},"canonical":"https:\/\/royalfamily.org\/lat\/princeza-katarina-i-ministar-selakovic-isporucili-pomoc-domu-drinka-pavlovic\/","og_locale":"en_US","og_type":"article","og_title":"PRINCEZA KATARINA I MINISTAR SELAKOVI\u0106 ISPORU\u010cILI POMO\u0106 DOMU \u201eDRINKA PAVLOVI\u0106\u201c","og_url":"https:\/\/royalfamily.org\/lat\/princeza-katarina-i-ministar-selakovic-isporucili-pomoc-domu-drinka-pavlovic\/","og_site_name":"The Royal Family of Serbia","article_publisher":"https:\/\/www.facebook.com\/Prestolonaslednik.Aleksandar","article_published_time":"2024-03-29T13:30:07+00:00","article_modified_time":"2024-03-29T13:30:08+00:00","og_image":[{"width":1480,"height":720,"url":"https:\/\/royalfamily.org\/wp-content\/uploads\/2024\/03\/COVER-Drinka-Pavlovic-pomoc-PA.jpg","type":"image\/jpeg"}],"author":"Stefan Milanovic","twitter_card":"summary_large_image","twitter_misc":{"Written by":"Stefan Milanovic","Est. reading time":"3 minutes"},"schema":{"@context":"https:\/\/schema.org","@graph":[{"@type":"Article","@id":"https:\/\/royalfamily.org\/lat\/princeza-katarina-i-ministar-selakovic-isporucili-pomoc-domu-drinka-pavlovic\/#article","isPartOf":{"@id":"https:\/\/royalfamily.org\/lat\/princeza-katarina-i-ministar-selakovic-isporucili-pomoc-domu-drinka-pavlovic\/"},"author":{"name":"Stefan Milanovic","@id":"https:\/\/royalfamily.org\/#\/schema\/person\/4ad3296a6a8a35eed333b6a785e9f648"},"headline":"PRINCEZA KATARINA I MINISTAR SELAKOVI\u0106 ISPORU\u010cILI POMO\u0106 DOMU \u201eDRINKA PAVLOVI\u0106\u201c","datePublished":"2024-03-29T13:30:07+00:00","dateModified":"2024-03-29T13:30:08+00:00","mainEntityOfPage":{"@id":"https:\/\/royalfamily.org\/lat\/princeza-katarina-i-ministar-selakovic-isporucili-pomoc-domu-drinka-pavlovic\/"},"wordCount":3173,"publisher":{"@id":"https:\/\/royalfamily.org\/#organization"},"image":{"@id":"https:\/\/royalfamily.org\/lat\/princeza-katarina-i-ministar-selakovic-isporucili-pomoc-domu-drinka-pavlovic\/#primaryimage"},"thumbnailUrl":"https:\/\/royalfamily.org\/wp-content\/uploads\/2024\/03\/COVER-Drinka-Pavlovic-pomoc-PA.jpg","articleSection":["Vesti"],"inLanguage":"sr-LT"},{"@type":"WebPage","@id":"https:\/\/royalfamily.org\/lat\/princeza-katarina-i-ministar-selakovic-isporucili-pomoc-domu-drinka-pavlovic\/","url":"https:\/\/royalfamily.org\/lat\/princeza-katarina-i-ministar-selakovic-isporucili-pomoc-domu-drinka-pavlovic\/","name":"PRINCEZA KATARINA I MINISTAR SELAKOVI\u0106 ISPORU\u010cILI POMO\u0106 DOMU \u201eDRINKA PAVLOVI\u0106\u201c - The Royal Family of Serbia","isPartOf":{"@id":"https:\/\/royalfamily.org\/#website"},"primaryImageOfPage":{"@id":"https:\/\/royalfamily.org\/lat\/princeza-katarina-i-ministar-selakovic-isporucili-pomoc-domu-drinka-pavlovic\/#primaryimage"},"image":{"@id":"https:\/\/royalfamily.org\/lat\/princeza-katarina-i-ministar-selakovic-isporucili-pomoc-domu-drinka-pavlovic\/#primaryimage"},"thumbnailUrl":"https:\/\/royalfamily.org\/wp-content\/uploads\/2024\/03\/COVER-Drinka-Pavlovic-pomoc-PA.jpg","datePublished":"2024-03-29T13:30:07+00:00","dateModified":"2024-03-29T13:30:08+00:00","breadcrumb":{"@id":"https:\/\/royalfamily.org\/lat\/princeza-katarina-i-ministar-selakovic-isporucili-pomoc-domu-drinka-pavlovic\/#breadcrumb"},"inLanguage":"sr-LT","potentialAction":[{"@type":"ReadAction","target":["https:\/\/royalfamily.org\/lat\/princeza-katarina-i-ministar-selakovic-isporucili-pomoc-domu-drinka-pavlovic\/"]}]},{"@type":"ImageObject","inLanguage":"sr-LT","@id":"https:\/\/royalfamily.org\/lat\/princeza-katarina-i-ministar-selakovic-isporucili-pomoc-domu-drinka-pavlovic\/#primaryimage","url":"https:\/\/royalfamily.org\/wp-content\/uploads\/2024\/03\/COVER-Drinka-Pavlovic-pomoc-PA.jpg","contentUrl":"https:\/\/royalfamily.org\/wp-content\/uploads\/2024\/03\/COVER-Drinka-Pavlovic-pomoc-PA.jpg","width":1480,"height":720,"caption":"PRINCEZA KATARINA I MINISTAR SELAKOVI\u0106 ISPORU\u010cILI POMO\u0106 DOMU \u201eDRINKA PAVLOVI\u0106\u201c"},{"@type":"BreadcrumbList","@id":"https:\/\/royalfamily.org\/lat\/princeza-katarina-i-ministar-selakovic-isporucili-pomoc-domu-drinka-pavlovic\/#breadcrumb","itemListElement":[{"@type":"ListItem","position":1,"name":"Home","item":"https:\/\/royalfamily.org\/lat\/"},{"@type":"ListItem","position":2,"name":"PRINCEZA KATARINA I MINISTAR SELAKOVI\u0106 ISPORU\u010cILI POMO\u0106 DOMU \u201eDRINKA PAVLOVI\u0106\u201c"}]},{"@type":"WebSite","@id":"https:\/\/royalfamily.org\/#website","url":"https:\/\/royalfamily.org\/","name":"The Royal Family of Serbia","description":"From the people, for the people","publisher":{"@id":"https:\/\/royalfamily.org\/#organization"},"potentialAction":[{"@type":"SearchAction","target":{"@type":"EntryPoint","urlTemplate":"https:\/\/royalfamily.org\/?s={search_term_string}"},"query-input":{"@type":"PropertyValueSpecification","valueRequired":true,"valueName":"search_term_string"}}],"inLanguage":"sr-LT"},{"@type":"Organization","@id":"https:\/\/royalfamily.org\/#organization","name":"Royal Family","url":"https:\/\/royalfamily.org\/","logo":{"@type":"ImageObject","inLanguage":"sr-LT","@id":"https:\/\/royalfamily.org\/#\/schema\/logo\/image\/","url":"https:\/\/royalfamily.org\/wp-content\/uploads\/2019\/04\/logo-vector-02-V-latinica.png","contentUrl":"https:\/\/royalfamily.org\/wp-content\/uploads\/2019\/04\/logo-vector-02-V-latinica.png","width":552,"height":99,"caption":"Royal Family"},"image":{"@id":"https:\/\/royalfamily.org\/#\/schema\/logo\/image\/"},"sameAs":["https:\/\/www.facebook.com\/Prestolonaslednik.Aleksandar"]},{"@type":"Person","@id":"https:\/\/royalfamily.org\/#\/schema\/person\/4ad3296a6a8a35eed333b6a785e9f648","name":"Stefan Milanovic","image":{"@type":"ImageObject","inLanguage":"sr-LT","@id":"https:\/\/secure.gravatar.com\/avatar\/92dcbdcf3e32112a9ceb1e41665b1f44c69382d014cacfe12c701f6af7c40259?s=96&d=mm&r=g","url":"https:\/\/secure.gravatar.com\/avatar\/92dcbdcf3e32112a9ceb1e41665b1f44c69382d014cacfe12c701f6af7c40259?s=96&d=mm&r=g","contentUrl":"https:\/\/secure.gravatar.com\/avatar\/92dcbdcf3e32112a9ceb1e41665b1f44c69382d014cacfe12c701f6af7c40259?s=96&d=mm&r=g","caption":"Stefan Milanovic"}}]}},"_links":{"self":[{"href":"https:\/\/royalfamily.org\/lat\/wp-json\/wp\/v2\/posts\/89680","targetHints":{"allow":["GET"]}}],"collection":[{"href":"https:\/\/royalfamily.org\/lat\/wp-json\/wp\/v2\/posts"}],"about":[{"href":"https:\/\/royalfamily.org\/lat\/wp-json\/wp\/v2\/types\/post"}],"author":[{"embeddable":true,"href":"https:\/\/royalfamily.org\/lat\/wp-json\/wp\/v2\/users\/1001015"}],"replies":[{"embeddable":true,"href":"https:\/\/royalfamily.org\/lat\/wp-json\/wp\/v2\/comments?post=89680"}],"version-history":[{"count":1,"href":"https:\/\/royalfamily.org\/lat\/wp-json\/wp\/v2\/posts\/89680\/revisions"}],"predecessor-version":[{"id":89681,"href":"https:\/\/royalfamily.org\/lat\/wp-json\/wp\/v2\/posts\/89680\/revisions\/89681"}],"wp:featuredmedia":[{"embeddable":true,"href":"https:\/\/royalfamily.org\/lat\/wp-json\/wp\/v2\/media\/89641"}],"wp:attachment":[{"href":"https:\/\/royalfamily.org\/lat\/wp-json\/wp\/v2\/media?parent=89680"}],"wp:term":[{"taxonomy":"category","embeddable":true,"href":"https:\/\/royalfamily.org\/lat\/wp-json\/wp\/v2\/categories?post=89680"},{"taxonomy":"post_tag","embeddable":true,"href":"https:\/\/royalfamily.org\/lat\/wp-json\/wp\/v2\/tags?post=89680"}],"curies":[{"name":"wp","href":"https:\/\/api.w.org\/{rel}","templated":true}]}}