{"id":91264,"date":"2024-07-30T13:24:58","date_gmt":"2024-07-30T11:24:58","guid":{"rendered":"https:\/\/royalfamily.org\/?p=91264"},"modified":"2024-07-30T13:24:59","modified_gmt":"2024-07-30T11:24:59","slug":"prestolonaslednikov-intervju-za-kurir-povodom-prenosa-posmrtnih-ostataka-kneza-alekse","status":"publish","type":"post","link":"https:\/\/royalfamily.org\/lat\/prestolonaslednikov-intervju-za-kurir-povodom-prenosa-posmrtnih-ostataka-kneza-alekse\/","title":{"rendered":"PRESTOLONASLEDNIKOV INTERVJU ZA KURIR POVODOM PRENOSA POSMRTNIH OSTATAKA KNEZA ALEKSE"},"content":{"rendered":"<p><div class=\"fusion-fullwidth fullwidth-box fusion-builder-row-1 fusion-flex-container has-pattern-background has-mask-background nonhundred-percent-fullwidth non-hundred-percent-height-scrolling\" style=\"--awb-border-radius-top-left:0px;--awb-border-radius-top-right:0px;--awb-border-radius-bottom-right:0px;--awb-border-radius-bottom-left:0px;--awb-flex-wrap:wrap;\" ><div class=\"fusion-builder-row fusion-row fusion-flex-align-items-flex-start fusion-flex-content-wrap\" style=\"max-width:1227.2px;margin-left: calc(-4% \/ 2 );margin-right: calc(-4% \/ 2 );\"><div class=\"fusion-layout-column fusion_builder_column fusion-builder-column-0 fusion_builder_column_1_1 1_1 fusion-flex-column\" style=\"--awb-bg-size:cover;--awb-width-large:100%;--awb-margin-top-large:0px;--awb-spacing-right-large:1.92%;--awb-margin-bottom-large:20px;--awb-spacing-left-large:1.92%;--awb-width-medium:100%;--awb-order-medium:0;--awb-spacing-right-medium:1.92%;--awb-spacing-left-medium:1.92%;--awb-width-small:100%;--awb-order-small:0;--awb-spacing-right-small:1.92%;--awb-spacing-left-small:1.92%;\"><div class=\"fusion-column-wrapper fusion-column-has-shadow fusion-flex-justify-content-flex-start fusion-content-layout-column\"><div class=\"fusion-text fusion-text-1\"><p>Nj.K.V. Prestolonaslednik Aleksandar je sa velikim zadovoljstvom dao intervju za dnevni list \u201e<a href=\"https:\/\/www.kurir.rs\/\">Kurir<\/a>\u201c, u kom je govorio o predstoje\u0107em prenosu posmrtnih ostataka Kneza Alekse Kara\u0111or\u0111evi\u0107a, starijeg Kara\u0111or\u0111evog sina, iz Ki\u0161injeva, Moldavija u Srbiju.<\/p>\n<p>Tekst koji je objavljen u \u0161tampanom izdanju u broju od 16. juna 2024. godine prenosimo u celosti. Zahvaljujemo se novinarki, g-\u0111i Jeleni S. Spasi\u0107 na velikom profesionalizmu i realizaciji intervjua, ali i na velikom li\u010dnom anga\u017emanu i inicijativi oko realizacije ovog prenosa. \u010clanak je dostupan i na sajtu \u201eKurira\u201c na <a href=\"https:\/\/www.kurir.rs\/vesti\/drustvo\/4403665\/intervju-prestolonaslednik-aleksandar-karadjordjevic\"><strong>LINKU<\/strong><\/a><\/p>\n<p><strong>KONA\u010cNO: Posmrtni ostaci kneza Alekse uskoro u Srbiji, Vo\u017edov stariji sin po\u010diva\u0107e u Kara\u0111or\u0111evom gradu<\/strong><\/p>\n<p>Posmrtni ostaci Vo\u017edovog sina, kneza Alekse, trebalo bi da stignu u Srbiju krajem ove ili po\u010detkom naredne godine. Da se jo\u0161 jedan Kara\u0111or\u0111evi\u0107 vrati svojoj zemlji nakon previ\u0161e godina! Ne samo godina ve\u0107 decenija, pa i vekova &#8211; ka\u017ee u intervjuu za Kurir prestolonaslednik Aleksandar Kara\u0111or\u0111evi\u0107 povodom inicijative Kurira za prenos u Srbiju posmrtnih ostataka drugoro\u0111enog Kara\u0111or\u0111evog sina Alekse (prvenac Sima umro po ro\u0111enju), koji je preminuo u Ki\u0161injevu 1830, gde i po\u010diva.<\/p>\n<p><strong>Od \u010dega ta\u010dno zavisi vreme prenosa posmrtnih ostatka?<\/strong><\/p>\n<p>&#8211; Po propisima Moldavije, ekshumacija mo\u017ee se obaviti samo od novembra do marta, kad je hladno vreme, i to \u0107emo po\u0161tovati. \u010cim budemo imali i ta\u010dan datum, obavesti\u0107emo javnost.<\/p>\n<p><strong>Gde \u0107e po\u010divati knez Aleksa?<\/strong><\/p>\n<p>&#8211; Planirano je da knez po\u010diva u porti stare Crkve ro\u0111enja Presvete Bogorodice u Kara\u0111or\u0111evom gradu u Topoli. Kako je u pitanju zadu\u017ebina vrhovnog vo\u017eda Kara\u0111or\u0111a, oca pokojnog Alekse, smatramo da je to najprikladnije mesto za ve\u010dni po\u010dinak starijeg Kara\u0111or\u0111evog sina. Tu je i sam knez \u017eiveo i stasavao, \u0161kolovao se, tu je i Vo\u017ed po\u010divao do 1930. Jaka je simbolika zbog koje je ovo mesto odabrano. Po nekim izvorima, Aleksa je sa svojim ocem i li\u010dno prisustvovao osve\u0107enju ove crkve.<\/p>\n<p><strong>Za\u0161to ne Oplenac, gde po\u010divaju svi Kara\u0111or\u0111evi\u0107i, po\u010dev od samog Vo\u017eda?<\/strong><\/p>\n<p>&#8211; Kako je Oplenac mesto na kome se po \u017eelji ktitora, kralja Petra Prvog, sahranjuju njegovi potomci, \u0161to moramo po\u0161tovati, Kara\u0111or\u0111ev grad je prirodan izbor. U srcu Topole sa Oplencem zajedno \u010dini jednu celinu, koja je jako bitna odrednica na\u0161e istorije i tradicije.<\/p>\n<p><strong>Ho\u0107e li biti dr\u017eavne sahrane?<\/strong><\/p>\n<p>&#8211; Ta odluka je u domenu nadle\u017enih institucija Srbije. Knez Aleksa nije bio na \u010delu dr\u017eave, tako da porodica svakako ne\u0107e insistirati na ceremoniji kakva je bila u maju 2013, ali u razgovorima sa predstavnicima nadle\u017enih dr\u017eavnih institucija vide se spremnost i volja da se ova sve\u010dana ceremonija priredi na najprikladniji mogu\u0107i na\u010din, kako i zaslu\u017euje sin osniva\u010da moderne Srbije. Najva\u017enije je da se okupimo u molitvi i dostojno do\u010dekamo i sahranimo Aleksu Kara\u0111or\u0111evi\u0107a u njegovom zavi\u010daju. Sigurno \u0107e nam se u tom \u010dinu priklju\u010diti i predstavnici dr\u017eavnih institucija jer su nam upravo one i pru\u017eile dragocenu i klju\u010dnu podr\u0161ku i pomo\u0107.<\/p>\n<p><strong>\u0160ta \u0107e biti sa spomenikom koji je na grobu kneza Alekse?<\/strong><\/p>\n<p>&#8211; Planirano je da se spomenik zajedno sa posmrtnim ostacima kneza preveze u Srbiju, da nastavi da \u010duva ve\u010dno se\u0107anje na njega. Svi dobro znamo kako u tradiciji na\u0161eg naroda po\u0161tovanje preminulih predstavlja va\u017ean deo na\u0161eg identiteta, gde posebnu po\u0161tu zaslu\u017euju i spomenici, kao \u010duvari mesta ve\u010dnog pokoja. Kako je ovaj spomen nastao odmah nakon Aleksinog preranog kraja \u017eivota, i on predstavlja deo se\u0107anja na njega. Zahvaljuju\u0107i na\u0161oj ambasadi u Bukure\u0161tu, svi neophodni koraci u vezi s dozvolama su zavr\u0161eni, sada o\u010dekujemo da stru\u010dnjaci iz na\u0161eg Zavoda za za\u0161titu spomenika kulture predlo\u017ee najadekvatniji na\u010din transporta i naprave plan.<\/p>\n<p><strong>Nameravate li da pokrenete inicijativu i da porodica kneza Alekse bude sahranjena u Srbiji &#8211; supruga, sin, snaja, unuci?<\/strong><\/p>\n<p>&#8211; Ponovi\u0107u \u0161to sam rekao i kada ste me prvi put pitali za kneza Aleksu &#8211; moramo biti odmereni, ne smemo \u017euriti po svaku cenu kako se ne bi napravila neka gre\u0161ka ili propust. Aleksin sin \u0110or\u0111e po\u010diva u Be\u010du, nemam informacije o tome u kakvom je stanju sada grob. \u0110or\u0111eva \u017eena Sarka je, po nekim dostupnim podacima, izme\u0161tena iz grobnice u kojoj je po\u010divala na groblju Per La\u0161ez u Parizu&#8230; Dosta \u010dinjenica treba proveriti, a mnogo je pro\u0161lo od samih doga\u0111aja&#8230; Na primer, neki izvori tvrde da su njihovi sinovi, kne\u017eevi Bo\u017eidar i Aleksa, bili u Srbiji ve\u0107 na krunisanju kralja Petra Prvog, dok, prema drugima, knez Aleksa dolazi u Srbiju tek za vreme balkanskih ratova, da bi u\u010destvovao i u Prvom svetskom, gde je dobio i Kara\u0111or\u0111evu zvezdu&#8230; Nakon rata odlazi iz Srbije, umire u \u0160vajcarskoj, u doba epidemije \u0161panske groznice. Moj deda, u to vreme regent Aleksandar, organizovao mu je parastos u Sabornoj crkvi, kom su prisustvovali \u010dlanovi vlade, diplomate, a progla\u0161ena je i \u017ealost od \u0161est nedelja. Pitanje je, na primer, za\u0161to tad Aleksa, to jest Aleksej, kako mu u tada\u0161njim izvorima navode ime, nije prenet u Srbiju, nego je sahranjen u \u0160vajcarskoj, da li je to bila njegova volja ili samo splet okolnosti. Ba\u0161 zato i pristupam veoma oprezno svemu i \u017eelim da se savetujem sa onima koji su dublje istra\u017eivali na\u0161u istoriju po tom pitanju, jer ne smemo nauditi ni \u017eelji pokojnika.<\/p>\n<p><strong>ZAHVALNOST<\/strong><\/p>\n<p><strong>\u00a0<\/strong><strong>U ovom poduhvatu mnogo je u\u010desnika?<\/strong><\/p>\n<p>&#8211; Veliku zahvalnost dugujemo Ministarstvu spoljnih poslova, kome sam po\u010detkom 2024, kao stare\u0161ina Kraljevskog doma, uputio molbu i dao saglasnost da preko na\u0161e ambasade u Bukure\u0161tu, nadle\u017ene i za Moldaviju, pokrene neophodne procedure za ekshumaciju i prenos posmrtnih ostataka. Tako\u0111e, prethodnom ministru Ivici Da\u010di\u0107u, sa kojim smo zapo\u010deli proceduru, a i sada\u0161njem Marku \u0110uri\u0107u, koji je svesrdno nastavio da podr\u017eava inicijativu. Potom Ministarstvu kulture, koje je pru\u017eilo podr\u0161ku u okviru njegove nadle\u017enosti, Ambasadi Srbije u Bukure\u0161tu, koja je zavr\u0161ila sve neophodne procedure, kao i svim drugima koji su pomogli. Ova inicijativa je veoma dobar pokazatelj kako razli\u010diti akteri mogu zajedno da rade na postizanju zajedni\u010dkog cilja. A taj cilj je, pre svega, doprinos na\u0161oj nacionalnoj istoriji i kulturi se\u0107anja. Naravno, zahvalnost ide i vama li\u010dno, Jelena, jer ste nas svojim tekstovima i inicijativom sve malo razmrdali i podstakli da krenemo u konkretne korake.<\/p>\n<p><strong>DA SE ODAVNO ZAPO\u010cETA GLO\u017dENjA KONA\u010cNO OKON\u010cAJU<\/strong><\/p>\n<p><strong>\u0160ta za vas zna\u010di povratak Kara\u0111or\u0111evog starijeg sina u Srbiju?<\/strong><\/p>\n<p>&#8211; Na\u0161a istorija jeste bila veoma burna, te su nam pored mnogobrojnih slavnih primera herojstava i dr\u017eavotornih tradicija, kojima se s razlogom i danas ponosimo, na\u017ealost, ostali i pojedini slu\u010dajevi nepravdi. Bez potrebe da prekrajamo istoriju, na nama potomcima je zadatak da te nepravde ispravimo i ostavimo temelj budu\u0107im generacijama, da se sli\u010dni doga\u0111aji nikad ne ponove. Za mene li\u010dno, ovo je kona\u010dno zatvaranje jedne tragi\u010dne epizode na\u0161e istorije, zaceljivanje starih rana iz pro\u0161losti&#8230; Svedoci smo da se i dalje de\u0161ava da se potomci sva\u0111aju i dele zbog nere\u0161enih stvari iz davnih vremena, koje se ti\u010du predaka. Zato je potrebno da se odavno zapo\u010deta glo\u017eenja kona\u010dno okon\u010daju i da se svi akteri na\u0161e pro\u0161losti ostave da po\u010divaju mirno na stranicama istorije i u se\u0107anju na\u0161eg naroda, gde im je i mesto.<\/p>\n<p><strong>Jelena S. Spasi\u0107<\/strong><\/p>\n<\/div><\/div><\/div><\/div><\/div><div class=\"fusion-fullwidth fullwidth-box fusion-builder-row-2 fusion-flex-container has-pattern-background has-mask-background nonhundred-percent-fullwidth non-hundred-percent-height-scrolling\" style=\"--awb-border-radius-top-left:0px;--awb-border-radius-top-right:0px;--awb-border-radius-bottom-right:0px;--awb-border-radius-bottom-left:0px;--awb-flex-wrap:wrap;\" ><div class=\"fusion-builder-row fusion-row fusion-flex-align-items-flex-start fusion-flex-content-wrap\" style=\"max-width:1227.2px;margin-left: calc(-4% \/ 2 );margin-right: calc(-4% \/ 2 );\"><div class=\"fusion-layout-column fusion_builder_column fusion-builder-column-1 fusion_builder_column_1_1 1_1 fusion-flex-column\" style=\"--awb-bg-size:cover;--awb-width-large:100%;--awb-margin-top-large:0px;--awb-spacing-right-large:1.92%;--awb-margin-bottom-large:20px;--awb-spacing-left-large:1.92%;--awb-width-medium:100%;--awb-order-medium:0;--awb-spacing-right-medium:1.92%;--awb-spacing-left-medium:1.92%;--awb-width-small:100%;--awb-order-small:0;--awb-spacing-right-small:1.92%;--awb-spacing-left-small:1.92%;\"><div class=\"fusion-column-wrapper fusion-column-has-shadow fusion-flex-justify-content-flex-start fusion-content-layout-column\"><div class=\"awb-gallery-wrapper awb-gallery-wrapper-1 button-span-no\" style=\"--more-btn-alignment:center;\" data-limit=\"20\" data-page=\"1\"><div style=\"margin:-5px;--awb-bordersize:0px;\" class=\"fusion-gallery fusion-gallery-container fusion-grid-3 fusion-columns-total-2 fusion-gallery-layout-grid fusion-gallery-1\"><div style=\"padding:5px;\" class=\"fusion-grid-column fusion-gallery-column fusion-gallery-column-3 hover-type-none\"><div class=\"fusion-gallery-image\"><a href=\"https:\/\/royalfamily.org\/wp-content\/uploads\/2024\/07\/Kurir-16.-jun-24-1.jpg\" data-caption=\"PRESTOLONASLEDNIKOV INTERVJU ZA KURIR POVODOM PRENOSA POSMRTNIH OSTATAKA KNEZA ALEKSE\" rel=\"noreferrer\" data-rel=\"iLightbox[gallery_image_1]\" class=\"fusion-lightbox\" target=\"_self\"><img decoding=\"async\" src=\"https:\/\/royalfamily.org\/wp-content\/uploads\/2024\/07\/Kurir-16.-jun-24-1.jpg\" width=\"830\" height=\"1087\" alt=\"PRESTOLONASLEDNIKOV INTERVJU ZA KURIR POVODOM PRENOSA POSMRTNIH OSTATAKA KNEZA ALEKSE\" title=\"PRESTOLONASLEDNIKOV INTERVJU ZA KURIR POVODOM PRENOSA POSMRTNIH OSTATAKA KNEZA ALEKSE\" aria-label=\"PRESTOLONASLEDNIKOV INTERVJU ZA KURIR POVODOM PRENOSA POSMRTNIH OSTATAKA KNEZA ALEKSE\" class=\"img-responsive wp-image-91258\" srcset=\"https:\/\/royalfamily.org\/wp-content\/uploads\/2024\/07\/Kurir-16.-jun-24-1-200x262.jpg 200w, https:\/\/royalfamily.org\/wp-content\/uploads\/2024\/07\/Kurir-16.-jun-24-1-400x524.jpg 400w, https:\/\/royalfamily.org\/wp-content\/uploads\/2024\/07\/Kurir-16.-jun-24-1-600x786.jpg 600w, https:\/\/royalfamily.org\/wp-content\/uploads\/2024\/07\/Kurir-16.-jun-24-1-800x1048.jpg 800w, https:\/\/royalfamily.org\/wp-content\/uploads\/2024\/07\/Kurir-16.-jun-24-1.jpg 830w\" sizes=\"(min-width: 2200px) 100vw, (min-width: 824px) 390px, (min-width: 732px) 585px, (min-width: 640px) 732px, \" \/><\/a><\/div><\/div><div style=\"padding:5px;\" class=\"fusion-grid-column fusion-gallery-column fusion-gallery-column-3 hover-type-none\"><div class=\"fusion-gallery-image\"><a href=\"https:\/\/royalfamily.org\/wp-content\/uploads\/2024\/07\/Kurir-16.-jun-24-2-scaled.jpg\" data-caption=\"PRESTOLONASLEDNIKOV INTERVJU ZA KURIR POVODOM PRENOSA POSMRTNIH OSTATAKA KNEZA ALEKSE\" rel=\"noreferrer\" data-rel=\"iLightbox[gallery_image_1]\" class=\"fusion-lightbox\" target=\"_self\"><img decoding=\"async\" src=\"https:\/\/royalfamily.org\/wp-content\/uploads\/2024\/07\/Kurir-16.-jun-24-2-scaled.jpg\" width=\"2560\" height=\"2323\" alt=\"CROWN PRINCE\u2019S INTERVIEW FOR KURIR NEWSPAPERS \u2013 TRANSFER OF THE REMAINS OF PRINCE ALEKSA\" title=\"PRESTOLONASLEDNIKOV INTERVJU ZA KURIR POVODOM PRENOSA POSMRTNIH OSTATAKA KNEZA ALEKSE\" aria-label=\"PRESTOLONASLEDNIKOV INTERVJU ZA KURIR POVODOM PRENOSA POSMRTNIH OSTATAKA KNEZA ALEKSE\" class=\"img-responsive wp-image-91261\" srcset=\"https:\/\/royalfamily.org\/wp-content\/uploads\/2024\/07\/Kurir-16.-jun-24-2-200x181.jpg 200w, https:\/\/royalfamily.org\/wp-content\/uploads\/2024\/07\/Kurir-16.-jun-24-2-400x363.jpg 400w, https:\/\/royalfamily.org\/wp-content\/uploads\/2024\/07\/Kurir-16.-jun-24-2-600x544.jpg 600w, https:\/\/royalfamily.org\/wp-content\/uploads\/2024\/07\/Kurir-16.-jun-24-2-800x726.jpg 800w, https:\/\/royalfamily.org\/wp-content\/uploads\/2024\/07\/Kurir-16.-jun-24-2-1200x1089.jpg 1200w, https:\/\/royalfamily.org\/wp-content\/uploads\/2024\/07\/Kurir-16.-jun-24-2-scaled.jpg 2560w\" sizes=\"(min-width: 2200px) 100vw, (min-width: 824px) 390px, (min-width: 732px) 585px, (min-width: 640px) 732px, \" \/><\/a><\/div><\/div><\/div><\/div><\/div><\/div><\/div><\/div><\/p>\n","protected":false},"excerpt":{"rendered":"","protected":false},"author":1001015,"featured_media":91255,"comment_status":"closed","ping_status":"closed","sticky":false,"template":"","format":"standard","meta":{"_acf_changed":false,"footnotes":""},"categories":[22],"tags":[],"class_list":["post-91264","post","type-post","status-publish","format-standard","has-post-thumbnail","hentry","category-vesti"],"acf":[],"yoast_head":"<!-- This site is optimized with the Yoast SEO Premium plugin v27.4 (Yoast SEO v27.4) - https:\/\/yoast.com\/product\/yoast-seo-premium-wordpress\/ -->\n<title>PRESTOLONASLEDNIKOV INTERVJU ZA KURIR POVODOM PRENOSA POSMRTNIH OSTATAKA KNEZA ALEKSE - The Royal Family of Serbia<\/title>\n<meta name=\"robots\" content=\"index, follow, max-snippet:-1, max-image-preview:large, max-video-preview:-1\" \/>\n<link rel=\"canonical\" href=\"https:\/\/royalfamily.org\/lat\/prestolonaslednikov-intervju-za-kurir-povodom-prenosa-posmrtnih-ostataka-kneza-alekse\/\" \/>\n<meta property=\"og:locale\" content=\"en_US\" \/>\n<meta property=\"og:type\" content=\"article\" \/>\n<meta property=\"og:title\" content=\"PRESTOLONASLEDNIKOV INTERVJU ZA KURIR POVODOM PRENOSA POSMRTNIH OSTATAKA KNEZA ALEKSE\" \/>\n<meta property=\"og:url\" content=\"https:\/\/royalfamily.org\/lat\/prestolonaslednikov-intervju-za-kurir-povodom-prenosa-posmrtnih-ostataka-kneza-alekse\/\" \/>\n<meta property=\"og:site_name\" content=\"The Royal Family of Serbia\" \/>\n<meta property=\"article:publisher\" content=\"https:\/\/www.facebook.com\/Prestolonaslednik.Aleksandar\" \/>\n<meta property=\"article:published_time\" content=\"2024-07-30T11:24:58+00:00\" \/>\n<meta property=\"article:modified_time\" content=\"2024-07-30T11:24:59+00:00\" \/>\n<meta property=\"og:image\" content=\"https:\/\/royalfamily.org\/wp-content\/uploads\/2024\/07\/Cover-Kurir-16-jun-24.jpg\" \/>\n\t<meta property=\"og:image:width\" content=\"1542\" \/>\n\t<meta property=\"og:image:height\" content=\"750\" \/>\n\t<meta property=\"og:image:type\" content=\"image\/jpeg\" \/>\n<meta name=\"author\" content=\"Stefan Milanovic\" \/>\n<meta name=\"twitter:card\" content=\"summary_large_image\" \/>\n<meta name=\"twitter:label1\" content=\"Written by\" \/>\n\t<meta name=\"twitter:data1\" content=\"Stefan Milanovic\" \/>\n\t<meta name=\"twitter:label2\" content=\"Est. reading time\" \/>\n\t<meta name=\"twitter:data2\" content=\"6 minutes\" \/>\n<script type=\"application\/ld+json\" class=\"yoast-schema-graph\">{\"@context\":\"https:\\\/\\\/schema.org\",\"@graph\":[{\"@type\":\"Article\",\"@id\":\"https:\\\/\\\/royalfamily.org\\\/lat\\\/prestolonaslednikov-intervju-za-kurir-povodom-prenosa-posmrtnih-ostataka-kneza-alekse\\\/#article\",\"isPartOf\":{\"@id\":\"https:\\\/\\\/royalfamily.org\\\/lat\\\/prestolonaslednikov-intervju-za-kurir-povodom-prenosa-posmrtnih-ostataka-kneza-alekse\\\/\"},\"author\":{\"name\":\"Stefan Milanovic\",\"@id\":\"https:\\\/\\\/royalfamily.org\\\/#\\\/schema\\\/person\\\/4ad3296a6a8a35eed333b6a785e9f648\"},\"headline\":\"PRESTOLONASLEDNIKOV INTERVJU ZA KURIR POVODOM PRENOSA POSMRTNIH OSTATAKA KNEZA ALEKSE\",\"datePublished\":\"2024-07-30T11:24:58+00:00\",\"dateModified\":\"2024-07-30T11:24:59+00:00\",\"mainEntityOfPage\":{\"@id\":\"https:\\\/\\\/royalfamily.org\\\/lat\\\/prestolonaslednikov-intervju-za-kurir-povodom-prenosa-posmrtnih-ostataka-kneza-alekse\\\/\"},\"wordCount\":3562,\"publisher\":{\"@id\":\"https:\\\/\\\/royalfamily.org\\\/#organization\"},\"image\":{\"@id\":\"https:\\\/\\\/royalfamily.org\\\/lat\\\/prestolonaslednikov-intervju-za-kurir-povodom-prenosa-posmrtnih-ostataka-kneza-alekse\\\/#primaryimage\"},\"thumbnailUrl\":\"https:\\\/\\\/royalfamily.org\\\/wp-content\\\/uploads\\\/2024\\\/07\\\/Cover-Kurir-16-jun-24.jpg\",\"articleSection\":[\"Vesti\"],\"inLanguage\":\"sr-LT\"},{\"@type\":\"WebPage\",\"@id\":\"https:\\\/\\\/royalfamily.org\\\/lat\\\/prestolonaslednikov-intervju-za-kurir-povodom-prenosa-posmrtnih-ostataka-kneza-alekse\\\/\",\"url\":\"https:\\\/\\\/royalfamily.org\\\/lat\\\/prestolonaslednikov-intervju-za-kurir-povodom-prenosa-posmrtnih-ostataka-kneza-alekse\\\/\",\"name\":\"PRESTOLONASLEDNIKOV INTERVJU ZA KURIR POVODOM PRENOSA POSMRTNIH OSTATAKA KNEZA ALEKSE - The Royal Family of Serbia\",\"isPartOf\":{\"@id\":\"https:\\\/\\\/royalfamily.org\\\/#website\"},\"primaryImageOfPage\":{\"@id\":\"https:\\\/\\\/royalfamily.org\\\/lat\\\/prestolonaslednikov-intervju-za-kurir-povodom-prenosa-posmrtnih-ostataka-kneza-alekse\\\/#primaryimage\"},\"image\":{\"@id\":\"https:\\\/\\\/royalfamily.org\\\/lat\\\/prestolonaslednikov-intervju-za-kurir-povodom-prenosa-posmrtnih-ostataka-kneza-alekse\\\/#primaryimage\"},\"thumbnailUrl\":\"https:\\\/\\\/royalfamily.org\\\/wp-content\\\/uploads\\\/2024\\\/07\\\/Cover-Kurir-16-jun-24.jpg\",\"datePublished\":\"2024-07-30T11:24:58+00:00\",\"dateModified\":\"2024-07-30T11:24:59+00:00\",\"breadcrumb\":{\"@id\":\"https:\\\/\\\/royalfamily.org\\\/lat\\\/prestolonaslednikov-intervju-za-kurir-povodom-prenosa-posmrtnih-ostataka-kneza-alekse\\\/#breadcrumb\"},\"inLanguage\":\"sr-LT\",\"potentialAction\":[{\"@type\":\"ReadAction\",\"target\":[\"https:\\\/\\\/royalfamily.org\\\/lat\\\/prestolonaslednikov-intervju-za-kurir-povodom-prenosa-posmrtnih-ostataka-kneza-alekse\\\/\"]}]},{\"@type\":\"ImageObject\",\"inLanguage\":\"sr-LT\",\"@id\":\"https:\\\/\\\/royalfamily.org\\\/lat\\\/prestolonaslednikov-intervju-za-kurir-povodom-prenosa-posmrtnih-ostataka-kneza-alekse\\\/#primaryimage\",\"url\":\"https:\\\/\\\/royalfamily.org\\\/wp-content\\\/uploads\\\/2024\\\/07\\\/Cover-Kurir-16-jun-24.jpg\",\"contentUrl\":\"https:\\\/\\\/royalfamily.org\\\/wp-content\\\/uploads\\\/2024\\\/07\\\/Cover-Kurir-16-jun-24.jpg\",\"width\":1542,\"height\":750,\"caption\":\"PRESTOLONASLEDNIKOV INTERVJU ZA KURIR POVODOM PRENOSA POSMRTNIH OSTATAKA KNEZA ALEKSE\"},{\"@type\":\"BreadcrumbList\",\"@id\":\"https:\\\/\\\/royalfamily.org\\\/lat\\\/prestolonaslednikov-intervju-za-kurir-povodom-prenosa-posmrtnih-ostataka-kneza-alekse\\\/#breadcrumb\",\"itemListElement\":[{\"@type\":\"ListItem\",\"position\":1,\"name\":\"Home\",\"item\":\"https:\\\/\\\/royalfamily.org\\\/lat\\\/\"},{\"@type\":\"ListItem\",\"position\":2,\"name\":\"PRESTOLONASLEDNIKOV INTERVJU ZA KURIR POVODOM PRENOSA POSMRTNIH OSTATAKA KNEZA ALEKSE\"}]},{\"@type\":\"WebSite\",\"@id\":\"https:\\\/\\\/royalfamily.org\\\/#website\",\"url\":\"https:\\\/\\\/royalfamily.org\\\/\",\"name\":\"The Royal Family of Serbia\",\"description\":\"From the people, for the people\",\"publisher\":{\"@id\":\"https:\\\/\\\/royalfamily.org\\\/#organization\"},\"potentialAction\":[{\"@type\":\"SearchAction\",\"target\":{\"@type\":\"EntryPoint\",\"urlTemplate\":\"https:\\\/\\\/royalfamily.org\\\/?s={search_term_string}\"},\"query-input\":{\"@type\":\"PropertyValueSpecification\",\"valueRequired\":true,\"valueName\":\"search_term_string\"}}],\"inLanguage\":\"sr-LT\"},{\"@type\":\"Organization\",\"@id\":\"https:\\\/\\\/royalfamily.org\\\/#organization\",\"name\":\"Royal Family\",\"url\":\"https:\\\/\\\/royalfamily.org\\\/\",\"logo\":{\"@type\":\"ImageObject\",\"inLanguage\":\"sr-LT\",\"@id\":\"https:\\\/\\\/royalfamily.org\\\/#\\\/schema\\\/logo\\\/image\\\/\",\"url\":\"https:\\\/\\\/royalfamily.org\\\/wp-content\\\/uploads\\\/2019\\\/04\\\/logo-vector-02-V-latinica.png\",\"contentUrl\":\"https:\\\/\\\/royalfamily.org\\\/wp-content\\\/uploads\\\/2019\\\/04\\\/logo-vector-02-V-latinica.png\",\"width\":552,\"height\":99,\"caption\":\"Royal Family\"},\"image\":{\"@id\":\"https:\\\/\\\/royalfamily.org\\\/#\\\/schema\\\/logo\\\/image\\\/\"},\"sameAs\":[\"https:\\\/\\\/www.facebook.com\\\/Prestolonaslednik.Aleksandar\"]},{\"@type\":\"Person\",\"@id\":\"https:\\\/\\\/royalfamily.org\\\/#\\\/schema\\\/person\\\/4ad3296a6a8a35eed333b6a785e9f648\",\"name\":\"Stefan Milanovic\",\"image\":{\"@type\":\"ImageObject\",\"inLanguage\":\"sr-LT\",\"@id\":\"https:\\\/\\\/secure.gravatar.com\\\/avatar\\\/92dcbdcf3e32112a9ceb1e41665b1f44c69382d014cacfe12c701f6af7c40259?s=96&d=mm&r=g\",\"url\":\"https:\\\/\\\/secure.gravatar.com\\\/avatar\\\/92dcbdcf3e32112a9ceb1e41665b1f44c69382d014cacfe12c701f6af7c40259?s=96&d=mm&r=g\",\"contentUrl\":\"https:\\\/\\\/secure.gravatar.com\\\/avatar\\\/92dcbdcf3e32112a9ceb1e41665b1f44c69382d014cacfe12c701f6af7c40259?s=96&d=mm&r=g\",\"caption\":\"Stefan Milanovic\"}}]}<\/script>\n<!-- \/ Yoast SEO Premium plugin. -->","yoast_head_json":{"title":"PRESTOLONASLEDNIKOV INTERVJU ZA KURIR POVODOM PRENOSA POSMRTNIH OSTATAKA KNEZA ALEKSE - The Royal Family of Serbia","robots":{"index":"index","follow":"follow","max-snippet":"max-snippet:-1","max-image-preview":"max-image-preview:large","max-video-preview":"max-video-preview:-1"},"canonical":"https:\/\/royalfamily.org\/lat\/prestolonaslednikov-intervju-za-kurir-povodom-prenosa-posmrtnih-ostataka-kneza-alekse\/","og_locale":"en_US","og_type":"article","og_title":"PRESTOLONASLEDNIKOV INTERVJU ZA KURIR POVODOM PRENOSA POSMRTNIH OSTATAKA KNEZA ALEKSE","og_url":"https:\/\/royalfamily.org\/lat\/prestolonaslednikov-intervju-za-kurir-povodom-prenosa-posmrtnih-ostataka-kneza-alekse\/","og_site_name":"The Royal Family of Serbia","article_publisher":"https:\/\/www.facebook.com\/Prestolonaslednik.Aleksandar","article_published_time":"2024-07-30T11:24:58+00:00","article_modified_time":"2024-07-30T11:24:59+00:00","og_image":[{"width":1542,"height":750,"url":"https:\/\/royalfamily.org\/wp-content\/uploads\/2024\/07\/Cover-Kurir-16-jun-24.jpg","type":"image\/jpeg"}],"author":"Stefan Milanovic","twitter_card":"summary_large_image","twitter_misc":{"Written by":"Stefan Milanovic","Est. reading time":"6 minutes"},"schema":{"@context":"https:\/\/schema.org","@graph":[{"@type":"Article","@id":"https:\/\/royalfamily.org\/lat\/prestolonaslednikov-intervju-za-kurir-povodom-prenosa-posmrtnih-ostataka-kneza-alekse\/#article","isPartOf":{"@id":"https:\/\/royalfamily.org\/lat\/prestolonaslednikov-intervju-za-kurir-povodom-prenosa-posmrtnih-ostataka-kneza-alekse\/"},"author":{"name":"Stefan Milanovic","@id":"https:\/\/royalfamily.org\/#\/schema\/person\/4ad3296a6a8a35eed333b6a785e9f648"},"headline":"PRESTOLONASLEDNIKOV INTERVJU ZA KURIR POVODOM PRENOSA POSMRTNIH OSTATAKA KNEZA ALEKSE","datePublished":"2024-07-30T11:24:58+00:00","dateModified":"2024-07-30T11:24:59+00:00","mainEntityOfPage":{"@id":"https:\/\/royalfamily.org\/lat\/prestolonaslednikov-intervju-za-kurir-povodom-prenosa-posmrtnih-ostataka-kneza-alekse\/"},"wordCount":3562,"publisher":{"@id":"https:\/\/royalfamily.org\/#organization"},"image":{"@id":"https:\/\/royalfamily.org\/lat\/prestolonaslednikov-intervju-za-kurir-povodom-prenosa-posmrtnih-ostataka-kneza-alekse\/#primaryimage"},"thumbnailUrl":"https:\/\/royalfamily.org\/wp-content\/uploads\/2024\/07\/Cover-Kurir-16-jun-24.jpg","articleSection":["Vesti"],"inLanguage":"sr-LT"},{"@type":"WebPage","@id":"https:\/\/royalfamily.org\/lat\/prestolonaslednikov-intervju-za-kurir-povodom-prenosa-posmrtnih-ostataka-kneza-alekse\/","url":"https:\/\/royalfamily.org\/lat\/prestolonaslednikov-intervju-za-kurir-povodom-prenosa-posmrtnih-ostataka-kneza-alekse\/","name":"PRESTOLONASLEDNIKOV INTERVJU ZA KURIR POVODOM PRENOSA POSMRTNIH OSTATAKA KNEZA ALEKSE - The Royal Family of Serbia","isPartOf":{"@id":"https:\/\/royalfamily.org\/#website"},"primaryImageOfPage":{"@id":"https:\/\/royalfamily.org\/lat\/prestolonaslednikov-intervju-za-kurir-povodom-prenosa-posmrtnih-ostataka-kneza-alekse\/#primaryimage"},"image":{"@id":"https:\/\/royalfamily.org\/lat\/prestolonaslednikov-intervju-za-kurir-povodom-prenosa-posmrtnih-ostataka-kneza-alekse\/#primaryimage"},"thumbnailUrl":"https:\/\/royalfamily.org\/wp-content\/uploads\/2024\/07\/Cover-Kurir-16-jun-24.jpg","datePublished":"2024-07-30T11:24:58+00:00","dateModified":"2024-07-30T11:24:59+00:00","breadcrumb":{"@id":"https:\/\/royalfamily.org\/lat\/prestolonaslednikov-intervju-za-kurir-povodom-prenosa-posmrtnih-ostataka-kneza-alekse\/#breadcrumb"},"inLanguage":"sr-LT","potentialAction":[{"@type":"ReadAction","target":["https:\/\/royalfamily.org\/lat\/prestolonaslednikov-intervju-za-kurir-povodom-prenosa-posmrtnih-ostataka-kneza-alekse\/"]}]},{"@type":"ImageObject","inLanguage":"sr-LT","@id":"https:\/\/royalfamily.org\/lat\/prestolonaslednikov-intervju-za-kurir-povodom-prenosa-posmrtnih-ostataka-kneza-alekse\/#primaryimage","url":"https:\/\/royalfamily.org\/wp-content\/uploads\/2024\/07\/Cover-Kurir-16-jun-24.jpg","contentUrl":"https:\/\/royalfamily.org\/wp-content\/uploads\/2024\/07\/Cover-Kurir-16-jun-24.jpg","width":1542,"height":750,"caption":"PRESTOLONASLEDNIKOV INTERVJU ZA KURIR POVODOM PRENOSA POSMRTNIH OSTATAKA KNEZA ALEKSE"},{"@type":"BreadcrumbList","@id":"https:\/\/royalfamily.org\/lat\/prestolonaslednikov-intervju-za-kurir-povodom-prenosa-posmrtnih-ostataka-kneza-alekse\/#breadcrumb","itemListElement":[{"@type":"ListItem","position":1,"name":"Home","item":"https:\/\/royalfamily.org\/lat\/"},{"@type":"ListItem","position":2,"name":"PRESTOLONASLEDNIKOV INTERVJU ZA KURIR POVODOM PRENOSA POSMRTNIH OSTATAKA KNEZA ALEKSE"}]},{"@type":"WebSite","@id":"https:\/\/royalfamily.org\/#website","url":"https:\/\/royalfamily.org\/","name":"The Royal Family of Serbia","description":"From the people, for the people","publisher":{"@id":"https:\/\/royalfamily.org\/#organization"},"potentialAction":[{"@type":"SearchAction","target":{"@type":"EntryPoint","urlTemplate":"https:\/\/royalfamily.org\/?s={search_term_string}"},"query-input":{"@type":"PropertyValueSpecification","valueRequired":true,"valueName":"search_term_string"}}],"inLanguage":"sr-LT"},{"@type":"Organization","@id":"https:\/\/royalfamily.org\/#organization","name":"Royal Family","url":"https:\/\/royalfamily.org\/","logo":{"@type":"ImageObject","inLanguage":"sr-LT","@id":"https:\/\/royalfamily.org\/#\/schema\/logo\/image\/","url":"https:\/\/royalfamily.org\/wp-content\/uploads\/2019\/04\/logo-vector-02-V-latinica.png","contentUrl":"https:\/\/royalfamily.org\/wp-content\/uploads\/2019\/04\/logo-vector-02-V-latinica.png","width":552,"height":99,"caption":"Royal Family"},"image":{"@id":"https:\/\/royalfamily.org\/#\/schema\/logo\/image\/"},"sameAs":["https:\/\/www.facebook.com\/Prestolonaslednik.Aleksandar"]},{"@type":"Person","@id":"https:\/\/royalfamily.org\/#\/schema\/person\/4ad3296a6a8a35eed333b6a785e9f648","name":"Stefan Milanovic","image":{"@type":"ImageObject","inLanguage":"sr-LT","@id":"https:\/\/secure.gravatar.com\/avatar\/92dcbdcf3e32112a9ceb1e41665b1f44c69382d014cacfe12c701f6af7c40259?s=96&d=mm&r=g","url":"https:\/\/secure.gravatar.com\/avatar\/92dcbdcf3e32112a9ceb1e41665b1f44c69382d014cacfe12c701f6af7c40259?s=96&d=mm&r=g","contentUrl":"https:\/\/secure.gravatar.com\/avatar\/92dcbdcf3e32112a9ceb1e41665b1f44c69382d014cacfe12c701f6af7c40259?s=96&d=mm&r=g","caption":"Stefan Milanovic"}}]}},"_links":{"self":[{"href":"https:\/\/royalfamily.org\/lat\/wp-json\/wp\/v2\/posts\/91264","targetHints":{"allow":["GET"]}}],"collection":[{"href":"https:\/\/royalfamily.org\/lat\/wp-json\/wp\/v2\/posts"}],"about":[{"href":"https:\/\/royalfamily.org\/lat\/wp-json\/wp\/v2\/types\/post"}],"author":[{"embeddable":true,"href":"https:\/\/royalfamily.org\/lat\/wp-json\/wp\/v2\/users\/1001015"}],"replies":[{"embeddable":true,"href":"https:\/\/royalfamily.org\/lat\/wp-json\/wp\/v2\/comments?post=91264"}],"version-history":[{"count":1,"href":"https:\/\/royalfamily.org\/lat\/wp-json\/wp\/v2\/posts\/91264\/revisions"}],"predecessor-version":[{"id":91265,"href":"https:\/\/royalfamily.org\/lat\/wp-json\/wp\/v2\/posts\/91264\/revisions\/91265"}],"wp:featuredmedia":[{"embeddable":true,"href":"https:\/\/royalfamily.org\/lat\/wp-json\/wp\/v2\/media\/91255"}],"wp:attachment":[{"href":"https:\/\/royalfamily.org\/lat\/wp-json\/wp\/v2\/media?parent=91264"}],"wp:term":[{"taxonomy":"category","embeddable":true,"href":"https:\/\/royalfamily.org\/lat\/wp-json\/wp\/v2\/categories?post=91264"},{"taxonomy":"post_tag","embeddable":true,"href":"https:\/\/royalfamily.org\/lat\/wp-json\/wp\/v2\/tags?post=91264"}],"curies":[{"name":"wp","href":"https:\/\/api.w.org\/{rel}","templated":true}]}}