{"id":93860,"date":"2025-03-24T19:45:28","date_gmt":"2025-03-24T18:45:28","guid":{"rendered":"https:\/\/royalfamily.org\/?p=93860"},"modified":"2025-03-24T19:45:28","modified_gmt":"2025-03-24T18:45:28","slug":"prestolonaslednik-ujedinimo-se-u-secanju-da-se-ovakva-tragedija-vise-nikada-nikome-ne-ponovi","status":"publish","type":"post","link":"https:\/\/royalfamily.org\/lat\/prestolonaslednik-ujedinimo-se-u-secanju-da-se-ovakva-tragedija-vise-nikada-nikome-ne-ponovi\/","title":{"rendered":"PRESTOLONASLEDNIK: UJEDINIMO SE U SE\u0106ANjU DA SE OVAKVA TRAGEDIJA VI\u0160E NIKADA NIKOME NE PONOVI"},"content":{"rendered":"<div class=\"fusion-fullwidth fullwidth-box fusion-builder-row-1 fusion-flex-container has-pattern-background has-mask-background nonhundred-percent-fullwidth non-hundred-percent-height-scrolling\" style=\"--awb-border-radius-top-left:0px;--awb-border-radius-top-right:0px;--awb-border-radius-bottom-right:0px;--awb-border-radius-bottom-left:0px;--awb-flex-wrap:wrap;\" ><div class=\"fusion-builder-row fusion-row fusion-flex-align-items-flex-start fusion-flex-content-wrap\" style=\"max-width:1227.2px;margin-left: calc(-4% \/ 2 );margin-right: calc(-4% \/ 2 );\"><div class=\"fusion-layout-column fusion_builder_column fusion-builder-column-0 fusion_builder_column_1_1 1_1 fusion-flex-column\" style=\"--awb-bg-size:cover;--awb-width-large:100%;--awb-margin-top-large:0px;--awb-spacing-right-large:1.92%;--awb-margin-bottom-large:20px;--awb-spacing-left-large:1.92%;--awb-width-medium:100%;--awb-order-medium:0;--awb-spacing-right-medium:1.92%;--awb-spacing-left-medium:1.92%;--awb-width-small:100%;--awb-order-small:0;--awb-spacing-right-small:1.92%;--awb-spacing-left-small:1.92%;\"><div class=\"fusion-column-wrapper fusion-column-has-shadow fusion-flex-justify-content-flex-start fusion-content-layout-column\"><div class=\"fusion-text fusion-text-1\"><p>Povodom 26 godina od po\u010detka NATO agresije na Jugoslaviju 1999. godine, Nj.K.V. Prestolonaslednik Aleksandar je poslao poruku se\u0107anja na ova u\u017easna vremena.<\/p>\n<p>\u201eSve \u0161to je potrebno za trijumf zla je da dobri ljudi ne \u010dine ni\u0161ta!\u201c Toliko puta smo svi \u010duli ove re\u010di Edmunda Burkea, a ja ih se uvek setim ba\u0161 na ovaj dan, na godi\u0161njicu od po\u010detka u\u017easne agresije i ogromnog zlo\u010dina koji je NATO pakt izvr\u0161io nad na\u0161im narodom, zapo\u010dev\u0161i bombardovanje SRJ Jugoslavije pre ta\u010dno 26 godina. Naravno, nepravedno bi bilo re\u0107i da nije bilo onih dobrih ljudi koji su ustali protiv ovog zla, ali su njihovi glasovi bili ugu\u0161eni ratnim pokli\u010dima.<\/p>\n<p>Na\u0161a vera nas obavezuje da pra\u0161tamo, ali smemo li da zaboravimo? Ne, nikada. Stradanje nevinih ljudi, toliko izgubljenih i uni\u0161tenih \u017eivota, \u010dine se\u0107anja na tragediju, na svo to u\u017easno razaranje i patnju, veoma \u017eivim.<\/p>\n<p>Odaju\u0107i po\u010dast svima koji su pali tokom 78 dana agresije, dok palimo sve\u0107e i molimo se za njih, svi treba da se ujedinimo u se\u0107anju. Dok ne dozvoljavamo da stradanje prekrije zaborav, borimo se i da se ovakva tragedija vi\u0161e nikada nigde, nikome, ne ponovi\u201c, naveo je Nj.K.V. Prestolonaslednik Aleksandar u poruci.<\/p>\n<\/div><\/div><\/div><\/div><\/div>\n","protected":false},"excerpt":{"rendered":"","protected":false},"author":1001015,"featured_media":93857,"comment_status":"closed","ping_status":"closed","sticky":false,"template":"","format":"standard","meta":{"_acf_changed":false,"footnotes":""},"categories":[22],"tags":[],"class_list":["post-93860","post","type-post","status-publish","format-standard","has-post-thumbnail","hentry","category-vesti"],"acf":[],"yoast_head":"<!-- This site is optimized with the Yoast SEO Premium plugin v27.5 (Yoast SEO v27.5) - https:\/\/yoast.com\/product\/yoast-seo-premium-wordpress\/ -->\n<title>PRESTOLONASLEDNIK: UJEDINIMO SE U SE\u0106ANjU DA SE OVAKVA TRAGEDIJA VI\u0160E NIKADA NIKOME NE PONOVI - The Royal Family of Serbia<\/title>\n<meta name=\"robots\" content=\"index, follow, max-snippet:-1, max-image-preview:large, max-video-preview:-1\" \/>\n<link rel=\"canonical\" href=\"https:\/\/royalfamily.org\/lat\/prestolonaslednik-ujedinimo-se-u-secanju-da-se-ovakva-tragedija-vise-nikada-nikome-ne-ponovi\/\" \/>\n<meta property=\"og:locale\" content=\"en_US\" \/>\n<meta property=\"og:type\" content=\"article\" \/>\n<meta property=\"og:title\" content=\"PRESTOLONASLEDNIK: UJEDINIMO SE U SE\u0106ANjU DA SE OVAKVA TRAGEDIJA VI\u0160E NIKADA NIKOME NE PONOVI\" \/>\n<meta property=\"og:url\" content=\"https:\/\/royalfamily.org\/lat\/prestolonaslednik-ujedinimo-se-u-secanju-da-se-ovakva-tragedija-vise-nikada-nikome-ne-ponovi\/\" \/>\n<meta property=\"og:site_name\" content=\"The Royal Family of Serbia\" \/>\n<meta property=\"article:publisher\" content=\"https:\/\/www.facebook.com\/Prestolonaslednik.Aleksandar\" \/>\n<meta property=\"article:published_time\" content=\"2025-03-24T18:45:28+00:00\" \/>\n<meta property=\"og:image\" content=\"https:\/\/royalfamily.org\/wp-content\/uploads\/2025\/03\/COVER-NATO-agression-PA.jpg\" \/>\n\t<meta property=\"og:image:width\" content=\"1542\" \/>\n\t<meta property=\"og:image:height\" content=\"750\" \/>\n\t<meta property=\"og:image:type\" content=\"image\/jpeg\" \/>\n<meta name=\"author\" content=\"Stefan Milanovic\" \/>\n<meta name=\"twitter:card\" content=\"summary_large_image\" \/>\n<meta name=\"twitter:label1\" content=\"Written by\" \/>\n\t<meta name=\"twitter:data1\" content=\"Stefan Milanovic\" \/>\n\t<meta name=\"twitter:label2\" content=\"Est. reading time\" \/>\n\t<meta name=\"twitter:data2\" content=\"1 minute\" \/>\n<script type=\"application\/ld+json\" class=\"yoast-schema-graph\">{\"@context\":\"https:\\\/\\\/schema.org\",\"@graph\":[{\"@type\":\"Article\",\"@id\":\"https:\\\/\\\/royalfamily.org\\\/lat\\\/prestolonaslednik-ujedinimo-se-u-secanju-da-se-ovakva-tragedija-vise-nikada-nikome-ne-ponovi\\\/#article\",\"isPartOf\":{\"@id\":\"https:\\\/\\\/royalfamily.org\\\/lat\\\/prestolonaslednik-ujedinimo-se-u-secanju-da-se-ovakva-tragedija-vise-nikada-nikome-ne-ponovi\\\/\"},\"author\":{\"name\":\"Stefan Milanovic\",\"@id\":\"https:\\\/\\\/royalfamily.org\\\/#\\\/schema\\\/person\\\/4ad3296a6a8a35eed333b6a785e9f648\"},\"headline\":\"PRESTOLONASLEDNIK: UJEDINIMO SE U SE\u0106ANjU DA SE OVAKVA TRAGEDIJA VI\u0160E NIKADA NIKOME NE PONOVI\",\"datePublished\":\"2025-03-24T18:45:28+00:00\",\"mainEntityOfPage\":{\"@id\":\"https:\\\/\\\/royalfamily.org\\\/lat\\\/prestolonaslednik-ujedinimo-se-u-secanju-da-se-ovakva-tragedija-vise-nikada-nikome-ne-ponovi\\\/\"},\"wordCount\":1275,\"publisher\":{\"@id\":\"https:\\\/\\\/royalfamily.org\\\/#organization\"},\"image\":{\"@id\":\"https:\\\/\\\/royalfamily.org\\\/lat\\\/prestolonaslednik-ujedinimo-se-u-secanju-da-se-ovakva-tragedija-vise-nikada-nikome-ne-ponovi\\\/#primaryimage\"},\"thumbnailUrl\":\"https:\\\/\\\/royalfamily.org\\\/wp-content\\\/uploads\\\/2025\\\/03\\\/COVER-NATO-agression-PA.jpg\",\"articleSection\":[\"Vesti\"],\"inLanguage\":\"sr-LT\"},{\"@type\":\"WebPage\",\"@id\":\"https:\\\/\\\/royalfamily.org\\\/lat\\\/prestolonaslednik-ujedinimo-se-u-secanju-da-se-ovakva-tragedija-vise-nikada-nikome-ne-ponovi\\\/\",\"url\":\"https:\\\/\\\/royalfamily.org\\\/lat\\\/prestolonaslednik-ujedinimo-se-u-secanju-da-se-ovakva-tragedija-vise-nikada-nikome-ne-ponovi\\\/\",\"name\":\"PRESTOLONASLEDNIK: UJEDINIMO SE U SE\u0106ANjU DA SE OVAKVA TRAGEDIJA VI\u0160E NIKADA NIKOME NE PONOVI - The Royal Family of Serbia\",\"isPartOf\":{\"@id\":\"https:\\\/\\\/royalfamily.org\\\/#website\"},\"primaryImageOfPage\":{\"@id\":\"https:\\\/\\\/royalfamily.org\\\/lat\\\/prestolonaslednik-ujedinimo-se-u-secanju-da-se-ovakva-tragedija-vise-nikada-nikome-ne-ponovi\\\/#primaryimage\"},\"image\":{\"@id\":\"https:\\\/\\\/royalfamily.org\\\/lat\\\/prestolonaslednik-ujedinimo-se-u-secanju-da-se-ovakva-tragedija-vise-nikada-nikome-ne-ponovi\\\/#primaryimage\"},\"thumbnailUrl\":\"https:\\\/\\\/royalfamily.org\\\/wp-content\\\/uploads\\\/2025\\\/03\\\/COVER-NATO-agression-PA.jpg\",\"datePublished\":\"2025-03-24T18:45:28+00:00\",\"breadcrumb\":{\"@id\":\"https:\\\/\\\/royalfamily.org\\\/lat\\\/prestolonaslednik-ujedinimo-se-u-secanju-da-se-ovakva-tragedija-vise-nikada-nikome-ne-ponovi\\\/#breadcrumb\"},\"inLanguage\":\"sr-LT\",\"potentialAction\":[{\"@type\":\"ReadAction\",\"target\":[\"https:\\\/\\\/royalfamily.org\\\/lat\\\/prestolonaslednik-ujedinimo-se-u-secanju-da-se-ovakva-tragedija-vise-nikada-nikome-ne-ponovi\\\/\"]}]},{\"@type\":\"ImageObject\",\"inLanguage\":\"sr-LT\",\"@id\":\"https:\\\/\\\/royalfamily.org\\\/lat\\\/prestolonaslednik-ujedinimo-se-u-secanju-da-se-ovakva-tragedija-vise-nikada-nikome-ne-ponovi\\\/#primaryimage\",\"url\":\"https:\\\/\\\/royalfamily.org\\\/wp-content\\\/uploads\\\/2025\\\/03\\\/COVER-NATO-agression-PA.jpg\",\"contentUrl\":\"https:\\\/\\\/royalfamily.org\\\/wp-content\\\/uploads\\\/2025\\\/03\\\/COVER-NATO-agression-PA.jpg\",\"width\":1542,\"height\":750,\"caption\":\"PRESTOLONASLEDNIK: UJEDINIMO SE U SE\u0106ANjU DA SE OVAKVA TRAGEDIJA VI\u0160E NIKADA NIKOME NE PONOVI\"},{\"@type\":\"BreadcrumbList\",\"@id\":\"https:\\\/\\\/royalfamily.org\\\/lat\\\/prestolonaslednik-ujedinimo-se-u-secanju-da-se-ovakva-tragedija-vise-nikada-nikome-ne-ponovi\\\/#breadcrumb\",\"itemListElement\":[{\"@type\":\"ListItem\",\"position\":1,\"name\":\"Home\",\"item\":\"https:\\\/\\\/royalfamily.org\\\/lat\\\/\"},{\"@type\":\"ListItem\",\"position\":2,\"name\":\"PRESTOLONASLEDNIK: UJEDINIMO SE U SE\u0106ANjU DA SE OVAKVA TRAGEDIJA VI\u0160E NIKADA NIKOME NE PONOVI\"}]},{\"@type\":\"WebSite\",\"@id\":\"https:\\\/\\\/royalfamily.org\\\/#website\",\"url\":\"https:\\\/\\\/royalfamily.org\\\/\",\"name\":\"The Royal Family of Serbia\",\"description\":\"From the people, for the people\",\"publisher\":{\"@id\":\"https:\\\/\\\/royalfamily.org\\\/#organization\"},\"potentialAction\":[{\"@type\":\"SearchAction\",\"target\":{\"@type\":\"EntryPoint\",\"urlTemplate\":\"https:\\\/\\\/royalfamily.org\\\/?s={search_term_string}\"},\"query-input\":{\"@type\":\"PropertyValueSpecification\",\"valueRequired\":true,\"valueName\":\"search_term_string\"}}],\"inLanguage\":\"sr-LT\"},{\"@type\":\"Organization\",\"@id\":\"https:\\\/\\\/royalfamily.org\\\/#organization\",\"name\":\"Royal Family\",\"url\":\"https:\\\/\\\/royalfamily.org\\\/\",\"logo\":{\"@type\":\"ImageObject\",\"inLanguage\":\"sr-LT\",\"@id\":\"https:\\\/\\\/royalfamily.org\\\/#\\\/schema\\\/logo\\\/image\\\/\",\"url\":\"https:\\\/\\\/royalfamily.org\\\/wp-content\\\/uploads\\\/2019\\\/04\\\/logo-vector-02-V-latinica.png\",\"contentUrl\":\"https:\\\/\\\/royalfamily.org\\\/wp-content\\\/uploads\\\/2019\\\/04\\\/logo-vector-02-V-latinica.png\",\"width\":552,\"height\":99,\"caption\":\"Royal Family\"},\"image\":{\"@id\":\"https:\\\/\\\/royalfamily.org\\\/#\\\/schema\\\/logo\\\/image\\\/\"},\"sameAs\":[\"https:\\\/\\\/www.facebook.com\\\/Prestolonaslednik.Aleksandar\"]},{\"@type\":\"Person\",\"@id\":\"https:\\\/\\\/royalfamily.org\\\/#\\\/schema\\\/person\\\/4ad3296a6a8a35eed333b6a785e9f648\",\"name\":\"Stefan Milanovic\",\"image\":{\"@type\":\"ImageObject\",\"inLanguage\":\"sr-LT\",\"@id\":\"https:\\\/\\\/secure.gravatar.com\\\/avatar\\\/92dcbdcf3e32112a9ceb1e41665b1f44c69382d014cacfe12c701f6af7c40259?s=96&d=mm&r=g\",\"url\":\"https:\\\/\\\/secure.gravatar.com\\\/avatar\\\/92dcbdcf3e32112a9ceb1e41665b1f44c69382d014cacfe12c701f6af7c40259?s=96&d=mm&r=g\",\"contentUrl\":\"https:\\\/\\\/secure.gravatar.com\\\/avatar\\\/92dcbdcf3e32112a9ceb1e41665b1f44c69382d014cacfe12c701f6af7c40259?s=96&d=mm&r=g\",\"caption\":\"Stefan Milanovic\"}}]}<\/script>\n<!-- \/ Yoast SEO Premium plugin. -->","yoast_head_json":{"title":"PRESTOLONASLEDNIK: UJEDINIMO SE U SE\u0106ANjU DA SE OVAKVA TRAGEDIJA VI\u0160E NIKADA NIKOME NE PONOVI - The Royal Family of Serbia","robots":{"index":"index","follow":"follow","max-snippet":"max-snippet:-1","max-image-preview":"max-image-preview:large","max-video-preview":"max-video-preview:-1"},"canonical":"https:\/\/royalfamily.org\/lat\/prestolonaslednik-ujedinimo-se-u-secanju-da-se-ovakva-tragedija-vise-nikada-nikome-ne-ponovi\/","og_locale":"en_US","og_type":"article","og_title":"PRESTOLONASLEDNIK: UJEDINIMO SE U SE\u0106ANjU DA SE OVAKVA TRAGEDIJA VI\u0160E NIKADA NIKOME NE PONOVI","og_url":"https:\/\/royalfamily.org\/lat\/prestolonaslednik-ujedinimo-se-u-secanju-da-se-ovakva-tragedija-vise-nikada-nikome-ne-ponovi\/","og_site_name":"The Royal Family of Serbia","article_publisher":"https:\/\/www.facebook.com\/Prestolonaslednik.Aleksandar","article_published_time":"2025-03-24T18:45:28+00:00","og_image":[{"width":1542,"height":750,"url":"https:\/\/royalfamily.org\/wp-content\/uploads\/2025\/03\/COVER-NATO-agression-PA.jpg","type":"image\/jpeg"}],"author":"Stefan Milanovic","twitter_card":"summary_large_image","twitter_misc":{"Written by":"Stefan Milanovic","Est. reading time":"1 minute"},"schema":{"@context":"https:\/\/schema.org","@graph":[{"@type":"Article","@id":"https:\/\/royalfamily.org\/lat\/prestolonaslednik-ujedinimo-se-u-secanju-da-se-ovakva-tragedija-vise-nikada-nikome-ne-ponovi\/#article","isPartOf":{"@id":"https:\/\/royalfamily.org\/lat\/prestolonaslednik-ujedinimo-se-u-secanju-da-se-ovakva-tragedija-vise-nikada-nikome-ne-ponovi\/"},"author":{"name":"Stefan Milanovic","@id":"https:\/\/royalfamily.org\/#\/schema\/person\/4ad3296a6a8a35eed333b6a785e9f648"},"headline":"PRESTOLONASLEDNIK: UJEDINIMO SE U SE\u0106ANjU DA SE OVAKVA TRAGEDIJA VI\u0160E NIKADA NIKOME NE PONOVI","datePublished":"2025-03-24T18:45:28+00:00","mainEntityOfPage":{"@id":"https:\/\/royalfamily.org\/lat\/prestolonaslednik-ujedinimo-se-u-secanju-da-se-ovakva-tragedija-vise-nikada-nikome-ne-ponovi\/"},"wordCount":1275,"publisher":{"@id":"https:\/\/royalfamily.org\/#organization"},"image":{"@id":"https:\/\/royalfamily.org\/lat\/prestolonaslednik-ujedinimo-se-u-secanju-da-se-ovakva-tragedija-vise-nikada-nikome-ne-ponovi\/#primaryimage"},"thumbnailUrl":"https:\/\/royalfamily.org\/wp-content\/uploads\/2025\/03\/COVER-NATO-agression-PA.jpg","articleSection":["Vesti"],"inLanguage":"sr-LT"},{"@type":"WebPage","@id":"https:\/\/royalfamily.org\/lat\/prestolonaslednik-ujedinimo-se-u-secanju-da-se-ovakva-tragedija-vise-nikada-nikome-ne-ponovi\/","url":"https:\/\/royalfamily.org\/lat\/prestolonaslednik-ujedinimo-se-u-secanju-da-se-ovakva-tragedija-vise-nikada-nikome-ne-ponovi\/","name":"PRESTOLONASLEDNIK: UJEDINIMO SE U SE\u0106ANjU DA SE OVAKVA TRAGEDIJA VI\u0160E NIKADA NIKOME NE PONOVI - The Royal Family of Serbia","isPartOf":{"@id":"https:\/\/royalfamily.org\/#website"},"primaryImageOfPage":{"@id":"https:\/\/royalfamily.org\/lat\/prestolonaslednik-ujedinimo-se-u-secanju-da-se-ovakva-tragedija-vise-nikada-nikome-ne-ponovi\/#primaryimage"},"image":{"@id":"https:\/\/royalfamily.org\/lat\/prestolonaslednik-ujedinimo-se-u-secanju-da-se-ovakva-tragedija-vise-nikada-nikome-ne-ponovi\/#primaryimage"},"thumbnailUrl":"https:\/\/royalfamily.org\/wp-content\/uploads\/2025\/03\/COVER-NATO-agression-PA.jpg","datePublished":"2025-03-24T18:45:28+00:00","breadcrumb":{"@id":"https:\/\/royalfamily.org\/lat\/prestolonaslednik-ujedinimo-se-u-secanju-da-se-ovakva-tragedija-vise-nikada-nikome-ne-ponovi\/#breadcrumb"},"inLanguage":"sr-LT","potentialAction":[{"@type":"ReadAction","target":["https:\/\/royalfamily.org\/lat\/prestolonaslednik-ujedinimo-se-u-secanju-da-se-ovakva-tragedija-vise-nikada-nikome-ne-ponovi\/"]}]},{"@type":"ImageObject","inLanguage":"sr-LT","@id":"https:\/\/royalfamily.org\/lat\/prestolonaslednik-ujedinimo-se-u-secanju-da-se-ovakva-tragedija-vise-nikada-nikome-ne-ponovi\/#primaryimage","url":"https:\/\/royalfamily.org\/wp-content\/uploads\/2025\/03\/COVER-NATO-agression-PA.jpg","contentUrl":"https:\/\/royalfamily.org\/wp-content\/uploads\/2025\/03\/COVER-NATO-agression-PA.jpg","width":1542,"height":750,"caption":"PRESTOLONASLEDNIK: UJEDINIMO SE U SE\u0106ANjU DA SE OVAKVA TRAGEDIJA VI\u0160E NIKADA NIKOME NE PONOVI"},{"@type":"BreadcrumbList","@id":"https:\/\/royalfamily.org\/lat\/prestolonaslednik-ujedinimo-se-u-secanju-da-se-ovakva-tragedija-vise-nikada-nikome-ne-ponovi\/#breadcrumb","itemListElement":[{"@type":"ListItem","position":1,"name":"Home","item":"https:\/\/royalfamily.org\/lat\/"},{"@type":"ListItem","position":2,"name":"PRESTOLONASLEDNIK: UJEDINIMO SE U SE\u0106ANjU DA SE OVAKVA TRAGEDIJA VI\u0160E NIKADA NIKOME NE PONOVI"}]},{"@type":"WebSite","@id":"https:\/\/royalfamily.org\/#website","url":"https:\/\/royalfamily.org\/","name":"The Royal Family of Serbia","description":"From the people, for the people","publisher":{"@id":"https:\/\/royalfamily.org\/#organization"},"potentialAction":[{"@type":"SearchAction","target":{"@type":"EntryPoint","urlTemplate":"https:\/\/royalfamily.org\/?s={search_term_string}"},"query-input":{"@type":"PropertyValueSpecification","valueRequired":true,"valueName":"search_term_string"}}],"inLanguage":"sr-LT"},{"@type":"Organization","@id":"https:\/\/royalfamily.org\/#organization","name":"Royal Family","url":"https:\/\/royalfamily.org\/","logo":{"@type":"ImageObject","inLanguage":"sr-LT","@id":"https:\/\/royalfamily.org\/#\/schema\/logo\/image\/","url":"https:\/\/royalfamily.org\/wp-content\/uploads\/2019\/04\/logo-vector-02-V-latinica.png","contentUrl":"https:\/\/royalfamily.org\/wp-content\/uploads\/2019\/04\/logo-vector-02-V-latinica.png","width":552,"height":99,"caption":"Royal Family"},"image":{"@id":"https:\/\/royalfamily.org\/#\/schema\/logo\/image\/"},"sameAs":["https:\/\/www.facebook.com\/Prestolonaslednik.Aleksandar"]},{"@type":"Person","@id":"https:\/\/royalfamily.org\/#\/schema\/person\/4ad3296a6a8a35eed333b6a785e9f648","name":"Stefan Milanovic","image":{"@type":"ImageObject","inLanguage":"sr-LT","@id":"https:\/\/secure.gravatar.com\/avatar\/92dcbdcf3e32112a9ceb1e41665b1f44c69382d014cacfe12c701f6af7c40259?s=96&d=mm&r=g","url":"https:\/\/secure.gravatar.com\/avatar\/92dcbdcf3e32112a9ceb1e41665b1f44c69382d014cacfe12c701f6af7c40259?s=96&d=mm&r=g","contentUrl":"https:\/\/secure.gravatar.com\/avatar\/92dcbdcf3e32112a9ceb1e41665b1f44c69382d014cacfe12c701f6af7c40259?s=96&d=mm&r=g","caption":"Stefan Milanovic"}}]}},"_links":{"self":[{"href":"https:\/\/royalfamily.org\/lat\/wp-json\/wp\/v2\/posts\/93860","targetHints":{"allow":["GET"]}}],"collection":[{"href":"https:\/\/royalfamily.org\/lat\/wp-json\/wp\/v2\/posts"}],"about":[{"href":"https:\/\/royalfamily.org\/lat\/wp-json\/wp\/v2\/types\/post"}],"author":[{"embeddable":true,"href":"https:\/\/royalfamily.org\/lat\/wp-json\/wp\/v2\/users\/1001015"}],"replies":[{"embeddable":true,"href":"https:\/\/royalfamily.org\/lat\/wp-json\/wp\/v2\/comments?post=93860"}],"version-history":[{"count":1,"href":"https:\/\/royalfamily.org\/lat\/wp-json\/wp\/v2\/posts\/93860\/revisions"}],"predecessor-version":[{"id":93861,"href":"https:\/\/royalfamily.org\/lat\/wp-json\/wp\/v2\/posts\/93860\/revisions\/93861"}],"wp:featuredmedia":[{"embeddable":true,"href":"https:\/\/royalfamily.org\/lat\/wp-json\/wp\/v2\/media\/93857"}],"wp:attachment":[{"href":"https:\/\/royalfamily.org\/lat\/wp-json\/wp\/v2\/media?parent=93860"}],"wp:term":[{"taxonomy":"category","embeddable":true,"href":"https:\/\/royalfamily.org\/lat\/wp-json\/wp\/v2\/categories?post=93860"},{"taxonomy":"post_tag","embeddable":true,"href":"https:\/\/royalfamily.org\/lat\/wp-json\/wp\/v2\/tags?post=93860"}],"curies":[{"name":"wp","href":"https:\/\/api.w.org\/{rel}","templated":true}]}}