{"id":96287,"date":"2025-10-08T08:47:39","date_gmt":"2025-10-08T06:47:39","guid":{"rendered":"https:\/\/royalfamily.org\/?p=96287"},"modified":"2025-10-08T08:47:42","modified_gmt":"2025-10-08T06:47:42","slug":"izlozba-kruna-dobrote-otvorena-u-kraljevskom-dvoru","status":"publish","type":"post","link":"https:\/\/royalfamily.org\/lat\/izlozba-kruna-dobrote-otvorena-u-kraljevskom-dvoru\/","title":{"rendered":"IZLO\u017dBA \u201eKRUNA DOBROTE\u201c OTVORENA U KRALjEVSKOM DVORU"},"content":{"rendered":"<p><div class=\"fusion-fullwidth fullwidth-box fusion-builder-row-1 fusion-flex-container has-pattern-background has-mask-background nonhundred-percent-fullwidth non-hundred-percent-height-scrolling\" style=\"--awb-border-radius-top-left:0px;--awb-border-radius-top-right:0px;--awb-border-radius-bottom-right:0px;--awb-border-radius-bottom-left:0px;--awb-flex-wrap:wrap;\" ><div class=\"fusion-builder-row fusion-row fusion-flex-align-items-flex-start fusion-flex-content-wrap\" style=\"max-width:1227.2px;margin-left: calc(-4% \/ 2 );margin-right: calc(-4% \/ 2 );\"><div class=\"fusion-layout-column fusion_builder_column fusion-builder-column-0 fusion_builder_column_1_1 1_1 fusion-flex-column\" style=\"--awb-bg-size:cover;--awb-width-large:100%;--awb-margin-top-large:0px;--awb-spacing-right-large:1.92%;--awb-margin-bottom-large:20px;--awb-spacing-left-large:1.92%;--awb-width-medium:100%;--awb-order-medium:0;--awb-spacing-right-medium:1.92%;--awb-spacing-left-medium:1.92%;--awb-width-small:100%;--awb-order-small:0;--awb-spacing-right-small:1.92%;--awb-spacing-left-small:1.92%;\"><div class=\"fusion-column-wrapper fusion-column-has-shadow fusion-flex-justify-content-flex-start fusion-content-layout-column\"><div class=\"fusion-text fusion-text-1\"><p>Nj.K.V. Prestolonaslednik Aleksandar, Nj.K.V. Princeza Katarina i Nj.K.V. Princ Aleksandar otvorili su danas u Kraljevskom dvoru u Beogradu izlo\u017ebu \u201eKruna dobrote\u201c, posve\u0107enu 125. godi\u0161njici ro\u0111enja bake Njegovog Kraljevskog Viso\u010danstva, Nj.V. Kraljice Marije, autora mr Du\u0161ana Babca, predsedavaju\u0107eg savetodavnih tela Krune i \u010dlana Krunskog ve\u0107a.<\/p>\n<p>Ovaj doga\u0111aj posve\u0107en je jednoj od najomiljenijih li\u010dnosti na\u0161e istorije, Kraljici majci, koja je i danas simbol dobrote, saose\u0107anja i iskrene ljubavi prema svom narodu. Ovom prilikom predstavljene su kopije zvani\u010dnih portreta i retko vi\u0111ene fotografije, bista i li\u010dni predmeti pokojne Kraljice, zajedno sa njenom dijademom koja se \u010duva na Oplencu, kao i gotovo nikada vi\u0111eni portret, rad Grigorija Samoilova, te\u0161ko o\u0161te\u0107en prilikom savezni\u010dkog bombardovanja Beograda 1944. godine. Ono \u0161to ovu izlo\u017ebu \u010dini jo\u0161 vi\u0161e posebnom je i samo mesto odr\u017eavanja, jer su predmeti izlo\u017eeni u domu Kara\u0111or\u0111evi\u0107a, mestu gde je Kraljica Marija \u017eivela i kome je ona dala svoj li\u010dni pe\u010dat i \u0161arm.<\/p>\n<p>\u201eMoja draga baka je u se\u0107anju svih koji su je poznavali ostala upam\u0107ena kao ideal, izvor inspiracije, podstrek i vodilja u vremenima velikih isku\u0161enja. Njena dobrota i dobro\u010dinstvo prevazilazili su granice i okolnosti, ostavljaju\u0107i za sobom neizbrisive tragove plemenitosti i \u010dove\u010dnosti. Ali iznad svega, bila je voljena. Njenu autenti\u010dnu ljubav ljudi su ose\u0107ali i uzvra\u0107ali joj \u2013 zato je ostala zapam\u0107ena kao na\u0161a najvoljenija kraljica. U srcima ljudi zauvek je ostala Kraljica dobrote i saose\u0107anja.<\/p>\n<p>Ova izlo\u017eba je posve\u0107ena ne samo njenom \u017eivotu i delu, ve\u0107 i njenoj trajnoj ostav\u0161tini \u2013 uspomeni na kraljicu koja je znala da bude bliska svakom \u010doveku i da svojim primerom poka\u017ee \u0161ta zna\u010de ljubav i \u010dove\u010dnost. Neka ovaj sve\u010dani trenutak bude podse\u0107anje da prave vrednosti \u2013 dobrota, nesebi\u010dnost i ljubav \u2013 nikada ne prolaze. One ostaju da nas vode i da nam daju snagu da gradimo budu\u0107nost dostojnu njenog primera\u201c, izjavio je Prestolonaslednik u svom govoru.<\/p>\n<p>Autor g. Babac, u svom obra\u0107anju je naglasio va\u017enost o\u010duvanja se\u0107anja na tako izuzetne li\u010dnosti kakva je bila pokojna Kraljica, dodaju\u0107i: \u201eKraljica Marija je svojim \u017eivotom i delima ostavila duboke i neizbrisive tragove dobrote, dobro\u010dinstva i brige za bli\u017enje. Njena ostav\u0161tina nije samo istorijska, ve\u0107 i moralna i humana \u2013 ona je i danas svetlost i putokaz. Upravo to je su\u0161tina ove izlo\u017ebe: da podseti na vrednosti koje su ve\u010dne i koje nas i danas mogu inspirisati.<\/p>\n<p>Sa ovog mesta \u017eelim da pomenem da se pre nekoliko godina u muzeolo\u0161koj javnosti pojavila ideja da se realizuje zajedni\u010dka izlo\u017eba o Kraljici Mariji i Jovanki Broz. \u017delim vrlo jasno da ka\u017eem da bi takav koncept bio, iz o\u010diglednih razloga, vi\u0161e nego neprimeren, pa \u010dak i uvredljiv \u2013 i prema istini, i prema istoriji, i prema samom dostojanstvu Kraljice Marije. Imajmo na umu i jednu jednostavnu \u010dinjenicu: u \u017eivotu se Kraljica Marija i Jovanka Broz nikada nisu srele \u2013 i mo\u017eda je najbolje da tako ostane i sa izlo\u017ebama.<\/p>\n<p>Zato je i ova postavka nastala sa \u017eeljom da Kraljici Mariji, kao li\u010dnosti koja je svojim \u017eivotom i delima zaslu\u017eila po\u0161tovanje, uka\u017ee dostojna i iskrena po\u010dast.\u201c<\/p>\n<p>Kao \u0161to je ve\u0107 re\u010deno, Kraljica Marija se i dan danas pamti kao velika dobrotvorka i humanitarka, gde je va\u017ean deo njenog rada bila podr\u0161ka zdravstvenom sistemu Kraljevine Jugoslavije. Prof. dr Aleksandar Simi\u0107, \u010dlan Krunskog saveta i redovni profesor na Medicinskom fakultetu Univerziteta u Beogradu, govorio je o izuzetnom doprinosu pokojne kraljice na\u0161em zdravstvu. Izme\u0111u ostalog, ona je li\u010dno otvorila brojne bolnice, koje i danas rade u korist na\u0161eg naroda, uklju\u010duju\u0107i: Univerzitetski klini\u010dki centar Srbije, Prvu hirur\u0161ku kliniku, Univerzitetsku de\u010dju kliniku \u201eTir\u0161ova\u201c, Institut za onkologiju i mnoge druge.<\/p>\n<p>\u201eNjen doprinos u oblasti o\u010duvanja zdravlja nije bio samo simboli\u010dan ili protokolaran, ve\u0107 su\u0161tinski fundamentalan, ostaviv\u0161i do danas, ali i za budu\u0107nost pred nama, neizbrisive tragove. Njena predanost nije se ograni\u010davala samo na finansiranje, donacije i formalne aktivnosti, ve\u0107 je ona svojim li\u010dnim primerom pokazivala dobrotu i dobro\u010dinstvo, saose\u0107anje i bliskost prema svima kojima su pomo\u0107 i nada bili potrebni. Narod, a posebno bolesni i siroma\u0161ni, su od po\u010detka ose\u0107ali njenu autenti\u010dnu i iskrenu ljubav prema njima, \u010dime je ona postala na\u0161a najvoljenija kraljica, \u010desto nazivana i \u201eNarodna kraljica\u201c.<\/p>\n<p>Njena sposobnost da u te\u0161kim vremenima ostane odlu\u010dna i hrabra Kraljica i istovremeno ne\u017ena i bri\u017ena majka, kao i njena upornost i istrajnost u razvoju zdravstvenog sistema njenog Kraljevstva, ostavila je trajni primer za sve nas. Njena ostav\u0161tina nije samo u gra\u0111evinama ili donacijama, ve\u0107 u vrednostima koje je njenim delima usadila u srca ljudi \u2013 veru u humanost, solidarnost i odgovornost prema drugima\u201c, poru\u010dio je profesor Simi\u0107.<\/p>\n<p>Sve\u010danom otvaranju prisustvovali su Njihove Ekselencije ambasadori Ujedinjenog Kraljevstva g. Edvard Ferguson, Kraljevine \u0160panije g. Huan Hose Sans Aparisio, Rumunije g-\u0111a Silvia Davidoiu, Argentine g. Osvaldo Narciso Marsico, i Crne Gore g. Neboj\u0161a \u0110okovi\u0107, i drugi predstavnici diplomatskog kora, \u010dlanovi savetodavnih tela Krune, predstavnici dr\u017eavnih i kulturnih institucija, kao i brojni drugi ugledni gosti iz sfera privrede, umetnosti, kulturnog i javnog \u017eivota Srbije.<\/p>\n<p>Izlo\u017eba \u201eKruna dobrote\u201c bi\u0107e otvorena za posetioce radnim danima do 24. oktobra, izme\u0111u 11:00 i 14:00 \u010dasova, uz prethodnu najavu kancelariji NjKV Prestolonaslednika Aleksandra, telefonom +38111306 4000 ili putem e-po\u0161te: <a href=\"mailto:kancelarija@dvor.rs\">kancelarija@dvor.rs<\/a>.<\/p>\n<p>Zahvaljujemo se Fondaciji kralja Petra I na Oplencu, g. Aleksandru \u010coli\u0107u, porodici Popovi\u0107 \u2013 g. Velimiru i g. Bo\u0161ku, kao i prof. dr Irini Antanasijevi\u0107 na velikoj podr\u0161ci u realizaciji ove izlo\u017ebe.<\/p>\n<\/div><\/div><\/div><\/div><\/div><div class=\"fusion-fullwidth fullwidth-box fusion-builder-row-2 fusion-flex-container has-pattern-background has-mask-background nonhundred-percent-fullwidth non-hundred-percent-height-scrolling\" style=\"--awb-border-radius-top-left:0px;--awb-border-radius-top-right:0px;--awb-border-radius-bottom-right:0px;--awb-border-radius-bottom-left:0px;--awb-flex-wrap:wrap;\" ><div class=\"fusion-builder-row fusion-row fusion-flex-align-items-flex-start fusion-flex-content-wrap\" style=\"max-width:1227.2px;margin-left: calc(-4% \/ 2 );margin-right: calc(-4% \/ 2 );\"><div class=\"fusion-layout-column fusion_builder_column fusion-builder-column-1 fusion_builder_column_1_1 1_1 fusion-flex-column\" style=\"--awb-bg-size:cover;--awb-width-large:100%;--awb-margin-top-large:0px;--awb-spacing-right-large:1.92%;--awb-margin-bottom-large:20px;--awb-spacing-left-large:1.92%;--awb-width-medium:100%;--awb-order-medium:0;--awb-spacing-right-medium:1.92%;--awb-spacing-left-medium:1.92%;--awb-width-small:100%;--awb-order-small:0;--awb-spacing-right-small:1.92%;--awb-spacing-left-small:1.92%;\"><div class=\"fusion-column-wrapper fusion-column-has-shadow fusion-flex-justify-content-flex-start fusion-content-layout-column\"><div class=\"awb-gallery-wrapper awb-gallery-wrapper-1 button-span-no\" style=\"--more-btn-alignment:center;\" data-limit=\"20\" data-page=\"1\"><div style=\"margin:-5px;--awb-bordersize:0px;\" class=\"fusion-gallery fusion-gallery-container fusion-grid-3 fusion-columns-total-17 fusion-gallery-layout-grid fusion-gallery-1\"><div style=\"padding:5px;\" class=\"fusion-grid-column fusion-gallery-column fusion-gallery-column-3 hover-type-none\"><div class=\"fusion-gallery-image\"><a href=\"https:\/\/royalfamily.org\/wp-content\/uploads\/2025\/10\/1-8F2A9332-copy-scaled.jpg\" data-caption=\"IZLO\u017dBA \u201eKRUNA DOBROTE\u201c OTVORENA U KRALjEVSKOM DVORU\" rel=\"noreferrer\" data-rel=\"iLightbox[gallery_image_1]\" class=\"fusion-lightbox\" target=\"_self\"><img decoding=\"async\" src=\"https:\/\/royalfamily.org\/wp-content\/uploads\/2025\/10\/1-8F2A9332-copy-scaled.jpg\" width=\"2560\" height=\"1707\" alt=\"EXHIBITION \u201cTHE CROWN OF KINDNESS\u201d OPENED AT THE ROYAL PALACE\" title=\"IZLO\u017dBA \u201eKRUNA DOBROTE\u201c OTVORENA U KRALjEVSKOM DVORU\" aria-label=\"IZLO\u017dBA \u201eKRUNA DOBROTE\u201c OTVORENA U KRALjEVSKOM DVORU\" class=\"img-responsive wp-image-96233\" srcset=\"https:\/\/royalfamily.org\/wp-content\/uploads\/2025\/10\/1-8F2A9332-copy-200x133.jpg 200w, https:\/\/royalfamily.org\/wp-content\/uploads\/2025\/10\/1-8F2A9332-copy-400x267.jpg 400w, https:\/\/royalfamily.org\/wp-content\/uploads\/2025\/10\/1-8F2A9332-copy-600x400.jpg 600w, https:\/\/royalfamily.org\/wp-content\/uploads\/2025\/10\/1-8F2A9332-copy-800x533.jpg 800w, https:\/\/royalfamily.org\/wp-content\/uploads\/2025\/10\/1-8F2A9332-copy-1200x800.jpg 1200w, https:\/\/royalfamily.org\/wp-content\/uploads\/2025\/10\/1-8F2A9332-copy-scaled.jpg 2560w\" sizes=\"(min-width: 2200px) 100vw, (min-width: 824px) 390px, (min-width: 732px) 585px, (min-width: 640px) 732px, \" \/><\/a><\/div><\/div><div style=\"padding:5px;\" class=\"fusion-grid-column fusion-gallery-column fusion-gallery-column-3 hover-type-none\"><div class=\"fusion-gallery-image\"><a href=\"https:\/\/royalfamily.org\/wp-content\/uploads\/2025\/10\/2-8F2A9511-copy-scaled.jpg\" data-caption=\"IZLO\u017dBA \u201eKRUNA DOBROTE\u201c OTVORENA U KRALjEVSKOM DVORU\" rel=\"noreferrer\" data-rel=\"iLightbox[gallery_image_1]\" class=\"fusion-lightbox\" target=\"_self\"><img decoding=\"async\" src=\"https:\/\/royalfamily.org\/wp-content\/uploads\/2025\/10\/2-8F2A9511-copy-scaled.jpg\" width=\"2560\" height=\"1707\" alt=\"EXHIBITION \u201cTHE CROWN OF KINDNESS\u201d OPENED AT THE ROYAL PALACE\" title=\"IZLO\u017dBA \u201eKRUNA DOBROTE\u201c OTVORENA U KRALjEVSKOM DVORU\" aria-label=\"IZLO\u017dBA \u201eKRUNA DOBROTE\u201c OTVORENA U KRALjEVSKOM DVORU\" class=\"img-responsive wp-image-96236\" srcset=\"https:\/\/royalfamily.org\/wp-content\/uploads\/2025\/10\/2-8F2A9511-copy-200x133.jpg 200w, https:\/\/royalfamily.org\/wp-content\/uploads\/2025\/10\/2-8F2A9511-copy-400x267.jpg 400w, https:\/\/royalfamily.org\/wp-content\/uploads\/2025\/10\/2-8F2A9511-copy-600x400.jpg 600w, https:\/\/royalfamily.org\/wp-content\/uploads\/2025\/10\/2-8F2A9511-copy-800x533.jpg 800w, https:\/\/royalfamily.org\/wp-content\/uploads\/2025\/10\/2-8F2A9511-copy-1200x800.jpg 1200w, https:\/\/royalfamily.org\/wp-content\/uploads\/2025\/10\/2-8F2A9511-copy-scaled.jpg 2560w\" sizes=\"(min-width: 2200px) 100vw, (min-width: 824px) 390px, (min-width: 732px) 585px, (min-width: 640px) 732px, \" \/><\/a><\/div><\/div><div style=\"padding:5px;\" class=\"fusion-grid-column fusion-gallery-column fusion-gallery-column-3 hover-type-none\"><div class=\"fusion-gallery-image\"><a href=\"https:\/\/royalfamily.org\/wp-content\/uploads\/2025\/10\/3-8F2A9410-copy-scaled.jpg\" data-caption=\"IZLO\u017dBA \u201eKRUNA DOBROTE\u201c OTVORENA U KRALjEVSKOM DVORU\" rel=\"noreferrer\" data-rel=\"iLightbox[gallery_image_1]\" class=\"fusion-lightbox\" target=\"_self\"><img decoding=\"async\" src=\"https:\/\/royalfamily.org\/wp-content\/uploads\/2025\/10\/3-8F2A9410-copy-scaled.jpg\" width=\"2560\" height=\"1707\" alt=\"EXHIBITION \u201cTHE CROWN OF KINDNESS\u201d OPENED AT THE ROYAL PALACE\" title=\"IZLO\u017dBA \u201eKRUNA DOBROTE\u201c OTVORENA U KRALjEVSKOM DVORU\" aria-label=\"IZLO\u017dBA \u201eKRUNA DOBROTE\u201c OTVORENA U KRALjEVSKOM DVORU\" class=\"img-responsive wp-image-96239\" srcset=\"https:\/\/royalfamily.org\/wp-content\/uploads\/2025\/10\/3-8F2A9410-copy-200x133.jpg 200w, https:\/\/royalfamily.org\/wp-content\/uploads\/2025\/10\/3-8F2A9410-copy-400x267.jpg 400w, https:\/\/royalfamily.org\/wp-content\/uploads\/2025\/10\/3-8F2A9410-copy-600x400.jpg 600w, https:\/\/royalfamily.org\/wp-content\/uploads\/2025\/10\/3-8F2A9410-copy-800x533.jpg 800w, https:\/\/royalfamily.org\/wp-content\/uploads\/2025\/10\/3-8F2A9410-copy-1200x800.jpg 1200w, https:\/\/royalfamily.org\/wp-content\/uploads\/2025\/10\/3-8F2A9410-copy-scaled.jpg 2560w\" sizes=\"(min-width: 2200px) 100vw, (min-width: 824px) 390px, (min-width: 732px) 585px, (min-width: 640px) 732px, \" \/><\/a><\/div><\/div><div class=\"clearfix\"><\/div><div style=\"padding:5px;\" class=\"fusion-grid-column fusion-gallery-column fusion-gallery-column-3 hover-type-none\"><div class=\"fusion-gallery-image\"><a href=\"https:\/\/royalfamily.org\/wp-content\/uploads\/2025\/10\/4-8F2A9497-copy-scaled.jpg\" data-caption=\"IZLO\u017dBA \u201eKRUNA DOBROTE\u201c OTVORENA U KRALjEVSKOM DVORU\" rel=\"noreferrer\" data-rel=\"iLightbox[gallery_image_1]\" class=\"fusion-lightbox\" target=\"_self\"><img decoding=\"async\" src=\"https:\/\/royalfamily.org\/wp-content\/uploads\/2025\/10\/4-8F2A9497-copy-scaled.jpg\" width=\"2560\" height=\"1707\" alt=\"EXHIBITION \u201cTHE CROWN OF KINDNESS\u201d OPENED AT THE ROYAL PALACE\" title=\"IZLO\u017dBA \u201eKRUNA DOBROTE\u201c OTVORENA U KRALjEVSKOM DVORU\" aria-label=\"IZLO\u017dBA \u201eKRUNA DOBROTE\u201c OTVORENA U KRALjEVSKOM DVORU\" class=\"img-responsive wp-image-96242\" srcset=\"https:\/\/royalfamily.org\/wp-content\/uploads\/2025\/10\/4-8F2A9497-copy-200x133.jpg 200w, https:\/\/royalfamily.org\/wp-content\/uploads\/2025\/10\/4-8F2A9497-copy-400x267.jpg 400w, https:\/\/royalfamily.org\/wp-content\/uploads\/2025\/10\/4-8F2A9497-copy-600x400.jpg 600w, https:\/\/royalfamily.org\/wp-content\/uploads\/2025\/10\/4-8F2A9497-copy-800x533.jpg 800w, https:\/\/royalfamily.org\/wp-content\/uploads\/2025\/10\/4-8F2A9497-copy-1200x800.jpg 1200w, https:\/\/royalfamily.org\/wp-content\/uploads\/2025\/10\/4-8F2A9497-copy-scaled.jpg 2560w\" sizes=\"(min-width: 2200px) 100vw, (min-width: 824px) 390px, (min-width: 732px) 585px, (min-width: 640px) 732px, \" \/><\/a><\/div><\/div><div style=\"padding:5px;\" class=\"fusion-grid-column fusion-gallery-column fusion-gallery-column-3 hover-type-none\"><div class=\"fusion-gallery-image\"><a href=\"https:\/\/royalfamily.org\/wp-content\/uploads\/2025\/10\/5-8F2A9360-scaled.jpg\" data-caption=\"IZLO\u017dBA \u201eKRUNA DOBROTE\u201c OTVORENA U KRALjEVSKOM DVORU\" rel=\"noreferrer\" data-rel=\"iLightbox[gallery_image_1]\" class=\"fusion-lightbox\" target=\"_self\"><img decoding=\"async\" src=\"https:\/\/royalfamily.org\/wp-content\/uploads\/2025\/10\/5-8F2A9360-scaled.jpg\" width=\"2560\" height=\"1707\" alt=\"EXHIBITION \u201cTHE CROWN OF KINDNESS\u201d OPENED AT THE ROYAL PALACE\" title=\"IZLO\u017dBA \u201eKRUNA DOBROTE\u201c OTVORENA U KRALjEVSKOM DVORU\" aria-label=\"IZLO\u017dBA \u201eKRUNA DOBROTE\u201c OTVORENA U KRALjEVSKOM DVORU\" class=\"img-responsive wp-image-96245\" srcset=\"https:\/\/royalfamily.org\/wp-content\/uploads\/2025\/10\/5-8F2A9360-200x133.jpg 200w, https:\/\/royalfamily.org\/wp-content\/uploads\/2025\/10\/5-8F2A9360-400x267.jpg 400w, https:\/\/royalfamily.org\/wp-content\/uploads\/2025\/10\/5-8F2A9360-600x400.jpg 600w, https:\/\/royalfamily.org\/wp-content\/uploads\/2025\/10\/5-8F2A9360-800x533.jpg 800w, https:\/\/royalfamily.org\/wp-content\/uploads\/2025\/10\/5-8F2A9360-1200x800.jpg 1200w, https:\/\/royalfamily.org\/wp-content\/uploads\/2025\/10\/5-8F2A9360-scaled.jpg 2560w\" sizes=\"(min-width: 2200px) 100vw, (min-width: 824px) 390px, (min-width: 732px) 585px, (min-width: 640px) 732px, \" \/><\/a><\/div><\/div><div style=\"padding:5px;\" class=\"fusion-grid-column fusion-gallery-column fusion-gallery-column-3 hover-type-none\"><div class=\"fusion-gallery-image\"><a href=\"https:\/\/royalfamily.org\/wp-content\/uploads\/2025\/10\/6-8F2A9487-copy-scaled.jpg\" data-caption=\"IZLO\u017dBA \u201eKRUNA DOBROTE\u201c OTVORENA U KRALjEVSKOM DVORU\" rel=\"noreferrer\" data-rel=\"iLightbox[gallery_image_1]\" class=\"fusion-lightbox\" target=\"_self\"><img decoding=\"async\" src=\"https:\/\/royalfamily.org\/wp-content\/uploads\/2025\/10\/6-8F2A9487-copy-scaled.jpg\" width=\"2560\" height=\"1707\" alt=\"EXHIBITION \u201cTHE CROWN OF KINDNESS\u201d OPENED AT THE ROYAL PALACE\" title=\"IZLO\u017dBA \u201eKRUNA DOBROTE\u201c OTVORENA U KRALjEVSKOM DVORU\" aria-label=\"IZLO\u017dBA \u201eKRUNA DOBROTE\u201c OTVORENA U KRALjEVSKOM DVORU\" class=\"img-responsive wp-image-96248\" srcset=\"https:\/\/royalfamily.org\/wp-content\/uploads\/2025\/10\/6-8F2A9487-copy-200x133.jpg 200w, https:\/\/royalfamily.org\/wp-content\/uploads\/2025\/10\/6-8F2A9487-copy-400x267.jpg 400w, https:\/\/royalfamily.org\/wp-content\/uploads\/2025\/10\/6-8F2A9487-copy-600x400.jpg 600w, https:\/\/royalfamily.org\/wp-content\/uploads\/2025\/10\/6-8F2A9487-copy-800x533.jpg 800w, https:\/\/royalfamily.org\/wp-content\/uploads\/2025\/10\/6-8F2A9487-copy-1200x800.jpg 1200w, https:\/\/royalfamily.org\/wp-content\/uploads\/2025\/10\/6-8F2A9487-copy-scaled.jpg 2560w\" sizes=\"(min-width: 2200px) 100vw, (min-width: 824px) 390px, (min-width: 732px) 585px, (min-width: 640px) 732px, \" \/><\/a><\/div><\/div><div class=\"clearfix\"><\/div><div style=\"padding:5px;\" class=\"fusion-grid-column fusion-gallery-column fusion-gallery-column-3 hover-type-none\"><div class=\"fusion-gallery-image\"><a href=\"https:\/\/royalfamily.org\/wp-content\/uploads\/2025\/10\/7-8F2A9380-copy-scaled.jpg\" data-caption=\"IZLO\u017dBA \u201eKRUNA DOBROTE\u201c OTVORENA U KRALjEVSKOM DVORU\" rel=\"noreferrer\" data-rel=\"iLightbox[gallery_image_1]\" class=\"fusion-lightbox\" target=\"_self\"><img decoding=\"async\" src=\"https:\/\/royalfamily.org\/wp-content\/uploads\/2025\/10\/7-8F2A9380-copy-scaled.jpg\" width=\"2560\" height=\"1707\" alt=\"EXHIBITION \u201cTHE CROWN OF KINDNESS\u201d OPENED AT THE ROYAL PALACE\" title=\"IZLO\u017dBA \u201eKRUNA DOBROTE\u201c OTVORENA U KRALjEVSKOM DVORU\" aria-label=\"IZLO\u017dBA \u201eKRUNA DOBROTE\u201c OTVORENA U KRALjEVSKOM DVORU\" class=\"img-responsive wp-image-96251\" srcset=\"https:\/\/royalfamily.org\/wp-content\/uploads\/2025\/10\/7-8F2A9380-copy-200x133.jpg 200w, https:\/\/royalfamily.org\/wp-content\/uploads\/2025\/10\/7-8F2A9380-copy-400x267.jpg 400w, https:\/\/royalfamily.org\/wp-content\/uploads\/2025\/10\/7-8F2A9380-copy-600x400.jpg 600w, https:\/\/royalfamily.org\/wp-content\/uploads\/2025\/10\/7-8F2A9380-copy-800x533.jpg 800w, https:\/\/royalfamily.org\/wp-content\/uploads\/2025\/10\/7-8F2A9380-copy-1200x800.jpg 1200w, https:\/\/royalfamily.org\/wp-content\/uploads\/2025\/10\/7-8F2A9380-copy-scaled.jpg 2560w\" sizes=\"(min-width: 2200px) 100vw, (min-width: 824px) 390px, (min-width: 732px) 585px, (min-width: 640px) 732px, \" \/><\/a><\/div><\/div><div style=\"padding:5px;\" class=\"fusion-grid-column fusion-gallery-column fusion-gallery-column-3 hover-type-none\"><div class=\"fusion-gallery-image\"><a href=\"https:\/\/royalfamily.org\/wp-content\/uploads\/2025\/10\/8-8F2A9221-copy-scaled.jpg\" data-caption=\"IZLO\u017dBA \u201eKRUNA DOBROTE\u201c OTVORENA U KRALjEVSKOM DVORU\" rel=\"noreferrer\" data-rel=\"iLightbox[gallery_image_1]\" class=\"fusion-lightbox\" target=\"_self\"><img decoding=\"async\" src=\"https:\/\/royalfamily.org\/wp-content\/uploads\/2025\/10\/8-8F2A9221-copy-scaled.jpg\" width=\"2560\" height=\"1707\" alt=\"EXHIBITION \u201cTHE CROWN OF KINDNESS\u201d OPENED AT THE ROYAL PALACE\" title=\"IZLO\u017dBA \u201eKRUNA DOBROTE\u201c OTVORENA U KRALjEVSKOM DVORU\" aria-label=\"IZLO\u017dBA \u201eKRUNA DOBROTE\u201c OTVORENA U KRALjEVSKOM DVORU\" class=\"img-responsive wp-image-96254\" srcset=\"https:\/\/royalfamily.org\/wp-content\/uploads\/2025\/10\/8-8F2A9221-copy-200x133.jpg 200w, https:\/\/royalfamily.org\/wp-content\/uploads\/2025\/10\/8-8F2A9221-copy-400x267.jpg 400w, https:\/\/royalfamily.org\/wp-content\/uploads\/2025\/10\/8-8F2A9221-copy-600x400.jpg 600w, https:\/\/royalfamily.org\/wp-content\/uploads\/2025\/10\/8-8F2A9221-copy-800x533.jpg 800w, https:\/\/royalfamily.org\/wp-content\/uploads\/2025\/10\/8-8F2A9221-copy-1200x800.jpg 1200w, https:\/\/royalfamily.org\/wp-content\/uploads\/2025\/10\/8-8F2A9221-copy-scaled.jpg 2560w\" sizes=\"(min-width: 2200px) 100vw, (min-width: 824px) 390px, (min-width: 732px) 585px, (min-width: 640px) 732px, \" \/><\/a><\/div><\/div><div style=\"padding:5px;\" class=\"fusion-grid-column fusion-gallery-column fusion-gallery-column-3 hover-type-none\"><div class=\"fusion-gallery-image\"><a href=\"https:\/\/royalfamily.org\/wp-content\/uploads\/2025\/10\/9-8F2A9469-copy-scaled.jpg\" data-caption=\"IZLO\u017dBA \u201eKRUNA DOBROTE\u201c OTVORENA U KRALjEVSKOM DVORU\" rel=\"noreferrer\" data-rel=\"iLightbox[gallery_image_1]\" class=\"fusion-lightbox\" target=\"_self\"><img decoding=\"async\" src=\"https:\/\/royalfamily.org\/wp-content\/uploads\/2025\/10\/9-8F2A9469-copy-scaled.jpg\" width=\"2560\" height=\"1707\" alt=\"EXHIBITION \u201cTHE CROWN OF KINDNESS\u201d OPENED AT THE ROYAL PALACE\" title=\"IZLO\u017dBA \u201eKRUNA DOBROTE\u201c OTVORENA U KRALjEVSKOM DVORU\" aria-label=\"IZLO\u017dBA \u201eKRUNA DOBROTE\u201c OTVORENA U KRALjEVSKOM DVORU\" class=\"img-responsive wp-image-96257\" srcset=\"https:\/\/royalfamily.org\/wp-content\/uploads\/2025\/10\/9-8F2A9469-copy-200x133.jpg 200w, https:\/\/royalfamily.org\/wp-content\/uploads\/2025\/10\/9-8F2A9469-copy-400x267.jpg 400w, https:\/\/royalfamily.org\/wp-content\/uploads\/2025\/10\/9-8F2A9469-copy-600x400.jpg 600w, https:\/\/royalfamily.org\/wp-content\/uploads\/2025\/10\/9-8F2A9469-copy-800x533.jpg 800w, https:\/\/royalfamily.org\/wp-content\/uploads\/2025\/10\/9-8F2A9469-copy-1200x800.jpg 1200w, https:\/\/royalfamily.org\/wp-content\/uploads\/2025\/10\/9-8F2A9469-copy-scaled.jpg 2560w\" sizes=\"(min-width: 2200px) 100vw, (min-width: 824px) 390px, (min-width: 732px) 585px, (min-width: 640px) 732px, \" \/><\/a><\/div><\/div><div class=\"clearfix\"><\/div><div style=\"padding:5px;\" class=\"fusion-grid-column fusion-gallery-column fusion-gallery-column-3 hover-type-none\"><div class=\"fusion-gallery-image\"><a href=\"https:\/\/royalfamily.org\/wp-content\/uploads\/2025\/10\/10-8F2A9220-copy-scaled.jpg\" data-caption=\"IZLO\u017dBA \u201eKRUNA DOBROTE\u201c OTVORENA U KRALjEVSKOM DVORU\" rel=\"noreferrer\" data-rel=\"iLightbox[gallery_image_1]\" class=\"fusion-lightbox\" target=\"_self\"><img decoding=\"async\" src=\"https:\/\/royalfamily.org\/wp-content\/uploads\/2025\/10\/10-8F2A9220-copy-scaled.jpg\" width=\"2560\" height=\"1707\" alt=\"EXHIBITION \u201cTHE CROWN OF KINDNESS\u201d OPENED AT THE ROYAL PALACE\" title=\"IZLO\u017dBA \u201eKRUNA DOBROTE\u201c OTVORENA U KRALjEVSKOM DVORU\" aria-label=\"IZLO\u017dBA \u201eKRUNA DOBROTE\u201c OTVORENA U KRALjEVSKOM DVORU\" class=\"img-responsive wp-image-96260\" srcset=\"https:\/\/royalfamily.org\/wp-content\/uploads\/2025\/10\/10-8F2A9220-copy-200x133.jpg 200w, https:\/\/royalfamily.org\/wp-content\/uploads\/2025\/10\/10-8F2A9220-copy-400x267.jpg 400w, https:\/\/royalfamily.org\/wp-content\/uploads\/2025\/10\/10-8F2A9220-copy-600x400.jpg 600w, https:\/\/royalfamily.org\/wp-content\/uploads\/2025\/10\/10-8F2A9220-copy-800x533.jpg 800w, https:\/\/royalfamily.org\/wp-content\/uploads\/2025\/10\/10-8F2A9220-copy-1200x800.jpg 1200w, https:\/\/royalfamily.org\/wp-content\/uploads\/2025\/10\/10-8F2A9220-copy-scaled.jpg 2560w\" sizes=\"(min-width: 2200px) 100vw, (min-width: 824px) 390px, (min-width: 732px) 585px, (min-width: 640px) 732px, \" \/><\/a><\/div><\/div><div style=\"padding:5px;\" class=\"fusion-grid-column fusion-gallery-column fusion-gallery-column-3 hover-type-none\"><div class=\"fusion-gallery-image\"><a href=\"https:\/\/royalfamily.org\/wp-content\/uploads\/2025\/10\/11-8F2A9228-copy-scaled.jpg\" data-caption=\"IZLO\u017dBA \u201eKRUNA DOBROTE\u201c OTVORENA U KRALjEVSKOM DVORU\" rel=\"noreferrer\" data-rel=\"iLightbox[gallery_image_1]\" class=\"fusion-lightbox\" target=\"_self\"><img decoding=\"async\" src=\"https:\/\/royalfamily.org\/wp-content\/uploads\/2025\/10\/11-8F2A9228-copy-scaled.jpg\" width=\"2560\" height=\"1707\" alt=\"EXHIBITION \u201cTHE CROWN OF KINDNESS\u201d OPENED AT THE ROYAL PALACE\" title=\"IZLO\u017dBA \u201eKRUNA DOBROTE\u201c OTVORENA U KRALjEVSKOM DVORU\" aria-label=\"IZLO\u017dBA \u201eKRUNA DOBROTE\u201c OTVORENA U KRALjEVSKOM DVORU\" class=\"img-responsive wp-image-96263\" srcset=\"https:\/\/royalfamily.org\/wp-content\/uploads\/2025\/10\/11-8F2A9228-copy-200x133.jpg 200w, https:\/\/royalfamily.org\/wp-content\/uploads\/2025\/10\/11-8F2A9228-copy-400x267.jpg 400w, https:\/\/royalfamily.org\/wp-content\/uploads\/2025\/10\/11-8F2A9228-copy-600x400.jpg 600w, https:\/\/royalfamily.org\/wp-content\/uploads\/2025\/10\/11-8F2A9228-copy-800x533.jpg 800w, https:\/\/royalfamily.org\/wp-content\/uploads\/2025\/10\/11-8F2A9228-copy-1200x800.jpg 1200w, https:\/\/royalfamily.org\/wp-content\/uploads\/2025\/10\/11-8F2A9228-copy-scaled.jpg 2560w\" sizes=\"(min-width: 2200px) 100vw, (min-width: 824px) 390px, (min-width: 732px) 585px, (min-width: 640px) 732px, \" \/><\/a><\/div><\/div><div style=\"padding:5px;\" class=\"fusion-grid-column fusion-gallery-column fusion-gallery-column-3 hover-type-none\"><div class=\"fusion-gallery-image\"><a href=\"https:\/\/royalfamily.org\/wp-content\/uploads\/2025\/10\/12-8F2A9520-copy-scaled.jpg\" data-caption=\"IZLO\u017dBA \u201eKRUNA DOBROTE\u201c OTVORENA U KRALjEVSKOM DVORU\" rel=\"noreferrer\" data-rel=\"iLightbox[gallery_image_1]\" class=\"fusion-lightbox\" target=\"_self\"><img decoding=\"async\" src=\"https:\/\/royalfamily.org\/wp-content\/uploads\/2025\/10\/12-8F2A9520-copy-scaled.jpg\" width=\"2560\" height=\"1707\" alt=\"EXHIBITION \u201cTHE CROWN OF KINDNESS\u201d OPENED AT THE ROYAL PALACE\" title=\"IZLO\u017dBA \u201eKRUNA DOBROTE\u201c OTVORENA U KRALjEVSKOM DVORU\" aria-label=\"IZLO\u017dBA \u201eKRUNA DOBROTE\u201c OTVORENA U KRALjEVSKOM DVORU\" class=\"img-responsive wp-image-96266\" srcset=\"https:\/\/royalfamily.org\/wp-content\/uploads\/2025\/10\/12-8F2A9520-copy-200x133.jpg 200w, https:\/\/royalfamily.org\/wp-content\/uploads\/2025\/10\/12-8F2A9520-copy-400x267.jpg 400w, https:\/\/royalfamily.org\/wp-content\/uploads\/2025\/10\/12-8F2A9520-copy-600x400.jpg 600w, https:\/\/royalfamily.org\/wp-content\/uploads\/2025\/10\/12-8F2A9520-copy-800x533.jpg 800w, https:\/\/royalfamily.org\/wp-content\/uploads\/2025\/10\/12-8F2A9520-copy-1200x800.jpg 1200w, https:\/\/royalfamily.org\/wp-content\/uploads\/2025\/10\/12-8F2A9520-copy-scaled.jpg 2560w\" sizes=\"(min-width: 2200px) 100vw, (min-width: 824px) 390px, (min-width: 732px) 585px, (min-width: 640px) 732px, \" \/><\/a><\/div><\/div><div class=\"clearfix\"><\/div><div style=\"padding:5px;\" class=\"fusion-grid-column fusion-gallery-column fusion-gallery-column-3 hover-type-none\"><div class=\"fusion-gallery-image\"><a href=\"https:\/\/royalfamily.org\/wp-content\/uploads\/2025\/10\/13-8F2A9260-copy-scaled.jpg\" data-caption=\"IZLO\u017dBA \u201eKRUNA DOBROTE\u201c OTVORENA U KRALjEVSKOM DVORU\" rel=\"noreferrer\" data-rel=\"iLightbox[gallery_image_1]\" class=\"fusion-lightbox\" target=\"_self\"><img decoding=\"async\" src=\"https:\/\/royalfamily.org\/wp-content\/uploads\/2025\/10\/13-8F2A9260-copy-scaled.jpg\" width=\"2560\" height=\"1707\" alt=\"EXHIBITION \u201cTHE CROWN OF KINDNESS\u201d OPENED AT THE ROYAL PALACE\" title=\"IZLO\u017dBA \u201eKRUNA DOBROTE\u201c OTVORENA U KRALjEVSKOM DVORU\" aria-label=\"IZLO\u017dBA \u201eKRUNA DOBROTE\u201c OTVORENA U KRALjEVSKOM DVORU\" class=\"img-responsive wp-image-96269\" srcset=\"https:\/\/royalfamily.org\/wp-content\/uploads\/2025\/10\/13-8F2A9260-copy-200x133.jpg 200w, https:\/\/royalfamily.org\/wp-content\/uploads\/2025\/10\/13-8F2A9260-copy-400x267.jpg 400w, https:\/\/royalfamily.org\/wp-content\/uploads\/2025\/10\/13-8F2A9260-copy-600x400.jpg 600w, https:\/\/royalfamily.org\/wp-content\/uploads\/2025\/10\/13-8F2A9260-copy-800x533.jpg 800w, https:\/\/royalfamily.org\/wp-content\/uploads\/2025\/10\/13-8F2A9260-copy-1200x800.jpg 1200w, https:\/\/royalfamily.org\/wp-content\/uploads\/2025\/10\/13-8F2A9260-copy-scaled.jpg 2560w\" sizes=\"(min-width: 2200px) 100vw, (min-width: 824px) 390px, (min-width: 732px) 585px, (min-width: 640px) 732px, \" \/><\/a><\/div><\/div><div style=\"padding:5px;\" class=\"fusion-grid-column fusion-gallery-column fusion-gallery-column-3 hover-type-none\"><div class=\"fusion-gallery-image\"><a href=\"https:\/\/royalfamily.org\/wp-content\/uploads\/2025\/10\/14-8F2A9448-copy-scaled.jpg\" data-caption=\"IZLO\u017dBA \u201eKRUNA DOBROTE\u201c OTVORENA U KRALjEVSKOM DVORU\" rel=\"noreferrer\" data-rel=\"iLightbox[gallery_image_1]\" class=\"fusion-lightbox\" target=\"_self\"><img decoding=\"async\" src=\"https:\/\/royalfamily.org\/wp-content\/uploads\/2025\/10\/14-8F2A9448-copy-scaled.jpg\" width=\"2560\" height=\"1707\" alt=\"EXHIBITION \u201cTHE CROWN OF KINDNESS\u201d OPENED AT THE ROYAL PALACE\" title=\"IZLO\u017dBA \u201eKRUNA DOBROTE\u201c OTVORENA U KRALjEVSKOM DVORU\" aria-label=\"IZLO\u017dBA \u201eKRUNA DOBROTE\u201c OTVORENA U KRALjEVSKOM DVORU\" class=\"img-responsive wp-image-96272\" srcset=\"https:\/\/royalfamily.org\/wp-content\/uploads\/2025\/10\/14-8F2A9448-copy-200x133.jpg 200w, https:\/\/royalfamily.org\/wp-content\/uploads\/2025\/10\/14-8F2A9448-copy-400x267.jpg 400w, https:\/\/royalfamily.org\/wp-content\/uploads\/2025\/10\/14-8F2A9448-copy-600x400.jpg 600w, https:\/\/royalfamily.org\/wp-content\/uploads\/2025\/10\/14-8F2A9448-copy-800x533.jpg 800w, https:\/\/royalfamily.org\/wp-content\/uploads\/2025\/10\/14-8F2A9448-copy-1200x800.jpg 1200w, https:\/\/royalfamily.org\/wp-content\/uploads\/2025\/10\/14-8F2A9448-copy-scaled.jpg 2560w\" sizes=\"(min-width: 2200px) 100vw, (min-width: 824px) 390px, (min-width: 732px) 585px, (min-width: 640px) 732px, \" \/><\/a><\/div><\/div><div style=\"padding:5px;\" class=\"fusion-grid-column fusion-gallery-column fusion-gallery-column-3 hover-type-none\"><div class=\"fusion-gallery-image\"><a href=\"https:\/\/royalfamily.org\/wp-content\/uploads\/2025\/10\/15-8F2A9240-copy-scaled.jpg\" data-caption=\"IZLO\u017dBA \u201eKRUNA DOBROTE\u201c OTVORENA U KRALjEVSKOM DVORU\" rel=\"noreferrer\" data-rel=\"iLightbox[gallery_image_1]\" class=\"fusion-lightbox\" target=\"_self\"><img decoding=\"async\" src=\"https:\/\/royalfamily.org\/wp-content\/uploads\/2025\/10\/15-8F2A9240-copy-scaled.jpg\" width=\"2560\" height=\"1707\" alt=\"EXHIBITION \u201cTHE CROWN OF KINDNESS\u201d OPENED AT THE ROYAL PALACE\" title=\"IZLO\u017dBA \u201eKRUNA DOBROTE\u201c OTVORENA U KRALjEVSKOM DVORU\" aria-label=\"IZLO\u017dBA \u201eKRUNA DOBROTE\u201c OTVORENA U KRALjEVSKOM DVORU\" class=\"img-responsive wp-image-96275\" srcset=\"https:\/\/royalfamily.org\/wp-content\/uploads\/2025\/10\/15-8F2A9240-copy-200x133.jpg 200w, https:\/\/royalfamily.org\/wp-content\/uploads\/2025\/10\/15-8F2A9240-copy-400x267.jpg 400w, https:\/\/royalfamily.org\/wp-content\/uploads\/2025\/10\/15-8F2A9240-copy-600x400.jpg 600w, https:\/\/royalfamily.org\/wp-content\/uploads\/2025\/10\/15-8F2A9240-copy-800x533.jpg 800w, https:\/\/royalfamily.org\/wp-content\/uploads\/2025\/10\/15-8F2A9240-copy-1200x800.jpg 1200w, https:\/\/royalfamily.org\/wp-content\/uploads\/2025\/10\/15-8F2A9240-copy-scaled.jpg 2560w\" sizes=\"(min-width: 2200px) 100vw, (min-width: 824px) 390px, (min-width: 732px) 585px, (min-width: 640px) 732px, \" \/><\/a><\/div><\/div><div class=\"clearfix\"><\/div><div style=\"padding:5px;\" class=\"fusion-grid-column fusion-gallery-column fusion-gallery-column-3 hover-type-none\"><div class=\"fusion-gallery-image\"><a href=\"https:\/\/royalfamily.org\/wp-content\/uploads\/2025\/10\/16-8F2A9343-copy-scaled.jpg\" data-caption=\"IZLO\u017dBA \u201eKRUNA DOBROTE\u201c OTVORENA U KRALjEVSKOM DVORU\" rel=\"noreferrer\" data-rel=\"iLightbox[gallery_image_1]\" class=\"fusion-lightbox\" target=\"_self\"><img decoding=\"async\" src=\"https:\/\/royalfamily.org\/wp-content\/uploads\/2025\/10\/16-8F2A9343-copy-scaled.jpg\" width=\"2560\" height=\"1707\" alt=\"EXHIBITION \u201cTHE CROWN OF KINDNESS\u201d OPENED AT THE ROYAL PALACE\" title=\"IZLO\u017dBA \u201eKRUNA DOBROTE\u201c OTVORENA U KRALjEVSKOM DVORU\" aria-label=\"IZLO\u017dBA \u201eKRUNA DOBROTE\u201c OTVORENA U KRALjEVSKOM DVORU\" class=\"img-responsive wp-image-96278\" srcset=\"https:\/\/royalfamily.org\/wp-content\/uploads\/2025\/10\/16-8F2A9343-copy-200x133.jpg 200w, https:\/\/royalfamily.org\/wp-content\/uploads\/2025\/10\/16-8F2A9343-copy-400x267.jpg 400w, https:\/\/royalfamily.org\/wp-content\/uploads\/2025\/10\/16-8F2A9343-copy-600x400.jpg 600w, https:\/\/royalfamily.org\/wp-content\/uploads\/2025\/10\/16-8F2A9343-copy-800x533.jpg 800w, https:\/\/royalfamily.org\/wp-content\/uploads\/2025\/10\/16-8F2A9343-copy-1200x800.jpg 1200w, https:\/\/royalfamily.org\/wp-content\/uploads\/2025\/10\/16-8F2A9343-copy-scaled.jpg 2560w\" sizes=\"(min-width: 2200px) 100vw, (min-width: 824px) 390px, (min-width: 732px) 585px, (min-width: 640px) 732px, \" \/><\/a><\/div><\/div><div style=\"padding:5px;\" class=\"fusion-grid-column fusion-gallery-column fusion-gallery-column-3 hover-type-none\"><div class=\"fusion-gallery-image\"><a href=\"https:\/\/royalfamily.org\/wp-content\/uploads\/2025\/10\/17-8F2A9512-copy-scaled.jpg\" data-caption=\"IZLO\u017dBA \u201eKRUNA DOBROTE\u201c OTVORENA U KRALjEVSKOM DVORU\" rel=\"noreferrer\" data-rel=\"iLightbox[gallery_image_1]\" class=\"fusion-lightbox\" target=\"_self\"><img decoding=\"async\" src=\"https:\/\/royalfamily.org\/wp-content\/uploads\/2025\/10\/17-8F2A9512-copy-scaled.jpg\" width=\"2560\" height=\"1707\" alt=\"EXHIBITION \u201cTHE CROWN OF KINDNESS\u201d OPENED AT THE ROYAL PALACE\" title=\"IZLO\u017dBA \u201eKRUNA DOBROTE\u201c OTVORENA U KRALjEVSKOM DVORU\" aria-label=\"IZLO\u017dBA \u201eKRUNA DOBROTE\u201c OTVORENA U KRALjEVSKOM DVORU\" class=\"img-responsive wp-image-96281\" srcset=\"https:\/\/royalfamily.org\/wp-content\/uploads\/2025\/10\/17-8F2A9512-copy-200x133.jpg 200w, https:\/\/royalfamily.org\/wp-content\/uploads\/2025\/10\/17-8F2A9512-copy-400x267.jpg 400w, https:\/\/royalfamily.org\/wp-content\/uploads\/2025\/10\/17-8F2A9512-copy-600x400.jpg 600w, https:\/\/royalfamily.org\/wp-content\/uploads\/2025\/10\/17-8F2A9512-copy-800x533.jpg 800w, https:\/\/royalfamily.org\/wp-content\/uploads\/2025\/10\/17-8F2A9512-copy-1200x800.jpg 1200w, https:\/\/royalfamily.org\/wp-content\/uploads\/2025\/10\/17-8F2A9512-copy-scaled.jpg 2560w\" sizes=\"(min-width: 2200px) 100vw, (min-width: 824px) 390px, (min-width: 732px) 585px, (min-width: 640px) 732px, \" \/><\/a><\/div><\/div><\/div><\/div><\/div><\/div><\/div><\/div><\/p>\n","protected":false},"excerpt":{"rendered":"","protected":false},"author":1001015,"featured_media":96284,"comment_status":"closed","ping_status":"closed","sticky":false,"template":"","format":"standard","meta":{"_acf_changed":false,"footnotes":""},"categories":[22],"tags":[],"class_list":["post-96287","post","type-post","status-publish","format-standard","has-post-thumbnail","hentry","category-vesti"],"acf":[],"yoast_head":"<!-- This site is optimized with the Yoast SEO Premium plugin v27.5 (Yoast SEO v27.5) - https:\/\/yoast.com\/product\/yoast-seo-premium-wordpress\/ -->\n<title>IZLO\u017dBA \u201eKRUNA DOBROTE\u201c OTVORENA U KRALjEVSKOM DVORU - The Royal Family of Serbia<\/title>\n<meta name=\"robots\" content=\"index, follow, max-snippet:-1, max-image-preview:large, max-video-preview:-1\" \/>\n<link rel=\"canonical\" href=\"https:\/\/royalfamily.org\/lat\/izlozba-kruna-dobrote-otvorena-u-kraljevskom-dvoru\/\" \/>\n<meta property=\"og:locale\" content=\"en_US\" \/>\n<meta property=\"og:type\" content=\"article\" \/>\n<meta property=\"og:title\" content=\"IZLO\u017dBA \u201eKRUNA DOBROTE\u201c OTVORENA U KRALjEVSKOM DVORU\" \/>\n<meta property=\"og:url\" content=\"https:\/\/royalfamily.org\/lat\/izlozba-kruna-dobrote-otvorena-u-kraljevskom-dvoru\/\" \/>\n<meta property=\"og:site_name\" content=\"The Royal Family of Serbia\" \/>\n<meta property=\"article:publisher\" content=\"https:\/\/www.facebook.com\/Prestolonaslednik.Aleksandar\" \/>\n<meta property=\"article:published_time\" content=\"2025-10-08T06:47:39+00:00\" \/>\n<meta property=\"article:modified_time\" content=\"2025-10-08T06:47:42+00:00\" \/>\n<meta property=\"og:image\" content=\"https:\/\/royalfamily.org\/wp-content\/uploads\/2025\/10\/COVER-izlozba-Kraljica-Marija-2025.jpg\" \/>\n\t<meta property=\"og:image:width\" content=\"1542\" \/>\n\t<meta property=\"og:image:height\" content=\"750\" \/>\n\t<meta property=\"og:image:type\" content=\"image\/jpeg\" \/>\n<meta name=\"author\" content=\"Stefan Milanovic\" \/>\n<meta name=\"twitter:card\" content=\"summary_large_image\" \/>\n<meta name=\"twitter:label1\" content=\"Written by\" \/>\n\t<meta name=\"twitter:data1\" content=\"Stefan Milanovic\" \/>\n\t<meta name=\"twitter:label2\" content=\"Est. reading time\" \/>\n\t<meta name=\"twitter:data2\" content=\"8 minutes\" \/>\n<script type=\"application\/ld+json\" class=\"yoast-schema-graph\">{\"@context\":\"https:\\\/\\\/schema.org\",\"@graph\":[{\"@type\":\"Article\",\"@id\":\"https:\\\/\\\/royalfamily.org\\\/lat\\\/izlozba-kruna-dobrote-otvorena-u-kraljevskom-dvoru\\\/#article\",\"isPartOf\":{\"@id\":\"https:\\\/\\\/royalfamily.org\\\/lat\\\/izlozba-kruna-dobrote-otvorena-u-kraljevskom-dvoru\\\/\"},\"author\":{\"name\":\"Stefan Milanovic\",\"@id\":\"https:\\\/\\\/royalfamily.org\\\/#\\\/schema\\\/person\\\/4ad3296a6a8a35eed333b6a785e9f648\"},\"headline\":\"IZLO\u017dBA \u201eKRUNA DOBROTE\u201c OTVORENA U KRALjEVSKOM DVORU\",\"datePublished\":\"2025-10-08T06:47:39+00:00\",\"dateModified\":\"2025-10-08T06:47:42+00:00\",\"mainEntityOfPage\":{\"@id\":\"https:\\\/\\\/royalfamily.org\\\/lat\\\/izlozba-kruna-dobrote-otvorena-u-kraljevskom-dvoru\\\/\"},\"wordCount\":3725,\"publisher\":{\"@id\":\"https:\\\/\\\/royalfamily.org\\\/#organization\"},\"image\":{\"@id\":\"https:\\\/\\\/royalfamily.org\\\/lat\\\/izlozba-kruna-dobrote-otvorena-u-kraljevskom-dvoru\\\/#primaryimage\"},\"thumbnailUrl\":\"https:\\\/\\\/royalfamily.org\\\/wp-content\\\/uploads\\\/2025\\\/10\\\/COVER-izlozba-Kraljica-Marija-2025.jpg\",\"articleSection\":[\"Vesti\"],\"inLanguage\":\"sr-LT\"},{\"@type\":\"WebPage\",\"@id\":\"https:\\\/\\\/royalfamily.org\\\/lat\\\/izlozba-kruna-dobrote-otvorena-u-kraljevskom-dvoru\\\/\",\"url\":\"https:\\\/\\\/royalfamily.org\\\/lat\\\/izlozba-kruna-dobrote-otvorena-u-kraljevskom-dvoru\\\/\",\"name\":\"IZLO\u017dBA \u201eKRUNA DOBROTE\u201c OTVORENA U KRALjEVSKOM DVORU - The Royal Family of Serbia\",\"isPartOf\":{\"@id\":\"https:\\\/\\\/royalfamily.org\\\/#website\"},\"primaryImageOfPage\":{\"@id\":\"https:\\\/\\\/royalfamily.org\\\/lat\\\/izlozba-kruna-dobrote-otvorena-u-kraljevskom-dvoru\\\/#primaryimage\"},\"image\":{\"@id\":\"https:\\\/\\\/royalfamily.org\\\/lat\\\/izlozba-kruna-dobrote-otvorena-u-kraljevskom-dvoru\\\/#primaryimage\"},\"thumbnailUrl\":\"https:\\\/\\\/royalfamily.org\\\/wp-content\\\/uploads\\\/2025\\\/10\\\/COVER-izlozba-Kraljica-Marija-2025.jpg\",\"datePublished\":\"2025-10-08T06:47:39+00:00\",\"dateModified\":\"2025-10-08T06:47:42+00:00\",\"breadcrumb\":{\"@id\":\"https:\\\/\\\/royalfamily.org\\\/lat\\\/izlozba-kruna-dobrote-otvorena-u-kraljevskom-dvoru\\\/#breadcrumb\"},\"inLanguage\":\"sr-LT\",\"potentialAction\":[{\"@type\":\"ReadAction\",\"target\":[\"https:\\\/\\\/royalfamily.org\\\/lat\\\/izlozba-kruna-dobrote-otvorena-u-kraljevskom-dvoru\\\/\"]}]},{\"@type\":\"ImageObject\",\"inLanguage\":\"sr-LT\",\"@id\":\"https:\\\/\\\/royalfamily.org\\\/lat\\\/izlozba-kruna-dobrote-otvorena-u-kraljevskom-dvoru\\\/#primaryimage\",\"url\":\"https:\\\/\\\/royalfamily.org\\\/wp-content\\\/uploads\\\/2025\\\/10\\\/COVER-izlozba-Kraljica-Marija-2025.jpg\",\"contentUrl\":\"https:\\\/\\\/royalfamily.org\\\/wp-content\\\/uploads\\\/2025\\\/10\\\/COVER-izlozba-Kraljica-Marija-2025.jpg\",\"width\":1542,\"height\":750,\"caption\":\"IZLO\u017dBA \u201eKRUNA DOBROTE\u201c OTVORENA U KRALjEVSKOM DVORU\"},{\"@type\":\"BreadcrumbList\",\"@id\":\"https:\\\/\\\/royalfamily.org\\\/lat\\\/izlozba-kruna-dobrote-otvorena-u-kraljevskom-dvoru\\\/#breadcrumb\",\"itemListElement\":[{\"@type\":\"ListItem\",\"position\":1,\"name\":\"Home\",\"item\":\"https:\\\/\\\/royalfamily.org\\\/lat\\\/\"},{\"@type\":\"ListItem\",\"position\":2,\"name\":\"IZLO\u017dBA \u201eKRUNA DOBROTE\u201c OTVORENA U KRALjEVSKOM DVORU\"}]},{\"@type\":\"WebSite\",\"@id\":\"https:\\\/\\\/royalfamily.org\\\/#website\",\"url\":\"https:\\\/\\\/royalfamily.org\\\/\",\"name\":\"The Royal Family of Serbia\",\"description\":\"From the people, for the people\",\"publisher\":{\"@id\":\"https:\\\/\\\/royalfamily.org\\\/#organization\"},\"potentialAction\":[{\"@type\":\"SearchAction\",\"target\":{\"@type\":\"EntryPoint\",\"urlTemplate\":\"https:\\\/\\\/royalfamily.org\\\/?s={search_term_string}\"},\"query-input\":{\"@type\":\"PropertyValueSpecification\",\"valueRequired\":true,\"valueName\":\"search_term_string\"}}],\"inLanguage\":\"sr-LT\"},{\"@type\":\"Organization\",\"@id\":\"https:\\\/\\\/royalfamily.org\\\/#organization\",\"name\":\"Royal Family\",\"url\":\"https:\\\/\\\/royalfamily.org\\\/\",\"logo\":{\"@type\":\"ImageObject\",\"inLanguage\":\"sr-LT\",\"@id\":\"https:\\\/\\\/royalfamily.org\\\/#\\\/schema\\\/logo\\\/image\\\/\",\"url\":\"https:\\\/\\\/royalfamily.org\\\/wp-content\\\/uploads\\\/2019\\\/04\\\/logo-vector-02-V-latinica.png\",\"contentUrl\":\"https:\\\/\\\/royalfamily.org\\\/wp-content\\\/uploads\\\/2019\\\/04\\\/logo-vector-02-V-latinica.png\",\"width\":552,\"height\":99,\"caption\":\"Royal Family\"},\"image\":{\"@id\":\"https:\\\/\\\/royalfamily.org\\\/#\\\/schema\\\/logo\\\/image\\\/\"},\"sameAs\":[\"https:\\\/\\\/www.facebook.com\\\/Prestolonaslednik.Aleksandar\"]},{\"@type\":\"Person\",\"@id\":\"https:\\\/\\\/royalfamily.org\\\/#\\\/schema\\\/person\\\/4ad3296a6a8a35eed333b6a785e9f648\",\"name\":\"Stefan Milanovic\",\"image\":{\"@type\":\"ImageObject\",\"inLanguage\":\"sr-LT\",\"@id\":\"https:\\\/\\\/secure.gravatar.com\\\/avatar\\\/92dcbdcf3e32112a9ceb1e41665b1f44c69382d014cacfe12c701f6af7c40259?s=96&d=mm&r=g\",\"url\":\"https:\\\/\\\/secure.gravatar.com\\\/avatar\\\/92dcbdcf3e32112a9ceb1e41665b1f44c69382d014cacfe12c701f6af7c40259?s=96&d=mm&r=g\",\"contentUrl\":\"https:\\\/\\\/secure.gravatar.com\\\/avatar\\\/92dcbdcf3e32112a9ceb1e41665b1f44c69382d014cacfe12c701f6af7c40259?s=96&d=mm&r=g\",\"caption\":\"Stefan Milanovic\"}}]}<\/script>\n<!-- \/ Yoast SEO Premium plugin. -->","yoast_head_json":{"title":"IZLO\u017dBA \u201eKRUNA DOBROTE\u201c OTVORENA U KRALjEVSKOM DVORU - The Royal Family of Serbia","robots":{"index":"index","follow":"follow","max-snippet":"max-snippet:-1","max-image-preview":"max-image-preview:large","max-video-preview":"max-video-preview:-1"},"canonical":"https:\/\/royalfamily.org\/lat\/izlozba-kruna-dobrote-otvorena-u-kraljevskom-dvoru\/","og_locale":"en_US","og_type":"article","og_title":"IZLO\u017dBA \u201eKRUNA DOBROTE\u201c OTVORENA U KRALjEVSKOM DVORU","og_url":"https:\/\/royalfamily.org\/lat\/izlozba-kruna-dobrote-otvorena-u-kraljevskom-dvoru\/","og_site_name":"The Royal Family of Serbia","article_publisher":"https:\/\/www.facebook.com\/Prestolonaslednik.Aleksandar","article_published_time":"2025-10-08T06:47:39+00:00","article_modified_time":"2025-10-08T06:47:42+00:00","og_image":[{"width":1542,"height":750,"url":"https:\/\/royalfamily.org\/wp-content\/uploads\/2025\/10\/COVER-izlozba-Kraljica-Marija-2025.jpg","type":"image\/jpeg"}],"author":"Stefan Milanovic","twitter_card":"summary_large_image","twitter_misc":{"Written by":"Stefan Milanovic","Est. reading time":"8 minutes"},"schema":{"@context":"https:\/\/schema.org","@graph":[{"@type":"Article","@id":"https:\/\/royalfamily.org\/lat\/izlozba-kruna-dobrote-otvorena-u-kraljevskom-dvoru\/#article","isPartOf":{"@id":"https:\/\/royalfamily.org\/lat\/izlozba-kruna-dobrote-otvorena-u-kraljevskom-dvoru\/"},"author":{"name":"Stefan Milanovic","@id":"https:\/\/royalfamily.org\/#\/schema\/person\/4ad3296a6a8a35eed333b6a785e9f648"},"headline":"IZLO\u017dBA \u201eKRUNA DOBROTE\u201c OTVORENA U KRALjEVSKOM DVORU","datePublished":"2025-10-08T06:47:39+00:00","dateModified":"2025-10-08T06:47:42+00:00","mainEntityOfPage":{"@id":"https:\/\/royalfamily.org\/lat\/izlozba-kruna-dobrote-otvorena-u-kraljevskom-dvoru\/"},"wordCount":3725,"publisher":{"@id":"https:\/\/royalfamily.org\/#organization"},"image":{"@id":"https:\/\/royalfamily.org\/lat\/izlozba-kruna-dobrote-otvorena-u-kraljevskom-dvoru\/#primaryimage"},"thumbnailUrl":"https:\/\/royalfamily.org\/wp-content\/uploads\/2025\/10\/COVER-izlozba-Kraljica-Marija-2025.jpg","articleSection":["Vesti"],"inLanguage":"sr-LT"},{"@type":"WebPage","@id":"https:\/\/royalfamily.org\/lat\/izlozba-kruna-dobrote-otvorena-u-kraljevskom-dvoru\/","url":"https:\/\/royalfamily.org\/lat\/izlozba-kruna-dobrote-otvorena-u-kraljevskom-dvoru\/","name":"IZLO\u017dBA \u201eKRUNA DOBROTE\u201c OTVORENA U KRALjEVSKOM DVORU - The Royal Family of Serbia","isPartOf":{"@id":"https:\/\/royalfamily.org\/#website"},"primaryImageOfPage":{"@id":"https:\/\/royalfamily.org\/lat\/izlozba-kruna-dobrote-otvorena-u-kraljevskom-dvoru\/#primaryimage"},"image":{"@id":"https:\/\/royalfamily.org\/lat\/izlozba-kruna-dobrote-otvorena-u-kraljevskom-dvoru\/#primaryimage"},"thumbnailUrl":"https:\/\/royalfamily.org\/wp-content\/uploads\/2025\/10\/COVER-izlozba-Kraljica-Marija-2025.jpg","datePublished":"2025-10-08T06:47:39+00:00","dateModified":"2025-10-08T06:47:42+00:00","breadcrumb":{"@id":"https:\/\/royalfamily.org\/lat\/izlozba-kruna-dobrote-otvorena-u-kraljevskom-dvoru\/#breadcrumb"},"inLanguage":"sr-LT","potentialAction":[{"@type":"ReadAction","target":["https:\/\/royalfamily.org\/lat\/izlozba-kruna-dobrote-otvorena-u-kraljevskom-dvoru\/"]}]},{"@type":"ImageObject","inLanguage":"sr-LT","@id":"https:\/\/royalfamily.org\/lat\/izlozba-kruna-dobrote-otvorena-u-kraljevskom-dvoru\/#primaryimage","url":"https:\/\/royalfamily.org\/wp-content\/uploads\/2025\/10\/COVER-izlozba-Kraljica-Marija-2025.jpg","contentUrl":"https:\/\/royalfamily.org\/wp-content\/uploads\/2025\/10\/COVER-izlozba-Kraljica-Marija-2025.jpg","width":1542,"height":750,"caption":"IZLO\u017dBA \u201eKRUNA DOBROTE\u201c OTVORENA U KRALjEVSKOM DVORU"},{"@type":"BreadcrumbList","@id":"https:\/\/royalfamily.org\/lat\/izlozba-kruna-dobrote-otvorena-u-kraljevskom-dvoru\/#breadcrumb","itemListElement":[{"@type":"ListItem","position":1,"name":"Home","item":"https:\/\/royalfamily.org\/lat\/"},{"@type":"ListItem","position":2,"name":"IZLO\u017dBA \u201eKRUNA DOBROTE\u201c OTVORENA U KRALjEVSKOM DVORU"}]},{"@type":"WebSite","@id":"https:\/\/royalfamily.org\/#website","url":"https:\/\/royalfamily.org\/","name":"The Royal Family of Serbia","description":"From the people, for the people","publisher":{"@id":"https:\/\/royalfamily.org\/#organization"},"potentialAction":[{"@type":"SearchAction","target":{"@type":"EntryPoint","urlTemplate":"https:\/\/royalfamily.org\/?s={search_term_string}"},"query-input":{"@type":"PropertyValueSpecification","valueRequired":true,"valueName":"search_term_string"}}],"inLanguage":"sr-LT"},{"@type":"Organization","@id":"https:\/\/royalfamily.org\/#organization","name":"Royal Family","url":"https:\/\/royalfamily.org\/","logo":{"@type":"ImageObject","inLanguage":"sr-LT","@id":"https:\/\/royalfamily.org\/#\/schema\/logo\/image\/","url":"https:\/\/royalfamily.org\/wp-content\/uploads\/2019\/04\/logo-vector-02-V-latinica.png","contentUrl":"https:\/\/royalfamily.org\/wp-content\/uploads\/2019\/04\/logo-vector-02-V-latinica.png","width":552,"height":99,"caption":"Royal Family"},"image":{"@id":"https:\/\/royalfamily.org\/#\/schema\/logo\/image\/"},"sameAs":["https:\/\/www.facebook.com\/Prestolonaslednik.Aleksandar"]},{"@type":"Person","@id":"https:\/\/royalfamily.org\/#\/schema\/person\/4ad3296a6a8a35eed333b6a785e9f648","name":"Stefan Milanovic","image":{"@type":"ImageObject","inLanguage":"sr-LT","@id":"https:\/\/secure.gravatar.com\/avatar\/92dcbdcf3e32112a9ceb1e41665b1f44c69382d014cacfe12c701f6af7c40259?s=96&d=mm&r=g","url":"https:\/\/secure.gravatar.com\/avatar\/92dcbdcf3e32112a9ceb1e41665b1f44c69382d014cacfe12c701f6af7c40259?s=96&d=mm&r=g","contentUrl":"https:\/\/secure.gravatar.com\/avatar\/92dcbdcf3e32112a9ceb1e41665b1f44c69382d014cacfe12c701f6af7c40259?s=96&d=mm&r=g","caption":"Stefan Milanovic"}}]}},"_links":{"self":[{"href":"https:\/\/royalfamily.org\/lat\/wp-json\/wp\/v2\/posts\/96287","targetHints":{"allow":["GET"]}}],"collection":[{"href":"https:\/\/royalfamily.org\/lat\/wp-json\/wp\/v2\/posts"}],"about":[{"href":"https:\/\/royalfamily.org\/lat\/wp-json\/wp\/v2\/types\/post"}],"author":[{"embeddable":true,"href":"https:\/\/royalfamily.org\/lat\/wp-json\/wp\/v2\/users\/1001015"}],"replies":[{"embeddable":true,"href":"https:\/\/royalfamily.org\/lat\/wp-json\/wp\/v2\/comments?post=96287"}],"version-history":[{"count":1,"href":"https:\/\/royalfamily.org\/lat\/wp-json\/wp\/v2\/posts\/96287\/revisions"}],"predecessor-version":[{"id":96288,"href":"https:\/\/royalfamily.org\/lat\/wp-json\/wp\/v2\/posts\/96287\/revisions\/96288"}],"wp:featuredmedia":[{"embeddable":true,"href":"https:\/\/royalfamily.org\/lat\/wp-json\/wp\/v2\/media\/96284"}],"wp:attachment":[{"href":"https:\/\/royalfamily.org\/lat\/wp-json\/wp\/v2\/media?parent=96287"}],"wp:term":[{"taxonomy":"category","embeddable":true,"href":"https:\/\/royalfamily.org\/lat\/wp-json\/wp\/v2\/categories?post=96287"},{"taxonomy":"post_tag","embeddable":true,"href":"https:\/\/royalfamily.org\/lat\/wp-json\/wp\/v2\/tags?post=96287"}],"curies":[{"name":"wp","href":"https:\/\/api.w.org\/{rel}","templated":true}]}}