{"id":98541,"date":"2026-03-25T08:27:36","date_gmt":"2026-03-25T07:27:36","guid":{"rendered":"https:\/\/royalfamily.org\/?p=98541"},"modified":"2026-03-25T08:27:36","modified_gmt":"2026-03-25T07:27:36","slug":"kraljevska-porodica-odala-pocast-zrtvama-nato-agresije","status":"publish","type":"post","link":"https:\/\/royalfamily.org\/lat\/kraljevska-porodica-odala-pocast-zrtvama-nato-agresije\/","title":{"rendered":"KRALjEVSKA PORODICA ODALA PO\u010cAST \u017dRTVAMA NATO AGRESIJE"},"content":{"rendered":"<p><div class=\"fusion-fullwidth fullwidth-box fusion-builder-row-1 fusion-flex-container has-pattern-background has-mask-background nonhundred-percent-fullwidth non-hundred-percent-height-scrolling\" style=\"--awb-border-radius-top-left:0px;--awb-border-radius-top-right:0px;--awb-border-radius-bottom-right:0px;--awb-border-radius-bottom-left:0px;--awb-flex-wrap:wrap;\" ><div class=\"fusion-builder-row fusion-row fusion-flex-align-items-flex-start fusion-flex-content-wrap\" style=\"max-width:1227.2px;margin-left: calc(-4% \/ 2 );margin-right: calc(-4% \/ 2 );\"><div class=\"fusion-layout-column fusion_builder_column fusion-builder-column-0 fusion_builder_column_1_1 1_1 fusion-flex-column\" style=\"--awb-bg-size:cover;--awb-width-large:100%;--awb-margin-top-large:0px;--awb-spacing-right-large:1.92%;--awb-margin-bottom-large:20px;--awb-spacing-left-large:1.92%;--awb-width-medium:100%;--awb-order-medium:0;--awb-spacing-right-medium:1.92%;--awb-spacing-left-medium:1.92%;--awb-width-small:100%;--awb-order-small:0;--awb-spacing-right-small:1.92%;--awb-spacing-left-small:1.92%;\"><div class=\"fusion-column-wrapper fusion-column-has-shadow fusion-flex-justify-content-flex-start fusion-content-layout-column\"><div class=\"fusion-text fusion-text-1\"><p>Nj.K.V. Prestolonaslednik Aleksandar, Nj.K.V. Princeza Katarina, Nj.K.V. Princ Naslednik Filip i Nj.K.V. Princeza Danica prisustvovali su danas parastosu i odali po\u0161tu \u017ertvama NATO agresije u beogradskoj op\u0161tini Rakovica, povodom 27. godi\u0161njice po\u010detka bombardovanja Savezne Republike Jugoslavije.<\/p>\n<p>Njihova Kraljevska Viso\u010danstva su se rado odazvala pozivu udru\u017eenja \u201eSrpski ratni veterani\u201c da, zajedno sa porodicama vojnika poginulih tokom rata 1999. godine, predstavnicima Srpske pravoslavne crkve i Policije Srbije, odaju po\u010dast svima koji su izgubili \u017eivote tokom 78 dana agresije. Nj.K.V. Prestolonaslednik Aleksandar, kao stare\u0161ina Kraljevskog doma, polo\u017eio je venac na spomenik poginulim i nestalim borcima na Kosovu i Metohiji u borbama od 1998. do 1999. godine.<\/p>\n<p>\u201cSa dubokom tugom se danas se\u0107amo svih nevinih \u017ertava tragi\u010dnih dana kada je zapo\u010dela agresija na na\u0161u zemlju od strane NATO pakta. Stradanja 1999. godine su ostavila neizbrisiv, krvavi trag u \u017eivotima mnogih, u celom na\u0161em narodu&#8230; Nanete su rane koje i danas bole.<\/p>\n<p>Se\u0107aju\u0107i se svih koji su izgubili \u017eivote tokom tih u\u017easnih dana, du\u017eni smo da \u010duvamo uspomenu, ali i da se zala\u017eemo da se takva tragedija nikada vi\u0161e ne ponovi, ni na\u0161em narodu ni bilo kom drugom. Jer, kao \u0161to je mnogo puta re\u010deno: \u201eSve \u0161to je potrebno za trijumf zla je da dobri ljudi ne \u010dine ni\u0161ta!\u201c Naravno, nepravedno bi bilo re\u0107i da nije bilo onih dobrih ljudi koji su ustali protiv ovog zla, ali su njihovi glasovi bili ugu\u0161eni ratnim pokli\u010dima.<\/p>\n<p>Na\u0161a vera nas obavezuje da pra\u0161tamo, ali smemo li da zaboravimo? Ne, nikada. Stradanje nevinih ljudi, toliko izgubljenih i uni\u0161tenih \u017eivota, \u010dine se\u0107anja na tragediju, na svo to u\u017easno razaranje i patnju, veoma \u017eivim. Neka je ve\u010dan pomen i Carstvo nebesko svima koji su pali tokom 78 dana agresije\u201d, poru\u010dio je Nj.K.V. Prestolonaslednik Aleksandar ovom prilikom.<\/p>\n<p>\u201eSa dubokom tugom i po\u0161tovanjem se\u0107amo se danas, na godi\u0161njicu stradanja, tragi\u010dnih dana agresije kojoj je bila izlo\u017eena na\u0161a Otad\u017ebina i na\u0161 narod. Sa pijetetom se prise\u0107amo svih nevino postradalih i njihovih porodica, \u010diji gubitak ostaje duboko urezan u na\u0161e kolektivno pam\u0107enje.<\/p>\n<p>I nakon 27 godina, posledice tog vremena nisu u potpunosti zaceljene. Razaranja i traume koje smo pretrpeli podse\u0107aju nas na cenu nasilja, i na odgovornost da ga vi\u0161e nikada ne dopustimo.<\/p>\n<p>Se\u0107anje na te dane nije samo dug prema pro\u0161losti, ve\u0107 i obaveza prema budu\u0107nosti koju zajedno gradimo. Kako pamtimo pro\u0161lost, tako gradimo budu\u0107nost. Istorija nas u\u010di da sila ne donosi trajna re\u0161enja. Mir, razumevanje i po\u0161tovanje ostaju jedini put ka dru\u0161tvu u kojem se ovakve tragedije nikada vi\u0161e ne\u0107e ponoviti\u201c, izjavio je Nj.K.V. Princ Naslednik Filip.<\/p>\n<p>Mesto gde je komemoracija odr\u017eana predstavlja jedinstven spomenik u na\u0161em regionu \u2013 na \u010detrdeset granitnih plo\u010da urezano je 1009 imena onih koji su svoj \u017eivot ostavili na Kosmetu. Me\u0111u njima je i 108 stradalih boraca sa karaule na Ko\u0161arama. Ali i 43 imena poginulih vojnika u oru\u017eanom sukobu u Sloveniji, \u0161to je do sada prvi put ura\u0111eno u Srbiji, i 90 imena stradalih Rakovi\u010dana u ratovima od 1991. do 1999.<\/p>\n<\/div><\/div><\/div><\/div><\/div><div class=\"fusion-fullwidth fullwidth-box fusion-builder-row-2 fusion-flex-container has-pattern-background has-mask-background nonhundred-percent-fullwidth non-hundred-percent-height-scrolling\" style=\"--awb-border-radius-top-left:0px;--awb-border-radius-top-right:0px;--awb-border-radius-bottom-right:0px;--awb-border-radius-bottom-left:0px;--awb-flex-wrap:wrap;\" ><div class=\"fusion-builder-row fusion-row fusion-flex-align-items-flex-start fusion-flex-content-wrap\" style=\"max-width:1227.2px;margin-left: calc(-4% \/ 2 );margin-right: calc(-4% \/ 2 );\"><div class=\"fusion-layout-column fusion_builder_column fusion-builder-column-1 fusion_builder_column_1_1 1_1 fusion-flex-column\" style=\"--awb-bg-size:cover;--awb-width-large:100%;--awb-margin-top-large:0px;--awb-spacing-right-large:1.92%;--awb-margin-bottom-large:20px;--awb-spacing-left-large:1.92%;--awb-width-medium:100%;--awb-order-medium:0;--awb-spacing-right-medium:1.92%;--awb-spacing-left-medium:1.92%;--awb-width-small:100%;--awb-order-small:0;--awb-spacing-right-small:1.92%;--awb-spacing-left-small:1.92%;\"><div class=\"fusion-column-wrapper fusion-column-has-shadow fusion-flex-justify-content-flex-start fusion-content-layout-column\"><div class=\"awb-gallery-wrapper awb-gallery-wrapper-1 button-span-no\" style=\"--more-btn-alignment:center;\" data-limit=\"20\" data-page=\"1\"><div style=\"margin:-5px;--awb-bordersize:0px;\" class=\"fusion-gallery fusion-gallery-container fusion-grid-3 fusion-columns-total-10 fusion-gallery-layout-grid fusion-gallery-1\"><div style=\"padding:5px;\" class=\"fusion-grid-column fusion-gallery-column fusion-gallery-column-3 hover-type-none\"><div class=\"fusion-gallery-image\"><a href=\"https:\/\/royalfamily.org\/wp-content\/uploads\/2026\/03\/1_8F2A2366-copy-scaled.jpg\" data-caption=\"KRALjEVSKA PORODICA ODALA PO\u010cAST \u017dRTVAMA NATO AGRESIJE\" rel=\"noreferrer\" data-rel=\"iLightbox[gallery_image_1]\" class=\"fusion-lightbox\" target=\"_self\"><img decoding=\"async\" src=\"https:\/\/royalfamily.org\/wp-content\/uploads\/2026\/03\/1_8F2A2366-copy-scaled.jpg\" width=\"2560\" height=\"1707\" alt=\"ROYAL FAMILY OF SERBIA HONOURS VICTIMS OF NATO AGGRESSION\" title=\"KRALjEVSKA PORODICA ODALA PO\u010cAST \u017dRTVAMA NATO AGRESIJE\" aria-label=\"KRALjEVSKA PORODICA ODALA PO\u010cAST \u017dRTVAMA NATO AGRESIJE\" class=\"img-responsive wp-image-98508\" srcset=\"https:\/\/royalfamily.org\/wp-content\/uploads\/2026\/03\/1_8F2A2366-copy-200x133.jpg 200w, https:\/\/royalfamily.org\/wp-content\/uploads\/2026\/03\/1_8F2A2366-copy-400x267.jpg 400w, https:\/\/royalfamily.org\/wp-content\/uploads\/2026\/03\/1_8F2A2366-copy-600x400.jpg 600w, https:\/\/royalfamily.org\/wp-content\/uploads\/2026\/03\/1_8F2A2366-copy-800x534.jpg 800w, https:\/\/royalfamily.org\/wp-content\/uploads\/2026\/03\/1_8F2A2366-copy-1200x800.jpg 1200w, https:\/\/royalfamily.org\/wp-content\/uploads\/2026\/03\/1_8F2A2366-copy-scaled.jpg 2560w\" sizes=\"(min-width: 2200px) 100vw, (min-width: 824px) 390px, (min-width: 732px) 585px, (min-width: 640px) 732px, \" \/><\/a><\/div><\/div><div style=\"padding:5px;\" class=\"fusion-grid-column fusion-gallery-column fusion-gallery-column-3 hover-type-none\"><div class=\"fusion-gallery-image\"><a href=\"https:\/\/royalfamily.org\/wp-content\/uploads\/2026\/03\/2_8F2A2222-copy-scaled.jpg\" data-caption=\"KRALjEVSKA PORODICA ODALA PO\u010cAST \u017dRTVAMA NATO AGRESIJE\" rel=\"noreferrer\" data-rel=\"iLightbox[gallery_image_1]\" class=\"fusion-lightbox\" target=\"_self\"><img decoding=\"async\" src=\"https:\/\/royalfamily.org\/wp-content\/uploads\/2026\/03\/2_8F2A2222-copy-scaled.jpg\" width=\"2560\" height=\"1707\" alt=\"ROYAL FAMILY OF SERBIA HONOURS VICTIMS OF NATO AGGRESSION\" title=\"KRALjEVSKA PORODICA ODALA PO\u010cAST \u017dRTVAMA NATO AGRESIJE\" aria-label=\"KRALjEVSKA PORODICA ODALA PO\u010cAST \u017dRTVAMA NATO AGRESIJE\" class=\"img-responsive wp-image-98511\" srcset=\"https:\/\/royalfamily.org\/wp-content\/uploads\/2026\/03\/2_8F2A2222-copy-200x133.jpg 200w, https:\/\/royalfamily.org\/wp-content\/uploads\/2026\/03\/2_8F2A2222-copy-400x267.jpg 400w, https:\/\/royalfamily.org\/wp-content\/uploads\/2026\/03\/2_8F2A2222-copy-600x400.jpg 600w, https:\/\/royalfamily.org\/wp-content\/uploads\/2026\/03\/2_8F2A2222-copy-800x533.jpg 800w, https:\/\/royalfamily.org\/wp-content\/uploads\/2026\/03\/2_8F2A2222-copy-1200x800.jpg 1200w, https:\/\/royalfamily.org\/wp-content\/uploads\/2026\/03\/2_8F2A2222-copy-scaled.jpg 2560w\" sizes=\"(min-width: 2200px) 100vw, (min-width: 824px) 390px, (min-width: 732px) 585px, (min-width: 640px) 732px, \" \/><\/a><\/div><\/div><div style=\"padding:5px;\" class=\"fusion-grid-column fusion-gallery-column fusion-gallery-column-3 hover-type-none\"><div class=\"fusion-gallery-image\"><a href=\"https:\/\/royalfamily.org\/wp-content\/uploads\/2026\/03\/3_8F2A1969-copy-scaled.jpg\" data-caption=\"KRALjEVSKA PORODICA ODALA PO\u010cAST \u017dRTVAMA NATO AGRESIJE\" rel=\"noreferrer\" data-rel=\"iLightbox[gallery_image_1]\" class=\"fusion-lightbox\" target=\"_self\"><img decoding=\"async\" src=\"https:\/\/royalfamily.org\/wp-content\/uploads\/2026\/03\/3_8F2A1969-copy-scaled.jpg\" width=\"2560\" height=\"1707\" alt=\"ROYAL FAMILY OF SERBIA HONOURS VICTIMS OF NATO AGGRESSION\" title=\"KRALjEVSKA PORODICA ODALA PO\u010cAST \u017dRTVAMA NATO AGRESIJE\" aria-label=\"KRALjEVSKA PORODICA ODALA PO\u010cAST \u017dRTVAMA NATO AGRESIJE\" class=\"img-responsive wp-image-98514\" srcset=\"https:\/\/royalfamily.org\/wp-content\/uploads\/2026\/03\/3_8F2A1969-copy-200x133.jpg 200w, https:\/\/royalfamily.org\/wp-content\/uploads\/2026\/03\/3_8F2A1969-copy-400x267.jpg 400w, https:\/\/royalfamily.org\/wp-content\/uploads\/2026\/03\/3_8F2A1969-copy-600x400.jpg 600w, https:\/\/royalfamily.org\/wp-content\/uploads\/2026\/03\/3_8F2A1969-copy-800x533.jpg 800w, https:\/\/royalfamily.org\/wp-content\/uploads\/2026\/03\/3_8F2A1969-copy-1200x800.jpg 1200w, https:\/\/royalfamily.org\/wp-content\/uploads\/2026\/03\/3_8F2A1969-copy-scaled.jpg 2560w\" sizes=\"(min-width: 2200px) 100vw, (min-width: 824px) 390px, (min-width: 732px) 585px, (min-width: 640px) 732px, \" \/><\/a><\/div><\/div><div class=\"clearfix\"><\/div><div style=\"padding:5px;\" class=\"fusion-grid-column fusion-gallery-column fusion-gallery-column-3 hover-type-none\"><div class=\"fusion-gallery-image\"><a href=\"https:\/\/royalfamily.org\/wp-content\/uploads\/2026\/03\/4_8F2A2117-copy-scaled.jpg\" data-caption=\"KRALjEVSKA PORODICA ODALA PO\u010cAST \u017dRTVAMA NATO AGRESIJE\" rel=\"noreferrer\" data-rel=\"iLightbox[gallery_image_1]\" class=\"fusion-lightbox\" target=\"_self\"><img decoding=\"async\" src=\"https:\/\/royalfamily.org\/wp-content\/uploads\/2026\/03\/4_8F2A2117-copy-scaled.jpg\" width=\"2560\" height=\"1707\" alt=\"ROYAL FAMILY OF SERBIA HONOURS VICTIMS OF NATO AGGRESSION\" title=\"KRALjEVSKA PORODICA ODALA PO\u010cAST \u017dRTVAMA NATO AGRESIJE\" aria-label=\"KRALjEVSKA PORODICA ODALA PO\u010cAST \u017dRTVAMA NATO AGRESIJE\" class=\"img-responsive wp-image-98517\" srcset=\"https:\/\/royalfamily.org\/wp-content\/uploads\/2026\/03\/4_8F2A2117-copy-200x133.jpg 200w, https:\/\/royalfamily.org\/wp-content\/uploads\/2026\/03\/4_8F2A2117-copy-400x267.jpg 400w, https:\/\/royalfamily.org\/wp-content\/uploads\/2026\/03\/4_8F2A2117-copy-600x400.jpg 600w, https:\/\/royalfamily.org\/wp-content\/uploads\/2026\/03\/4_8F2A2117-copy-800x533.jpg 800w, https:\/\/royalfamily.org\/wp-content\/uploads\/2026\/03\/4_8F2A2117-copy-1200x800.jpg 1200w, https:\/\/royalfamily.org\/wp-content\/uploads\/2026\/03\/4_8F2A2117-copy-scaled.jpg 2560w\" sizes=\"(min-width: 2200px) 100vw, (min-width: 824px) 390px, (min-width: 732px) 585px, (min-width: 640px) 732px, \" \/><\/a><\/div><\/div><div style=\"padding:5px;\" class=\"fusion-grid-column fusion-gallery-column fusion-gallery-column-3 hover-type-none\"><div class=\"fusion-gallery-image\"><a href=\"https:\/\/royalfamily.org\/wp-content\/uploads\/2026\/03\/5_8F2A1925-copy-scaled.jpg\" data-caption=\"KRALjEVSKA PORODICA ODALA PO\u010cAST \u017dRTVAMA NATO AGRESIJE\" rel=\"noreferrer\" data-rel=\"iLightbox[gallery_image_1]\" class=\"fusion-lightbox\" target=\"_self\"><img decoding=\"async\" src=\"https:\/\/royalfamily.org\/wp-content\/uploads\/2026\/03\/5_8F2A1925-copy-scaled.jpg\" width=\"2560\" height=\"1707\" alt=\"ROYAL FAMILY OF SERBIA HONOURS VICTIMS OF NATO AGGRESSION\" title=\"KRALjEVSKA PORODICA ODALA PO\u010cAST \u017dRTVAMA NATO AGRESIJE\" aria-label=\"KRALjEVSKA PORODICA ODALA PO\u010cAST \u017dRTVAMA NATO AGRESIJE\" class=\"img-responsive wp-image-98520\" srcset=\"https:\/\/royalfamily.org\/wp-content\/uploads\/2026\/03\/5_8F2A1925-copy-200x133.jpg 200w, https:\/\/royalfamily.org\/wp-content\/uploads\/2026\/03\/5_8F2A1925-copy-400x267.jpg 400w, https:\/\/royalfamily.org\/wp-content\/uploads\/2026\/03\/5_8F2A1925-copy-600x400.jpg 600w, https:\/\/royalfamily.org\/wp-content\/uploads\/2026\/03\/5_8F2A1925-copy-800x533.jpg 800w, https:\/\/royalfamily.org\/wp-content\/uploads\/2026\/03\/5_8F2A1925-copy-1200x800.jpg 1200w, https:\/\/royalfamily.org\/wp-content\/uploads\/2026\/03\/5_8F2A1925-copy-scaled.jpg 2560w\" sizes=\"(min-width: 2200px) 100vw, (min-width: 824px) 390px, (min-width: 732px) 585px, (min-width: 640px) 732px, \" \/><\/a><\/div><\/div><div style=\"padding:5px;\" class=\"fusion-grid-column fusion-gallery-column fusion-gallery-column-3 hover-type-none\"><div class=\"fusion-gallery-image\"><a href=\"https:\/\/royalfamily.org\/wp-content\/uploads\/2026\/03\/6_8F2A2383-copy-2.jpg\" data-caption=\"KRALjEVSKA PORODICA ODALA PO\u010cAST \u017dRTVAMA NATO AGRESIJE\" rel=\"noreferrer\" data-rel=\"iLightbox[gallery_image_1]\" class=\"fusion-lightbox\" target=\"_self\"><img decoding=\"async\" src=\"https:\/\/royalfamily.org\/wp-content\/uploads\/2026\/03\/6_8F2A2383-copy-2.jpg\" width=\"2362\" height=\"1575\" alt=\"ROYAL FAMILY OF SERBIA HONOURS VICTIMS OF NATO AGGRESSION\" title=\"KRALjEVSKA PORODICA ODALA PO\u010cAST \u017dRTVAMA NATO AGRESIJE\" aria-label=\"KRALjEVSKA PORODICA ODALA PO\u010cAST \u017dRTVAMA NATO AGRESIJE\" class=\"img-responsive wp-image-98523\" srcset=\"https:\/\/royalfamily.org\/wp-content\/uploads\/2026\/03\/6_8F2A2383-copy-2-200x133.jpg 200w, https:\/\/royalfamily.org\/wp-content\/uploads\/2026\/03\/6_8F2A2383-copy-2-400x267.jpg 400w, https:\/\/royalfamily.org\/wp-content\/uploads\/2026\/03\/6_8F2A2383-copy-2-600x400.jpg 600w, https:\/\/royalfamily.org\/wp-content\/uploads\/2026\/03\/6_8F2A2383-copy-2-800x533.jpg 800w, https:\/\/royalfamily.org\/wp-content\/uploads\/2026\/03\/6_8F2A2383-copy-2-1200x800.jpg 1200w, https:\/\/royalfamily.org\/wp-content\/uploads\/2026\/03\/6_8F2A2383-copy-2.jpg 2362w\" sizes=\"(min-width: 2200px) 100vw, (min-width: 824px) 390px, (min-width: 732px) 585px, (min-width: 640px) 732px, \" \/><\/a><\/div><\/div><div class=\"clearfix\"><\/div><div style=\"padding:5px;\" class=\"fusion-grid-column fusion-gallery-column fusion-gallery-column-3 hover-type-none\"><div class=\"fusion-gallery-image\"><a href=\"https:\/\/royalfamily.org\/wp-content\/uploads\/2026\/03\/7_8F2A1898-copy-scaled.jpg\" data-caption=\"KRALjEVSKA PORODICA ODALA PO\u010cAST \u017dRTVAMA NATO AGRESIJE\" rel=\"noreferrer\" data-rel=\"iLightbox[gallery_image_1]\" class=\"fusion-lightbox\" target=\"_self\"><img decoding=\"async\" src=\"https:\/\/royalfamily.org\/wp-content\/uploads\/2026\/03\/7_8F2A1898-copy-scaled.jpg\" width=\"2560\" height=\"1707\" alt=\"ROYAL FAMILY OF SERBIA HONOURS VICTIMS OF NATO AGGRESSION\" title=\"KRALjEVSKA PORODICA ODALA PO\u010cAST \u017dRTVAMA NATO AGRESIJE\" aria-label=\"KRALjEVSKA PORODICA ODALA PO\u010cAST \u017dRTVAMA NATO AGRESIJE\" class=\"img-responsive wp-image-98526\" srcset=\"https:\/\/royalfamily.org\/wp-content\/uploads\/2026\/03\/7_8F2A1898-copy-200x133.jpg 200w, https:\/\/royalfamily.org\/wp-content\/uploads\/2026\/03\/7_8F2A1898-copy-400x267.jpg 400w, https:\/\/royalfamily.org\/wp-content\/uploads\/2026\/03\/7_8F2A1898-copy-600x400.jpg 600w, https:\/\/royalfamily.org\/wp-content\/uploads\/2026\/03\/7_8F2A1898-copy-800x533.jpg 800w, https:\/\/royalfamily.org\/wp-content\/uploads\/2026\/03\/7_8F2A1898-copy-1200x800.jpg 1200w, https:\/\/royalfamily.org\/wp-content\/uploads\/2026\/03\/7_8F2A1898-copy-scaled.jpg 2560w\" sizes=\"(min-width: 2200px) 100vw, (min-width: 824px) 390px, (min-width: 732px) 585px, (min-width: 640px) 732px, \" \/><\/a><\/div><\/div><div style=\"padding:5px;\" class=\"fusion-grid-column fusion-gallery-column fusion-gallery-column-3 hover-type-none\"><div class=\"fusion-gallery-image\"><a href=\"https:\/\/royalfamily.org\/wp-content\/uploads\/2026\/03\/8_8F2A1881-copy-scaled.jpg\" data-caption=\"KRALjEVSKA PORODICA ODALA PO\u010cAST \u017dRTVAMA NATO AGRESIJE\" rel=\"noreferrer\" data-rel=\"iLightbox[gallery_image_1]\" class=\"fusion-lightbox\" target=\"_self\"><img decoding=\"async\" src=\"https:\/\/royalfamily.org\/wp-content\/uploads\/2026\/03\/8_8F2A1881-copy-scaled.jpg\" width=\"2560\" height=\"1707\" alt=\"ROYAL FAMILY OF SERBIA HONOURS VICTIMS OF NATO AGGRESSION\" title=\"KRALjEVSKA PORODICA ODALA PO\u010cAST \u017dRTVAMA NATO AGRESIJE\" aria-label=\"KRALjEVSKA PORODICA ODALA PO\u010cAST \u017dRTVAMA NATO AGRESIJE\" class=\"img-responsive wp-image-98529\" srcset=\"https:\/\/royalfamily.org\/wp-content\/uploads\/2026\/03\/8_8F2A1881-copy-200x133.jpg 200w, https:\/\/royalfamily.org\/wp-content\/uploads\/2026\/03\/8_8F2A1881-copy-400x267.jpg 400w, https:\/\/royalfamily.org\/wp-content\/uploads\/2026\/03\/8_8F2A1881-copy-600x400.jpg 600w, https:\/\/royalfamily.org\/wp-content\/uploads\/2026\/03\/8_8F2A1881-copy-800x533.jpg 800w, https:\/\/royalfamily.org\/wp-content\/uploads\/2026\/03\/8_8F2A1881-copy-1200x800.jpg 1200w, https:\/\/royalfamily.org\/wp-content\/uploads\/2026\/03\/8_8F2A1881-copy-scaled.jpg 2560w\" sizes=\"(min-width: 2200px) 100vw, (min-width: 824px) 390px, (min-width: 732px) 585px, (min-width: 640px) 732px, \" \/><\/a><\/div><\/div><div style=\"padding:5px;\" class=\"fusion-grid-column fusion-gallery-column fusion-gallery-column-3 hover-type-none\"><div class=\"fusion-gallery-image\"><a href=\"https:\/\/royalfamily.org\/wp-content\/uploads\/2026\/03\/9_8F2A2068-copy-scaled.jpg\" data-caption=\"KRALjEVSKA PORODICA ODALA PO\u010cAST \u017dRTVAMA NATO AGRESIJE\" rel=\"noreferrer\" data-rel=\"iLightbox[gallery_image_1]\" class=\"fusion-lightbox\" target=\"_self\"><img decoding=\"async\" src=\"https:\/\/royalfamily.org\/wp-content\/uploads\/2026\/03\/9_8F2A2068-copy-scaled.jpg\" width=\"2560\" height=\"1707\" alt=\"ROYAL FAMILY OF SERBIA HONOURS VICTIMS OF NATO AGGRESSION\" title=\"KRALjEVSKA PORODICA ODALA PO\u010cAST \u017dRTVAMA NATO AGRESIJE\" aria-label=\"KRALjEVSKA PORODICA ODALA PO\u010cAST \u017dRTVAMA NATO AGRESIJE\" class=\"img-responsive wp-image-98532\" srcset=\"https:\/\/royalfamily.org\/wp-content\/uploads\/2026\/03\/9_8F2A2068-copy-200x133.jpg 200w, https:\/\/royalfamily.org\/wp-content\/uploads\/2026\/03\/9_8F2A2068-copy-400x267.jpg 400w, https:\/\/royalfamily.org\/wp-content\/uploads\/2026\/03\/9_8F2A2068-copy-600x400.jpg 600w, https:\/\/royalfamily.org\/wp-content\/uploads\/2026\/03\/9_8F2A2068-copy-800x533.jpg 800w, https:\/\/royalfamily.org\/wp-content\/uploads\/2026\/03\/9_8F2A2068-copy-1200x800.jpg 1200w, https:\/\/royalfamily.org\/wp-content\/uploads\/2026\/03\/9_8F2A2068-copy-scaled.jpg 2560w\" sizes=\"(min-width: 2200px) 100vw, (min-width: 824px) 390px, (min-width: 732px) 585px, (min-width: 640px) 732px, \" \/><\/a><\/div><\/div><div class=\"clearfix\"><\/div><div style=\"padding:5px;\" class=\"fusion-grid-column fusion-gallery-column fusion-gallery-column-3 hover-type-none\"><div class=\"fusion-gallery-image\"><a href=\"https:\/\/royalfamily.org\/wp-content\/uploads\/2026\/03\/10_8F2A2305-copy-scaled.jpg\" data-caption=\"KRALjEVSKA PORODICA ODALA PO\u010cAST \u017dRTVAMA NATO AGRESIJE\" rel=\"noreferrer\" data-rel=\"iLightbox[gallery_image_1]\" class=\"fusion-lightbox\" target=\"_self\"><img decoding=\"async\" src=\"https:\/\/royalfamily.org\/wp-content\/uploads\/2026\/03\/10_8F2A2305-copy-scaled.jpg\" width=\"2560\" height=\"1707\" alt=\"ROYAL FAMILY OF SERBIA HONOURS VICTIMS OF NATO AGGRESSION\" title=\"KRALjEVSKA PORODICA ODALA PO\u010cAST \u017dRTVAMA NATO AGRESIJE\" aria-label=\"KRALjEVSKA PORODICA ODALA PO\u010cAST \u017dRTVAMA NATO AGRESIJE\" class=\"img-responsive wp-image-98535\" srcset=\"https:\/\/royalfamily.org\/wp-content\/uploads\/2026\/03\/10_8F2A2305-copy-200x133.jpg 200w, https:\/\/royalfamily.org\/wp-content\/uploads\/2026\/03\/10_8F2A2305-copy-400x267.jpg 400w, https:\/\/royalfamily.org\/wp-content\/uploads\/2026\/03\/10_8F2A2305-copy-600x400.jpg 600w, https:\/\/royalfamily.org\/wp-content\/uploads\/2026\/03\/10_8F2A2305-copy-800x534.jpg 800w, https:\/\/royalfamily.org\/wp-content\/uploads\/2026\/03\/10_8F2A2305-copy-1200x800.jpg 1200w, https:\/\/royalfamily.org\/wp-content\/uploads\/2026\/03\/10_8F2A2305-copy-scaled.jpg 2560w\" sizes=\"(min-width: 2200px) 100vw, (min-width: 824px) 390px, (min-width: 732px) 585px, (min-width: 640px) 732px, \" \/><\/a><\/div><\/div><\/div><\/div><\/div><\/div><\/div><\/div><\/p>\n","protected":false},"excerpt":{"rendered":"","protected":false},"author":1001015,"featured_media":98538,"comment_status":"closed","ping_status":"closed","sticky":false,"template":"","format":"standard","meta":{"_acf_changed":false,"footnotes":""},"categories":[22],"tags":[],"class_list":["post-98541","post","type-post","status-publish","format-standard","has-post-thumbnail","hentry","category-vesti"],"acf":[],"yoast_head":"<!-- This site is optimized with the Yoast SEO Premium plugin v27.4 (Yoast SEO v27.4) - https:\/\/yoast.com\/product\/yoast-seo-premium-wordpress\/ -->\n<title>KRALjEVSKA PORODICA ODALA PO\u010cAST \u017dRTVAMA NATO AGRESIJE - The Royal Family of Serbia<\/title>\n<meta name=\"robots\" content=\"index, follow, max-snippet:-1, max-image-preview:large, max-video-preview:-1\" \/>\n<link rel=\"canonical\" href=\"https:\/\/royalfamily.org\/lat\/kraljevska-porodica-odala-pocast-zrtvama-nato-agresije\/\" \/>\n<meta property=\"og:locale\" content=\"en_US\" \/>\n<meta property=\"og:type\" content=\"article\" \/>\n<meta property=\"og:title\" content=\"KRALjEVSKA PORODICA ODALA PO\u010cAST \u017dRTVAMA NATO AGRESIJE\" \/>\n<meta property=\"og:url\" content=\"https:\/\/royalfamily.org\/lat\/kraljevska-porodica-odala-pocast-zrtvama-nato-agresije\/\" \/>\n<meta property=\"og:site_name\" content=\"The Royal Family of Serbia\" \/>\n<meta property=\"article:publisher\" content=\"https:\/\/www.facebook.com\/Prestolonaslednik.Aleksandar\" \/>\n<meta property=\"article:published_time\" content=\"2026-03-25T07:27:36+00:00\" \/>\n<meta property=\"og:image\" content=\"https:\/\/royalfamily.org\/wp-content\/uploads\/2026\/03\/COVER-Godisnjica-NATO.jpg\" \/>\n\t<meta property=\"og:image:width\" content=\"1542\" \/>\n\t<meta property=\"og:image:height\" content=\"750\" \/>\n\t<meta property=\"og:image:type\" content=\"image\/jpeg\" \/>\n<meta name=\"author\" content=\"Stefan Milanovic\" \/>\n<meta name=\"twitter:card\" content=\"summary_large_image\" \/>\n<meta name=\"twitter:label1\" content=\"Written by\" \/>\n\t<meta name=\"twitter:data1\" content=\"Stefan Milanovic\" \/>\n\t<meta name=\"twitter:label2\" content=\"Est. reading time\" \/>\n\t<meta name=\"twitter:data2\" content=\"5 minutes\" \/>\n<script type=\"application\/ld+json\" class=\"yoast-schema-graph\">{\"@context\":\"https:\\\/\\\/schema.org\",\"@graph\":[{\"@type\":\"Article\",\"@id\":\"https:\\\/\\\/royalfamily.org\\\/lat\\\/kraljevska-porodica-odala-pocast-zrtvama-nato-agresije\\\/#article\",\"isPartOf\":{\"@id\":\"https:\\\/\\\/royalfamily.org\\\/lat\\\/kraljevska-porodica-odala-pocast-zrtvama-nato-agresije\\\/\"},\"author\":{\"name\":\"Stefan Milanovic\",\"@id\":\"https:\\\/\\\/royalfamily.org\\\/#\\\/schema\\\/person\\\/4ad3296a6a8a35eed333b6a785e9f648\"},\"headline\":\"KRALjEVSKA PORODICA ODALA PO\u010cAST \u017dRTVAMA NATO AGRESIJE\",\"datePublished\":\"2026-03-25T07:27:36+00:00\",\"mainEntityOfPage\":{\"@id\":\"https:\\\/\\\/royalfamily.org\\\/lat\\\/kraljevska-porodica-odala-pocast-zrtvama-nato-agresije\\\/\"},\"wordCount\":3223,\"publisher\":{\"@id\":\"https:\\\/\\\/royalfamily.org\\\/#organization\"},\"image\":{\"@id\":\"https:\\\/\\\/royalfamily.org\\\/lat\\\/kraljevska-porodica-odala-pocast-zrtvama-nato-agresije\\\/#primaryimage\"},\"thumbnailUrl\":\"https:\\\/\\\/royalfamily.org\\\/wp-content\\\/uploads\\\/2026\\\/03\\\/COVER-Godisnjica-NATO.jpg\",\"articleSection\":[\"Vesti\"],\"inLanguage\":\"sr-LT\"},{\"@type\":\"WebPage\",\"@id\":\"https:\\\/\\\/royalfamily.org\\\/lat\\\/kraljevska-porodica-odala-pocast-zrtvama-nato-agresije\\\/\",\"url\":\"https:\\\/\\\/royalfamily.org\\\/lat\\\/kraljevska-porodica-odala-pocast-zrtvama-nato-agresije\\\/\",\"name\":\"KRALjEVSKA PORODICA ODALA PO\u010cAST \u017dRTVAMA NATO AGRESIJE - The Royal Family of Serbia\",\"isPartOf\":{\"@id\":\"https:\\\/\\\/royalfamily.org\\\/#website\"},\"primaryImageOfPage\":{\"@id\":\"https:\\\/\\\/royalfamily.org\\\/lat\\\/kraljevska-porodica-odala-pocast-zrtvama-nato-agresije\\\/#primaryimage\"},\"image\":{\"@id\":\"https:\\\/\\\/royalfamily.org\\\/lat\\\/kraljevska-porodica-odala-pocast-zrtvama-nato-agresije\\\/#primaryimage\"},\"thumbnailUrl\":\"https:\\\/\\\/royalfamily.org\\\/wp-content\\\/uploads\\\/2026\\\/03\\\/COVER-Godisnjica-NATO.jpg\",\"datePublished\":\"2026-03-25T07:27:36+00:00\",\"breadcrumb\":{\"@id\":\"https:\\\/\\\/royalfamily.org\\\/lat\\\/kraljevska-porodica-odala-pocast-zrtvama-nato-agresije\\\/#breadcrumb\"},\"inLanguage\":\"sr-LT\",\"potentialAction\":[{\"@type\":\"ReadAction\",\"target\":[\"https:\\\/\\\/royalfamily.org\\\/lat\\\/kraljevska-porodica-odala-pocast-zrtvama-nato-agresije\\\/\"]}]},{\"@type\":\"ImageObject\",\"inLanguage\":\"sr-LT\",\"@id\":\"https:\\\/\\\/royalfamily.org\\\/lat\\\/kraljevska-porodica-odala-pocast-zrtvama-nato-agresije\\\/#primaryimage\",\"url\":\"https:\\\/\\\/royalfamily.org\\\/wp-content\\\/uploads\\\/2026\\\/03\\\/COVER-Godisnjica-NATO.jpg\",\"contentUrl\":\"https:\\\/\\\/royalfamily.org\\\/wp-content\\\/uploads\\\/2026\\\/03\\\/COVER-Godisnjica-NATO.jpg\",\"width\":1542,\"height\":750,\"caption\":\"KRALjEVSKA PORODICA ODALA PO\u010cAST \u017dRTVAMA NATO AGRESIJE\"},{\"@type\":\"BreadcrumbList\",\"@id\":\"https:\\\/\\\/royalfamily.org\\\/lat\\\/kraljevska-porodica-odala-pocast-zrtvama-nato-agresije\\\/#breadcrumb\",\"itemListElement\":[{\"@type\":\"ListItem\",\"position\":1,\"name\":\"Home\",\"item\":\"https:\\\/\\\/royalfamily.org\\\/lat\\\/\"},{\"@type\":\"ListItem\",\"position\":2,\"name\":\"KRALjEVSKA PORODICA ODALA PO\u010cAST \u017dRTVAMA NATO AGRESIJE\"}]},{\"@type\":\"WebSite\",\"@id\":\"https:\\\/\\\/royalfamily.org\\\/#website\",\"url\":\"https:\\\/\\\/royalfamily.org\\\/\",\"name\":\"The Royal Family of Serbia\",\"description\":\"From the people, for the people\",\"publisher\":{\"@id\":\"https:\\\/\\\/royalfamily.org\\\/#organization\"},\"potentialAction\":[{\"@type\":\"SearchAction\",\"target\":{\"@type\":\"EntryPoint\",\"urlTemplate\":\"https:\\\/\\\/royalfamily.org\\\/?s={search_term_string}\"},\"query-input\":{\"@type\":\"PropertyValueSpecification\",\"valueRequired\":true,\"valueName\":\"search_term_string\"}}],\"inLanguage\":\"sr-LT\"},{\"@type\":\"Organization\",\"@id\":\"https:\\\/\\\/royalfamily.org\\\/#organization\",\"name\":\"Royal Family\",\"url\":\"https:\\\/\\\/royalfamily.org\\\/\",\"logo\":{\"@type\":\"ImageObject\",\"inLanguage\":\"sr-LT\",\"@id\":\"https:\\\/\\\/royalfamily.org\\\/#\\\/schema\\\/logo\\\/image\\\/\",\"url\":\"https:\\\/\\\/royalfamily.org\\\/wp-content\\\/uploads\\\/2019\\\/04\\\/logo-vector-02-V-latinica.png\",\"contentUrl\":\"https:\\\/\\\/royalfamily.org\\\/wp-content\\\/uploads\\\/2019\\\/04\\\/logo-vector-02-V-latinica.png\",\"width\":552,\"height\":99,\"caption\":\"Royal Family\"},\"image\":{\"@id\":\"https:\\\/\\\/royalfamily.org\\\/#\\\/schema\\\/logo\\\/image\\\/\"},\"sameAs\":[\"https:\\\/\\\/www.facebook.com\\\/Prestolonaslednik.Aleksandar\"]},{\"@type\":\"Person\",\"@id\":\"https:\\\/\\\/royalfamily.org\\\/#\\\/schema\\\/person\\\/4ad3296a6a8a35eed333b6a785e9f648\",\"name\":\"Stefan Milanovic\",\"image\":{\"@type\":\"ImageObject\",\"inLanguage\":\"sr-LT\",\"@id\":\"https:\\\/\\\/secure.gravatar.com\\\/avatar\\\/92dcbdcf3e32112a9ceb1e41665b1f44c69382d014cacfe12c701f6af7c40259?s=96&d=mm&r=g\",\"url\":\"https:\\\/\\\/secure.gravatar.com\\\/avatar\\\/92dcbdcf3e32112a9ceb1e41665b1f44c69382d014cacfe12c701f6af7c40259?s=96&d=mm&r=g\",\"contentUrl\":\"https:\\\/\\\/secure.gravatar.com\\\/avatar\\\/92dcbdcf3e32112a9ceb1e41665b1f44c69382d014cacfe12c701f6af7c40259?s=96&d=mm&r=g\",\"caption\":\"Stefan Milanovic\"}}]}<\/script>\n<!-- \/ Yoast SEO Premium plugin. -->","yoast_head_json":{"title":"KRALjEVSKA PORODICA ODALA PO\u010cAST \u017dRTVAMA NATO AGRESIJE - The Royal Family of Serbia","robots":{"index":"index","follow":"follow","max-snippet":"max-snippet:-1","max-image-preview":"max-image-preview:large","max-video-preview":"max-video-preview:-1"},"canonical":"https:\/\/royalfamily.org\/lat\/kraljevska-porodica-odala-pocast-zrtvama-nato-agresije\/","og_locale":"en_US","og_type":"article","og_title":"KRALjEVSKA PORODICA ODALA PO\u010cAST \u017dRTVAMA NATO AGRESIJE","og_url":"https:\/\/royalfamily.org\/lat\/kraljevska-porodica-odala-pocast-zrtvama-nato-agresije\/","og_site_name":"The Royal Family of Serbia","article_publisher":"https:\/\/www.facebook.com\/Prestolonaslednik.Aleksandar","article_published_time":"2026-03-25T07:27:36+00:00","og_image":[{"width":1542,"height":750,"url":"https:\/\/royalfamily.org\/wp-content\/uploads\/2026\/03\/COVER-Godisnjica-NATO.jpg","type":"image\/jpeg"}],"author":"Stefan Milanovic","twitter_card":"summary_large_image","twitter_misc":{"Written by":"Stefan Milanovic","Est. reading time":"5 minutes"},"schema":{"@context":"https:\/\/schema.org","@graph":[{"@type":"Article","@id":"https:\/\/royalfamily.org\/lat\/kraljevska-porodica-odala-pocast-zrtvama-nato-agresije\/#article","isPartOf":{"@id":"https:\/\/royalfamily.org\/lat\/kraljevska-porodica-odala-pocast-zrtvama-nato-agresije\/"},"author":{"name":"Stefan Milanovic","@id":"https:\/\/royalfamily.org\/#\/schema\/person\/4ad3296a6a8a35eed333b6a785e9f648"},"headline":"KRALjEVSKA PORODICA ODALA PO\u010cAST \u017dRTVAMA NATO AGRESIJE","datePublished":"2026-03-25T07:27:36+00:00","mainEntityOfPage":{"@id":"https:\/\/royalfamily.org\/lat\/kraljevska-porodica-odala-pocast-zrtvama-nato-agresije\/"},"wordCount":3223,"publisher":{"@id":"https:\/\/royalfamily.org\/#organization"},"image":{"@id":"https:\/\/royalfamily.org\/lat\/kraljevska-porodica-odala-pocast-zrtvama-nato-agresije\/#primaryimage"},"thumbnailUrl":"https:\/\/royalfamily.org\/wp-content\/uploads\/2026\/03\/COVER-Godisnjica-NATO.jpg","articleSection":["Vesti"],"inLanguage":"sr-LT"},{"@type":"WebPage","@id":"https:\/\/royalfamily.org\/lat\/kraljevska-porodica-odala-pocast-zrtvama-nato-agresije\/","url":"https:\/\/royalfamily.org\/lat\/kraljevska-porodica-odala-pocast-zrtvama-nato-agresije\/","name":"KRALjEVSKA PORODICA ODALA PO\u010cAST \u017dRTVAMA NATO AGRESIJE - The Royal Family of Serbia","isPartOf":{"@id":"https:\/\/royalfamily.org\/#website"},"primaryImageOfPage":{"@id":"https:\/\/royalfamily.org\/lat\/kraljevska-porodica-odala-pocast-zrtvama-nato-agresije\/#primaryimage"},"image":{"@id":"https:\/\/royalfamily.org\/lat\/kraljevska-porodica-odala-pocast-zrtvama-nato-agresije\/#primaryimage"},"thumbnailUrl":"https:\/\/royalfamily.org\/wp-content\/uploads\/2026\/03\/COVER-Godisnjica-NATO.jpg","datePublished":"2026-03-25T07:27:36+00:00","breadcrumb":{"@id":"https:\/\/royalfamily.org\/lat\/kraljevska-porodica-odala-pocast-zrtvama-nato-agresije\/#breadcrumb"},"inLanguage":"sr-LT","potentialAction":[{"@type":"ReadAction","target":["https:\/\/royalfamily.org\/lat\/kraljevska-porodica-odala-pocast-zrtvama-nato-agresije\/"]}]},{"@type":"ImageObject","inLanguage":"sr-LT","@id":"https:\/\/royalfamily.org\/lat\/kraljevska-porodica-odala-pocast-zrtvama-nato-agresije\/#primaryimage","url":"https:\/\/royalfamily.org\/wp-content\/uploads\/2026\/03\/COVER-Godisnjica-NATO.jpg","contentUrl":"https:\/\/royalfamily.org\/wp-content\/uploads\/2026\/03\/COVER-Godisnjica-NATO.jpg","width":1542,"height":750,"caption":"KRALjEVSKA PORODICA ODALA PO\u010cAST \u017dRTVAMA NATO AGRESIJE"},{"@type":"BreadcrumbList","@id":"https:\/\/royalfamily.org\/lat\/kraljevska-porodica-odala-pocast-zrtvama-nato-agresije\/#breadcrumb","itemListElement":[{"@type":"ListItem","position":1,"name":"Home","item":"https:\/\/royalfamily.org\/lat\/"},{"@type":"ListItem","position":2,"name":"KRALjEVSKA PORODICA ODALA PO\u010cAST \u017dRTVAMA NATO AGRESIJE"}]},{"@type":"WebSite","@id":"https:\/\/royalfamily.org\/#website","url":"https:\/\/royalfamily.org\/","name":"The Royal Family of Serbia","description":"From the people, for the people","publisher":{"@id":"https:\/\/royalfamily.org\/#organization"},"potentialAction":[{"@type":"SearchAction","target":{"@type":"EntryPoint","urlTemplate":"https:\/\/royalfamily.org\/?s={search_term_string}"},"query-input":{"@type":"PropertyValueSpecification","valueRequired":true,"valueName":"search_term_string"}}],"inLanguage":"sr-LT"},{"@type":"Organization","@id":"https:\/\/royalfamily.org\/#organization","name":"Royal Family","url":"https:\/\/royalfamily.org\/","logo":{"@type":"ImageObject","inLanguage":"sr-LT","@id":"https:\/\/royalfamily.org\/#\/schema\/logo\/image\/","url":"https:\/\/royalfamily.org\/wp-content\/uploads\/2019\/04\/logo-vector-02-V-latinica.png","contentUrl":"https:\/\/royalfamily.org\/wp-content\/uploads\/2019\/04\/logo-vector-02-V-latinica.png","width":552,"height":99,"caption":"Royal Family"},"image":{"@id":"https:\/\/royalfamily.org\/#\/schema\/logo\/image\/"},"sameAs":["https:\/\/www.facebook.com\/Prestolonaslednik.Aleksandar"]},{"@type":"Person","@id":"https:\/\/royalfamily.org\/#\/schema\/person\/4ad3296a6a8a35eed333b6a785e9f648","name":"Stefan Milanovic","image":{"@type":"ImageObject","inLanguage":"sr-LT","@id":"https:\/\/secure.gravatar.com\/avatar\/92dcbdcf3e32112a9ceb1e41665b1f44c69382d014cacfe12c701f6af7c40259?s=96&d=mm&r=g","url":"https:\/\/secure.gravatar.com\/avatar\/92dcbdcf3e32112a9ceb1e41665b1f44c69382d014cacfe12c701f6af7c40259?s=96&d=mm&r=g","contentUrl":"https:\/\/secure.gravatar.com\/avatar\/92dcbdcf3e32112a9ceb1e41665b1f44c69382d014cacfe12c701f6af7c40259?s=96&d=mm&r=g","caption":"Stefan Milanovic"}}]}},"_links":{"self":[{"href":"https:\/\/royalfamily.org\/lat\/wp-json\/wp\/v2\/posts\/98541","targetHints":{"allow":["GET"]}}],"collection":[{"href":"https:\/\/royalfamily.org\/lat\/wp-json\/wp\/v2\/posts"}],"about":[{"href":"https:\/\/royalfamily.org\/lat\/wp-json\/wp\/v2\/types\/post"}],"author":[{"embeddable":true,"href":"https:\/\/royalfamily.org\/lat\/wp-json\/wp\/v2\/users\/1001015"}],"replies":[{"embeddable":true,"href":"https:\/\/royalfamily.org\/lat\/wp-json\/wp\/v2\/comments?post=98541"}],"version-history":[{"count":1,"href":"https:\/\/royalfamily.org\/lat\/wp-json\/wp\/v2\/posts\/98541\/revisions"}],"predecessor-version":[{"id":98542,"href":"https:\/\/royalfamily.org\/lat\/wp-json\/wp\/v2\/posts\/98541\/revisions\/98542"}],"wp:featuredmedia":[{"embeddable":true,"href":"https:\/\/royalfamily.org\/lat\/wp-json\/wp\/v2\/media\/98538"}],"wp:attachment":[{"href":"https:\/\/royalfamily.org\/lat\/wp-json\/wp\/v2\/media?parent=98541"}],"wp:term":[{"taxonomy":"category","embeddable":true,"href":"https:\/\/royalfamily.org\/lat\/wp-json\/wp\/v2\/categories?post=98541"},{"taxonomy":"post_tag","embeddable":true,"href":"https:\/\/royalfamily.org\/lat\/wp-json\/wp\/v2\/tags?post=98541"}],"curies":[{"name":"wp","href":"https:\/\/api.w.org\/{rel}","templated":true}]}}