{"id":98603,"date":"2026-03-26T15:49:44","date_gmt":"2026-03-26T14:49:44","guid":{"rendered":"https:\/\/royalfamily.org\/?p=98603"},"modified":"2026-03-26T15:49:44","modified_gmt":"2026-03-26T14:49:44","slug":"princeza-katarina-urucila-vrednu-donaciju-deci-u-umcarima","status":"publish","type":"post","link":"https:\/\/royalfamily.org\/lat\/princeza-katarina-urucila-vrednu-donaciju-deci-u-umcarima\/","title":{"rendered":"PRINCEZA KATARINA URU\u010cILA VREDNU DONACIJU DECI U UM\u010cARIMA"},"content":{"rendered":"<p><div class=\"fusion-fullwidth fullwidth-box fusion-builder-row-1 fusion-flex-container has-pattern-background has-mask-background nonhundred-percent-fullwidth non-hundred-percent-height-scrolling\" style=\"--awb-border-radius-top-left:0px;--awb-border-radius-top-right:0px;--awb-border-radius-bottom-right:0px;--awb-border-radius-bottom-left:0px;--awb-flex-wrap:wrap;\" ><div class=\"fusion-builder-row fusion-row fusion-flex-align-items-flex-start fusion-flex-content-wrap\" style=\"max-width:1227.2px;margin-left: calc(-4% \/ 2 );margin-right: calc(-4% \/ 2 );\"><div class=\"fusion-layout-column fusion_builder_column fusion-builder-column-0 fusion_builder_column_1_1 1_1 fusion-flex-column\" style=\"--awb-bg-size:cover;--awb-width-large:100%;--awb-margin-top-large:0px;--awb-spacing-right-large:1.92%;--awb-margin-bottom-large:20px;--awb-spacing-left-large:1.92%;--awb-width-medium:100%;--awb-order-medium:0;--awb-spacing-right-medium:1.92%;--awb-spacing-left-medium:1.92%;--awb-width-small:100%;--awb-order-small:0;--awb-spacing-right-small:1.92%;--awb-spacing-left-small:1.92%;\"><div class=\"fusion-column-wrapper fusion-column-has-shadow fusion-flex-justify-content-flex-start fusion-content-layout-column\"><div class=\"fusion-text fusion-text-1\"><p>Njihova Kraljevska Viso\u010danstva Prestolonaslednik Aleksandar i Princeza Katarina posetili su danas Osnovnu \u0161kolu \u201eMi\u0107a Stojkovi\u0107\u201c u Um\u010darima, gde su uru\u010dili vrednu, preko potrebnu donaciju, obezbe\u0111enu sa \u017eeljom da se znatno pobolj\u0161aju uslovi u kojima u\u010denici provode \u0161kolske dane.<\/p>\n<p>Ova velikodu\u0161na donacija omogu\u0107ena je zahvaljuju\u0107i podr\u0161ci Fondacije D\u017eon i Mildred Medi\u0107 Vu\u010deni\u0107 (John and Mildred Medic Wuchenich), u saradnji sa humanitarnom organizacijom Lajflajn \u010cikago, koja od 1993. godine deluje pod pokroviteljstvom Njenog Kraljevskog Viso\u010danstva. Osnovni cilj ovog projekta bio je da se \u0161kola opremi savremenom i kvalitetnom kuhinjskom opremom, inventarom i name\u0161tajem za trpezariju.<\/p>\n<p>Donacija je obuhvatila nove stolove i stolice za trpezariju, 10 stolova i 60 stolica, deset vre\u0107a za sedenje i jedan televizor. \u0160kolska kuhinja u potpunosti je obnovljena profesionalnim fri\u017eiderom i zamrziva\u010dem, industrijskom ma\u0161inom za pranje sudova, sudoperom, kolicima za poslu\u017eivanje hrane, fritezom, kao i kompletnim setovima \u0161erpi i tiganja.<\/p>\n<p>Njihova Kraljevska Viso\u010danstva srda\u010dno su do\u010dekali direktor \u0161kole, g.\u00a0Vladimir Boki\u0107, nastavnici i u\u010denici, koji su u njihovu \u010dast pripremili i izveli prigodan i dirljiv muzi\u010dki program.<\/p>\n<p>\u201eVeoma sam sre\u0107na \u0161to smo danas ovde, u va\u0161oj \u0161koli. Veliko mi je zadovoljstvo \u0161to smo bili u prilici da pomognemo i donesemo radost ovoj divnoj deci. Moj suprug i ja duboko smo zahvalni donatorima, porodici Vu\u010deni\u0107 i kancelariji Lajflajn \u010cikaga, koji su omogu\u0107ili da ova vredna donacija stigne do vas. Vi\u0161e od trideset godina, moja Fondacija poma\u017ee ustanovama i \u0161kolama koje brinu o deci u Srbiji i Republici Srpskoj. Zajedno mo\u017eemo posti\u0107i toliko toga. Draga deco, \u017eelim da znate da smo uvek uz vas. Tu smo da vas volimo i brinemo o vama, jer nam je va\u0161a sre\u0107a najva\u017enija\u201c, rekla je NJ.K.V. Princeza Katarina.<\/p>\n<p>NJ.K.V. Prestolonaslednik Aleksandar obratio se prisutnima i istakao koliko je ponosan na svoju suprugu zbog jo\u0161 jednog uspe\u0161no ostvarenog va\u017enog projekta, pohvaliv\u0161i njen neumorni humanitarni rad u podr\u0161ci obrazovanju i unapre\u0111enju uslova \u017eivota dece \u0161irom Srbije.<\/p>\n<p>Direktor Boki\u0107 prene je zahvalnost kolektiva: \u201eHvala vam najlep\u0161e, Va\u0161a Kraljevska Viso\u010danstva, \u0161to ste izabrali na\u0161u \u0161kolu za ovu vrednu donaciju i \u0161to ste pokazali veliko saose\u0107anje, razumevanje i brigu za decu koja ovde rastu, u\u010de i igraju se. Va\u0161a podr\u0161ka, kao i podr\u0161ka donatora, u velikoj meri doprinosi pobolj\u0161anju uslova i za obrazovanje i za svakodnevni \u017eivot u na\u0161oj \u0161koli. U ime svih u\u010denika, nastavnika i zaposlenih, upu\u0107ujem vam na\u0161u iskrenu zahvalnost.\u201c<\/p>\n<\/div><\/div><\/div><\/div><\/div><div class=\"fusion-fullwidth fullwidth-box fusion-builder-row-2 fusion-flex-container has-pattern-background has-mask-background nonhundred-percent-fullwidth non-hundred-percent-height-scrolling\" style=\"--awb-border-radius-top-left:0px;--awb-border-radius-top-right:0px;--awb-border-radius-bottom-right:0px;--awb-border-radius-bottom-left:0px;--awb-flex-wrap:wrap;\" ><div class=\"fusion-builder-row fusion-row fusion-flex-align-items-flex-start fusion-flex-content-wrap\" style=\"max-width:1227.2px;margin-left: calc(-4% \/ 2 );margin-right: calc(-4% \/ 2 );\"><div class=\"fusion-layout-column fusion_builder_column fusion-builder-column-1 fusion_builder_column_1_1 1_1 fusion-flex-column\" style=\"--awb-bg-size:cover;--awb-width-large:100%;--awb-margin-top-large:0px;--awb-spacing-right-large:1.92%;--awb-margin-bottom-large:20px;--awb-spacing-left-large:1.92%;--awb-width-medium:100%;--awb-order-medium:0;--awb-spacing-right-medium:1.92%;--awb-spacing-left-medium:1.92%;--awb-width-small:100%;--awb-order-small:0;--awb-spacing-right-small:1.92%;--awb-spacing-left-small:1.92%;\"><div class=\"fusion-column-wrapper fusion-column-has-shadow fusion-flex-justify-content-flex-start fusion-content-layout-column\"><div class=\"awb-gallery-wrapper awb-gallery-wrapper-1 button-span-no\" style=\"--more-btn-alignment:center;\" data-limit=\"20\" data-page=\"1\"><div style=\"margin:-5px;--awb-bordersize:0px;\" class=\"fusion-gallery fusion-gallery-container fusion-grid-3 fusion-columns-total-17 fusion-gallery-layout-grid fusion-gallery-1\"><div style=\"padding:5px;\" class=\"fusion-grid-column fusion-gallery-column fusion-gallery-column-3 hover-type-none\"><div class=\"fusion-gallery-image\"><a href=\"https:\/\/royalfamily.org\/wp-content\/uploads\/2026\/03\/1-Umcari-26-scaled.jpg\" data-caption=\"CROWN PRINCESS KATHERINE BRINGS IMPORTANT DONATION TO CHILDREN IN UM\u010cARI\" rel=\"noreferrer\" data-rel=\"iLightbox[gallery_image_1]\" class=\"fusion-lightbox\" target=\"_self\"><img decoding=\"async\" src=\"https:\/\/royalfamily.org\/wp-content\/uploads\/2026\/03\/1-Umcari-26-scaled.jpg\" width=\"2560\" height=\"1706\" alt=\"CROWN PRINCESS KATHERINE BRINGS IMPORTANT DONATION TO CHILDREN IN UM\u010cARI\" title=\"1 Umcari (26)\" aria-label=\"1 Umcari (26)\" class=\"img-responsive wp-image-98549\" srcset=\"https:\/\/royalfamily.org\/wp-content\/uploads\/2026\/03\/1-Umcari-26-200x133.jpg 200w, https:\/\/royalfamily.org\/wp-content\/uploads\/2026\/03\/1-Umcari-26-400x267.jpg 400w, https:\/\/royalfamily.org\/wp-content\/uploads\/2026\/03\/1-Umcari-26-600x400.jpg 600w, https:\/\/royalfamily.org\/wp-content\/uploads\/2026\/03\/1-Umcari-26-800x533.jpg 800w, https:\/\/royalfamily.org\/wp-content\/uploads\/2026\/03\/1-Umcari-26-1200x800.jpg 1200w, https:\/\/royalfamily.org\/wp-content\/uploads\/2026\/03\/1-Umcari-26-scaled.jpg 2560w\" sizes=\"(min-width: 2200px) 100vw, (min-width: 824px) 390px, (min-width: 732px) 585px, (min-width: 640px) 732px, \" \/><\/a><\/div><\/div><div style=\"padding:5px;\" class=\"fusion-grid-column fusion-gallery-column fusion-gallery-column-3 hover-type-none\"><div class=\"fusion-gallery-image\"><a href=\"https:\/\/royalfamily.org\/wp-content\/uploads\/2026\/03\/2-Umcari-1-scaled.jpg\" data-caption=\"PRINCEZA KATARINA URU\u010cILA VREDNU DONACIJU DECI U UM\u010cARIMA\" rel=\"noreferrer\" data-rel=\"iLightbox[gallery_image_1]\" class=\"fusion-lightbox\" target=\"_self\"><img decoding=\"async\" src=\"https:\/\/royalfamily.org\/wp-content\/uploads\/2026\/03\/2-Umcari-1-scaled.jpg\" width=\"2560\" height=\"1706\" alt=\"CROWN PRINCESS KATHERINE BRINGS IMPORTANT DONATION TO CHILDREN IN UM\u010cARI\" title=\"PRINCEZA KATARINA URU\u010cILA VREDNU DONACIJU DECI U UM\u010cARIMA\" aria-label=\"PRINCEZA KATARINA URU\u010cILA VREDNU DONACIJU DECI U UM\u010cARIMA\" class=\"img-responsive wp-image-98552\" srcset=\"https:\/\/royalfamily.org\/wp-content\/uploads\/2026\/03\/2-Umcari-1-200x133.jpg 200w, https:\/\/royalfamily.org\/wp-content\/uploads\/2026\/03\/2-Umcari-1-400x267.jpg 400w, https:\/\/royalfamily.org\/wp-content\/uploads\/2026\/03\/2-Umcari-1-600x400.jpg 600w, https:\/\/royalfamily.org\/wp-content\/uploads\/2026\/03\/2-Umcari-1-800x533.jpg 800w, https:\/\/royalfamily.org\/wp-content\/uploads\/2026\/03\/2-Umcari-1-1200x800.jpg 1200w, https:\/\/royalfamily.org\/wp-content\/uploads\/2026\/03\/2-Umcari-1-scaled.jpg 2560w\" sizes=\"(min-width: 2200px) 100vw, (min-width: 824px) 390px, (min-width: 732px) 585px, (min-width: 640px) 732px, \" \/><\/a><\/div><\/div><div style=\"padding:5px;\" class=\"fusion-grid-column fusion-gallery-column fusion-gallery-column-3 hover-type-none\"><div class=\"fusion-gallery-image\"><a href=\"https:\/\/royalfamily.org\/wp-content\/uploads\/2026\/03\/3-Umcari-2-scaled.jpg\" data-caption=\"PRINCEZA KATARINA URU\u010cILA VREDNU DONACIJU DECI U UM\u010cARIMA\" rel=\"noreferrer\" data-rel=\"iLightbox[gallery_image_1]\" class=\"fusion-lightbox\" target=\"_self\"><img decoding=\"async\" src=\"https:\/\/royalfamily.org\/wp-content\/uploads\/2026\/03\/3-Umcari-2-scaled.jpg\" width=\"2560\" height=\"1706\" alt=\"CROWN PRINCESS KATHERINE BRINGS IMPORTANT DONATION TO CHILDREN IN UM\u010cARI\" title=\"PRINCEZA KATARINA URU\u010cILA VREDNU DONACIJU DECI U UM\u010cARIMA\" aria-label=\"PRINCEZA KATARINA URU\u010cILA VREDNU DONACIJU DECI U UM\u010cARIMA\" class=\"img-responsive wp-image-98555\" srcset=\"https:\/\/royalfamily.org\/wp-content\/uploads\/2026\/03\/3-Umcari-2-200x133.jpg 200w, https:\/\/royalfamily.org\/wp-content\/uploads\/2026\/03\/3-Umcari-2-400x267.jpg 400w, https:\/\/royalfamily.org\/wp-content\/uploads\/2026\/03\/3-Umcari-2-600x400.jpg 600w, https:\/\/royalfamily.org\/wp-content\/uploads\/2026\/03\/3-Umcari-2-800x533.jpg 800w, https:\/\/royalfamily.org\/wp-content\/uploads\/2026\/03\/3-Umcari-2-1200x800.jpg 1200w, https:\/\/royalfamily.org\/wp-content\/uploads\/2026\/03\/3-Umcari-2-scaled.jpg 2560w\" sizes=\"(min-width: 2200px) 100vw, (min-width: 824px) 390px, (min-width: 732px) 585px, (min-width: 640px) 732px, \" \/><\/a><\/div><\/div><div class=\"clearfix\"><\/div><div style=\"padding:5px;\" class=\"fusion-grid-column fusion-gallery-column fusion-gallery-column-3 hover-type-none\"><div class=\"fusion-gallery-image\"><a href=\"https:\/\/royalfamily.org\/wp-content\/uploads\/2026\/03\/4-Umcari-4-scaled.jpg\" data-caption=\"PRINCEZA KATARINA URU\u010cILA VREDNU DONACIJU DECI U UM\u010cARIMA\" rel=\"noreferrer\" data-rel=\"iLightbox[gallery_image_1]\" class=\"fusion-lightbox\" target=\"_self\"><img decoding=\"async\" src=\"https:\/\/royalfamily.org\/wp-content\/uploads\/2026\/03\/4-Umcari-4-scaled.jpg\" width=\"2560\" height=\"1706\" alt=\"CROWN PRINCESS KATHERINE BRINGS IMPORTANT DONATION TO CHILDREN IN UM\u010cARI\" title=\"PRINCEZA KATARINA URU\u010cILA VREDNU DONACIJU DECI U UM\u010cARIMA\" aria-label=\"PRINCEZA KATARINA URU\u010cILA VREDNU DONACIJU DECI U UM\u010cARIMA\" class=\"img-responsive wp-image-98558\" srcset=\"https:\/\/royalfamily.org\/wp-content\/uploads\/2026\/03\/4-Umcari-4-200x133.jpg 200w, https:\/\/royalfamily.org\/wp-content\/uploads\/2026\/03\/4-Umcari-4-400x267.jpg 400w, https:\/\/royalfamily.org\/wp-content\/uploads\/2026\/03\/4-Umcari-4-600x400.jpg 600w, https:\/\/royalfamily.org\/wp-content\/uploads\/2026\/03\/4-Umcari-4-800x533.jpg 800w, https:\/\/royalfamily.org\/wp-content\/uploads\/2026\/03\/4-Umcari-4-1200x800.jpg 1200w, https:\/\/royalfamily.org\/wp-content\/uploads\/2026\/03\/4-Umcari-4-scaled.jpg 2560w\" sizes=\"(min-width: 2200px) 100vw, (min-width: 824px) 390px, (min-width: 732px) 585px, (min-width: 640px) 732px, \" \/><\/a><\/div><\/div><div style=\"padding:5px;\" class=\"fusion-grid-column fusion-gallery-column fusion-gallery-column-3 hover-type-none\"><div class=\"fusion-gallery-image\"><a href=\"https:\/\/royalfamily.org\/wp-content\/uploads\/2026\/03\/5-Umcari-18-scaled.jpg\" data-caption=\"PRINCEZA KATARINA URU\u010cILA VREDNU DONACIJU DECI U UM\u010cARIMA\" rel=\"noreferrer\" data-rel=\"iLightbox[gallery_image_1]\" class=\"fusion-lightbox\" target=\"_self\"><img decoding=\"async\" src=\"https:\/\/royalfamily.org\/wp-content\/uploads\/2026\/03\/5-Umcari-18-scaled.jpg\" width=\"2560\" height=\"1706\" alt=\"CROWN PRINCESS KATHERINE BRINGS IMPORTANT DONATION TO CHILDREN IN UM\u010cARI\" title=\"PRINCEZA KATARINA URU\u010cILA VREDNU DONACIJU DECI U UM\u010cARIMA\" aria-label=\"PRINCEZA KATARINA URU\u010cILA VREDNU DONACIJU DECI U UM\u010cARIMA\" class=\"img-responsive wp-image-98561\" srcset=\"https:\/\/royalfamily.org\/wp-content\/uploads\/2026\/03\/5-Umcari-18-200x133.jpg 200w, https:\/\/royalfamily.org\/wp-content\/uploads\/2026\/03\/5-Umcari-18-400x267.jpg 400w, https:\/\/royalfamily.org\/wp-content\/uploads\/2026\/03\/5-Umcari-18-600x400.jpg 600w, https:\/\/royalfamily.org\/wp-content\/uploads\/2026\/03\/5-Umcari-18-800x533.jpg 800w, https:\/\/royalfamily.org\/wp-content\/uploads\/2026\/03\/5-Umcari-18-1200x800.jpg 1200w, https:\/\/royalfamily.org\/wp-content\/uploads\/2026\/03\/5-Umcari-18-scaled.jpg 2560w\" sizes=\"(min-width: 2200px) 100vw, (min-width: 824px) 390px, (min-width: 732px) 585px, (min-width: 640px) 732px, \" \/><\/a><\/div><\/div><div style=\"padding:5px;\" class=\"fusion-grid-column fusion-gallery-column fusion-gallery-column-3 hover-type-none\"><div class=\"fusion-gallery-image\"><a href=\"https:\/\/royalfamily.org\/wp-content\/uploads\/2026\/03\/6-Umcari-24-scaled.jpg\" data-caption=\"PRINCEZA KATARINA URU\u010cILA VREDNU DONACIJU DECI U UM\u010cARIMA\" rel=\"noreferrer\" data-rel=\"iLightbox[gallery_image_1]\" class=\"fusion-lightbox\" target=\"_self\"><img decoding=\"async\" src=\"https:\/\/royalfamily.org\/wp-content\/uploads\/2026\/03\/6-Umcari-24-scaled.jpg\" width=\"2560\" height=\"1706\" alt=\"CROWN PRINCESS KATHERINE BRINGS IMPORTANT DONATION TO CHILDREN IN UM\u010cARI\" title=\"PRINCEZA KATARINA URU\u010cILA VREDNU DONACIJU DECI U UM\u010cARIMA\" aria-label=\"PRINCEZA KATARINA URU\u010cILA VREDNU DONACIJU DECI U UM\u010cARIMA\" class=\"img-responsive wp-image-98564\" srcset=\"https:\/\/royalfamily.org\/wp-content\/uploads\/2026\/03\/6-Umcari-24-200x133.jpg 200w, https:\/\/royalfamily.org\/wp-content\/uploads\/2026\/03\/6-Umcari-24-400x267.jpg 400w, https:\/\/royalfamily.org\/wp-content\/uploads\/2026\/03\/6-Umcari-24-600x400.jpg 600w, https:\/\/royalfamily.org\/wp-content\/uploads\/2026\/03\/6-Umcari-24-800x533.jpg 800w, https:\/\/royalfamily.org\/wp-content\/uploads\/2026\/03\/6-Umcari-24-1200x800.jpg 1200w, https:\/\/royalfamily.org\/wp-content\/uploads\/2026\/03\/6-Umcari-24-scaled.jpg 2560w\" sizes=\"(min-width: 2200px) 100vw, (min-width: 824px) 390px, (min-width: 732px) 585px, (min-width: 640px) 732px, \" \/><\/a><\/div><\/div><div class=\"clearfix\"><\/div><div style=\"padding:5px;\" class=\"fusion-grid-column fusion-gallery-column fusion-gallery-column-3 hover-type-none\"><div class=\"fusion-gallery-image\"><a href=\"https:\/\/royalfamily.org\/wp-content\/uploads\/2026\/03\/7-Umcari-8-scaled.jpg\" data-caption=\"PRINCEZA KATARINA URU\u010cILA VREDNU DONACIJU DECI U UM\u010cARIMA\" rel=\"noreferrer\" data-rel=\"iLightbox[gallery_image_1]\" class=\"fusion-lightbox\" target=\"_self\"><img decoding=\"async\" src=\"https:\/\/royalfamily.org\/wp-content\/uploads\/2026\/03\/7-Umcari-8-scaled.jpg\" width=\"2560\" height=\"1706\" alt=\"CROWN PRINCESS KATHERINE BRINGS IMPORTANT DONATION TO CHILDREN IN UM\u010cARI\" title=\"PRINCEZA KATARINA URU\u010cILA VREDNU DONACIJU DECI U UM\u010cARIMA\" aria-label=\"PRINCEZA KATARINA URU\u010cILA VREDNU DONACIJU DECI U UM\u010cARIMA\" class=\"img-responsive wp-image-98567\" srcset=\"https:\/\/royalfamily.org\/wp-content\/uploads\/2026\/03\/7-Umcari-8-200x133.jpg 200w, https:\/\/royalfamily.org\/wp-content\/uploads\/2026\/03\/7-Umcari-8-400x267.jpg 400w, https:\/\/royalfamily.org\/wp-content\/uploads\/2026\/03\/7-Umcari-8-600x400.jpg 600w, https:\/\/royalfamily.org\/wp-content\/uploads\/2026\/03\/7-Umcari-8-800x533.jpg 800w, https:\/\/royalfamily.org\/wp-content\/uploads\/2026\/03\/7-Umcari-8-1200x800.jpg 1200w, https:\/\/royalfamily.org\/wp-content\/uploads\/2026\/03\/7-Umcari-8-scaled.jpg 2560w\" sizes=\"(min-width: 2200px) 100vw, (min-width: 824px) 390px, (min-width: 732px) 585px, (min-width: 640px) 732px, \" \/><\/a><\/div><\/div><div style=\"padding:5px;\" class=\"fusion-grid-column fusion-gallery-column fusion-gallery-column-3 hover-type-none\"><div class=\"fusion-gallery-image\"><a href=\"https:\/\/royalfamily.org\/wp-content\/uploads\/2026\/03\/8-Umcari-16-scaled.jpg\" data-caption=\"PRINCEZA KATARINA URU\u010cILA VREDNU DONACIJU DECI U UM\u010cARIMA\" rel=\"noreferrer\" data-rel=\"iLightbox[gallery_image_1]\" class=\"fusion-lightbox\" target=\"_self\"><img decoding=\"async\" src=\"https:\/\/royalfamily.org\/wp-content\/uploads\/2026\/03\/8-Umcari-16-scaled.jpg\" width=\"2560\" height=\"1706\" alt=\"CROWN PRINCESS KATHERINE BRINGS IMPORTANT DONATION TO CHILDREN IN UM\u010cARI\" title=\"PRINCEZA KATARINA URU\u010cILA VREDNU DONACIJU DECI U UM\u010cARIMA\" aria-label=\"PRINCEZA KATARINA URU\u010cILA VREDNU DONACIJU DECI U UM\u010cARIMA\" class=\"img-responsive wp-image-98570\" srcset=\"https:\/\/royalfamily.org\/wp-content\/uploads\/2026\/03\/8-Umcari-16-200x133.jpg 200w, https:\/\/royalfamily.org\/wp-content\/uploads\/2026\/03\/8-Umcari-16-400x267.jpg 400w, https:\/\/royalfamily.org\/wp-content\/uploads\/2026\/03\/8-Umcari-16-600x400.jpg 600w, https:\/\/royalfamily.org\/wp-content\/uploads\/2026\/03\/8-Umcari-16-800x533.jpg 800w, https:\/\/royalfamily.org\/wp-content\/uploads\/2026\/03\/8-Umcari-16-1200x800.jpg 1200w, https:\/\/royalfamily.org\/wp-content\/uploads\/2026\/03\/8-Umcari-16-scaled.jpg 2560w\" sizes=\"(min-width: 2200px) 100vw, (min-width: 824px) 390px, (min-width: 732px) 585px, (min-width: 640px) 732px, \" \/><\/a><\/div><\/div><div style=\"padding:5px;\" class=\"fusion-grid-column fusion-gallery-column fusion-gallery-column-3 hover-type-none\"><div class=\"fusion-gallery-image\"><a href=\"https:\/\/royalfamily.org\/wp-content\/uploads\/2026\/03\/9-Umcari-22-scaled.jpg\" data-caption=\"PRINCEZA KATARINA URU\u010cILA VREDNU DONACIJU DECI U UM\u010cARIMA\" rel=\"noreferrer\" data-rel=\"iLightbox[gallery_image_1]\" class=\"fusion-lightbox\" target=\"_self\"><img decoding=\"async\" src=\"https:\/\/royalfamily.org\/wp-content\/uploads\/2026\/03\/9-Umcari-22-scaled.jpg\" width=\"2560\" height=\"1706\" alt=\"CROWN PRINCESS KATHERINE BRINGS IMPORTANT DONATION TO CHILDREN IN UM\u010cARI\" title=\"PRINCEZA KATARINA URU\u010cILA VREDNU DONACIJU DECI U UM\u010cARIMA\" aria-label=\"PRINCEZA KATARINA URU\u010cILA VREDNU DONACIJU DECI U UM\u010cARIMA\" class=\"img-responsive wp-image-98573\" srcset=\"https:\/\/royalfamily.org\/wp-content\/uploads\/2026\/03\/9-Umcari-22-200x133.jpg 200w, https:\/\/royalfamily.org\/wp-content\/uploads\/2026\/03\/9-Umcari-22-400x267.jpg 400w, https:\/\/royalfamily.org\/wp-content\/uploads\/2026\/03\/9-Umcari-22-600x400.jpg 600w, https:\/\/royalfamily.org\/wp-content\/uploads\/2026\/03\/9-Umcari-22-800x533.jpg 800w, https:\/\/royalfamily.org\/wp-content\/uploads\/2026\/03\/9-Umcari-22-1200x800.jpg 1200w, https:\/\/royalfamily.org\/wp-content\/uploads\/2026\/03\/9-Umcari-22-scaled.jpg 2560w\" sizes=\"(min-width: 2200px) 100vw, (min-width: 824px) 390px, (min-width: 732px) 585px, (min-width: 640px) 732px, \" \/><\/a><\/div><\/div><div class=\"clearfix\"><\/div><div style=\"padding:5px;\" class=\"fusion-grid-column fusion-gallery-column fusion-gallery-column-3 hover-type-none\"><div class=\"fusion-gallery-image\"><a href=\"https:\/\/royalfamily.org\/wp-content\/uploads\/2026\/03\/10-Umcari-25-scaled.jpg\" data-caption=\"PRINCEZA KATARINA URU\u010cILA VREDNU DONACIJU DECI U UM\u010cARIMA\" rel=\"noreferrer\" data-rel=\"iLightbox[gallery_image_1]\" class=\"fusion-lightbox\" target=\"_self\"><img decoding=\"async\" src=\"https:\/\/royalfamily.org\/wp-content\/uploads\/2026\/03\/10-Umcari-25-scaled.jpg\" width=\"2560\" height=\"1706\" alt=\"CROWN PRINCESS KATHERINE BRINGS IMPORTANT DONATION TO CHILDREN IN UM\u010cARI\" title=\"PRINCEZA KATARINA URU\u010cILA VREDNU DONACIJU DECI U UM\u010cARIMA\" aria-label=\"PRINCEZA KATARINA URU\u010cILA VREDNU DONACIJU DECI U UM\u010cARIMA\" class=\"img-responsive wp-image-98576\" srcset=\"https:\/\/royalfamily.org\/wp-content\/uploads\/2026\/03\/10-Umcari-25-200x133.jpg 200w, https:\/\/royalfamily.org\/wp-content\/uploads\/2026\/03\/10-Umcari-25-400x267.jpg 400w, https:\/\/royalfamily.org\/wp-content\/uploads\/2026\/03\/10-Umcari-25-600x400.jpg 600w, https:\/\/royalfamily.org\/wp-content\/uploads\/2026\/03\/10-Umcari-25-800x533.jpg 800w, https:\/\/royalfamily.org\/wp-content\/uploads\/2026\/03\/10-Umcari-25-1200x800.jpg 1200w, https:\/\/royalfamily.org\/wp-content\/uploads\/2026\/03\/10-Umcari-25-scaled.jpg 2560w\" sizes=\"(min-width: 2200px) 100vw, (min-width: 824px) 390px, (min-width: 732px) 585px, (min-width: 640px) 732px, \" \/><\/a><\/div><\/div><div style=\"padding:5px;\" class=\"fusion-grid-column fusion-gallery-column fusion-gallery-column-3 hover-type-none\"><div class=\"fusion-gallery-image\"><a href=\"https:\/\/royalfamily.org\/wp-content\/uploads\/2026\/03\/11-Umcari-9-scaled.jpg\" data-caption=\"PRINCEZA KATARINA URU\u010cILA VREDNU DONACIJU DECI U UM\u010cARIMA\" rel=\"noreferrer\" data-rel=\"iLightbox[gallery_image_1]\" class=\"fusion-lightbox\" target=\"_self\"><img decoding=\"async\" src=\"https:\/\/royalfamily.org\/wp-content\/uploads\/2026\/03\/11-Umcari-9-scaled.jpg\" width=\"2560\" height=\"1706\" alt=\"CROWN PRINCESS KATHERINE BRINGS IMPORTANT DONATION TO CHILDREN IN UM\u010cARI\" title=\"PRINCEZA KATARINA URU\u010cILA VREDNU DONACIJU DECI U UM\u010cARIMA\" aria-label=\"PRINCEZA KATARINA URU\u010cILA VREDNU DONACIJU DECI U UM\u010cARIMA\" class=\"img-responsive wp-image-98579\" srcset=\"https:\/\/royalfamily.org\/wp-content\/uploads\/2026\/03\/11-Umcari-9-200x133.jpg 200w, https:\/\/royalfamily.org\/wp-content\/uploads\/2026\/03\/11-Umcari-9-400x267.jpg 400w, https:\/\/royalfamily.org\/wp-content\/uploads\/2026\/03\/11-Umcari-9-600x400.jpg 600w, https:\/\/royalfamily.org\/wp-content\/uploads\/2026\/03\/11-Umcari-9-800x533.jpg 800w, https:\/\/royalfamily.org\/wp-content\/uploads\/2026\/03\/11-Umcari-9-1200x800.jpg 1200w, https:\/\/royalfamily.org\/wp-content\/uploads\/2026\/03\/11-Umcari-9-scaled.jpg 2560w\" sizes=\"(min-width: 2200px) 100vw, (min-width: 824px) 390px, (min-width: 732px) 585px, (min-width: 640px) 732px, \" \/><\/a><\/div><\/div><div style=\"padding:5px;\" class=\"fusion-grid-column fusion-gallery-column fusion-gallery-column-3 hover-type-none\"><div class=\"fusion-gallery-image\"><a href=\"https:\/\/royalfamily.org\/wp-content\/uploads\/2026\/03\/12-Umcari-7-scaled.jpg\" data-caption=\"PRINCEZA KATARINA URU\u010cILA VREDNU DONACIJU DECI U UM\u010cARIMA\" rel=\"noreferrer\" data-rel=\"iLightbox[gallery_image_1]\" class=\"fusion-lightbox\" target=\"_self\"><img decoding=\"async\" src=\"https:\/\/royalfamily.org\/wp-content\/uploads\/2026\/03\/12-Umcari-7-scaled.jpg\" width=\"2560\" height=\"1706\" alt=\"CROWN PRINCESS KATHERINE BRINGS IMPORTANT DONATION TO CHILDREN IN UM\u010cARI\" title=\"PRINCEZA KATARINA URU\u010cILA VREDNU DONACIJU DECI U UM\u010cARIMA\" aria-label=\"PRINCEZA KATARINA URU\u010cILA VREDNU DONACIJU DECI U UM\u010cARIMA\" class=\"img-responsive wp-image-98582\" srcset=\"https:\/\/royalfamily.org\/wp-content\/uploads\/2026\/03\/12-Umcari-7-200x133.jpg 200w, https:\/\/royalfamily.org\/wp-content\/uploads\/2026\/03\/12-Umcari-7-400x267.jpg 400w, https:\/\/royalfamily.org\/wp-content\/uploads\/2026\/03\/12-Umcari-7-600x400.jpg 600w, https:\/\/royalfamily.org\/wp-content\/uploads\/2026\/03\/12-Umcari-7-800x533.jpg 800w, https:\/\/royalfamily.org\/wp-content\/uploads\/2026\/03\/12-Umcari-7-1200x800.jpg 1200w, https:\/\/royalfamily.org\/wp-content\/uploads\/2026\/03\/12-Umcari-7-scaled.jpg 2560w\" sizes=\"(min-width: 2200px) 100vw, (min-width: 824px) 390px, (min-width: 732px) 585px, (min-width: 640px) 732px, \" \/><\/a><\/div><\/div><div class=\"clearfix\"><\/div><div style=\"padding:5px;\" class=\"fusion-grid-column fusion-gallery-column fusion-gallery-column-3 hover-type-none\"><div class=\"fusion-gallery-image\"><a href=\"https:\/\/royalfamily.org\/wp-content\/uploads\/2026\/03\/13-Umcari-11-scaled.jpg\" data-caption=\"PRINCEZA KATARINA URU\u010cILA VREDNU DONACIJU DECI U UM\u010cARIMA\" rel=\"noreferrer\" data-rel=\"iLightbox[gallery_image_1]\" class=\"fusion-lightbox\" target=\"_self\"><img decoding=\"async\" src=\"https:\/\/royalfamily.org\/wp-content\/uploads\/2026\/03\/13-Umcari-11-scaled.jpg\" width=\"2560\" height=\"1706\" alt=\"CROWN PRINCESS KATHERINE BRINGS IMPORTANT DONATION TO CHILDREN IN UM\u010cARI\" title=\"PRINCEZA KATARINA URU\u010cILA VREDNU DONACIJU DECI U UM\u010cARIMA\" aria-label=\"PRINCEZA KATARINA URU\u010cILA VREDNU DONACIJU DECI U UM\u010cARIMA\" class=\"img-responsive wp-image-98585\" srcset=\"https:\/\/royalfamily.org\/wp-content\/uploads\/2026\/03\/13-Umcari-11-200x133.jpg 200w, https:\/\/royalfamily.org\/wp-content\/uploads\/2026\/03\/13-Umcari-11-400x267.jpg 400w, https:\/\/royalfamily.org\/wp-content\/uploads\/2026\/03\/13-Umcari-11-600x400.jpg 600w, https:\/\/royalfamily.org\/wp-content\/uploads\/2026\/03\/13-Umcari-11-800x533.jpg 800w, https:\/\/royalfamily.org\/wp-content\/uploads\/2026\/03\/13-Umcari-11-1200x800.jpg 1200w, https:\/\/royalfamily.org\/wp-content\/uploads\/2026\/03\/13-Umcari-11-scaled.jpg 2560w\" sizes=\"(min-width: 2200px) 100vw, (min-width: 824px) 390px, (min-width: 732px) 585px, (min-width: 640px) 732px, \" \/><\/a><\/div><\/div><div style=\"padding:5px;\" class=\"fusion-grid-column fusion-gallery-column fusion-gallery-column-3 hover-type-none\"><div class=\"fusion-gallery-image\"><a href=\"https:\/\/royalfamily.org\/wp-content\/uploads\/2026\/03\/14-Umcari-17-scaled.jpg\" data-caption=\"PRINCEZA KATARINA URU\u010cILA VREDNU DONACIJU DECI U UM\u010cARIMA\" rel=\"noreferrer\" data-rel=\"iLightbox[gallery_image_1]\" class=\"fusion-lightbox\" target=\"_self\"><img decoding=\"async\" src=\"https:\/\/royalfamily.org\/wp-content\/uploads\/2026\/03\/14-Umcari-17-scaled.jpg\" width=\"2560\" height=\"1706\" alt=\"CROWN PRINCESS KATHERINE BRINGS IMPORTANT DONATION TO CHILDREN IN UM\u010cARI\" title=\"PRINCEZA KATARINA URU\u010cILA VREDNU DONACIJU DECI U UM\u010cARIMA\" aria-label=\"PRINCEZA KATARINA URU\u010cILA VREDNU DONACIJU DECI U UM\u010cARIMA\" class=\"img-responsive wp-image-98588\" srcset=\"https:\/\/royalfamily.org\/wp-content\/uploads\/2026\/03\/14-Umcari-17-200x133.jpg 200w, https:\/\/royalfamily.org\/wp-content\/uploads\/2026\/03\/14-Umcari-17-400x267.jpg 400w, https:\/\/royalfamily.org\/wp-content\/uploads\/2026\/03\/14-Umcari-17-600x400.jpg 600w, https:\/\/royalfamily.org\/wp-content\/uploads\/2026\/03\/14-Umcari-17-800x533.jpg 800w, https:\/\/royalfamily.org\/wp-content\/uploads\/2026\/03\/14-Umcari-17-1200x800.jpg 1200w, https:\/\/royalfamily.org\/wp-content\/uploads\/2026\/03\/14-Umcari-17-scaled.jpg 2560w\" sizes=\"(min-width: 2200px) 100vw, (min-width: 824px) 390px, (min-width: 732px) 585px, (min-width: 640px) 732px, \" \/><\/a><\/div><\/div><div style=\"padding:5px;\" class=\"fusion-grid-column fusion-gallery-column fusion-gallery-column-3 hover-type-none\"><div class=\"fusion-gallery-image\"><a href=\"https:\/\/royalfamily.org\/wp-content\/uploads\/2026\/03\/15-Umcari-10-scaled.jpg\" data-caption=\"PRINCEZA KATARINA URU\u010cILA VREDNU DONACIJU DECI U UM\u010cARIMA\" rel=\"noreferrer\" data-rel=\"iLightbox[gallery_image_1]\" class=\"fusion-lightbox\" target=\"_self\"><img decoding=\"async\" src=\"https:\/\/royalfamily.org\/wp-content\/uploads\/2026\/03\/15-Umcari-10-scaled.jpg\" width=\"2560\" height=\"1706\" alt=\"CROWN PRINCESS KATHERINE BRINGS IMPORTANT DONATION TO CHILDREN IN UM\u010cARI\" title=\"PRINCEZA KATARINA URU\u010cILA VREDNU DONACIJU DECI U UM\u010cARIMA\" aria-label=\"PRINCEZA KATARINA URU\u010cILA VREDNU DONACIJU DECI U UM\u010cARIMA\" class=\"img-responsive wp-image-98591\" srcset=\"https:\/\/royalfamily.org\/wp-content\/uploads\/2026\/03\/15-Umcari-10-200x133.jpg 200w, https:\/\/royalfamily.org\/wp-content\/uploads\/2026\/03\/15-Umcari-10-400x267.jpg 400w, https:\/\/royalfamily.org\/wp-content\/uploads\/2026\/03\/15-Umcari-10-600x400.jpg 600w, https:\/\/royalfamily.org\/wp-content\/uploads\/2026\/03\/15-Umcari-10-800x533.jpg 800w, https:\/\/royalfamily.org\/wp-content\/uploads\/2026\/03\/15-Umcari-10-1200x800.jpg 1200w, https:\/\/royalfamily.org\/wp-content\/uploads\/2026\/03\/15-Umcari-10-scaled.jpg 2560w\" sizes=\"(min-width: 2200px) 100vw, (min-width: 824px) 390px, (min-width: 732px) 585px, (min-width: 640px) 732px, \" \/><\/a><\/div><\/div><div class=\"clearfix\"><\/div><div style=\"padding:5px;\" class=\"fusion-grid-column fusion-gallery-column fusion-gallery-column-3 hover-type-none\"><div class=\"fusion-gallery-image\"><a href=\"https:\/\/royalfamily.org\/wp-content\/uploads\/2026\/03\/15-Umcari-11-scaled.jpg\" data-caption=\"PRINCEZA KATARINA URU\u010cILA VREDNU DONACIJU DECI U UM\u010cARIMA\" rel=\"noreferrer\" data-rel=\"iLightbox[gallery_image_1]\" class=\"fusion-lightbox\" target=\"_self\"><img decoding=\"async\" src=\"https:\/\/royalfamily.org\/wp-content\/uploads\/2026\/03\/15-Umcari-11-scaled.jpg\" width=\"2560\" height=\"1706\" alt=\"CROWN PRINCESS KATHERINE BRINGS IMPORTANT DONATION TO CHILDREN IN UM\u010cARI\" title=\"PRINCEZA KATARINA URU\u010cILA VREDNU DONACIJU DECI U UM\u010cARIMA\" aria-label=\"PRINCEZA KATARINA URU\u010cILA VREDNU DONACIJU DECI U UM\u010cARIMA\" class=\"img-responsive wp-image-98594\" srcset=\"https:\/\/royalfamily.org\/wp-content\/uploads\/2026\/03\/15-Umcari-11-200x133.jpg 200w, https:\/\/royalfamily.org\/wp-content\/uploads\/2026\/03\/15-Umcari-11-400x267.jpg 400w, https:\/\/royalfamily.org\/wp-content\/uploads\/2026\/03\/15-Umcari-11-600x400.jpg 600w, https:\/\/royalfamily.org\/wp-content\/uploads\/2026\/03\/15-Umcari-11-800x533.jpg 800w, https:\/\/royalfamily.org\/wp-content\/uploads\/2026\/03\/15-Umcari-11-1200x800.jpg 1200w, https:\/\/royalfamily.org\/wp-content\/uploads\/2026\/03\/15-Umcari-11-scaled.jpg 2560w\" sizes=\"(min-width: 2200px) 100vw, (min-width: 824px) 390px, (min-width: 732px) 585px, (min-width: 640px) 732px, \" \/><\/a><\/div><\/div><div style=\"padding:5px;\" class=\"fusion-grid-column fusion-gallery-column fusion-gallery-column-3 hover-type-none\"><div class=\"fusion-gallery-image\"><a href=\"https:\/\/royalfamily.org\/wp-content\/uploads\/2026\/03\/16-Umcari-18-scaled.jpg\" data-caption=\"PRINCEZA KATARINA URU\u010cILA VREDNU DONACIJU DECI U UM\u010cARIMA\" rel=\"noreferrer\" data-rel=\"iLightbox[gallery_image_1]\" class=\"fusion-lightbox\" target=\"_self\"><img decoding=\"async\" src=\"https:\/\/royalfamily.org\/wp-content\/uploads\/2026\/03\/16-Umcari-18-scaled.jpg\" width=\"2560\" height=\"1706\" alt=\"CROWN PRINCESS KATHERINE BRINGS IMPORTANT DONATION TO CHILDREN IN UM\u010cARI\" title=\"PRINCEZA KATARINA URU\u010cILA VREDNU DONACIJU DECI U UM\u010cARIMA\" aria-label=\"PRINCEZA KATARINA URU\u010cILA VREDNU DONACIJU DECI U UM\u010cARIMA\" class=\"img-responsive wp-image-98597\" srcset=\"https:\/\/royalfamily.org\/wp-content\/uploads\/2026\/03\/16-Umcari-18-200x133.jpg 200w, https:\/\/royalfamily.org\/wp-content\/uploads\/2026\/03\/16-Umcari-18-400x267.jpg 400w, https:\/\/royalfamily.org\/wp-content\/uploads\/2026\/03\/16-Umcari-18-600x400.jpg 600w, https:\/\/royalfamily.org\/wp-content\/uploads\/2026\/03\/16-Umcari-18-800x533.jpg 800w, https:\/\/royalfamily.org\/wp-content\/uploads\/2026\/03\/16-Umcari-18-1200x800.jpg 1200w, https:\/\/royalfamily.org\/wp-content\/uploads\/2026\/03\/16-Umcari-18-scaled.jpg 2560w\" sizes=\"(min-width: 2200px) 100vw, (min-width: 824px) 390px, (min-width: 732px) 585px, (min-width: 640px) 732px, \" \/><\/a><\/div><\/div><\/div><\/div><\/div><\/div><\/div><\/div><\/p>\n","protected":false},"excerpt":{"rendered":"","protected":false},"author":1001015,"featured_media":98600,"comment_status":"closed","ping_status":"closed","sticky":false,"template":"","format":"standard","meta":{"_acf_changed":false,"footnotes":""},"categories":[22],"tags":[],"class_list":["post-98603","post","type-post","status-publish","format-standard","has-post-thumbnail","hentry","category-vesti"],"acf":[],"yoast_head":"<!-- This site is optimized with the Yoast SEO Premium plugin v27.4 (Yoast SEO v27.4) - https:\/\/yoast.com\/product\/yoast-seo-premium-wordpress\/ -->\n<title>PRINCEZA KATARINA URU\u010cILA VREDNU DONACIJU DECI U UM\u010cARIMA - The Royal Family of Serbia<\/title>\n<meta name=\"robots\" content=\"index, follow, max-snippet:-1, max-image-preview:large, max-video-preview:-1\" \/>\n<link rel=\"canonical\" href=\"https:\/\/royalfamily.org\/lat\/princeza-katarina-urucila-vrednu-donaciju-deci-u-umcarima\/\" \/>\n<meta property=\"og:locale\" content=\"en_US\" \/>\n<meta property=\"og:type\" content=\"article\" \/>\n<meta property=\"og:title\" content=\"PRINCEZA KATARINA URU\u010cILA VREDNU DONACIJU DECI U UM\u010cARIMA\" \/>\n<meta property=\"og:url\" content=\"https:\/\/royalfamily.org\/lat\/princeza-katarina-urucila-vrednu-donaciju-deci-u-umcarima\/\" \/>\n<meta property=\"og:site_name\" content=\"The Royal Family of Serbia\" \/>\n<meta property=\"article:publisher\" content=\"https:\/\/www.facebook.com\/Prestolonaslednik.Aleksandar\" \/>\n<meta property=\"article:published_time\" content=\"2026-03-26T14:49:44+00:00\" \/>\n<meta property=\"og:image\" content=\"https:\/\/royalfamily.org\/wp-content\/uploads\/2026\/03\/cover-PA-copy.jpg\" \/>\n\t<meta property=\"og:image:width\" content=\"1566\" \/>\n\t<meta property=\"og:image:height\" content=\"768\" \/>\n\t<meta property=\"og:image:type\" content=\"image\/jpeg\" \/>\n<meta name=\"author\" content=\"Stefan Milanovic\" \/>\n<meta name=\"twitter:card\" content=\"summary_large_image\" \/>\n<meta name=\"twitter:label1\" content=\"Written by\" \/>\n\t<meta name=\"twitter:data1\" content=\"Stefan Milanovic\" \/>\n\t<meta name=\"twitter:label2\" content=\"Est. reading time\" \/>\n\t<meta name=\"twitter:data2\" content=\"6 minutes\" \/>\n<script type=\"application\/ld+json\" class=\"yoast-schema-graph\">{\"@context\":\"https:\\\/\\\/schema.org\",\"@graph\":[{\"@type\":\"Article\",\"@id\":\"https:\\\/\\\/royalfamily.org\\\/lat\\\/princeza-katarina-urucila-vrednu-donaciju-deci-u-umcarima\\\/#article\",\"isPartOf\":{\"@id\":\"https:\\\/\\\/royalfamily.org\\\/lat\\\/princeza-katarina-urucila-vrednu-donaciju-deci-u-umcarima\\\/\"},\"author\":{\"name\":\"Stefan Milanovic\",\"@id\":\"https:\\\/\\\/royalfamily.org\\\/#\\\/schema\\\/person\\\/4ad3296a6a8a35eed333b6a785e9f648\"},\"headline\":\"PRINCEZA KATARINA URU\u010cILA VREDNU DONACIJU DECI U UM\u010cARIMA\",\"datePublished\":\"2026-03-26T14:49:44+00:00\",\"mainEntityOfPage\":{\"@id\":\"https:\\\/\\\/royalfamily.org\\\/lat\\\/princeza-katarina-urucila-vrednu-donaciju-deci-u-umcarima\\\/\"},\"wordCount\":3296,\"publisher\":{\"@id\":\"https:\\\/\\\/royalfamily.org\\\/#organization\"},\"image\":{\"@id\":\"https:\\\/\\\/royalfamily.org\\\/lat\\\/princeza-katarina-urucila-vrednu-donaciju-deci-u-umcarima\\\/#primaryimage\"},\"thumbnailUrl\":\"https:\\\/\\\/royalfamily.org\\\/wp-content\\\/uploads\\\/2026\\\/03\\\/cover-PA-copy.jpg\",\"articleSection\":[\"Vesti\"],\"inLanguage\":\"sr-LT\"},{\"@type\":\"WebPage\",\"@id\":\"https:\\\/\\\/royalfamily.org\\\/lat\\\/princeza-katarina-urucila-vrednu-donaciju-deci-u-umcarima\\\/\",\"url\":\"https:\\\/\\\/royalfamily.org\\\/lat\\\/princeza-katarina-urucila-vrednu-donaciju-deci-u-umcarima\\\/\",\"name\":\"PRINCEZA KATARINA URU\u010cILA VREDNU DONACIJU DECI U UM\u010cARIMA - The Royal Family of Serbia\",\"isPartOf\":{\"@id\":\"https:\\\/\\\/royalfamily.org\\\/#website\"},\"primaryImageOfPage\":{\"@id\":\"https:\\\/\\\/royalfamily.org\\\/lat\\\/princeza-katarina-urucila-vrednu-donaciju-deci-u-umcarima\\\/#primaryimage\"},\"image\":{\"@id\":\"https:\\\/\\\/royalfamily.org\\\/lat\\\/princeza-katarina-urucila-vrednu-donaciju-deci-u-umcarima\\\/#primaryimage\"},\"thumbnailUrl\":\"https:\\\/\\\/royalfamily.org\\\/wp-content\\\/uploads\\\/2026\\\/03\\\/cover-PA-copy.jpg\",\"datePublished\":\"2026-03-26T14:49:44+00:00\",\"breadcrumb\":{\"@id\":\"https:\\\/\\\/royalfamily.org\\\/lat\\\/princeza-katarina-urucila-vrednu-donaciju-deci-u-umcarima\\\/#breadcrumb\"},\"inLanguage\":\"sr-LT\",\"potentialAction\":[{\"@type\":\"ReadAction\",\"target\":[\"https:\\\/\\\/royalfamily.org\\\/lat\\\/princeza-katarina-urucila-vrednu-donaciju-deci-u-umcarima\\\/\"]}]},{\"@type\":\"ImageObject\",\"inLanguage\":\"sr-LT\",\"@id\":\"https:\\\/\\\/royalfamily.org\\\/lat\\\/princeza-katarina-urucila-vrednu-donaciju-deci-u-umcarima\\\/#primaryimage\",\"url\":\"https:\\\/\\\/royalfamily.org\\\/wp-content\\\/uploads\\\/2026\\\/03\\\/cover-PA-copy.jpg\",\"contentUrl\":\"https:\\\/\\\/royalfamily.org\\\/wp-content\\\/uploads\\\/2026\\\/03\\\/cover-PA-copy.jpg\",\"width\":1566,\"height\":768,\"caption\":\"PRINCEZA KATARINA URU\u010cILA VREDNU DONACIJU DECI U UM\u010cARIMA\"},{\"@type\":\"BreadcrumbList\",\"@id\":\"https:\\\/\\\/royalfamily.org\\\/lat\\\/princeza-katarina-urucila-vrednu-donaciju-deci-u-umcarima\\\/#breadcrumb\",\"itemListElement\":[{\"@type\":\"ListItem\",\"position\":1,\"name\":\"Home\",\"item\":\"https:\\\/\\\/royalfamily.org\\\/lat\\\/\"},{\"@type\":\"ListItem\",\"position\":2,\"name\":\"PRINCEZA KATARINA URU\u010cILA VREDNU DONACIJU DECI U UM\u010cARIMA\"}]},{\"@type\":\"WebSite\",\"@id\":\"https:\\\/\\\/royalfamily.org\\\/#website\",\"url\":\"https:\\\/\\\/royalfamily.org\\\/\",\"name\":\"The Royal Family of Serbia\",\"description\":\"From the people, for the people\",\"publisher\":{\"@id\":\"https:\\\/\\\/royalfamily.org\\\/#organization\"},\"potentialAction\":[{\"@type\":\"SearchAction\",\"target\":{\"@type\":\"EntryPoint\",\"urlTemplate\":\"https:\\\/\\\/royalfamily.org\\\/?s={search_term_string}\"},\"query-input\":{\"@type\":\"PropertyValueSpecification\",\"valueRequired\":true,\"valueName\":\"search_term_string\"}}],\"inLanguage\":\"sr-LT\"},{\"@type\":\"Organization\",\"@id\":\"https:\\\/\\\/royalfamily.org\\\/#organization\",\"name\":\"Royal Family\",\"url\":\"https:\\\/\\\/royalfamily.org\\\/\",\"logo\":{\"@type\":\"ImageObject\",\"inLanguage\":\"sr-LT\",\"@id\":\"https:\\\/\\\/royalfamily.org\\\/#\\\/schema\\\/logo\\\/image\\\/\",\"url\":\"https:\\\/\\\/royalfamily.org\\\/wp-content\\\/uploads\\\/2019\\\/04\\\/logo-vector-02-V-latinica.png\",\"contentUrl\":\"https:\\\/\\\/royalfamily.org\\\/wp-content\\\/uploads\\\/2019\\\/04\\\/logo-vector-02-V-latinica.png\",\"width\":552,\"height\":99,\"caption\":\"Royal Family\"},\"image\":{\"@id\":\"https:\\\/\\\/royalfamily.org\\\/#\\\/schema\\\/logo\\\/image\\\/\"},\"sameAs\":[\"https:\\\/\\\/www.facebook.com\\\/Prestolonaslednik.Aleksandar\"]},{\"@type\":\"Person\",\"@id\":\"https:\\\/\\\/royalfamily.org\\\/#\\\/schema\\\/person\\\/4ad3296a6a8a35eed333b6a785e9f648\",\"name\":\"Stefan Milanovic\",\"image\":{\"@type\":\"ImageObject\",\"inLanguage\":\"sr-LT\",\"@id\":\"https:\\\/\\\/secure.gravatar.com\\\/avatar\\\/92dcbdcf3e32112a9ceb1e41665b1f44c69382d014cacfe12c701f6af7c40259?s=96&d=mm&r=g\",\"url\":\"https:\\\/\\\/secure.gravatar.com\\\/avatar\\\/92dcbdcf3e32112a9ceb1e41665b1f44c69382d014cacfe12c701f6af7c40259?s=96&d=mm&r=g\",\"contentUrl\":\"https:\\\/\\\/secure.gravatar.com\\\/avatar\\\/92dcbdcf3e32112a9ceb1e41665b1f44c69382d014cacfe12c701f6af7c40259?s=96&d=mm&r=g\",\"caption\":\"Stefan Milanovic\"}}]}<\/script>\n<!-- \/ Yoast SEO Premium plugin. -->","yoast_head_json":{"title":"PRINCEZA KATARINA URU\u010cILA VREDNU DONACIJU DECI U UM\u010cARIMA - The Royal Family of Serbia","robots":{"index":"index","follow":"follow","max-snippet":"max-snippet:-1","max-image-preview":"max-image-preview:large","max-video-preview":"max-video-preview:-1"},"canonical":"https:\/\/royalfamily.org\/lat\/princeza-katarina-urucila-vrednu-donaciju-deci-u-umcarima\/","og_locale":"en_US","og_type":"article","og_title":"PRINCEZA KATARINA URU\u010cILA VREDNU DONACIJU DECI U UM\u010cARIMA","og_url":"https:\/\/royalfamily.org\/lat\/princeza-katarina-urucila-vrednu-donaciju-deci-u-umcarima\/","og_site_name":"The Royal Family of Serbia","article_publisher":"https:\/\/www.facebook.com\/Prestolonaslednik.Aleksandar","article_published_time":"2026-03-26T14:49:44+00:00","og_image":[{"width":1566,"height":768,"url":"https:\/\/royalfamily.org\/wp-content\/uploads\/2026\/03\/cover-PA-copy.jpg","type":"image\/jpeg"}],"author":"Stefan Milanovic","twitter_card":"summary_large_image","twitter_misc":{"Written by":"Stefan Milanovic","Est. reading time":"6 minutes"},"schema":{"@context":"https:\/\/schema.org","@graph":[{"@type":"Article","@id":"https:\/\/royalfamily.org\/lat\/princeza-katarina-urucila-vrednu-donaciju-deci-u-umcarima\/#article","isPartOf":{"@id":"https:\/\/royalfamily.org\/lat\/princeza-katarina-urucila-vrednu-donaciju-deci-u-umcarima\/"},"author":{"name":"Stefan Milanovic","@id":"https:\/\/royalfamily.org\/#\/schema\/person\/4ad3296a6a8a35eed333b6a785e9f648"},"headline":"PRINCEZA KATARINA URU\u010cILA VREDNU DONACIJU DECI U UM\u010cARIMA","datePublished":"2026-03-26T14:49:44+00:00","mainEntityOfPage":{"@id":"https:\/\/royalfamily.org\/lat\/princeza-katarina-urucila-vrednu-donaciju-deci-u-umcarima\/"},"wordCount":3296,"publisher":{"@id":"https:\/\/royalfamily.org\/#organization"},"image":{"@id":"https:\/\/royalfamily.org\/lat\/princeza-katarina-urucila-vrednu-donaciju-deci-u-umcarima\/#primaryimage"},"thumbnailUrl":"https:\/\/royalfamily.org\/wp-content\/uploads\/2026\/03\/cover-PA-copy.jpg","articleSection":["Vesti"],"inLanguage":"sr-LT"},{"@type":"WebPage","@id":"https:\/\/royalfamily.org\/lat\/princeza-katarina-urucila-vrednu-donaciju-deci-u-umcarima\/","url":"https:\/\/royalfamily.org\/lat\/princeza-katarina-urucila-vrednu-donaciju-deci-u-umcarima\/","name":"PRINCEZA KATARINA URU\u010cILA VREDNU DONACIJU DECI U UM\u010cARIMA - The Royal Family of Serbia","isPartOf":{"@id":"https:\/\/royalfamily.org\/#website"},"primaryImageOfPage":{"@id":"https:\/\/royalfamily.org\/lat\/princeza-katarina-urucila-vrednu-donaciju-deci-u-umcarima\/#primaryimage"},"image":{"@id":"https:\/\/royalfamily.org\/lat\/princeza-katarina-urucila-vrednu-donaciju-deci-u-umcarima\/#primaryimage"},"thumbnailUrl":"https:\/\/royalfamily.org\/wp-content\/uploads\/2026\/03\/cover-PA-copy.jpg","datePublished":"2026-03-26T14:49:44+00:00","breadcrumb":{"@id":"https:\/\/royalfamily.org\/lat\/princeza-katarina-urucila-vrednu-donaciju-deci-u-umcarima\/#breadcrumb"},"inLanguage":"sr-LT","potentialAction":[{"@type":"ReadAction","target":["https:\/\/royalfamily.org\/lat\/princeza-katarina-urucila-vrednu-donaciju-deci-u-umcarima\/"]}]},{"@type":"ImageObject","inLanguage":"sr-LT","@id":"https:\/\/royalfamily.org\/lat\/princeza-katarina-urucila-vrednu-donaciju-deci-u-umcarima\/#primaryimage","url":"https:\/\/royalfamily.org\/wp-content\/uploads\/2026\/03\/cover-PA-copy.jpg","contentUrl":"https:\/\/royalfamily.org\/wp-content\/uploads\/2026\/03\/cover-PA-copy.jpg","width":1566,"height":768,"caption":"PRINCEZA KATARINA URU\u010cILA VREDNU DONACIJU DECI U UM\u010cARIMA"},{"@type":"BreadcrumbList","@id":"https:\/\/royalfamily.org\/lat\/princeza-katarina-urucila-vrednu-donaciju-deci-u-umcarima\/#breadcrumb","itemListElement":[{"@type":"ListItem","position":1,"name":"Home","item":"https:\/\/royalfamily.org\/lat\/"},{"@type":"ListItem","position":2,"name":"PRINCEZA KATARINA URU\u010cILA VREDNU DONACIJU DECI U UM\u010cARIMA"}]},{"@type":"WebSite","@id":"https:\/\/royalfamily.org\/#website","url":"https:\/\/royalfamily.org\/","name":"The Royal Family of Serbia","description":"From the people, for the people","publisher":{"@id":"https:\/\/royalfamily.org\/#organization"},"potentialAction":[{"@type":"SearchAction","target":{"@type":"EntryPoint","urlTemplate":"https:\/\/royalfamily.org\/?s={search_term_string}"},"query-input":{"@type":"PropertyValueSpecification","valueRequired":true,"valueName":"search_term_string"}}],"inLanguage":"sr-LT"},{"@type":"Organization","@id":"https:\/\/royalfamily.org\/#organization","name":"Royal Family","url":"https:\/\/royalfamily.org\/","logo":{"@type":"ImageObject","inLanguage":"sr-LT","@id":"https:\/\/royalfamily.org\/#\/schema\/logo\/image\/","url":"https:\/\/royalfamily.org\/wp-content\/uploads\/2019\/04\/logo-vector-02-V-latinica.png","contentUrl":"https:\/\/royalfamily.org\/wp-content\/uploads\/2019\/04\/logo-vector-02-V-latinica.png","width":552,"height":99,"caption":"Royal Family"},"image":{"@id":"https:\/\/royalfamily.org\/#\/schema\/logo\/image\/"},"sameAs":["https:\/\/www.facebook.com\/Prestolonaslednik.Aleksandar"]},{"@type":"Person","@id":"https:\/\/royalfamily.org\/#\/schema\/person\/4ad3296a6a8a35eed333b6a785e9f648","name":"Stefan Milanovic","image":{"@type":"ImageObject","inLanguage":"sr-LT","@id":"https:\/\/secure.gravatar.com\/avatar\/92dcbdcf3e32112a9ceb1e41665b1f44c69382d014cacfe12c701f6af7c40259?s=96&d=mm&r=g","url":"https:\/\/secure.gravatar.com\/avatar\/92dcbdcf3e32112a9ceb1e41665b1f44c69382d014cacfe12c701f6af7c40259?s=96&d=mm&r=g","contentUrl":"https:\/\/secure.gravatar.com\/avatar\/92dcbdcf3e32112a9ceb1e41665b1f44c69382d014cacfe12c701f6af7c40259?s=96&d=mm&r=g","caption":"Stefan Milanovic"}}]}},"_links":{"self":[{"href":"https:\/\/royalfamily.org\/lat\/wp-json\/wp\/v2\/posts\/98603","targetHints":{"allow":["GET"]}}],"collection":[{"href":"https:\/\/royalfamily.org\/lat\/wp-json\/wp\/v2\/posts"}],"about":[{"href":"https:\/\/royalfamily.org\/lat\/wp-json\/wp\/v2\/types\/post"}],"author":[{"embeddable":true,"href":"https:\/\/royalfamily.org\/lat\/wp-json\/wp\/v2\/users\/1001015"}],"replies":[{"embeddable":true,"href":"https:\/\/royalfamily.org\/lat\/wp-json\/wp\/v2\/comments?post=98603"}],"version-history":[{"count":1,"href":"https:\/\/royalfamily.org\/lat\/wp-json\/wp\/v2\/posts\/98603\/revisions"}],"predecessor-version":[{"id":98604,"href":"https:\/\/royalfamily.org\/lat\/wp-json\/wp\/v2\/posts\/98603\/revisions\/98604"}],"wp:featuredmedia":[{"embeddable":true,"href":"https:\/\/royalfamily.org\/lat\/wp-json\/wp\/v2\/media\/98600"}],"wp:attachment":[{"href":"https:\/\/royalfamily.org\/lat\/wp-json\/wp\/v2\/media?parent=98603"}],"wp:term":[{"taxonomy":"category","embeddable":true,"href":"https:\/\/royalfamily.org\/lat\/wp-json\/wp\/v2\/categories?post=98603"},{"taxonomy":"post_tag","embeddable":true,"href":"https:\/\/royalfamily.org\/lat\/wp-json\/wp\/v2\/tags?post=98603"}],"curies":[{"name":"wp","href":"https:\/\/api.w.org\/{rel}","templated":true}]}}