{"id":98700,"date":"2026-04-07T19:57:18","date_gmt":"2026-04-07T17:57:18","guid":{"rendered":"https:\/\/royalfamily.org\/?p=98700"},"modified":"2026-04-08T13:54:35","modified_gmt":"2026-04-08T11:54:35","slug":"radost-predstojeceg-vaskrsa-podeljena-sa-preko-1-000-dece-u-belom-dvoru","status":"publish","type":"post","link":"https:\/\/royalfamily.org\/lat\/radost-predstojeceg-vaskrsa-podeljena-sa-preko-1-000-dece-u-belom-dvoru\/","title":{"rendered":"RADOST PREDSTOJE\u0106EG VASKRSA PODELJENA SA PREKO 1.000 DECE U BELOM DVORU"},"content":{"rendered":"<p><div class=\"fusion-fullwidth fullwidth-box fusion-builder-row-1 fusion-flex-container has-pattern-background has-mask-background nonhundred-percent-fullwidth non-hundred-percent-height-scrolling\" style=\"--awb-border-radius-top-left:0px;--awb-border-radius-top-right:0px;--awb-border-radius-bottom-right:0px;--awb-border-radius-bottom-left:0px;--awb-flex-wrap:wrap;\" ><div class=\"fusion-builder-row fusion-row fusion-flex-align-items-flex-start fusion-flex-content-wrap\" style=\"max-width:1227.2px;margin-left: calc(-4% \/ 2 );margin-right: calc(-4% \/ 2 );\"><div class=\"fusion-layout-column fusion_builder_column fusion-builder-column-0 fusion_builder_column_1_1 1_1 fusion-flex-column\" style=\"--awb-bg-size:cover;--awb-width-large:100%;--awb-margin-top-large:0px;--awb-spacing-right-large:1.92%;--awb-margin-bottom-large:20px;--awb-spacing-left-large:1.92%;--awb-width-medium:100%;--awb-order-medium:0;--awb-spacing-right-medium:1.92%;--awb-spacing-left-medium:1.92%;--awb-width-small:100%;--awb-order-small:0;--awb-spacing-right-small:1.92%;--awb-spacing-left-small:1.92%;\"><div class=\"fusion-column-wrapper fusion-column-has-shadow fusion-flex-justify-content-flex-start fusion-content-layout-column\"><div class=\"fusion-text fusion-text-1\"><p>NJ.K.V. Princeza Katarina i ove godine je u Belom Dvoru priredila tradicionalne vaskr\u0161nje prijeme za vi\u0161e od 1.000 dece iz socijalno ugro\u017eenih kategorija. Zbog va\u017enih obaveza, Prestolonaslednik ove godine nije mogao da prisustvuje okupljanjima u domu Kraljevske porodice Srbije, ali je veoma ponosan na svoju suprugu \u0161to je jo\u0161 jednom donela sre\u0107u i radost deci kojoj je to najpotrebnije.<\/p>\n<p>Tokom dana odr\u017eana su dva prijema, na kojima su najmla\u0111i gosti imali priliku da u\u017eivaju u divnim poklonima, dru\u017ee se sa vaskr\u0161njim zekom i animatorima ansambla \u201e\u010cigra\u201d, kao i da u\u017eivaju u muzi\u010dkom programu hora De\u010djeg kulturnog centra. Kao i svake godine, veliko veselje za decu bilo je tra\u017eenje ofarbanih jaja u Kraljevskom parku ispred Belog Dvora, nakon \u010dega su im Princeza i prijatelji Kraljevske porodice uru\u010dili igra\u010dke, slatki\u0161e i druge prigodne poklone. Ovo je tradicija koju su Njihova Kraljevska Viso\u010danstva zapo\u010dela pre vi\u0161e od 20 godina, po povratku u Srbiju, sa \u017eeljom da radost praznika podele sa decom iz ugro\u017eenih kategorija stanovni\u0161tva, pozivaju\u0107i ih u svoj dom da bi se ose\u0107ala kao u svom domu.<\/p>\n<p>\u201eMoja je iskrena \u017eelja da svako dete danas iza\u0111e iz Dvora sa iskrenim osmehom i ose\u0107ajem radosti u srcu. Kada su deca sre\u0107na, ceo svet nam postaje lep\u0161i i svetliji, njihovi osmesi su na\u0161 najve\u0107i blagoslov i najdragocenija nagrada. Pre svega, va\u017eno je da svako dete zna da je voljeno, da se o njemu brine i da nije zaboravljeno. Moj mu\u017e i ja smo duboko zahvalni na radosti darivanja koju je ovaj dan doneo, ne samo deci ve\u0107 svima nama\u201d, rekla je NJ.K.V. Princeza Katarina.<\/p>\n<p>Prijemi su odr\u017eani u prisustvu Njegovog Preosve\u0161tenstva, vikara Njegove Svetosti Patrijarha srpskog Porfirija, Episkopa topli\u010dkog g. Petra, koji je govorio deci o zna\u010daju Vaskrsa. Deca bez roditeljskog staranja, deca sa te\u0161ko\u0107ama u intelektualnom razvoju i socijalno ugro\u017eena deca, iz domova, udru\u017eenja i \u0161kola \u0161irom Srbije i Republike Srpske, imala su priliku da od Njenog Kraljevskog Viso\u010danstva dobiju vaskr\u0161nje poklone.<\/p>\n<p>Ovo divno vaskr\u0161nje dru\u017eenje i ove godine u velikoj meri pomogli su Humanitarna organizacija Lajflajn \u010cikago i Lajflajn Kanada, \u010diji je pokrovitelj NJ.K.V. Princeza Katarina ve\u0107 vi\u0161e od 30 godina. Iskreno se zahvaljujemo kompaniji Veropulos Srbija na podr\u0161ci na\u0161im vaskr\u0161njim prijemima kroz velikodu\u0161nu donaciju igra\u010daka, kao i na\u0161im drugim cenjenim donatorima: Coka-Cola HBC, Atlantik \u0160tark, Marbo Product d.o.o., Balon Centar, Leon kompanija, Helensko privredno udru\u017eenje Srbije, dr Ioana Batsialou, Regent Klinika i Internacionalni klub \u017eena.<\/p>\n<p>Tako\u0111e, veliku podr\u0161ku pru\u017eile su me\u0111unarodne \u0161kole u Beogradu koje su se pridru\u017eile dobrotvornoj akciji koju je NJ.K.V. Princeza Katarina odavno pokrenula, \u201eDeca poma\u017eu deci\u201d: Francuska \u0161kola u Beogradu, Britanska internacionalna \u0161kola u Beogradu, Nema\u010dka \u0161kola u Beogradu. Ovaj projekat prati viziju Njenog Kraljevskog Viso\u010danstva, da je od klju\u010dnog zna\u010daja da se deca od najranijeg uzrasta u\u010de va\u017enosti darivanja, kao i da se podsti\u010du da svoje poklone donesu u Dvor, kako bi bili uru\u010deni njihovim vr\u0161njacima iz ugro\u017eenih kategorija stanovni\u0161tva za predstoje\u0107e vaskr\u0161nje praznike.<\/p>\n<p>Njeno Kraljevsko Viso\u010danstvo zahvaljuje se svim donatorima i simpatizerima koji su velikodu\u0161no pomogli u ovogodi\u0161njim prijemima za decu i doprineli da ovaj praznik deca do\u010dekaju u radosti.<\/p>\n<\/div><\/div><\/div><\/div><\/div><div class=\"fusion-fullwidth fullwidth-box fusion-builder-row-2 fusion-flex-container has-pattern-background has-mask-background nonhundred-percent-fullwidth non-hundred-percent-height-scrolling\" style=\"--awb-border-radius-top-left:0px;--awb-border-radius-top-right:0px;--awb-border-radius-bottom-right:0px;--awb-border-radius-bottom-left:0px;--awb-flex-wrap:wrap;\" ><div class=\"fusion-builder-row fusion-row fusion-flex-align-items-flex-start fusion-flex-content-wrap\" style=\"max-width:1227.2px;margin-left: calc(-4% \/ 2 );margin-right: calc(-4% \/ 2 );\"><div class=\"fusion-layout-column fusion_builder_column fusion-builder-column-1 fusion_builder_column_1_1 1_1 fusion-flex-column\" style=\"--awb-bg-size:cover;--awb-width-large:100%;--awb-margin-top-large:0px;--awb-spacing-right-large:1.92%;--awb-margin-bottom-large:20px;--awb-spacing-left-large:1.92%;--awb-width-medium:100%;--awb-order-medium:0;--awb-spacing-right-medium:1.92%;--awb-spacing-left-medium:1.92%;--awb-width-small:100%;--awb-order-small:0;--awb-spacing-right-small:1.92%;--awb-spacing-left-small:1.92%;\"><div class=\"fusion-column-wrapper fusion-column-has-shadow fusion-flex-justify-content-flex-start fusion-content-layout-column\"><div class=\"awb-gallery-wrapper awb-gallery-wrapper-1 button-span-no\" style=\"--more-btn-alignment:center;\" data-limit=\"20\" data-page=\"1\"><div style=\"margin:-5px;--awb-bordersize:0px;\" class=\"fusion-gallery fusion-gallery-container fusion-grid-3 fusion-columns-total-19 fusion-gallery-layout-grid fusion-gallery-1\"><div style=\"padding:5px;\" class=\"fusion-grid-column fusion-gallery-column fusion-gallery-column-3 hover-type-none\"><div class=\"fusion-gallery-image\"><a href=\"https:\/\/royalfamily.org\/wp-content\/uploads\/2026\/04\/1-scaled.jpg\" rel=\"noreferrer\" data-rel=\"iLightbox[gallery_image_1]\" class=\"fusion-lightbox\" target=\"_self\"><img decoding=\"async\" src=\"https:\/\/royalfamily.org\/wp-content\/uploads\/2026\/04\/1-scaled.jpg\" width=\"2560\" height=\"1706\" alt=\"\" title=\"1\" aria-label=\"1\" class=\"img-responsive wp-image-98640\" srcset=\"https:\/\/royalfamily.org\/wp-content\/uploads\/2026\/04\/1-200x133.jpg 200w, https:\/\/royalfamily.org\/wp-content\/uploads\/2026\/04\/1-400x267.jpg 400w, https:\/\/royalfamily.org\/wp-content\/uploads\/2026\/04\/1-600x400.jpg 600w, https:\/\/royalfamily.org\/wp-content\/uploads\/2026\/04\/1-800x533.jpg 800w, https:\/\/royalfamily.org\/wp-content\/uploads\/2026\/04\/1-1200x800.jpg 1200w, https:\/\/royalfamily.org\/wp-content\/uploads\/2026\/04\/1-scaled.jpg 2560w\" sizes=\"(min-width: 2200px) 100vw, (min-width: 824px) 390px, (min-width: 732px) 585px, (min-width: 640px) 732px, \" \/><\/a><\/div><\/div><div style=\"padding:5px;\" class=\"fusion-grid-column fusion-gallery-column fusion-gallery-column-3 hover-type-none\"><div class=\"fusion-gallery-image\"><a href=\"https:\/\/royalfamily.org\/wp-content\/uploads\/2026\/04\/2-scaled.jpg\" rel=\"noreferrer\" data-rel=\"iLightbox[gallery_image_1]\" class=\"fusion-lightbox\" target=\"_self\"><img decoding=\"async\" src=\"https:\/\/royalfamily.org\/wp-content\/uploads\/2026\/04\/2-scaled.jpg\" width=\"2560\" height=\"1706\" alt=\"\" title=\"2\" aria-label=\"2\" class=\"img-responsive wp-image-98643\" srcset=\"https:\/\/royalfamily.org\/wp-content\/uploads\/2026\/04\/2-200x133.jpg 200w, https:\/\/royalfamily.org\/wp-content\/uploads\/2026\/04\/2-400x267.jpg 400w, https:\/\/royalfamily.org\/wp-content\/uploads\/2026\/04\/2-600x400.jpg 600w, https:\/\/royalfamily.org\/wp-content\/uploads\/2026\/04\/2-800x533.jpg 800w, https:\/\/royalfamily.org\/wp-content\/uploads\/2026\/04\/2-1200x800.jpg 1200w, https:\/\/royalfamily.org\/wp-content\/uploads\/2026\/04\/2-scaled.jpg 2560w\" sizes=\"(min-width: 2200px) 100vw, (min-width: 824px) 390px, (min-width: 732px) 585px, (min-width: 640px) 732px, \" \/><\/a><\/div><\/div><div style=\"padding:5px;\" class=\"fusion-grid-column fusion-gallery-column fusion-gallery-column-3 hover-type-none\"><div class=\"fusion-gallery-image\"><a href=\"https:\/\/royalfamily.org\/wp-content\/uploads\/2026\/04\/3-scaled.jpg\" rel=\"noreferrer\" data-rel=\"iLightbox[gallery_image_1]\" class=\"fusion-lightbox\" target=\"_self\"><img decoding=\"async\" src=\"https:\/\/royalfamily.org\/wp-content\/uploads\/2026\/04\/3-scaled.jpg\" width=\"2560\" height=\"1706\" alt=\"\" title=\"3\" aria-label=\"3\" class=\"img-responsive wp-image-98646\" srcset=\"https:\/\/royalfamily.org\/wp-content\/uploads\/2026\/04\/3-200x133.jpg 200w, https:\/\/royalfamily.org\/wp-content\/uploads\/2026\/04\/3-400x267.jpg 400w, https:\/\/royalfamily.org\/wp-content\/uploads\/2026\/04\/3-600x400.jpg 600w, https:\/\/royalfamily.org\/wp-content\/uploads\/2026\/04\/3-800x533.jpg 800w, https:\/\/royalfamily.org\/wp-content\/uploads\/2026\/04\/3-1200x800.jpg 1200w, https:\/\/royalfamily.org\/wp-content\/uploads\/2026\/04\/3-scaled.jpg 2560w\" sizes=\"(min-width: 2200px) 100vw, (min-width: 824px) 390px, (min-width: 732px) 585px, (min-width: 640px) 732px, \" \/><\/a><\/div><\/div><div class=\"clearfix\"><\/div><div style=\"padding:5px;\" class=\"fusion-grid-column fusion-gallery-column fusion-gallery-column-3 hover-type-none\"><div class=\"fusion-gallery-image\"><a href=\"https:\/\/royalfamily.org\/wp-content\/uploads\/2026\/04\/4-scaled.jpg\" rel=\"noreferrer\" data-rel=\"iLightbox[gallery_image_1]\" class=\"fusion-lightbox\" target=\"_self\"><img decoding=\"async\" src=\"https:\/\/royalfamily.org\/wp-content\/uploads\/2026\/04\/4-scaled.jpg\" width=\"2560\" height=\"1706\" alt=\"\" title=\"4\" aria-label=\"4\" class=\"img-responsive wp-image-98649\" srcset=\"https:\/\/royalfamily.org\/wp-content\/uploads\/2026\/04\/4-200x133.jpg 200w, https:\/\/royalfamily.org\/wp-content\/uploads\/2026\/04\/4-400x267.jpg 400w, https:\/\/royalfamily.org\/wp-content\/uploads\/2026\/04\/4-600x400.jpg 600w, https:\/\/royalfamily.org\/wp-content\/uploads\/2026\/04\/4-800x533.jpg 800w, https:\/\/royalfamily.org\/wp-content\/uploads\/2026\/04\/4-1200x800.jpg 1200w, https:\/\/royalfamily.org\/wp-content\/uploads\/2026\/04\/4-scaled.jpg 2560w\" sizes=\"(min-width: 2200px) 100vw, (min-width: 824px) 390px, (min-width: 732px) 585px, (min-width: 640px) 732px, \" \/><\/a><\/div><\/div><div style=\"padding:5px;\" class=\"fusion-grid-column fusion-gallery-column fusion-gallery-column-3 hover-type-none\"><div class=\"fusion-gallery-image\"><a href=\"https:\/\/royalfamily.org\/wp-content\/uploads\/2026\/04\/5-scaled.jpg\" rel=\"noreferrer\" data-rel=\"iLightbox[gallery_image_1]\" class=\"fusion-lightbox\" target=\"_self\"><img decoding=\"async\" src=\"https:\/\/royalfamily.org\/wp-content\/uploads\/2026\/04\/5-scaled.jpg\" width=\"2560\" height=\"1707\" alt=\"\" title=\"5\" aria-label=\"5\" class=\"img-responsive wp-image-98652\" srcset=\"https:\/\/royalfamily.org\/wp-content\/uploads\/2026\/04\/5-200x133.jpg 200w, https:\/\/royalfamily.org\/wp-content\/uploads\/2026\/04\/5-400x267.jpg 400w, https:\/\/royalfamily.org\/wp-content\/uploads\/2026\/04\/5-600x400.jpg 600w, https:\/\/royalfamily.org\/wp-content\/uploads\/2026\/04\/5-800x533.jpg 800w, https:\/\/royalfamily.org\/wp-content\/uploads\/2026\/04\/5-1200x800.jpg 1200w, https:\/\/royalfamily.org\/wp-content\/uploads\/2026\/04\/5-scaled.jpg 2560w\" sizes=\"(min-width: 2200px) 100vw, (min-width: 824px) 390px, (min-width: 732px) 585px, (min-width: 640px) 732px, \" \/><\/a><\/div><\/div><div style=\"padding:5px;\" class=\"fusion-grid-column fusion-gallery-column fusion-gallery-column-3 hover-type-none\"><div class=\"fusion-gallery-image\"><a href=\"https:\/\/royalfamily.org\/wp-content\/uploads\/2026\/04\/6-scaled.jpg\" rel=\"noreferrer\" data-rel=\"iLightbox[gallery_image_1]\" class=\"fusion-lightbox\" target=\"_self\"><img decoding=\"async\" src=\"https:\/\/royalfamily.org\/wp-content\/uploads\/2026\/04\/6-scaled.jpg\" width=\"2560\" height=\"1707\" alt=\"\" title=\"6\" aria-label=\"6\" class=\"img-responsive wp-image-98655\" srcset=\"https:\/\/royalfamily.org\/wp-content\/uploads\/2026\/04\/6-200x133.jpg 200w, https:\/\/royalfamily.org\/wp-content\/uploads\/2026\/04\/6-400x267.jpg 400w, https:\/\/royalfamily.org\/wp-content\/uploads\/2026\/04\/6-600x400.jpg 600w, https:\/\/royalfamily.org\/wp-content\/uploads\/2026\/04\/6-800x533.jpg 800w, https:\/\/royalfamily.org\/wp-content\/uploads\/2026\/04\/6-1200x800.jpg 1200w, https:\/\/royalfamily.org\/wp-content\/uploads\/2026\/04\/6-scaled.jpg 2560w\" sizes=\"(min-width: 2200px) 100vw, (min-width: 824px) 390px, (min-width: 732px) 585px, (min-width: 640px) 732px, \" \/><\/a><\/div><\/div><div class=\"clearfix\"><\/div><div style=\"padding:5px;\" class=\"fusion-grid-column fusion-gallery-column fusion-gallery-column-3 hover-type-none\"><div class=\"fusion-gallery-image\"><a href=\"https:\/\/royalfamily.org\/wp-content\/uploads\/2026\/04\/7-scaled.jpg\" rel=\"noreferrer\" data-rel=\"iLightbox[gallery_image_1]\" class=\"fusion-lightbox\" target=\"_self\"><img decoding=\"async\" src=\"https:\/\/royalfamily.org\/wp-content\/uploads\/2026\/04\/7-scaled.jpg\" width=\"2560\" height=\"1706\" alt=\"\" title=\"7\" aria-label=\"7\" class=\"img-responsive wp-image-98658\" srcset=\"https:\/\/royalfamily.org\/wp-content\/uploads\/2026\/04\/7-200x133.jpg 200w, https:\/\/royalfamily.org\/wp-content\/uploads\/2026\/04\/7-400x267.jpg 400w, https:\/\/royalfamily.org\/wp-content\/uploads\/2026\/04\/7-600x400.jpg 600w, https:\/\/royalfamily.org\/wp-content\/uploads\/2026\/04\/7-800x533.jpg 800w, https:\/\/royalfamily.org\/wp-content\/uploads\/2026\/04\/7-1200x800.jpg 1200w, https:\/\/royalfamily.org\/wp-content\/uploads\/2026\/04\/7-scaled.jpg 2560w\" sizes=\"(min-width: 2200px) 100vw, (min-width: 824px) 390px, (min-width: 732px) 585px, (min-width: 640px) 732px, \" \/><\/a><\/div><\/div><div style=\"padding:5px;\" class=\"fusion-grid-column fusion-gallery-column fusion-gallery-column-3 hover-type-none\"><div class=\"fusion-gallery-image\"><a href=\"https:\/\/royalfamily.org\/wp-content\/uploads\/2026\/04\/8-scaled.jpg\" rel=\"noreferrer\" data-rel=\"iLightbox[gallery_image_1]\" class=\"fusion-lightbox\" target=\"_self\"><img decoding=\"async\" src=\"https:\/\/royalfamily.org\/wp-content\/uploads\/2026\/04\/8-scaled.jpg\" width=\"2560\" height=\"1706\" alt=\"\" title=\"8\" aria-label=\"8\" class=\"img-responsive wp-image-98661\" srcset=\"https:\/\/royalfamily.org\/wp-content\/uploads\/2026\/04\/8-200x133.jpg 200w, https:\/\/royalfamily.org\/wp-content\/uploads\/2026\/04\/8-400x267.jpg 400w, https:\/\/royalfamily.org\/wp-content\/uploads\/2026\/04\/8-600x400.jpg 600w, https:\/\/royalfamily.org\/wp-content\/uploads\/2026\/04\/8-800x533.jpg 800w, https:\/\/royalfamily.org\/wp-content\/uploads\/2026\/04\/8-1200x800.jpg 1200w, https:\/\/royalfamily.org\/wp-content\/uploads\/2026\/04\/8-scaled.jpg 2560w\" sizes=\"(min-width: 2200px) 100vw, (min-width: 824px) 390px, (min-width: 732px) 585px, (min-width: 640px) 732px, \" \/><\/a><\/div><\/div><div style=\"padding:5px;\" class=\"fusion-grid-column fusion-gallery-column fusion-gallery-column-3 hover-type-none\"><div class=\"fusion-gallery-image\"><a href=\"https:\/\/royalfamily.org\/wp-content\/uploads\/2026\/04\/9-scaled.jpg\" rel=\"noreferrer\" data-rel=\"iLightbox[gallery_image_1]\" class=\"fusion-lightbox\" target=\"_self\"><img decoding=\"async\" src=\"https:\/\/royalfamily.org\/wp-content\/uploads\/2026\/04\/9-scaled.jpg\" width=\"2560\" height=\"1706\" alt=\"\" title=\"9\" aria-label=\"9\" class=\"img-responsive wp-image-98664\" srcset=\"https:\/\/royalfamily.org\/wp-content\/uploads\/2026\/04\/9-200x133.jpg 200w, https:\/\/royalfamily.org\/wp-content\/uploads\/2026\/04\/9-400x267.jpg 400w, https:\/\/royalfamily.org\/wp-content\/uploads\/2026\/04\/9-600x400.jpg 600w, https:\/\/royalfamily.org\/wp-content\/uploads\/2026\/04\/9-800x533.jpg 800w, https:\/\/royalfamily.org\/wp-content\/uploads\/2026\/04\/9-1200x800.jpg 1200w, https:\/\/royalfamily.org\/wp-content\/uploads\/2026\/04\/9-scaled.jpg 2560w\" sizes=\"(min-width: 2200px) 100vw, (min-width: 824px) 390px, (min-width: 732px) 585px, (min-width: 640px) 732px, \" \/><\/a><\/div><\/div><div class=\"clearfix\"><\/div><div style=\"padding:5px;\" class=\"fusion-grid-column fusion-gallery-column fusion-gallery-column-3 hover-type-none\"><div class=\"fusion-gallery-image\"><a href=\"https:\/\/royalfamily.org\/wp-content\/uploads\/2026\/04\/10-scaled.jpg\" rel=\"noreferrer\" data-rel=\"iLightbox[gallery_image_1]\" class=\"fusion-lightbox\" target=\"_self\"><img decoding=\"async\" src=\"https:\/\/royalfamily.org\/wp-content\/uploads\/2026\/04\/10-scaled.jpg\" width=\"2560\" height=\"1706\" alt=\"\" title=\"10\" aria-label=\"10\" class=\"img-responsive wp-image-98667\" srcset=\"https:\/\/royalfamily.org\/wp-content\/uploads\/2026\/04\/10-200x133.jpg 200w, https:\/\/royalfamily.org\/wp-content\/uploads\/2026\/04\/10-400x267.jpg 400w, https:\/\/royalfamily.org\/wp-content\/uploads\/2026\/04\/10-600x400.jpg 600w, https:\/\/royalfamily.org\/wp-content\/uploads\/2026\/04\/10-800x533.jpg 800w, https:\/\/royalfamily.org\/wp-content\/uploads\/2026\/04\/10-1200x800.jpg 1200w, https:\/\/royalfamily.org\/wp-content\/uploads\/2026\/04\/10-scaled.jpg 2560w\" sizes=\"(min-width: 2200px) 100vw, (min-width: 824px) 390px, (min-width: 732px) 585px, (min-width: 640px) 732px, \" \/><\/a><\/div><\/div><div style=\"padding:5px;\" class=\"fusion-grid-column fusion-gallery-column fusion-gallery-column-3 hover-type-none\"><div class=\"fusion-gallery-image\"><a href=\"https:\/\/royalfamily.org\/wp-content\/uploads\/2026\/04\/11-scaled.jpg\" rel=\"noreferrer\" data-rel=\"iLightbox[gallery_image_1]\" class=\"fusion-lightbox\" target=\"_self\"><img decoding=\"async\" src=\"https:\/\/royalfamily.org\/wp-content\/uploads\/2026\/04\/11-scaled.jpg\" width=\"2560\" height=\"1706\" alt=\"\" title=\"11\" aria-label=\"11\" class=\"img-responsive wp-image-98670\" srcset=\"https:\/\/royalfamily.org\/wp-content\/uploads\/2026\/04\/11-200x133.jpg 200w, https:\/\/royalfamily.org\/wp-content\/uploads\/2026\/04\/11-400x267.jpg 400w, https:\/\/royalfamily.org\/wp-content\/uploads\/2026\/04\/11-600x400.jpg 600w, https:\/\/royalfamily.org\/wp-content\/uploads\/2026\/04\/11-800x533.jpg 800w, https:\/\/royalfamily.org\/wp-content\/uploads\/2026\/04\/11-1200x800.jpg 1200w, https:\/\/royalfamily.org\/wp-content\/uploads\/2026\/04\/11-scaled.jpg 2560w\" sizes=\"(min-width: 2200px) 100vw, (min-width: 824px) 390px, (min-width: 732px) 585px, (min-width: 640px) 732px, \" \/><\/a><\/div><\/div><div style=\"padding:5px;\" class=\"fusion-grid-column fusion-gallery-column fusion-gallery-column-3 hover-type-none\"><div class=\"fusion-gallery-image\"><a href=\"https:\/\/royalfamily.org\/wp-content\/uploads\/2026\/04\/12-scaled.jpg\" rel=\"noreferrer\" data-rel=\"iLightbox[gallery_image_1]\" class=\"fusion-lightbox\" target=\"_self\"><img decoding=\"async\" src=\"https:\/\/royalfamily.org\/wp-content\/uploads\/2026\/04\/12-scaled.jpg\" width=\"2560\" height=\"1706\" alt=\"\" title=\"12\" aria-label=\"12\" class=\"img-responsive wp-image-98673\" srcset=\"https:\/\/royalfamily.org\/wp-content\/uploads\/2026\/04\/12-200x133.jpg 200w, https:\/\/royalfamily.org\/wp-content\/uploads\/2026\/04\/12-400x267.jpg 400w, https:\/\/royalfamily.org\/wp-content\/uploads\/2026\/04\/12-600x400.jpg 600w, https:\/\/royalfamily.org\/wp-content\/uploads\/2026\/04\/12-800x533.jpg 800w, https:\/\/royalfamily.org\/wp-content\/uploads\/2026\/04\/12-1200x800.jpg 1200w, https:\/\/royalfamily.org\/wp-content\/uploads\/2026\/04\/12-scaled.jpg 2560w\" sizes=\"(min-width: 2200px) 100vw, (min-width: 824px) 390px, (min-width: 732px) 585px, (min-width: 640px) 732px, \" \/><\/a><\/div><\/div><div class=\"clearfix\"><\/div><div style=\"padding:5px;\" class=\"fusion-grid-column fusion-gallery-column fusion-gallery-column-3 hover-type-none\"><div class=\"fusion-gallery-image\"><a href=\"https:\/\/royalfamily.org\/wp-content\/uploads\/2026\/04\/13-scaled.jpg\" rel=\"noreferrer\" data-rel=\"iLightbox[gallery_image_1]\" class=\"fusion-lightbox\" target=\"_self\"><img decoding=\"async\" src=\"https:\/\/royalfamily.org\/wp-content\/uploads\/2026\/04\/13-scaled.jpg\" width=\"2560\" height=\"1707\" alt=\"\" title=\"13\" aria-label=\"13\" class=\"img-responsive wp-image-98676\" srcset=\"https:\/\/royalfamily.org\/wp-content\/uploads\/2026\/04\/13-200x133.jpg 200w, https:\/\/royalfamily.org\/wp-content\/uploads\/2026\/04\/13-400x267.jpg 400w, https:\/\/royalfamily.org\/wp-content\/uploads\/2026\/04\/13-600x400.jpg 600w, https:\/\/royalfamily.org\/wp-content\/uploads\/2026\/04\/13-800x533.jpg 800w, https:\/\/royalfamily.org\/wp-content\/uploads\/2026\/04\/13-1200x800.jpg 1200w, https:\/\/royalfamily.org\/wp-content\/uploads\/2026\/04\/13-scaled.jpg 2560w\" sizes=\"(min-width: 2200px) 100vw, (min-width: 824px) 390px, (min-width: 732px) 585px, (min-width: 640px) 732px, \" \/><\/a><\/div><\/div><div style=\"padding:5px;\" class=\"fusion-grid-column fusion-gallery-column fusion-gallery-column-3 hover-type-none\"><div class=\"fusion-gallery-image\"><a href=\"https:\/\/royalfamily.org\/wp-content\/uploads\/2026\/04\/14-scaled.jpg\" rel=\"noreferrer\" data-rel=\"iLightbox[gallery_image_1]\" class=\"fusion-lightbox\" target=\"_self\"><img decoding=\"async\" src=\"https:\/\/royalfamily.org\/wp-content\/uploads\/2026\/04\/14-scaled.jpg\" width=\"2560\" height=\"1706\" alt=\"\" title=\"14\" aria-label=\"14\" class=\"img-responsive wp-image-98679\" srcset=\"https:\/\/royalfamily.org\/wp-content\/uploads\/2026\/04\/14-200x133.jpg 200w, https:\/\/royalfamily.org\/wp-content\/uploads\/2026\/04\/14-400x267.jpg 400w, https:\/\/royalfamily.org\/wp-content\/uploads\/2026\/04\/14-600x400.jpg 600w, https:\/\/royalfamily.org\/wp-content\/uploads\/2026\/04\/14-800x533.jpg 800w, https:\/\/royalfamily.org\/wp-content\/uploads\/2026\/04\/14-1200x800.jpg 1200w, https:\/\/royalfamily.org\/wp-content\/uploads\/2026\/04\/14-scaled.jpg 2560w\" sizes=\"(min-width: 2200px) 100vw, (min-width: 824px) 390px, (min-width: 732px) 585px, (min-width: 640px) 732px, \" \/><\/a><\/div><\/div><div style=\"padding:5px;\" class=\"fusion-grid-column fusion-gallery-column fusion-gallery-column-3 hover-type-none\"><div class=\"fusion-gallery-image\"><a href=\"https:\/\/royalfamily.org\/wp-content\/uploads\/2026\/04\/15-scaled.jpg\" rel=\"noreferrer\" data-rel=\"iLightbox[gallery_image_1]\" class=\"fusion-lightbox\" target=\"_self\"><img decoding=\"async\" src=\"https:\/\/royalfamily.org\/wp-content\/uploads\/2026\/04\/15-scaled.jpg\" width=\"2560\" height=\"1706\" alt=\"\" title=\"15\" aria-label=\"15\" class=\"img-responsive wp-image-98682\" srcset=\"https:\/\/royalfamily.org\/wp-content\/uploads\/2026\/04\/15-200x133.jpg 200w, https:\/\/royalfamily.org\/wp-content\/uploads\/2026\/04\/15-400x267.jpg 400w, https:\/\/royalfamily.org\/wp-content\/uploads\/2026\/04\/15-600x400.jpg 600w, https:\/\/royalfamily.org\/wp-content\/uploads\/2026\/04\/15-800x533.jpg 800w, https:\/\/royalfamily.org\/wp-content\/uploads\/2026\/04\/15-1200x800.jpg 1200w, https:\/\/royalfamily.org\/wp-content\/uploads\/2026\/04\/15-scaled.jpg 2560w\" sizes=\"(min-width: 2200px) 100vw, (min-width: 824px) 390px, (min-width: 732px) 585px, (min-width: 640px) 732px, \" \/><\/a><\/div><\/div><div class=\"clearfix\"><\/div><div style=\"padding:5px;\" class=\"fusion-grid-column fusion-gallery-column fusion-gallery-column-3 hover-type-none\"><div class=\"fusion-gallery-image\"><a href=\"https:\/\/royalfamily.org\/wp-content\/uploads\/2026\/04\/16-scaled.jpg\" rel=\"noreferrer\" data-rel=\"iLightbox[gallery_image_1]\" class=\"fusion-lightbox\" target=\"_self\"><img decoding=\"async\" src=\"https:\/\/royalfamily.org\/wp-content\/uploads\/2026\/04\/16-scaled.jpg\" width=\"2560\" height=\"1707\" alt=\"\" title=\"16\" aria-label=\"16\" class=\"img-responsive wp-image-98685\" srcset=\"https:\/\/royalfamily.org\/wp-content\/uploads\/2026\/04\/16-200x133.jpg 200w, https:\/\/royalfamily.org\/wp-content\/uploads\/2026\/04\/16-400x267.jpg 400w, https:\/\/royalfamily.org\/wp-content\/uploads\/2026\/04\/16-600x400.jpg 600w, https:\/\/royalfamily.org\/wp-content\/uploads\/2026\/04\/16-800x533.jpg 800w, https:\/\/royalfamily.org\/wp-content\/uploads\/2026\/04\/16-1200x800.jpg 1200w, https:\/\/royalfamily.org\/wp-content\/uploads\/2026\/04\/16-scaled.jpg 2560w\" sizes=\"(min-width: 2200px) 100vw, (min-width: 824px) 390px, (min-width: 732px) 585px, (min-width: 640px) 732px, \" \/><\/a><\/div><\/div><div style=\"padding:5px;\" class=\"fusion-grid-column fusion-gallery-column fusion-gallery-column-3 hover-type-none\"><div class=\"fusion-gallery-image\"><a href=\"https:\/\/royalfamily.org\/wp-content\/uploads\/2026\/04\/17-scaled.jpg\" rel=\"noreferrer\" data-rel=\"iLightbox[gallery_image_1]\" class=\"fusion-lightbox\" target=\"_self\"><img decoding=\"async\" src=\"https:\/\/royalfamily.org\/wp-content\/uploads\/2026\/04\/17-scaled.jpg\" width=\"2560\" height=\"1707\" alt=\"\" title=\"17\" aria-label=\"17\" class=\"img-responsive wp-image-98688\" srcset=\"https:\/\/royalfamily.org\/wp-content\/uploads\/2026\/04\/17-200x133.jpg 200w, https:\/\/royalfamily.org\/wp-content\/uploads\/2026\/04\/17-400x267.jpg 400w, https:\/\/royalfamily.org\/wp-content\/uploads\/2026\/04\/17-600x400.jpg 600w, https:\/\/royalfamily.org\/wp-content\/uploads\/2026\/04\/17-800x533.jpg 800w, https:\/\/royalfamily.org\/wp-content\/uploads\/2026\/04\/17-1200x800.jpg 1200w, https:\/\/royalfamily.org\/wp-content\/uploads\/2026\/04\/17-scaled.jpg 2560w\" sizes=\"(min-width: 2200px) 100vw, (min-width: 824px) 390px, (min-width: 732px) 585px, (min-width: 640px) 732px, \" \/><\/a><\/div><\/div><div style=\"padding:5px;\" class=\"fusion-grid-column fusion-gallery-column fusion-gallery-column-3 hover-type-none\"><div class=\"fusion-gallery-image\"><a href=\"https:\/\/royalfamily.org\/wp-content\/uploads\/2026\/04\/18-scaled.jpg\" rel=\"noreferrer\" data-rel=\"iLightbox[gallery_image_1]\" class=\"fusion-lightbox\" target=\"_self\"><img decoding=\"async\" src=\"https:\/\/royalfamily.org\/wp-content\/uploads\/2026\/04\/18-scaled.jpg\" width=\"2560\" height=\"1706\" alt=\"\" title=\"18\" aria-label=\"18\" class=\"img-responsive wp-image-98691\" srcset=\"https:\/\/royalfamily.org\/wp-content\/uploads\/2026\/04\/18-200x133.jpg 200w, https:\/\/royalfamily.org\/wp-content\/uploads\/2026\/04\/18-400x267.jpg 400w, https:\/\/royalfamily.org\/wp-content\/uploads\/2026\/04\/18-600x400.jpg 600w, https:\/\/royalfamily.org\/wp-content\/uploads\/2026\/04\/18-800x533.jpg 800w, https:\/\/royalfamily.org\/wp-content\/uploads\/2026\/04\/18-1200x800.jpg 1200w, https:\/\/royalfamily.org\/wp-content\/uploads\/2026\/04\/18-scaled.jpg 2560w\" sizes=\"(min-width: 2200px) 100vw, (min-width: 824px) 390px, (min-width: 732px) 585px, (min-width: 640px) 732px, \" \/><\/a><\/div><\/div><div class=\"clearfix\"><\/div><div style=\"padding:5px;\" class=\"fusion-grid-column fusion-gallery-column fusion-gallery-column-3 hover-type-none\"><div class=\"fusion-gallery-image\"><a href=\"https:\/\/royalfamily.org\/wp-content\/uploads\/2026\/04\/19-scaled.jpg\" rel=\"noreferrer\" data-rel=\"iLightbox[gallery_image_1]\" class=\"fusion-lightbox\" target=\"_self\"><img decoding=\"async\" src=\"https:\/\/royalfamily.org\/wp-content\/uploads\/2026\/04\/19-scaled.jpg\" width=\"2560\" height=\"1706\" alt=\"\" title=\"19\" aria-label=\"19\" class=\"img-responsive wp-image-98694\" srcset=\"https:\/\/royalfamily.org\/wp-content\/uploads\/2026\/04\/19-200x133.jpg 200w, https:\/\/royalfamily.org\/wp-content\/uploads\/2026\/04\/19-400x267.jpg 400w, https:\/\/royalfamily.org\/wp-content\/uploads\/2026\/04\/19-600x400.jpg 600w, https:\/\/royalfamily.org\/wp-content\/uploads\/2026\/04\/19-800x533.jpg 800w, https:\/\/royalfamily.org\/wp-content\/uploads\/2026\/04\/19-1200x800.jpg 1200w, https:\/\/royalfamily.org\/wp-content\/uploads\/2026\/04\/19-scaled.jpg 2560w\" sizes=\"(min-width: 2200px) 100vw, (min-width: 824px) 390px, (min-width: 732px) 585px, (min-width: 640px) 732px, \" \/><\/a><\/div><\/div><\/div><\/div><\/div><\/div><\/div><\/div><\/p>\n","protected":false},"excerpt":{"rendered":"","protected":false},"author":1001015,"featured_media":98697,"comment_status":"closed","ping_status":"closed","sticky":false,"template":"","format":"standard","meta":{"_acf_changed":false,"footnotes":""},"categories":[22],"tags":[],"class_list":["post-98700","post","type-post","status-publish","format-standard","has-post-thumbnail","hentry","category-vesti"],"acf":[],"yoast_head":"<!-- This site is optimized with the Yoast SEO Premium plugin v27.4 (Yoast SEO v27.4) - https:\/\/yoast.com\/product\/yoast-seo-premium-wordpress\/ -->\n<title>RADOST PREDSTOJE\u0106EG VASKRSA PODELJENA SA PREKO 1.000 DECE U BELOM DVORU - The Royal Family of Serbia<\/title>\n<meta name=\"robots\" content=\"index, follow, max-snippet:-1, max-image-preview:large, max-video-preview:-1\" \/>\n<link rel=\"canonical\" href=\"https:\/\/royalfamily.org\/lat\/radost-predstojeceg-vaskrsa-podeljena-sa-preko-1-000-dece-u-belom-dvoru\/\" \/>\n<meta property=\"og:locale\" content=\"en_US\" \/>\n<meta property=\"og:type\" content=\"article\" \/>\n<meta property=\"og:title\" content=\"RADOST PREDSTOJE\u0106EG VASKRSA PODELJENA SA PREKO 1.000 DECE U BELOM DVORU\" \/>\n<meta property=\"og:url\" content=\"https:\/\/royalfamily.org\/lat\/radost-predstojeceg-vaskrsa-podeljena-sa-preko-1-000-dece-u-belom-dvoru\/\" \/>\n<meta property=\"og:site_name\" content=\"The Royal Family of Serbia\" \/>\n<meta property=\"article:publisher\" content=\"https:\/\/www.facebook.com\/Prestolonaslednik.Aleksandar\" \/>\n<meta property=\"article:published_time\" content=\"2026-04-07T17:57:18+00:00\" \/>\n<meta property=\"article:modified_time\" content=\"2026-04-08T11:54:35+00:00\" \/>\n<meta property=\"og:image\" content=\"https:\/\/royalfamily.org\/wp-content\/uploads\/2026\/04\/cover-PA-copy.jpg\" \/>\n\t<meta property=\"og:image:width\" content=\"1566\" \/>\n\t<meta property=\"og:image:height\" content=\"768\" \/>\n\t<meta property=\"og:image:type\" content=\"image\/jpeg\" \/>\n<meta name=\"author\" content=\"Stefan Milanovic\" \/>\n<meta name=\"twitter:card\" content=\"summary_large_image\" \/>\n<meta name=\"twitter:label1\" content=\"Written by\" \/>\n\t<meta name=\"twitter:data1\" content=\"Stefan Milanovic\" \/>\n\t<meta name=\"twitter:label2\" content=\"Est. reading time\" \/>\n\t<meta name=\"twitter:data2\" content=\"7 minutes\" \/>\n<script type=\"application\/ld+json\" class=\"yoast-schema-graph\">{\"@context\":\"https:\\\/\\\/schema.org\",\"@graph\":[{\"@type\":\"Article\",\"@id\":\"https:\\\/\\\/royalfamily.org\\\/lat\\\/radost-predstojeceg-vaskrsa-podeljena-sa-preko-1-000-dece-u-belom-dvoru\\\/#article\",\"isPartOf\":{\"@id\":\"https:\\\/\\\/royalfamily.org\\\/lat\\\/radost-predstojeceg-vaskrsa-podeljena-sa-preko-1-000-dece-u-belom-dvoru\\\/\"},\"author\":{\"name\":\"Stefan Milanovic\",\"@id\":\"https:\\\/\\\/royalfamily.org\\\/#\\\/schema\\\/person\\\/4ad3296a6a8a35eed333b6a785e9f648\"},\"headline\":\"RADOST PREDSTOJE\u0106EG VASKRSA PODELJENA SA PREKO 1.000 DECE U BELOM DVORU\",\"datePublished\":\"2026-04-07T17:57:18+00:00\",\"dateModified\":\"2026-04-08T11:54:35+00:00\",\"mainEntityOfPage\":{\"@id\":\"https:\\\/\\\/royalfamily.org\\\/lat\\\/radost-predstojeceg-vaskrsa-podeljena-sa-preko-1-000-dece-u-belom-dvoru\\\/\"},\"wordCount\":3484,\"publisher\":{\"@id\":\"https:\\\/\\\/royalfamily.org\\\/#organization\"},\"image\":{\"@id\":\"https:\\\/\\\/royalfamily.org\\\/lat\\\/radost-predstojeceg-vaskrsa-podeljena-sa-preko-1-000-dece-u-belom-dvoru\\\/#primaryimage\"},\"thumbnailUrl\":\"https:\\\/\\\/royalfamily.org\\\/wp-content\\\/uploads\\\/2026\\\/04\\\/cover-PA-copy.jpg\",\"articleSection\":[\"Vesti\"],\"inLanguage\":\"sr-LT\"},{\"@type\":\"WebPage\",\"@id\":\"https:\\\/\\\/royalfamily.org\\\/lat\\\/radost-predstojeceg-vaskrsa-podeljena-sa-preko-1-000-dece-u-belom-dvoru\\\/\",\"url\":\"https:\\\/\\\/royalfamily.org\\\/lat\\\/radost-predstojeceg-vaskrsa-podeljena-sa-preko-1-000-dece-u-belom-dvoru\\\/\",\"name\":\"RADOST PREDSTOJE\u0106EG VASKRSA PODELJENA SA PREKO 1.000 DECE U BELOM DVORU - The Royal Family of Serbia\",\"isPartOf\":{\"@id\":\"https:\\\/\\\/royalfamily.org\\\/#website\"},\"primaryImageOfPage\":{\"@id\":\"https:\\\/\\\/royalfamily.org\\\/lat\\\/radost-predstojeceg-vaskrsa-podeljena-sa-preko-1-000-dece-u-belom-dvoru\\\/#primaryimage\"},\"image\":{\"@id\":\"https:\\\/\\\/royalfamily.org\\\/lat\\\/radost-predstojeceg-vaskrsa-podeljena-sa-preko-1-000-dece-u-belom-dvoru\\\/#primaryimage\"},\"thumbnailUrl\":\"https:\\\/\\\/royalfamily.org\\\/wp-content\\\/uploads\\\/2026\\\/04\\\/cover-PA-copy.jpg\",\"datePublished\":\"2026-04-07T17:57:18+00:00\",\"dateModified\":\"2026-04-08T11:54:35+00:00\",\"breadcrumb\":{\"@id\":\"https:\\\/\\\/royalfamily.org\\\/lat\\\/radost-predstojeceg-vaskrsa-podeljena-sa-preko-1-000-dece-u-belom-dvoru\\\/#breadcrumb\"},\"inLanguage\":\"sr-LT\",\"potentialAction\":[{\"@type\":\"ReadAction\",\"target\":[\"https:\\\/\\\/royalfamily.org\\\/lat\\\/radost-predstojeceg-vaskrsa-podeljena-sa-preko-1-000-dece-u-belom-dvoru\\\/\"]}]},{\"@type\":\"ImageObject\",\"inLanguage\":\"sr-LT\",\"@id\":\"https:\\\/\\\/royalfamily.org\\\/lat\\\/radost-predstojeceg-vaskrsa-podeljena-sa-preko-1-000-dece-u-belom-dvoru\\\/#primaryimage\",\"url\":\"https:\\\/\\\/royalfamily.org\\\/wp-content\\\/uploads\\\/2026\\\/04\\\/cover-PA-copy.jpg\",\"contentUrl\":\"https:\\\/\\\/royalfamily.org\\\/wp-content\\\/uploads\\\/2026\\\/04\\\/cover-PA-copy.jpg\",\"width\":1566,\"height\":768,\"caption\":\"JOY OF UPCOMING EASTER SHARED WITH MORE THAN 1,000 CHILDREN AT THE WHITE PALACE\"},{\"@type\":\"BreadcrumbList\",\"@id\":\"https:\\\/\\\/royalfamily.org\\\/lat\\\/radost-predstojeceg-vaskrsa-podeljena-sa-preko-1-000-dece-u-belom-dvoru\\\/#breadcrumb\",\"itemListElement\":[{\"@type\":\"ListItem\",\"position\":1,\"name\":\"Home\",\"item\":\"https:\\\/\\\/royalfamily.org\\\/lat\\\/\"},{\"@type\":\"ListItem\",\"position\":2,\"name\":\"RADOST PREDSTOJE\u0106EG VASKRSA PODELJENA SA PREKO 1.000 DECE U BELOM DVORU\"}]},{\"@type\":\"WebSite\",\"@id\":\"https:\\\/\\\/royalfamily.org\\\/#website\",\"url\":\"https:\\\/\\\/royalfamily.org\\\/\",\"name\":\"The Royal Family of Serbia\",\"description\":\"From the people, for the people\",\"publisher\":{\"@id\":\"https:\\\/\\\/royalfamily.org\\\/#organization\"},\"potentialAction\":[{\"@type\":\"SearchAction\",\"target\":{\"@type\":\"EntryPoint\",\"urlTemplate\":\"https:\\\/\\\/royalfamily.org\\\/?s={search_term_string}\"},\"query-input\":{\"@type\":\"PropertyValueSpecification\",\"valueRequired\":true,\"valueName\":\"search_term_string\"}}],\"inLanguage\":\"sr-LT\"},{\"@type\":\"Organization\",\"@id\":\"https:\\\/\\\/royalfamily.org\\\/#organization\",\"name\":\"Royal Family\",\"url\":\"https:\\\/\\\/royalfamily.org\\\/\",\"logo\":{\"@type\":\"ImageObject\",\"inLanguage\":\"sr-LT\",\"@id\":\"https:\\\/\\\/royalfamily.org\\\/#\\\/schema\\\/logo\\\/image\\\/\",\"url\":\"https:\\\/\\\/royalfamily.org\\\/wp-content\\\/uploads\\\/2019\\\/04\\\/logo-vector-02-V-latinica.png\",\"contentUrl\":\"https:\\\/\\\/royalfamily.org\\\/wp-content\\\/uploads\\\/2019\\\/04\\\/logo-vector-02-V-latinica.png\",\"width\":552,\"height\":99,\"caption\":\"Royal Family\"},\"image\":{\"@id\":\"https:\\\/\\\/royalfamily.org\\\/#\\\/schema\\\/logo\\\/image\\\/\"},\"sameAs\":[\"https:\\\/\\\/www.facebook.com\\\/Prestolonaslednik.Aleksandar\"]},{\"@type\":\"Person\",\"@id\":\"https:\\\/\\\/royalfamily.org\\\/#\\\/schema\\\/person\\\/4ad3296a6a8a35eed333b6a785e9f648\",\"name\":\"Stefan Milanovic\",\"image\":{\"@type\":\"ImageObject\",\"inLanguage\":\"sr-LT\",\"@id\":\"https:\\\/\\\/secure.gravatar.com\\\/avatar\\\/92dcbdcf3e32112a9ceb1e41665b1f44c69382d014cacfe12c701f6af7c40259?s=96&d=mm&r=g\",\"url\":\"https:\\\/\\\/secure.gravatar.com\\\/avatar\\\/92dcbdcf3e32112a9ceb1e41665b1f44c69382d014cacfe12c701f6af7c40259?s=96&d=mm&r=g\",\"contentUrl\":\"https:\\\/\\\/secure.gravatar.com\\\/avatar\\\/92dcbdcf3e32112a9ceb1e41665b1f44c69382d014cacfe12c701f6af7c40259?s=96&d=mm&r=g\",\"caption\":\"Stefan Milanovic\"}}]}<\/script>\n<!-- \/ Yoast SEO Premium plugin. -->","yoast_head_json":{"title":"RADOST PREDSTOJE\u0106EG VASKRSA PODELJENA SA PREKO 1.000 DECE U BELOM DVORU - The Royal Family of Serbia","robots":{"index":"index","follow":"follow","max-snippet":"max-snippet:-1","max-image-preview":"max-image-preview:large","max-video-preview":"max-video-preview:-1"},"canonical":"https:\/\/royalfamily.org\/lat\/radost-predstojeceg-vaskrsa-podeljena-sa-preko-1-000-dece-u-belom-dvoru\/","og_locale":"en_US","og_type":"article","og_title":"RADOST PREDSTOJE\u0106EG VASKRSA PODELJENA SA PREKO 1.000 DECE U BELOM DVORU","og_url":"https:\/\/royalfamily.org\/lat\/radost-predstojeceg-vaskrsa-podeljena-sa-preko-1-000-dece-u-belom-dvoru\/","og_site_name":"The Royal Family of Serbia","article_publisher":"https:\/\/www.facebook.com\/Prestolonaslednik.Aleksandar","article_published_time":"2026-04-07T17:57:18+00:00","article_modified_time":"2026-04-08T11:54:35+00:00","og_image":[{"width":1566,"height":768,"url":"https:\/\/royalfamily.org\/wp-content\/uploads\/2026\/04\/cover-PA-copy.jpg","type":"image\/jpeg"}],"author":"Stefan Milanovic","twitter_card":"summary_large_image","twitter_misc":{"Written by":"Stefan Milanovic","Est. reading time":"7 minutes"},"schema":{"@context":"https:\/\/schema.org","@graph":[{"@type":"Article","@id":"https:\/\/royalfamily.org\/lat\/radost-predstojeceg-vaskrsa-podeljena-sa-preko-1-000-dece-u-belom-dvoru\/#article","isPartOf":{"@id":"https:\/\/royalfamily.org\/lat\/radost-predstojeceg-vaskrsa-podeljena-sa-preko-1-000-dece-u-belom-dvoru\/"},"author":{"name":"Stefan Milanovic","@id":"https:\/\/royalfamily.org\/#\/schema\/person\/4ad3296a6a8a35eed333b6a785e9f648"},"headline":"RADOST PREDSTOJE\u0106EG VASKRSA PODELJENA SA PREKO 1.000 DECE U BELOM DVORU","datePublished":"2026-04-07T17:57:18+00:00","dateModified":"2026-04-08T11:54:35+00:00","mainEntityOfPage":{"@id":"https:\/\/royalfamily.org\/lat\/radost-predstojeceg-vaskrsa-podeljena-sa-preko-1-000-dece-u-belom-dvoru\/"},"wordCount":3484,"publisher":{"@id":"https:\/\/royalfamily.org\/#organization"},"image":{"@id":"https:\/\/royalfamily.org\/lat\/radost-predstojeceg-vaskrsa-podeljena-sa-preko-1-000-dece-u-belom-dvoru\/#primaryimage"},"thumbnailUrl":"https:\/\/royalfamily.org\/wp-content\/uploads\/2026\/04\/cover-PA-copy.jpg","articleSection":["Vesti"],"inLanguage":"sr-LT"},{"@type":"WebPage","@id":"https:\/\/royalfamily.org\/lat\/radost-predstojeceg-vaskrsa-podeljena-sa-preko-1-000-dece-u-belom-dvoru\/","url":"https:\/\/royalfamily.org\/lat\/radost-predstojeceg-vaskrsa-podeljena-sa-preko-1-000-dece-u-belom-dvoru\/","name":"RADOST PREDSTOJE\u0106EG VASKRSA PODELJENA SA PREKO 1.000 DECE U BELOM DVORU - The Royal Family of Serbia","isPartOf":{"@id":"https:\/\/royalfamily.org\/#website"},"primaryImageOfPage":{"@id":"https:\/\/royalfamily.org\/lat\/radost-predstojeceg-vaskrsa-podeljena-sa-preko-1-000-dece-u-belom-dvoru\/#primaryimage"},"image":{"@id":"https:\/\/royalfamily.org\/lat\/radost-predstojeceg-vaskrsa-podeljena-sa-preko-1-000-dece-u-belom-dvoru\/#primaryimage"},"thumbnailUrl":"https:\/\/royalfamily.org\/wp-content\/uploads\/2026\/04\/cover-PA-copy.jpg","datePublished":"2026-04-07T17:57:18+00:00","dateModified":"2026-04-08T11:54:35+00:00","breadcrumb":{"@id":"https:\/\/royalfamily.org\/lat\/radost-predstojeceg-vaskrsa-podeljena-sa-preko-1-000-dece-u-belom-dvoru\/#breadcrumb"},"inLanguage":"sr-LT","potentialAction":[{"@type":"ReadAction","target":["https:\/\/royalfamily.org\/lat\/radost-predstojeceg-vaskrsa-podeljena-sa-preko-1-000-dece-u-belom-dvoru\/"]}]},{"@type":"ImageObject","inLanguage":"sr-LT","@id":"https:\/\/royalfamily.org\/lat\/radost-predstojeceg-vaskrsa-podeljena-sa-preko-1-000-dece-u-belom-dvoru\/#primaryimage","url":"https:\/\/royalfamily.org\/wp-content\/uploads\/2026\/04\/cover-PA-copy.jpg","contentUrl":"https:\/\/royalfamily.org\/wp-content\/uploads\/2026\/04\/cover-PA-copy.jpg","width":1566,"height":768,"caption":"JOY OF UPCOMING EASTER SHARED WITH MORE THAN 1,000 CHILDREN AT THE WHITE PALACE"},{"@type":"BreadcrumbList","@id":"https:\/\/royalfamily.org\/lat\/radost-predstojeceg-vaskrsa-podeljena-sa-preko-1-000-dece-u-belom-dvoru\/#breadcrumb","itemListElement":[{"@type":"ListItem","position":1,"name":"Home","item":"https:\/\/royalfamily.org\/lat\/"},{"@type":"ListItem","position":2,"name":"RADOST PREDSTOJE\u0106EG VASKRSA PODELJENA SA PREKO 1.000 DECE U BELOM DVORU"}]},{"@type":"WebSite","@id":"https:\/\/royalfamily.org\/#website","url":"https:\/\/royalfamily.org\/","name":"The Royal Family of Serbia","description":"From the people, for the people","publisher":{"@id":"https:\/\/royalfamily.org\/#organization"},"potentialAction":[{"@type":"SearchAction","target":{"@type":"EntryPoint","urlTemplate":"https:\/\/royalfamily.org\/?s={search_term_string}"},"query-input":{"@type":"PropertyValueSpecification","valueRequired":true,"valueName":"search_term_string"}}],"inLanguage":"sr-LT"},{"@type":"Organization","@id":"https:\/\/royalfamily.org\/#organization","name":"Royal Family","url":"https:\/\/royalfamily.org\/","logo":{"@type":"ImageObject","inLanguage":"sr-LT","@id":"https:\/\/royalfamily.org\/#\/schema\/logo\/image\/","url":"https:\/\/royalfamily.org\/wp-content\/uploads\/2019\/04\/logo-vector-02-V-latinica.png","contentUrl":"https:\/\/royalfamily.org\/wp-content\/uploads\/2019\/04\/logo-vector-02-V-latinica.png","width":552,"height":99,"caption":"Royal Family"},"image":{"@id":"https:\/\/royalfamily.org\/#\/schema\/logo\/image\/"},"sameAs":["https:\/\/www.facebook.com\/Prestolonaslednik.Aleksandar"]},{"@type":"Person","@id":"https:\/\/royalfamily.org\/#\/schema\/person\/4ad3296a6a8a35eed333b6a785e9f648","name":"Stefan Milanovic","image":{"@type":"ImageObject","inLanguage":"sr-LT","@id":"https:\/\/secure.gravatar.com\/avatar\/92dcbdcf3e32112a9ceb1e41665b1f44c69382d014cacfe12c701f6af7c40259?s=96&d=mm&r=g","url":"https:\/\/secure.gravatar.com\/avatar\/92dcbdcf3e32112a9ceb1e41665b1f44c69382d014cacfe12c701f6af7c40259?s=96&d=mm&r=g","contentUrl":"https:\/\/secure.gravatar.com\/avatar\/92dcbdcf3e32112a9ceb1e41665b1f44c69382d014cacfe12c701f6af7c40259?s=96&d=mm&r=g","caption":"Stefan Milanovic"}}]}},"_links":{"self":[{"href":"https:\/\/royalfamily.org\/lat\/wp-json\/wp\/v2\/posts\/98700","targetHints":{"allow":["GET"]}}],"collection":[{"href":"https:\/\/royalfamily.org\/lat\/wp-json\/wp\/v2\/posts"}],"about":[{"href":"https:\/\/royalfamily.org\/lat\/wp-json\/wp\/v2\/types\/post"}],"author":[{"embeddable":true,"href":"https:\/\/royalfamily.org\/lat\/wp-json\/wp\/v2\/users\/1001015"}],"replies":[{"embeddable":true,"href":"https:\/\/royalfamily.org\/lat\/wp-json\/wp\/v2\/comments?post=98700"}],"version-history":[{"count":3,"href":"https:\/\/royalfamily.org\/lat\/wp-json\/wp\/v2\/posts\/98700\/revisions"}],"predecessor-version":[{"id":98706,"href":"https:\/\/royalfamily.org\/lat\/wp-json\/wp\/v2\/posts\/98700\/revisions\/98706"}],"wp:featuredmedia":[{"embeddable":true,"href":"https:\/\/royalfamily.org\/lat\/wp-json\/wp\/v2\/media\/98697"}],"wp:attachment":[{"href":"https:\/\/royalfamily.org\/lat\/wp-json\/wp\/v2\/media?parent=98700"}],"wp:term":[{"taxonomy":"category","embeddable":true,"href":"https:\/\/royalfamily.org\/lat\/wp-json\/wp\/v2\/categories?post=98700"},{"taxonomy":"post_tag","embeddable":true,"href":"https:\/\/royalfamily.org\/lat\/wp-json\/wp\/v2\/tags?post=98700"}],"curies":[{"name":"wp","href":"https:\/\/api.w.org\/{rel}","templated":true}]}}