{"id":99012,"date":"2026-04-25T14:00:39","date_gmt":"2026-04-25T12:00:39","guid":{"rendered":"https:\/\/royalfamily.org\/?p=99012"},"modified":"2026-04-27T12:24:06","modified_gmt":"2026-04-27T10:24:06","slug":"princeza-katarina-i-lajflajn-cikago-obezbedili-vaskrsnje-obroke-za-vise-od-19-ustanova","status":"publish","type":"post","link":"https:\/\/royalfamily.org\/lat\/princeza-katarina-i-lajflajn-cikago-obezbedili-vaskrsnje-obroke-za-vise-od-19-ustanova\/","title":{"rendered":"PRINCEZA KATARINA I LAJFLAJN \u010cIKAGO OBEZBEDILI VASKR\u0160NJE OBROKE ZA VI\u0160E OD 19 USTANOVA"},"content":{"rendered":"<p><div class=\"fusion-fullwidth fullwidth-box fusion-builder-row-1 fusion-flex-container has-pattern-background has-mask-background nonhundred-percent-fullwidth non-hundred-percent-height-scrolling\" style=\"--awb-border-radius-top-left:0px;--awb-border-radius-top-right:0px;--awb-border-radius-bottom-right:0px;--awb-border-radius-bottom-left:0px;--awb-flex-wrap:wrap;\" ><div class=\"fusion-builder-row fusion-row fusion-flex-align-items-flex-start fusion-flex-content-wrap\" style=\"max-width:1227.2px;margin-left: calc(-4% \/ 2 );margin-right: calc(-4% \/ 2 );\"><div class=\"fusion-layout-column fusion_builder_column fusion-builder-column-0 fusion_builder_column_1_1 1_1 fusion-flex-column\" style=\"--awb-bg-size:cover;--awb-width-large:100%;--awb-margin-top-large:0px;--awb-spacing-right-large:1.92%;--awb-margin-bottom-large:20px;--awb-spacing-left-large:1.92%;--awb-width-medium:100%;--awb-order-medium:0;--awb-spacing-right-medium:1.92%;--awb-spacing-left-medium:1.92%;--awb-width-small:100%;--awb-order-small:0;--awb-spacing-right-small:1.92%;--awb-spacing-left-small:1.92%;\"><div class=\"fusion-column-wrapper fusion-column-has-shadow fusion-flex-justify-content-flex-start fusion-content-layout-column\"><div class=\"fusion-text fusion-text-1\"><p>Fondacija NJ.K.V. Princeze Katarine i humanitarna organizacija Lajflajn \u010cikago, pod pokroviteljstvom Princeze Katarine, nastavile su dugogodi\u0161nju tradiciju obezbe\u0111ivanja vaskr\u0161njih obroka onima kojima je pomo\u0107 najpotrebnija, kako bi i u danima ovog najradosnijeg praznika osetili pa\u017enju i prazni\u010dnu radost.<\/p>\n<p>Ove godine, Lajflajn \u010cikago i Fondacija Princeze Katarine obezbedili su vaskr\u0161nje ru\u010dkove za vi\u0161e od devetnaest ustanova, uklju\u010duju\u0107i domove za decu i omladinu u Beogradu, \u201eDrinka Pavlovi\u0107\u201c\u00a0\u201eMo\u0161a Pijade\u201c,\u00a0\u201eJovan\u00a0Jovanovi\u0107 Zmaj\u201c, \u201eMaterinski dom\u201c, Prihvatili\u0161te za decu i Institut za vaspitanje dece i omladine. Vaskr\u0161nji obroci dostavljeni su i ustanovama \u0161irom Srbije i Republike Srpske, me\u0111u kojima su \u201eJefimija\u201c u Kru\u0161evcu, \u201eMiroslav Mika Anti\u0107\u201c u Somboru, \u201eVera Radivojevi\u0107\u201c u Beloj Crkvi, \u201eKneginja Ljubica\u201c u Kragujevcu, \u201eHristina Marki\u0161i\u0107\u201c u Aleksincu i \u201eRada Vranje\u0161evi\u0107\u201c u Banjoj Luci.<\/p>\n<p>Vaskr\u0161nji ru\u010dkovi dostavljeni su i \u017eenama i deci u sigurnim ku\u0107ama u Beogradu, Novom Sadu, Vranju i Banjoj Luci. Vaskr\u0161nji obroci obezbe\u0111eni su i za korisnike Doma za odrasla i starija lica u Vranju.<\/p>\n<p>\u201eVaskrs je vreme nade, saose\u0107anja i zajedni\u0161tva. Posebno je va\u017eno da se setimo onih kojima je pomo\u0107 najpotrebnija i poka\u017eemo im da nisu zaboravljeni. Od srca sam zahvalna svim na\u0161im donatorima i partnerima \u010dija dobrota omogu\u0107ava da donesemo toplinu i dostojanstvo tolikom broju dece, majki i starijih ljudi. Zajedno nastavljamo da menjamo njihove \u017eivote nabolje \u201c, izjavila je\u00a0NJ.K.V.\u00a0Princeza Katarina.<\/p>\n<p>Njihova Kraljevska Viso\u010danstva upu\u0107uju iskrenu zahvalnost svim donatorima i dobrotvorima, \u010dija je velikodu\u0161nost omogu\u0107ila da i ovogodi\u0161nja tradicionalna humanitarna akcija bude uspe\u0161no sprovedena i da tokom vaskr\u0161njih praznika pru\u017ei podr\u0161ku deci, majkama, starijima i najugro\u017eenijim porodicama.<\/p>\n<\/div><\/div><\/div><\/div><\/div><div class=\"fusion-fullwidth fullwidth-box fusion-builder-row-2 fusion-flex-container has-pattern-background has-mask-background nonhundred-percent-fullwidth non-hundred-percent-height-scrolling\" style=\"--awb-border-radius-top-left:0px;--awb-border-radius-top-right:0px;--awb-border-radius-bottom-right:0px;--awb-border-radius-bottom-left:0px;--awb-flex-wrap:wrap;\" ><div class=\"fusion-builder-row fusion-row fusion-flex-align-items-flex-start fusion-flex-content-wrap\" style=\"max-width:1227.2px;margin-left: calc(-4% \/ 2 );margin-right: calc(-4% \/ 2 );\"><div class=\"fusion-layout-column fusion_builder_column fusion-builder-column-1 fusion_builder_column_1_1 1_1 fusion-flex-column\" style=\"--awb-bg-size:cover;--awb-width-large:100%;--awb-margin-top-large:0px;--awb-spacing-right-large:1.92%;--awb-margin-bottom-large:20px;--awb-spacing-left-large:1.92%;--awb-width-medium:100%;--awb-order-medium:0;--awb-spacing-right-medium:1.92%;--awb-spacing-left-medium:1.92%;--awb-width-small:100%;--awb-order-small:0;--awb-spacing-right-small:1.92%;--awb-spacing-left-small:1.92%;\"><div class=\"fusion-column-wrapper fusion-column-has-shadow fusion-flex-justify-content-flex-start fusion-content-layout-column\"><div class=\"awb-gallery-wrapper awb-gallery-wrapper-1 button-span-no\" style=\"--more-btn-alignment:center;\" data-limit=\"20\" data-page=\"1\"><div style=\"margin:-5px;--awb-bordersize:0px;\" class=\"fusion-gallery fusion-gallery-container fusion-grid-3 fusion-columns-total-25 fusion-gallery-layout-grid fusion-gallery-1\"><div style=\"padding:5px;\" class=\"fusion-grid-column fusion-gallery-column fusion-gallery-column-3 hover-type-none\"><div class=\"fusion-gallery-image\"><a href=\"https:\/\/royalfamily.org\/wp-content\/uploads\/2026\/04\/1-3.jpg\" rel=\"noreferrer\" data-rel=\"iLightbox[gallery_image_1]\" class=\"fusion-lightbox\" target=\"_self\"><img decoding=\"async\" src=\"https:\/\/royalfamily.org\/wp-content\/uploads\/2026\/04\/1-3.jpg\" width=\"1772\" height=\"1181\" alt=\"\" title=\"1\" aria-label=\"1\" class=\"img-responsive wp-image-98934\" srcset=\"https:\/\/royalfamily.org\/wp-content\/uploads\/2026\/04\/1-3-200x133.jpg 200w, https:\/\/royalfamily.org\/wp-content\/uploads\/2026\/04\/1-3-400x267.jpg 400w, https:\/\/royalfamily.org\/wp-content\/uploads\/2026\/04\/1-3-600x400.jpg 600w, https:\/\/royalfamily.org\/wp-content\/uploads\/2026\/04\/1-3-800x533.jpg 800w, https:\/\/royalfamily.org\/wp-content\/uploads\/2026\/04\/1-3-1200x800.jpg 1200w, https:\/\/royalfamily.org\/wp-content\/uploads\/2026\/04\/1-3.jpg 1772w\" sizes=\"(min-width: 2200px) 100vw, (min-width: 824px) 390px, (min-width: 732px) 585px, (min-width: 640px) 732px, \" \/><\/a><\/div><\/div><div style=\"padding:5px;\" class=\"fusion-grid-column fusion-gallery-column fusion-gallery-column-3 hover-type-none\"><div class=\"fusion-gallery-image\"><a href=\"https:\/\/royalfamily.org\/wp-content\/uploads\/2026\/04\/2-3.jpg\" rel=\"noreferrer\" data-rel=\"iLightbox[gallery_image_1]\" class=\"fusion-lightbox\" target=\"_self\"><img decoding=\"async\" src=\"https:\/\/royalfamily.org\/wp-content\/uploads\/2026\/04\/2-3.jpg\" width=\"1181\" height=\"1772\" alt=\"\" title=\"2\" aria-label=\"2\" class=\"img-responsive wp-image-98937\" srcset=\"https:\/\/royalfamily.org\/wp-content\/uploads\/2026\/04\/2-3-200x300.jpg 200w, https:\/\/royalfamily.org\/wp-content\/uploads\/2026\/04\/2-3-400x600.jpg 400w, https:\/\/royalfamily.org\/wp-content\/uploads\/2026\/04\/2-3-600x900.jpg 600w, https:\/\/royalfamily.org\/wp-content\/uploads\/2026\/04\/2-3-800x1200.jpg 800w, https:\/\/royalfamily.org\/wp-content\/uploads\/2026\/04\/2-3.jpg 1181w\" sizes=\"(min-width: 2200px) 100vw, (min-width: 824px) 390px, (min-width: 732px) 585px, (min-width: 640px) 732px, \" \/><\/a><\/div><\/div><div style=\"padding:5px;\" class=\"fusion-grid-column fusion-gallery-column fusion-gallery-column-3 hover-type-none\"><div class=\"fusion-gallery-image\"><a href=\"https:\/\/royalfamily.org\/wp-content\/uploads\/2026\/04\/3-3.jpg\" rel=\"noreferrer\" data-rel=\"iLightbox[gallery_image_1]\" class=\"fusion-lightbox\" target=\"_self\"><img decoding=\"async\" src=\"https:\/\/royalfamily.org\/wp-content\/uploads\/2026\/04\/3-3.jpg\" width=\"1772\" height=\"1181\" alt=\"\" title=\"3\" aria-label=\"3\" class=\"img-responsive wp-image-98940\" srcset=\"https:\/\/royalfamily.org\/wp-content\/uploads\/2026\/04\/3-3-200x133.jpg 200w, https:\/\/royalfamily.org\/wp-content\/uploads\/2026\/04\/3-3-400x267.jpg 400w, https:\/\/royalfamily.org\/wp-content\/uploads\/2026\/04\/3-3-600x400.jpg 600w, https:\/\/royalfamily.org\/wp-content\/uploads\/2026\/04\/3-3-800x533.jpg 800w, https:\/\/royalfamily.org\/wp-content\/uploads\/2026\/04\/3-3-1200x800.jpg 1200w, https:\/\/royalfamily.org\/wp-content\/uploads\/2026\/04\/3-3.jpg 1772w\" sizes=\"(min-width: 2200px) 100vw, (min-width: 824px) 390px, (min-width: 732px) 585px, (min-width: 640px) 732px, \" \/><\/a><\/div><\/div><div class=\"clearfix\"><\/div><div style=\"padding:5px;\" class=\"fusion-grid-column fusion-gallery-column fusion-gallery-column-3 hover-type-none\"><div class=\"fusion-gallery-image\"><a href=\"https:\/\/royalfamily.org\/wp-content\/uploads\/2026\/04\/4-2.jpg\" rel=\"noreferrer\" data-rel=\"iLightbox[gallery_image_1]\" class=\"fusion-lightbox\" target=\"_self\"><img decoding=\"async\" src=\"https:\/\/royalfamily.org\/wp-content\/uploads\/2026\/04\/4-2.jpg\" width=\"1181\" height=\"1772\" alt=\"\" title=\"4\" aria-label=\"4\" class=\"img-responsive wp-image-98943\" srcset=\"https:\/\/royalfamily.org\/wp-content\/uploads\/2026\/04\/4-2-200x300.jpg 200w, https:\/\/royalfamily.org\/wp-content\/uploads\/2026\/04\/4-2-400x600.jpg 400w, https:\/\/royalfamily.org\/wp-content\/uploads\/2026\/04\/4-2-600x900.jpg 600w, https:\/\/royalfamily.org\/wp-content\/uploads\/2026\/04\/4-2-800x1200.jpg 800w, https:\/\/royalfamily.org\/wp-content\/uploads\/2026\/04\/4-2.jpg 1181w\" sizes=\"(min-width: 2200px) 100vw, (min-width: 824px) 390px, (min-width: 732px) 585px, (min-width: 640px) 732px, \" \/><\/a><\/div><\/div><div style=\"padding:5px;\" class=\"fusion-grid-column fusion-gallery-column fusion-gallery-column-3 hover-type-none\"><div class=\"fusion-gallery-image\"><a href=\"https:\/\/royalfamily.org\/wp-content\/uploads\/2026\/04\/5-2.jpg\" rel=\"noreferrer\" data-rel=\"iLightbox[gallery_image_1]\" class=\"fusion-lightbox\" target=\"_self\"><img decoding=\"async\" src=\"https:\/\/royalfamily.org\/wp-content\/uploads\/2026\/04\/5-2.jpg\" width=\"1772\" height=\"1181\" alt=\"\" title=\"5\" aria-label=\"5\" class=\"img-responsive wp-image-98946\" srcset=\"https:\/\/royalfamily.org\/wp-content\/uploads\/2026\/04\/5-2-200x133.jpg 200w, https:\/\/royalfamily.org\/wp-content\/uploads\/2026\/04\/5-2-400x267.jpg 400w, https:\/\/royalfamily.org\/wp-content\/uploads\/2026\/04\/5-2-600x400.jpg 600w, https:\/\/royalfamily.org\/wp-content\/uploads\/2026\/04\/5-2-800x533.jpg 800w, https:\/\/royalfamily.org\/wp-content\/uploads\/2026\/04\/5-2-1200x800.jpg 1200w, https:\/\/royalfamily.org\/wp-content\/uploads\/2026\/04\/5-2.jpg 1772w\" sizes=\"(min-width: 2200px) 100vw, (min-width: 824px) 390px, (min-width: 732px) 585px, (min-width: 640px) 732px, \" \/><\/a><\/div><\/div><div style=\"padding:5px;\" class=\"fusion-grid-column fusion-gallery-column fusion-gallery-column-3 hover-type-none\"><div class=\"fusion-gallery-image\"><a href=\"https:\/\/royalfamily.org\/wp-content\/uploads\/2026\/04\/6-2.jpg\" rel=\"noreferrer\" data-rel=\"iLightbox[gallery_image_1]\" class=\"fusion-lightbox\" target=\"_self\"><img decoding=\"async\" src=\"https:\/\/royalfamily.org\/wp-content\/uploads\/2026\/04\/6-2.jpg\" width=\"1772\" height=\"1181\" alt=\"\" title=\"6\" aria-label=\"6\" class=\"img-responsive wp-image-98949\" srcset=\"https:\/\/royalfamily.org\/wp-content\/uploads\/2026\/04\/6-2-200x133.jpg 200w, https:\/\/royalfamily.org\/wp-content\/uploads\/2026\/04\/6-2-400x267.jpg 400w, https:\/\/royalfamily.org\/wp-content\/uploads\/2026\/04\/6-2-600x400.jpg 600w, https:\/\/royalfamily.org\/wp-content\/uploads\/2026\/04\/6-2-800x533.jpg 800w, https:\/\/royalfamily.org\/wp-content\/uploads\/2026\/04\/6-2-1200x800.jpg 1200w, https:\/\/royalfamily.org\/wp-content\/uploads\/2026\/04\/6-2.jpg 1772w\" sizes=\"(min-width: 2200px) 100vw, (min-width: 824px) 390px, (min-width: 732px) 585px, (min-width: 640px) 732px, \" \/><\/a><\/div><\/div><div class=\"clearfix\"><\/div><div style=\"padding:5px;\" class=\"fusion-grid-column fusion-gallery-column fusion-gallery-column-3 hover-type-none\"><div class=\"fusion-gallery-image\"><a href=\"https:\/\/royalfamily.org\/wp-content\/uploads\/2026\/04\/7-2.jpg\" rel=\"noreferrer\" data-rel=\"iLightbox[gallery_image_1]\" class=\"fusion-lightbox\" target=\"_self\"><img decoding=\"async\" src=\"https:\/\/royalfamily.org\/wp-content\/uploads\/2026\/04\/7-2.jpg\" width=\"1772\" height=\"1181\" alt=\"\" title=\"7\" aria-label=\"7\" class=\"img-responsive wp-image-98952\" srcset=\"https:\/\/royalfamily.org\/wp-content\/uploads\/2026\/04\/7-2-200x133.jpg 200w, https:\/\/royalfamily.org\/wp-content\/uploads\/2026\/04\/7-2-400x267.jpg 400w, https:\/\/royalfamily.org\/wp-content\/uploads\/2026\/04\/7-2-600x400.jpg 600w, https:\/\/royalfamily.org\/wp-content\/uploads\/2026\/04\/7-2-800x533.jpg 800w, https:\/\/royalfamily.org\/wp-content\/uploads\/2026\/04\/7-2-1200x800.jpg 1200w, https:\/\/royalfamily.org\/wp-content\/uploads\/2026\/04\/7-2.jpg 1772w\" sizes=\"(min-width: 2200px) 100vw, (min-width: 824px) 390px, (min-width: 732px) 585px, (min-width: 640px) 732px, \" \/><\/a><\/div><\/div><div style=\"padding:5px;\" class=\"fusion-grid-column fusion-gallery-column fusion-gallery-column-3 hover-type-none\"><div class=\"fusion-gallery-image\"><a href=\"https:\/\/royalfamily.org\/wp-content\/uploads\/2026\/04\/8-2.jpg\" rel=\"noreferrer\" data-rel=\"iLightbox[gallery_image_1]\" class=\"fusion-lightbox\" target=\"_self\"><img decoding=\"async\" src=\"https:\/\/royalfamily.org\/wp-content\/uploads\/2026\/04\/8-2.jpg\" width=\"1181\" height=\"1772\" alt=\"\" title=\"8\" aria-label=\"8\" class=\"img-responsive wp-image-98955\" srcset=\"https:\/\/royalfamily.org\/wp-content\/uploads\/2026\/04\/8-2-200x300.jpg 200w, https:\/\/royalfamily.org\/wp-content\/uploads\/2026\/04\/8-2-400x600.jpg 400w, https:\/\/royalfamily.org\/wp-content\/uploads\/2026\/04\/8-2-600x900.jpg 600w, https:\/\/royalfamily.org\/wp-content\/uploads\/2026\/04\/8-2-800x1200.jpg 800w, https:\/\/royalfamily.org\/wp-content\/uploads\/2026\/04\/8-2.jpg 1181w\" sizes=\"(min-width: 2200px) 100vw, (min-width: 824px) 390px, (min-width: 732px) 585px, (min-width: 640px) 732px, \" \/><\/a><\/div><\/div><div style=\"padding:5px;\" class=\"fusion-grid-column fusion-gallery-column fusion-gallery-column-3 hover-type-none\"><div class=\"fusion-gallery-image\"><a href=\"https:\/\/royalfamily.org\/wp-content\/uploads\/2026\/04\/9-1.jpg\" rel=\"noreferrer\" data-rel=\"iLightbox[gallery_image_1]\" class=\"fusion-lightbox\" target=\"_self\"><img decoding=\"async\" src=\"https:\/\/royalfamily.org\/wp-content\/uploads\/2026\/04\/9-1.jpg\" width=\"1772\" height=\"1181\" alt=\"\" title=\"9\" aria-label=\"9\" class=\"img-responsive wp-image-98958\" srcset=\"https:\/\/royalfamily.org\/wp-content\/uploads\/2026\/04\/9-1-200x133.jpg 200w, https:\/\/royalfamily.org\/wp-content\/uploads\/2026\/04\/9-1-400x267.jpg 400w, https:\/\/royalfamily.org\/wp-content\/uploads\/2026\/04\/9-1-600x400.jpg 600w, https:\/\/royalfamily.org\/wp-content\/uploads\/2026\/04\/9-1-800x533.jpg 800w, https:\/\/royalfamily.org\/wp-content\/uploads\/2026\/04\/9-1-1200x800.jpg 1200w, https:\/\/royalfamily.org\/wp-content\/uploads\/2026\/04\/9-1.jpg 1772w\" sizes=\"(min-width: 2200px) 100vw, (min-width: 824px) 390px, (min-width: 732px) 585px, (min-width: 640px) 732px, \" \/><\/a><\/div><\/div><div class=\"clearfix\"><\/div><div style=\"padding:5px;\" class=\"fusion-grid-column fusion-gallery-column fusion-gallery-column-3 hover-type-none\"><div class=\"fusion-gallery-image\"><a href=\"https:\/\/royalfamily.org\/wp-content\/uploads\/2026\/04\/10-1.jpg\" rel=\"noreferrer\" data-rel=\"iLightbox[gallery_image_1]\" class=\"fusion-lightbox\" target=\"_self\"><img decoding=\"async\" src=\"https:\/\/royalfamily.org\/wp-content\/uploads\/2026\/04\/10-1.jpg\" width=\"1181\" height=\"1772\" alt=\"\" title=\"10\" aria-label=\"10\" class=\"img-responsive wp-image-98961\" srcset=\"https:\/\/royalfamily.org\/wp-content\/uploads\/2026\/04\/10-1-200x300.jpg 200w, https:\/\/royalfamily.org\/wp-content\/uploads\/2026\/04\/10-1-400x600.jpg 400w, https:\/\/royalfamily.org\/wp-content\/uploads\/2026\/04\/10-1-600x900.jpg 600w, https:\/\/royalfamily.org\/wp-content\/uploads\/2026\/04\/10-1-800x1200.jpg 800w, https:\/\/royalfamily.org\/wp-content\/uploads\/2026\/04\/10-1.jpg 1181w\" sizes=\"(min-width: 2200px) 100vw, (min-width: 824px) 390px, (min-width: 732px) 585px, (min-width: 640px) 732px, \" \/><\/a><\/div><\/div><div style=\"padding:5px;\" class=\"fusion-grid-column fusion-gallery-column fusion-gallery-column-3 hover-type-none\"><div class=\"fusion-gallery-image\"><a href=\"https:\/\/royalfamily.org\/wp-content\/uploads\/2026\/04\/11-1.jpg\" rel=\"noreferrer\" data-rel=\"iLightbox[gallery_image_1]\" class=\"fusion-lightbox\" target=\"_self\"><img decoding=\"async\" src=\"https:\/\/royalfamily.org\/wp-content\/uploads\/2026\/04\/11-1.jpg\" width=\"1181\" height=\"1772\" alt=\"\" title=\"11\" aria-label=\"11\" class=\"img-responsive wp-image-98964\" srcset=\"https:\/\/royalfamily.org\/wp-content\/uploads\/2026\/04\/11-1-200x300.jpg 200w, https:\/\/royalfamily.org\/wp-content\/uploads\/2026\/04\/11-1-400x600.jpg 400w, https:\/\/royalfamily.org\/wp-content\/uploads\/2026\/04\/11-1-600x900.jpg 600w, https:\/\/royalfamily.org\/wp-content\/uploads\/2026\/04\/11-1-800x1200.jpg 800w, https:\/\/royalfamily.org\/wp-content\/uploads\/2026\/04\/11-1.jpg 1181w\" sizes=\"(min-width: 2200px) 100vw, (min-width: 824px) 390px, (min-width: 732px) 585px, (min-width: 640px) 732px, \" \/><\/a><\/div><\/div><div style=\"padding:5px;\" class=\"fusion-grid-column fusion-gallery-column fusion-gallery-column-3 hover-type-none\"><div class=\"fusion-gallery-image\"><a href=\"https:\/\/royalfamily.org\/wp-content\/uploads\/2026\/04\/12-1.jpg\" rel=\"noreferrer\" data-rel=\"iLightbox[gallery_image_1]\" class=\"fusion-lightbox\" target=\"_self\"><img decoding=\"async\" src=\"https:\/\/royalfamily.org\/wp-content\/uploads\/2026\/04\/12-1.jpg\" width=\"1772\" height=\"1181\" alt=\"\" title=\"12\" aria-label=\"12\" class=\"img-responsive wp-image-98967\" srcset=\"https:\/\/royalfamily.org\/wp-content\/uploads\/2026\/04\/12-1-200x133.jpg 200w, https:\/\/royalfamily.org\/wp-content\/uploads\/2026\/04\/12-1-400x267.jpg 400w, https:\/\/royalfamily.org\/wp-content\/uploads\/2026\/04\/12-1-600x400.jpg 600w, https:\/\/royalfamily.org\/wp-content\/uploads\/2026\/04\/12-1-800x533.jpg 800w, https:\/\/royalfamily.org\/wp-content\/uploads\/2026\/04\/12-1-1200x800.jpg 1200w, https:\/\/royalfamily.org\/wp-content\/uploads\/2026\/04\/12-1.jpg 1772w\" sizes=\"(min-width: 2200px) 100vw, (min-width: 824px) 390px, (min-width: 732px) 585px, (min-width: 640px) 732px, \" \/><\/a><\/div><\/div><div class=\"clearfix\"><\/div><div style=\"padding:5px;\" class=\"fusion-grid-column fusion-gallery-column fusion-gallery-column-3 hover-type-none\"><div class=\"fusion-gallery-image\"><a href=\"https:\/\/royalfamily.org\/wp-content\/uploads\/2026\/04\/13-1.jpg\" rel=\"noreferrer\" data-rel=\"iLightbox[gallery_image_1]\" class=\"fusion-lightbox\" target=\"_self\"><img decoding=\"async\" src=\"https:\/\/royalfamily.org\/wp-content\/uploads\/2026\/04\/13-1.jpg\" width=\"1181\" height=\"1772\" alt=\"\" title=\"13\" aria-label=\"13\" class=\"img-responsive wp-image-98970\" srcset=\"https:\/\/royalfamily.org\/wp-content\/uploads\/2026\/04\/13-1-200x300.jpg 200w, https:\/\/royalfamily.org\/wp-content\/uploads\/2026\/04\/13-1-400x600.jpg 400w, https:\/\/royalfamily.org\/wp-content\/uploads\/2026\/04\/13-1-600x900.jpg 600w, https:\/\/royalfamily.org\/wp-content\/uploads\/2026\/04\/13-1-800x1200.jpg 800w, https:\/\/royalfamily.org\/wp-content\/uploads\/2026\/04\/13-1.jpg 1181w\" sizes=\"(min-width: 2200px) 100vw, (min-width: 824px) 390px, (min-width: 732px) 585px, (min-width: 640px) 732px, \" \/><\/a><\/div><\/div><div style=\"padding:5px;\" class=\"fusion-grid-column fusion-gallery-column fusion-gallery-column-3 hover-type-none\"><div class=\"fusion-gallery-image\"><a href=\"https:\/\/royalfamily.org\/wp-content\/uploads\/2026\/04\/14-1.jpg\" rel=\"noreferrer\" data-rel=\"iLightbox[gallery_image_1]\" class=\"fusion-lightbox\" target=\"_self\"><img decoding=\"async\" src=\"https:\/\/royalfamily.org\/wp-content\/uploads\/2026\/04\/14-1.jpg\" width=\"1205\" height=\"1600\" alt=\"\" title=\"14\" aria-label=\"14\" class=\"img-responsive wp-image-98973\" srcset=\"https:\/\/royalfamily.org\/wp-content\/uploads\/2026\/04\/14-1-200x266.jpg 200w, https:\/\/royalfamily.org\/wp-content\/uploads\/2026\/04\/14-1-400x531.jpg 400w, https:\/\/royalfamily.org\/wp-content\/uploads\/2026\/04\/14-1-600x797.jpg 600w, https:\/\/royalfamily.org\/wp-content\/uploads\/2026\/04\/14-1-800x1062.jpg 800w, https:\/\/royalfamily.org\/wp-content\/uploads\/2026\/04\/14-1-1200x1593.jpg 1200w, https:\/\/royalfamily.org\/wp-content\/uploads\/2026\/04\/14-1.jpg 1205w\" sizes=\"(min-width: 2200px) 100vw, (min-width: 824px) 390px, (min-width: 732px) 585px, (min-width: 640px) 732px, \" \/><\/a><\/div><\/div><div style=\"padding:5px;\" class=\"fusion-grid-column fusion-gallery-column fusion-gallery-column-3 hover-type-none\"><div class=\"fusion-gallery-image\"><a href=\"https:\/\/royalfamily.org\/wp-content\/uploads\/2026\/04\/15-1.jpg\" rel=\"noreferrer\" data-rel=\"iLightbox[gallery_image_1]\" class=\"fusion-lightbox\" target=\"_self\"><img decoding=\"async\" src=\"https:\/\/royalfamily.org\/wp-content\/uploads\/2026\/04\/15-1.jpg\" width=\"1772\" height=\"1181\" alt=\"\" title=\"15\" aria-label=\"15\" class=\"img-responsive wp-image-98976\" srcset=\"https:\/\/royalfamily.org\/wp-content\/uploads\/2026\/04\/15-1-200x133.jpg 200w, https:\/\/royalfamily.org\/wp-content\/uploads\/2026\/04\/15-1-400x267.jpg 400w, https:\/\/royalfamily.org\/wp-content\/uploads\/2026\/04\/15-1-600x400.jpg 600w, https:\/\/royalfamily.org\/wp-content\/uploads\/2026\/04\/15-1-800x533.jpg 800w, https:\/\/royalfamily.org\/wp-content\/uploads\/2026\/04\/15-1-1200x800.jpg 1200w, https:\/\/royalfamily.org\/wp-content\/uploads\/2026\/04\/15-1.jpg 1772w\" sizes=\"(min-width: 2200px) 100vw, (min-width: 824px) 390px, (min-width: 732px) 585px, (min-width: 640px) 732px, \" \/><\/a><\/div><\/div><div class=\"clearfix\"><\/div><div style=\"padding:5px;\" class=\"fusion-grid-column fusion-gallery-column fusion-gallery-column-3 hover-type-none\"><div class=\"fusion-gallery-image\"><a href=\"https:\/\/royalfamily.org\/wp-content\/uploads\/2026\/04\/16-1.jpg\" rel=\"noreferrer\" data-rel=\"iLightbox[gallery_image_1]\" class=\"fusion-lightbox\" target=\"_self\"><img decoding=\"async\" src=\"https:\/\/royalfamily.org\/wp-content\/uploads\/2026\/04\/16-1.jpg\" width=\"1181\" height=\"1772\" alt=\"\" title=\"16\" aria-label=\"16\" class=\"img-responsive wp-image-98979\" srcset=\"https:\/\/royalfamily.org\/wp-content\/uploads\/2026\/04\/16-1-200x300.jpg 200w, https:\/\/royalfamily.org\/wp-content\/uploads\/2026\/04\/16-1-400x600.jpg 400w, https:\/\/royalfamily.org\/wp-content\/uploads\/2026\/04\/16-1-600x900.jpg 600w, https:\/\/royalfamily.org\/wp-content\/uploads\/2026\/04\/16-1-800x1200.jpg 800w, https:\/\/royalfamily.org\/wp-content\/uploads\/2026\/04\/16-1.jpg 1181w\" sizes=\"(min-width: 2200px) 100vw, (min-width: 824px) 390px, (min-width: 732px) 585px, (min-width: 640px) 732px, \" \/><\/a><\/div><\/div><div style=\"padding:5px;\" class=\"fusion-grid-column fusion-gallery-column fusion-gallery-column-3 hover-type-none\"><div class=\"fusion-gallery-image\"><a href=\"https:\/\/royalfamily.org\/wp-content\/uploads\/2026\/04\/17-1.jpg\" rel=\"noreferrer\" data-rel=\"iLightbox[gallery_image_1]\" class=\"fusion-lightbox\" target=\"_self\"><img decoding=\"async\" src=\"https:\/\/royalfamily.org\/wp-content\/uploads\/2026\/04\/17-1.jpg\" width=\"1200\" height=\"800\" alt=\"\" title=\"17\" aria-label=\"17\" class=\"img-responsive wp-image-98982\" srcset=\"https:\/\/royalfamily.org\/wp-content\/uploads\/2026\/04\/17-1-200x133.jpg 200w, https:\/\/royalfamily.org\/wp-content\/uploads\/2026\/04\/17-1-400x267.jpg 400w, https:\/\/royalfamily.org\/wp-content\/uploads\/2026\/04\/17-1-600x400.jpg 600w, https:\/\/royalfamily.org\/wp-content\/uploads\/2026\/04\/17-1-800x533.jpg 800w, https:\/\/royalfamily.org\/wp-content\/uploads\/2026\/04\/17-1.jpg 1200w\" sizes=\"(min-width: 2200px) 100vw, (min-width: 824px) 390px, (min-width: 732px) 585px, (min-width: 640px) 732px, \" \/><\/a><\/div><\/div><div style=\"padding:5px;\" class=\"fusion-grid-column fusion-gallery-column fusion-gallery-column-3 hover-type-none\"><div class=\"fusion-gallery-image\"><a href=\"https:\/\/royalfamily.org\/wp-content\/uploads\/2026\/04\/18-1.jpg\" rel=\"noreferrer\" data-rel=\"iLightbox[gallery_image_1]\" class=\"fusion-lightbox\" target=\"_self\"><img decoding=\"async\" src=\"https:\/\/royalfamily.org\/wp-content\/uploads\/2026\/04\/18-1.jpg\" width=\"1080\" height=\"720\" alt=\"\" title=\"18\" aria-label=\"18\" class=\"img-responsive wp-image-98985\" srcset=\"https:\/\/royalfamily.org\/wp-content\/uploads\/2026\/04\/18-1-200x133.jpg 200w, https:\/\/royalfamily.org\/wp-content\/uploads\/2026\/04\/18-1-400x267.jpg 400w, https:\/\/royalfamily.org\/wp-content\/uploads\/2026\/04\/18-1-600x400.jpg 600w, https:\/\/royalfamily.org\/wp-content\/uploads\/2026\/04\/18-1-800x533.jpg 800w, https:\/\/royalfamily.org\/wp-content\/uploads\/2026\/04\/18-1.jpg 1080w\" sizes=\"(min-width: 2200px) 100vw, (min-width: 824px) 390px, (min-width: 732px) 585px, (min-width: 640px) 732px, \" \/><\/a><\/div><\/div><div class=\"clearfix\"><\/div><div style=\"padding:5px;\" class=\"fusion-grid-column fusion-gallery-column fusion-gallery-column-3 hover-type-none\"><div class=\"fusion-gallery-image\"><a href=\"https:\/\/royalfamily.org\/wp-content\/uploads\/2026\/04\/19-1.jpg\" rel=\"noreferrer\" data-rel=\"iLightbox[gallery_image_1]\" class=\"fusion-lightbox\" target=\"_self\"><img decoding=\"async\" src=\"https:\/\/royalfamily.org\/wp-content\/uploads\/2026\/04\/19-1.jpg\" width=\"781\" height=\"521\" alt=\"\" title=\"19\" aria-label=\"19\" class=\"img-responsive wp-image-98988\" srcset=\"https:\/\/royalfamily.org\/wp-content\/uploads\/2026\/04\/19-1-200x133.jpg 200w, https:\/\/royalfamily.org\/wp-content\/uploads\/2026\/04\/19-1-400x267.jpg 400w, https:\/\/royalfamily.org\/wp-content\/uploads\/2026\/04\/19-1-600x400.jpg 600w, https:\/\/royalfamily.org\/wp-content\/uploads\/2026\/04\/19-1.jpg 781w\" sizes=\"(min-width: 2200px) 100vw, (min-width: 824px) 390px, (min-width: 732px) 585px, (min-width: 640px) 732px, \" \/><\/a><\/div><\/div><div style=\"padding:5px;\" class=\"fusion-grid-column fusion-gallery-column fusion-gallery-column-3 hover-type-none\"><div class=\"fusion-gallery-image\"><a href=\"https:\/\/royalfamily.org\/wp-content\/uploads\/2026\/04\/20.jpg\" rel=\"noreferrer\" data-rel=\"iLightbox[gallery_image_1]\" class=\"fusion-lightbox\" target=\"_self\"><img decoding=\"async\" src=\"https:\/\/royalfamily.org\/wp-content\/uploads\/2026\/04\/20.jpg\" width=\"1772\" height=\"1181\" alt=\"\" title=\"20\" aria-label=\"20\" class=\"img-responsive wp-image-98991\" srcset=\"https:\/\/royalfamily.org\/wp-content\/uploads\/2026\/04\/20-200x133.jpg 200w, https:\/\/royalfamily.org\/wp-content\/uploads\/2026\/04\/20-400x267.jpg 400w, https:\/\/royalfamily.org\/wp-content\/uploads\/2026\/04\/20-600x400.jpg 600w, https:\/\/royalfamily.org\/wp-content\/uploads\/2026\/04\/20-800x533.jpg 800w, https:\/\/royalfamily.org\/wp-content\/uploads\/2026\/04\/20-1200x800.jpg 1200w, https:\/\/royalfamily.org\/wp-content\/uploads\/2026\/04\/20.jpg 1772w\" sizes=\"(min-width: 2200px) 100vw, (min-width: 824px) 390px, (min-width: 732px) 585px, (min-width: 640px) 732px, \" \/><\/a><\/div><\/div><div style=\"padding:5px;\" class=\"fusion-grid-column fusion-gallery-column fusion-gallery-column-3 hover-type-none awb-gallery-item-hidden\"><div class=\"fusion-gallery-image\"><a href=\"https:\/\/royalfamily.org\/wp-content\/uploads\/2026\/04\/21.jpg\" rel=\"noreferrer\" data-rel=\"iLightbox[gallery_image_1]\" class=\"fusion-lightbox\" target=\"_self\"><img decoding=\"async\" src=\"https:\/\/royalfamily.org\/wp-content\/uploads\/2026\/04\/21.jpg\" width=\"1772\" height=\"1181\" alt=\"\" title=\"21\" aria-label=\"21\" class=\"img-responsive wp-image-98994\" srcset=\"https:\/\/royalfamily.org\/wp-content\/uploads\/2026\/04\/21-200x133.jpg 200w, https:\/\/royalfamily.org\/wp-content\/uploads\/2026\/04\/21-400x267.jpg 400w, https:\/\/royalfamily.org\/wp-content\/uploads\/2026\/04\/21-600x400.jpg 600w, https:\/\/royalfamily.org\/wp-content\/uploads\/2026\/04\/21-800x533.jpg 800w, https:\/\/royalfamily.org\/wp-content\/uploads\/2026\/04\/21-1200x800.jpg 1200w, https:\/\/royalfamily.org\/wp-content\/uploads\/2026\/04\/21.jpg 1772w\" sizes=\"(min-width: 2200px) 100vw, (min-width: 824px) 390px, (min-width: 732px) 585px, (min-width: 640px) 732px, \" \/><\/a><\/div><\/div><div class=\"clearfix\"><\/div><div style=\"padding:5px;\" class=\"fusion-grid-column fusion-gallery-column fusion-gallery-column-3 hover-type-none awb-gallery-item-hidden\"><div class=\"fusion-gallery-image\"><a href=\"https:\/\/royalfamily.org\/wp-content\/uploads\/2026\/04\/22.jpg\" rel=\"noreferrer\" data-rel=\"iLightbox[gallery_image_1]\" class=\"fusion-lightbox\" target=\"_self\"><img decoding=\"async\" src=\"https:\/\/royalfamily.org\/wp-content\/uploads\/2026\/04\/22.jpg\" width=\"1772\" height=\"1181\" alt=\"\" title=\"22\" aria-label=\"22\" class=\"img-responsive wp-image-98997\" srcset=\"https:\/\/royalfamily.org\/wp-content\/uploads\/2026\/04\/22-200x133.jpg 200w, https:\/\/royalfamily.org\/wp-content\/uploads\/2026\/04\/22-400x267.jpg 400w, https:\/\/royalfamily.org\/wp-content\/uploads\/2026\/04\/22-600x400.jpg 600w, https:\/\/royalfamily.org\/wp-content\/uploads\/2026\/04\/22-800x533.jpg 800w, https:\/\/royalfamily.org\/wp-content\/uploads\/2026\/04\/22-1200x800.jpg 1200w, https:\/\/royalfamily.org\/wp-content\/uploads\/2026\/04\/22.jpg 1772w\" sizes=\"(min-width: 2200px) 100vw, (min-width: 824px) 390px, (min-width: 732px) 585px, (min-width: 640px) 732px, \" \/><\/a><\/div><\/div><div style=\"padding:5px;\" class=\"fusion-grid-column fusion-gallery-column fusion-gallery-column-3 hover-type-none awb-gallery-item-hidden\"><div class=\"fusion-gallery-image\"><a href=\"https:\/\/royalfamily.org\/wp-content\/uploads\/2026\/04\/23.jpg\" rel=\"noreferrer\" data-rel=\"iLightbox[gallery_image_1]\" class=\"fusion-lightbox\" target=\"_self\"><img decoding=\"async\" src=\"https:\/\/royalfamily.org\/wp-content\/uploads\/2026\/04\/23.jpg\" width=\"1181\" height=\"1772\" alt=\"\" title=\"23\" aria-label=\"23\" class=\"img-responsive wp-image-99000\" srcset=\"https:\/\/royalfamily.org\/wp-content\/uploads\/2026\/04\/23-200x300.jpg 200w, https:\/\/royalfamily.org\/wp-content\/uploads\/2026\/04\/23-400x600.jpg 400w, https:\/\/royalfamily.org\/wp-content\/uploads\/2026\/04\/23-600x900.jpg 600w, https:\/\/royalfamily.org\/wp-content\/uploads\/2026\/04\/23-800x1200.jpg 800w, https:\/\/royalfamily.org\/wp-content\/uploads\/2026\/04\/23.jpg 1181w\" sizes=\"(min-width: 2200px) 100vw, (min-width: 824px) 390px, (min-width: 732px) 585px, (min-width: 640px) 732px, \" \/><\/a><\/div><\/div><div style=\"padding:5px;\" class=\"fusion-grid-column fusion-gallery-column fusion-gallery-column-3 hover-type-none awb-gallery-item-hidden\"><div class=\"fusion-gallery-image\"><a href=\"https:\/\/royalfamily.org\/wp-content\/uploads\/2026\/04\/24.jpeg\" rel=\"noreferrer\" data-rel=\"iLightbox[gallery_image_1]\" class=\"fusion-lightbox\" target=\"_self\"><img decoding=\"async\" src=\"https:\/\/royalfamily.org\/wp-content\/uploads\/2026\/04\/24.jpeg\" width=\"1181\" height=\"1772\" alt=\"\" title=\"24\" aria-label=\"24\" class=\"img-responsive wp-image-99003\" srcset=\"https:\/\/royalfamily.org\/wp-content\/uploads\/2026\/04\/24-200x300.jpeg 200w, https:\/\/royalfamily.org\/wp-content\/uploads\/2026\/04\/24-400x600.jpeg 400w, https:\/\/royalfamily.org\/wp-content\/uploads\/2026\/04\/24-600x900.jpeg 600w, https:\/\/royalfamily.org\/wp-content\/uploads\/2026\/04\/24-800x1200.jpeg 800w, https:\/\/royalfamily.org\/wp-content\/uploads\/2026\/04\/24.jpeg 1181w\" sizes=\"(min-width: 2200px) 100vw, (min-width: 824px) 390px, (min-width: 732px) 585px, (min-width: 640px) 732px, \" \/><\/a><\/div><\/div><div class=\"clearfix\"><\/div><div style=\"padding:5px;\" class=\"fusion-grid-column fusion-gallery-column fusion-gallery-column-3 hover-type-none awb-gallery-item-hidden\"><div class=\"fusion-gallery-image\"><a href=\"https:\/\/royalfamily.org\/wp-content\/uploads\/2026\/04\/25.jpeg\" rel=\"noreferrer\" data-rel=\"iLightbox[gallery_image_1]\" class=\"fusion-lightbox\" target=\"_self\"><img decoding=\"async\" src=\"https:\/\/royalfamily.org\/wp-content\/uploads\/2026\/04\/25.jpeg\" width=\"1181\" height=\"1772\" alt=\"\" title=\"25\" aria-label=\"25\" class=\"img-responsive wp-image-99006\" srcset=\"https:\/\/royalfamily.org\/wp-content\/uploads\/2026\/04\/25-200x300.jpeg 200w, https:\/\/royalfamily.org\/wp-content\/uploads\/2026\/04\/25-400x600.jpeg 400w, https:\/\/royalfamily.org\/wp-content\/uploads\/2026\/04\/25-600x900.jpeg 600w, https:\/\/royalfamily.org\/wp-content\/uploads\/2026\/04\/25-800x1200.jpeg 800w, https:\/\/royalfamily.org\/wp-content\/uploads\/2026\/04\/25.jpeg 1181w\" sizes=\"(min-width: 2200px) 100vw, (min-width: 824px) 390px, (min-width: 732px) 585px, (min-width: 640px) 732px, \" \/><\/a><\/div><\/div><\/div><div class=\"fusion-loading-container fusion-clearfix awb-gallery-posts-loading-container\">\n\t\t\t\t<div class=\"fusion-loading-spinner\">\n\t\t\t\t\t<div class=\"fusion-spinner-1\"><\/div>\n\t\t\t\t\t<div class=\"fusion-spinner-2\"><\/div>\n\t\t\t\t\t<div class=\"fusion-spinner-3\"><\/div>\n\t\t\t\t<\/div><div class=\"fusion-loading-msg\"><em>Loading the next set of gallery items...<\/em><\/div><\/div><div class=\"awb-gallery-infinite-scroll-handle is-active\"><\/div><\/div><\/div><\/div><\/div><\/div><\/p>\n","protected":false},"excerpt":{"rendered":"","protected":false},"author":1001015,"featured_media":99018,"comment_status":"closed","ping_status":"closed","sticky":false,"template":"","format":"standard","meta":{"_acf_changed":false,"footnotes":""},"categories":[22],"tags":[],"class_list":["post-99012","post","type-post","status-publish","format-standard","has-post-thumbnail","hentry","category-vesti"],"acf":[],"yoast_head":"<!-- This site is optimized with the Yoast SEO Premium plugin v27.4 (Yoast SEO v27.4) - https:\/\/yoast.com\/product\/yoast-seo-premium-wordpress\/ -->\n<title>PRINCEZA KATARINA I LAJFLAJN \u010cIKAGO OBEZBEDILI VASKR\u0160NJE OBROKE ZA VI\u0160E OD 19 USTANOVA - The Royal Family of Serbia<\/title>\n<meta name=\"robots\" content=\"index, follow, max-snippet:-1, max-image-preview:large, max-video-preview:-1\" \/>\n<link rel=\"canonical\" href=\"https:\/\/royalfamily.org\/lat\/princeza-katarina-i-lajflajn-cikago-obezbedili-vaskrsnje-obroke-za-vise-od-19-ustanova\/\" \/>\n<meta property=\"og:locale\" content=\"en_US\" \/>\n<meta property=\"og:type\" content=\"article\" \/>\n<meta property=\"og:title\" content=\"PRINCEZA KATARINA I LAJFLAJN \u010cIKAGO OBEZBEDILI VASKR\u0160NJE OBROKE ZA VI\u0160E OD 19 USTANOVA\" \/>\n<meta property=\"og:url\" content=\"https:\/\/royalfamily.org\/lat\/princeza-katarina-i-lajflajn-cikago-obezbedili-vaskrsnje-obroke-za-vise-od-19-ustanova\/\" \/>\n<meta property=\"og:site_name\" content=\"The Royal Family of Serbia\" \/>\n<meta property=\"article:publisher\" content=\"https:\/\/www.facebook.com\/Prestolonaslednik.Aleksandar\" \/>\n<meta property=\"article:published_time\" content=\"2026-04-25T12:00:39+00:00\" \/>\n<meta property=\"article:modified_time\" content=\"2026-04-27T10:24:06+00:00\" \/>\n<meta property=\"og:image\" content=\"https:\/\/royalfamily.org\/wp-content\/uploads\/2026\/04\/cover-PA-2.jpg\" \/>\n\t<meta property=\"og:image:width\" content=\"1566\" \/>\n\t<meta property=\"og:image:height\" content=\"768\" \/>\n\t<meta property=\"og:image:type\" content=\"image\/jpeg\" \/>\n<meta name=\"author\" content=\"Stefan Milanovic\" \/>\n<meta name=\"twitter:card\" content=\"summary_large_image\" \/>\n<meta name=\"twitter:label1\" content=\"Written by\" \/>\n\t<meta name=\"twitter:data1\" content=\"Stefan Milanovic\" \/>\n\t<meta name=\"twitter:label2\" content=\"Est. reading time\" \/>\n\t<meta name=\"twitter:data2\" content=\"7 minutes\" \/>\n<script type=\"application\/ld+json\" class=\"yoast-schema-graph\">{\"@context\":\"https:\\\/\\\/schema.org\",\"@graph\":[{\"@type\":\"Article\",\"@id\":\"https:\\\/\\\/royalfamily.org\\\/lat\\\/princeza-katarina-i-lajflajn-cikago-obezbedili-vaskrsnje-obroke-za-vise-od-19-ustanova\\\/#article\",\"isPartOf\":{\"@id\":\"https:\\\/\\\/royalfamily.org\\\/lat\\\/princeza-katarina-i-lajflajn-cikago-obezbedili-vaskrsnje-obroke-za-vise-od-19-ustanova\\\/\"},\"author\":{\"name\":\"Stefan Milanovic\",\"@id\":\"https:\\\/\\\/royalfamily.org\\\/#\\\/schema\\\/person\\\/4ad3296a6a8a35eed333b6a785e9f648\"},\"headline\":\"PRINCEZA KATARINA I LAJFLAJN \u010cIKAGO OBEZBEDILI VASKR\u0160NJE OBROKE ZA VI\u0160E OD 19 USTANOVA\",\"datePublished\":\"2026-04-25T12:00:39+00:00\",\"dateModified\":\"2026-04-27T10:24:06+00:00\",\"mainEntityOfPage\":{\"@id\":\"https:\\\/\\\/royalfamily.org\\\/lat\\\/princeza-katarina-i-lajflajn-cikago-obezbedili-vaskrsnje-obroke-za-vise-od-19-ustanova\\\/\"},\"wordCount\":3345,\"publisher\":{\"@id\":\"https:\\\/\\\/royalfamily.org\\\/#organization\"},\"image\":{\"@id\":\"https:\\\/\\\/royalfamily.org\\\/lat\\\/princeza-katarina-i-lajflajn-cikago-obezbedili-vaskrsnje-obroke-za-vise-od-19-ustanova\\\/#primaryimage\"},\"thumbnailUrl\":\"https:\\\/\\\/royalfamily.org\\\/wp-content\\\/uploads\\\/2026\\\/04\\\/cover-PA-2.jpg\",\"articleSection\":[\"Vesti\"],\"inLanguage\":\"sr-LT\"},{\"@type\":\"WebPage\",\"@id\":\"https:\\\/\\\/royalfamily.org\\\/lat\\\/princeza-katarina-i-lajflajn-cikago-obezbedili-vaskrsnje-obroke-za-vise-od-19-ustanova\\\/\",\"url\":\"https:\\\/\\\/royalfamily.org\\\/lat\\\/princeza-katarina-i-lajflajn-cikago-obezbedili-vaskrsnje-obroke-za-vise-od-19-ustanova\\\/\",\"name\":\"PRINCEZA KATARINA I LAJFLAJN \u010cIKAGO OBEZBEDILI VASKR\u0160NJE OBROKE ZA VI\u0160E OD 19 USTANOVA - The Royal Family of Serbia\",\"isPartOf\":{\"@id\":\"https:\\\/\\\/royalfamily.org\\\/#website\"},\"primaryImageOfPage\":{\"@id\":\"https:\\\/\\\/royalfamily.org\\\/lat\\\/princeza-katarina-i-lajflajn-cikago-obezbedili-vaskrsnje-obroke-za-vise-od-19-ustanova\\\/#primaryimage\"},\"image\":{\"@id\":\"https:\\\/\\\/royalfamily.org\\\/lat\\\/princeza-katarina-i-lajflajn-cikago-obezbedili-vaskrsnje-obroke-za-vise-od-19-ustanova\\\/#primaryimage\"},\"thumbnailUrl\":\"https:\\\/\\\/royalfamily.org\\\/wp-content\\\/uploads\\\/2026\\\/04\\\/cover-PA-2.jpg\",\"datePublished\":\"2026-04-25T12:00:39+00:00\",\"dateModified\":\"2026-04-27T10:24:06+00:00\",\"breadcrumb\":{\"@id\":\"https:\\\/\\\/royalfamily.org\\\/lat\\\/princeza-katarina-i-lajflajn-cikago-obezbedili-vaskrsnje-obroke-za-vise-od-19-ustanova\\\/#breadcrumb\"},\"inLanguage\":\"sr-LT\",\"potentialAction\":[{\"@type\":\"ReadAction\",\"target\":[\"https:\\\/\\\/royalfamily.org\\\/lat\\\/princeza-katarina-i-lajflajn-cikago-obezbedili-vaskrsnje-obroke-za-vise-od-19-ustanova\\\/\"]}]},{\"@type\":\"ImageObject\",\"inLanguage\":\"sr-LT\",\"@id\":\"https:\\\/\\\/royalfamily.org\\\/lat\\\/princeza-katarina-i-lajflajn-cikago-obezbedili-vaskrsnje-obroke-za-vise-od-19-ustanova\\\/#primaryimage\",\"url\":\"https:\\\/\\\/royalfamily.org\\\/wp-content\\\/uploads\\\/2026\\\/04\\\/cover-PA-2.jpg\",\"contentUrl\":\"https:\\\/\\\/royalfamily.org\\\/wp-content\\\/uploads\\\/2026\\\/04\\\/cover-PA-2.jpg\",\"width\":1566,\"height\":768},{\"@type\":\"BreadcrumbList\",\"@id\":\"https:\\\/\\\/royalfamily.org\\\/lat\\\/princeza-katarina-i-lajflajn-cikago-obezbedili-vaskrsnje-obroke-za-vise-od-19-ustanova\\\/#breadcrumb\",\"itemListElement\":[{\"@type\":\"ListItem\",\"position\":1,\"name\":\"Home\",\"item\":\"https:\\\/\\\/royalfamily.org\\\/lat\\\/\"},{\"@type\":\"ListItem\",\"position\":2,\"name\":\"PRINCEZA KATARINA I LAJFLAJN \u010cIKAGO OBEZBEDILI VASKR\u0160NJE OBROKE ZA VI\u0160E OD 19 USTANOVA\"}]},{\"@type\":\"WebSite\",\"@id\":\"https:\\\/\\\/royalfamily.org\\\/#website\",\"url\":\"https:\\\/\\\/royalfamily.org\\\/\",\"name\":\"The Royal Family of Serbia\",\"description\":\"From the people, for the people\",\"publisher\":{\"@id\":\"https:\\\/\\\/royalfamily.org\\\/#organization\"},\"potentialAction\":[{\"@type\":\"SearchAction\",\"target\":{\"@type\":\"EntryPoint\",\"urlTemplate\":\"https:\\\/\\\/royalfamily.org\\\/?s={search_term_string}\"},\"query-input\":{\"@type\":\"PropertyValueSpecification\",\"valueRequired\":true,\"valueName\":\"search_term_string\"}}],\"inLanguage\":\"sr-LT\"},{\"@type\":\"Organization\",\"@id\":\"https:\\\/\\\/royalfamily.org\\\/#organization\",\"name\":\"Royal Family\",\"url\":\"https:\\\/\\\/royalfamily.org\\\/\",\"logo\":{\"@type\":\"ImageObject\",\"inLanguage\":\"sr-LT\",\"@id\":\"https:\\\/\\\/royalfamily.org\\\/#\\\/schema\\\/logo\\\/image\\\/\",\"url\":\"https:\\\/\\\/royalfamily.org\\\/wp-content\\\/uploads\\\/2019\\\/04\\\/logo-vector-02-V-latinica.png\",\"contentUrl\":\"https:\\\/\\\/royalfamily.org\\\/wp-content\\\/uploads\\\/2019\\\/04\\\/logo-vector-02-V-latinica.png\",\"width\":552,\"height\":99,\"caption\":\"Royal Family\"},\"image\":{\"@id\":\"https:\\\/\\\/royalfamily.org\\\/#\\\/schema\\\/logo\\\/image\\\/\"},\"sameAs\":[\"https:\\\/\\\/www.facebook.com\\\/Prestolonaslednik.Aleksandar\"]},{\"@type\":\"Person\",\"@id\":\"https:\\\/\\\/royalfamily.org\\\/#\\\/schema\\\/person\\\/4ad3296a6a8a35eed333b6a785e9f648\",\"name\":\"Stefan Milanovic\",\"image\":{\"@type\":\"ImageObject\",\"inLanguage\":\"sr-LT\",\"@id\":\"https:\\\/\\\/secure.gravatar.com\\\/avatar\\\/92dcbdcf3e32112a9ceb1e41665b1f44c69382d014cacfe12c701f6af7c40259?s=96&d=mm&r=g\",\"url\":\"https:\\\/\\\/secure.gravatar.com\\\/avatar\\\/92dcbdcf3e32112a9ceb1e41665b1f44c69382d014cacfe12c701f6af7c40259?s=96&d=mm&r=g\",\"contentUrl\":\"https:\\\/\\\/secure.gravatar.com\\\/avatar\\\/92dcbdcf3e32112a9ceb1e41665b1f44c69382d014cacfe12c701f6af7c40259?s=96&d=mm&r=g\",\"caption\":\"Stefan Milanovic\"}}]}<\/script>\n<!-- \/ Yoast SEO Premium plugin. -->","yoast_head_json":{"title":"PRINCEZA KATARINA I LAJFLAJN \u010cIKAGO OBEZBEDILI VASKR\u0160NJE OBROKE ZA VI\u0160E OD 19 USTANOVA - The Royal Family of Serbia","robots":{"index":"index","follow":"follow","max-snippet":"max-snippet:-1","max-image-preview":"max-image-preview:large","max-video-preview":"max-video-preview:-1"},"canonical":"https:\/\/royalfamily.org\/lat\/princeza-katarina-i-lajflajn-cikago-obezbedili-vaskrsnje-obroke-za-vise-od-19-ustanova\/","og_locale":"en_US","og_type":"article","og_title":"PRINCEZA KATARINA I LAJFLAJN \u010cIKAGO OBEZBEDILI VASKR\u0160NJE OBROKE ZA VI\u0160E OD 19 USTANOVA","og_url":"https:\/\/royalfamily.org\/lat\/princeza-katarina-i-lajflajn-cikago-obezbedili-vaskrsnje-obroke-za-vise-od-19-ustanova\/","og_site_name":"The Royal Family of Serbia","article_publisher":"https:\/\/www.facebook.com\/Prestolonaslednik.Aleksandar","article_published_time":"2026-04-25T12:00:39+00:00","article_modified_time":"2026-04-27T10:24:06+00:00","og_image":[{"width":1566,"height":768,"url":"https:\/\/royalfamily.org\/wp-content\/uploads\/2026\/04\/cover-PA-2.jpg","type":"image\/jpeg"}],"author":"Stefan Milanovic","twitter_card":"summary_large_image","twitter_misc":{"Written by":"Stefan Milanovic","Est. reading time":"7 minutes"},"schema":{"@context":"https:\/\/schema.org","@graph":[{"@type":"Article","@id":"https:\/\/royalfamily.org\/lat\/princeza-katarina-i-lajflajn-cikago-obezbedili-vaskrsnje-obroke-za-vise-od-19-ustanova\/#article","isPartOf":{"@id":"https:\/\/royalfamily.org\/lat\/princeza-katarina-i-lajflajn-cikago-obezbedili-vaskrsnje-obroke-za-vise-od-19-ustanova\/"},"author":{"name":"Stefan Milanovic","@id":"https:\/\/royalfamily.org\/#\/schema\/person\/4ad3296a6a8a35eed333b6a785e9f648"},"headline":"PRINCEZA KATARINA I LAJFLAJN \u010cIKAGO OBEZBEDILI VASKR\u0160NJE OBROKE ZA VI\u0160E OD 19 USTANOVA","datePublished":"2026-04-25T12:00:39+00:00","dateModified":"2026-04-27T10:24:06+00:00","mainEntityOfPage":{"@id":"https:\/\/royalfamily.org\/lat\/princeza-katarina-i-lajflajn-cikago-obezbedili-vaskrsnje-obroke-za-vise-od-19-ustanova\/"},"wordCount":3345,"publisher":{"@id":"https:\/\/royalfamily.org\/#organization"},"image":{"@id":"https:\/\/royalfamily.org\/lat\/princeza-katarina-i-lajflajn-cikago-obezbedili-vaskrsnje-obroke-za-vise-od-19-ustanova\/#primaryimage"},"thumbnailUrl":"https:\/\/royalfamily.org\/wp-content\/uploads\/2026\/04\/cover-PA-2.jpg","articleSection":["Vesti"],"inLanguage":"sr-LT"},{"@type":"WebPage","@id":"https:\/\/royalfamily.org\/lat\/princeza-katarina-i-lajflajn-cikago-obezbedili-vaskrsnje-obroke-za-vise-od-19-ustanova\/","url":"https:\/\/royalfamily.org\/lat\/princeza-katarina-i-lajflajn-cikago-obezbedili-vaskrsnje-obroke-za-vise-od-19-ustanova\/","name":"PRINCEZA KATARINA I LAJFLAJN \u010cIKAGO OBEZBEDILI VASKR\u0160NJE OBROKE ZA VI\u0160E OD 19 USTANOVA - The Royal Family of Serbia","isPartOf":{"@id":"https:\/\/royalfamily.org\/#website"},"primaryImageOfPage":{"@id":"https:\/\/royalfamily.org\/lat\/princeza-katarina-i-lajflajn-cikago-obezbedili-vaskrsnje-obroke-za-vise-od-19-ustanova\/#primaryimage"},"image":{"@id":"https:\/\/royalfamily.org\/lat\/princeza-katarina-i-lajflajn-cikago-obezbedili-vaskrsnje-obroke-za-vise-od-19-ustanova\/#primaryimage"},"thumbnailUrl":"https:\/\/royalfamily.org\/wp-content\/uploads\/2026\/04\/cover-PA-2.jpg","datePublished":"2026-04-25T12:00:39+00:00","dateModified":"2026-04-27T10:24:06+00:00","breadcrumb":{"@id":"https:\/\/royalfamily.org\/lat\/princeza-katarina-i-lajflajn-cikago-obezbedili-vaskrsnje-obroke-za-vise-od-19-ustanova\/#breadcrumb"},"inLanguage":"sr-LT","potentialAction":[{"@type":"ReadAction","target":["https:\/\/royalfamily.org\/lat\/princeza-katarina-i-lajflajn-cikago-obezbedili-vaskrsnje-obroke-za-vise-od-19-ustanova\/"]}]},{"@type":"ImageObject","inLanguage":"sr-LT","@id":"https:\/\/royalfamily.org\/lat\/princeza-katarina-i-lajflajn-cikago-obezbedili-vaskrsnje-obroke-za-vise-od-19-ustanova\/#primaryimage","url":"https:\/\/royalfamily.org\/wp-content\/uploads\/2026\/04\/cover-PA-2.jpg","contentUrl":"https:\/\/royalfamily.org\/wp-content\/uploads\/2026\/04\/cover-PA-2.jpg","width":1566,"height":768},{"@type":"BreadcrumbList","@id":"https:\/\/royalfamily.org\/lat\/princeza-katarina-i-lajflajn-cikago-obezbedili-vaskrsnje-obroke-za-vise-od-19-ustanova\/#breadcrumb","itemListElement":[{"@type":"ListItem","position":1,"name":"Home","item":"https:\/\/royalfamily.org\/lat\/"},{"@type":"ListItem","position":2,"name":"PRINCEZA KATARINA I LAJFLAJN \u010cIKAGO OBEZBEDILI VASKR\u0160NJE OBROKE ZA VI\u0160E OD 19 USTANOVA"}]},{"@type":"WebSite","@id":"https:\/\/royalfamily.org\/#website","url":"https:\/\/royalfamily.org\/","name":"The Royal Family of Serbia","description":"From the people, for the people","publisher":{"@id":"https:\/\/royalfamily.org\/#organization"},"potentialAction":[{"@type":"SearchAction","target":{"@type":"EntryPoint","urlTemplate":"https:\/\/royalfamily.org\/?s={search_term_string}"},"query-input":{"@type":"PropertyValueSpecification","valueRequired":true,"valueName":"search_term_string"}}],"inLanguage":"sr-LT"},{"@type":"Organization","@id":"https:\/\/royalfamily.org\/#organization","name":"Royal Family","url":"https:\/\/royalfamily.org\/","logo":{"@type":"ImageObject","inLanguage":"sr-LT","@id":"https:\/\/royalfamily.org\/#\/schema\/logo\/image\/","url":"https:\/\/royalfamily.org\/wp-content\/uploads\/2019\/04\/logo-vector-02-V-latinica.png","contentUrl":"https:\/\/royalfamily.org\/wp-content\/uploads\/2019\/04\/logo-vector-02-V-latinica.png","width":552,"height":99,"caption":"Royal Family"},"image":{"@id":"https:\/\/royalfamily.org\/#\/schema\/logo\/image\/"},"sameAs":["https:\/\/www.facebook.com\/Prestolonaslednik.Aleksandar"]},{"@type":"Person","@id":"https:\/\/royalfamily.org\/#\/schema\/person\/4ad3296a6a8a35eed333b6a785e9f648","name":"Stefan Milanovic","image":{"@type":"ImageObject","inLanguage":"sr-LT","@id":"https:\/\/secure.gravatar.com\/avatar\/92dcbdcf3e32112a9ceb1e41665b1f44c69382d014cacfe12c701f6af7c40259?s=96&d=mm&r=g","url":"https:\/\/secure.gravatar.com\/avatar\/92dcbdcf3e32112a9ceb1e41665b1f44c69382d014cacfe12c701f6af7c40259?s=96&d=mm&r=g","contentUrl":"https:\/\/secure.gravatar.com\/avatar\/92dcbdcf3e32112a9ceb1e41665b1f44c69382d014cacfe12c701f6af7c40259?s=96&d=mm&r=g","caption":"Stefan Milanovic"}}]}},"_links":{"self":[{"href":"https:\/\/royalfamily.org\/lat\/wp-json\/wp\/v2\/posts\/99012","targetHints":{"allow":["GET"]}}],"collection":[{"href":"https:\/\/royalfamily.org\/lat\/wp-json\/wp\/v2\/posts"}],"about":[{"href":"https:\/\/royalfamily.org\/lat\/wp-json\/wp\/v2\/types\/post"}],"author":[{"embeddable":true,"href":"https:\/\/royalfamily.org\/lat\/wp-json\/wp\/v2\/users\/1001015"}],"replies":[{"embeddable":true,"href":"https:\/\/royalfamily.org\/lat\/wp-json\/wp\/v2\/comments?post=99012"}],"version-history":[{"count":1,"href":"https:\/\/royalfamily.org\/lat\/wp-json\/wp\/v2\/posts\/99012\/revisions"}],"predecessor-version":[{"id":99013,"href":"https:\/\/royalfamily.org\/lat\/wp-json\/wp\/v2\/posts\/99012\/revisions\/99013"}],"wp:featuredmedia":[{"embeddable":true,"href":"https:\/\/royalfamily.org\/lat\/wp-json\/wp\/v2\/media\/99018"}],"wp:attachment":[{"href":"https:\/\/royalfamily.org\/lat\/wp-json\/wp\/v2\/media?parent=99012"}],"wp:term":[{"taxonomy":"category","embeddable":true,"href":"https:\/\/royalfamily.org\/lat\/wp-json\/wp\/v2\/categories?post=99012"},{"taxonomy":"post_tag","embeddable":true,"href":"https:\/\/royalfamily.org\/lat\/wp-json\/wp\/v2\/tags?post=99012"}],"curies":[{"name":"wp","href":"https:\/\/api.w.org\/{rel}","templated":true}]}}