{"id":99071,"date":"2026-04-30T13:51:08","date_gmt":"2026-04-30T11:51:08","guid":{"rendered":"https:\/\/royalfamily.org\/?p=99071"},"modified":"2026-04-30T13:51:08","modified_gmt":"2026-04-30T11:51:08","slug":"princeza-katarina-nastavlja-podrsku-starijima-u-vranju","status":"publish","type":"post","link":"https:\/\/royalfamily.org\/lat\/princeza-katarina-nastavlja-podrsku-starijima-u-vranju\/","title":{"rendered":"PRINCEZA KATARINA NASTAVLjA PODR\u0160KU STARIJIMA U VRANjU"},"content":{"rendered":"<p><div class=\"fusion-fullwidth fullwidth-box fusion-builder-row-1 fusion-flex-container has-pattern-background has-mask-background nonhundred-percent-fullwidth non-hundred-percent-height-scrolling\" style=\"--awb-border-radius-top-left:0px;--awb-border-radius-top-right:0px;--awb-border-radius-bottom-right:0px;--awb-border-radius-bottom-left:0px;--awb-flex-wrap:wrap;\" ><div class=\"fusion-builder-row fusion-row fusion-flex-align-items-flex-start fusion-flex-content-wrap\" style=\"max-width:1227.2px;margin-left: calc(-4% \/ 2 );margin-right: calc(-4% \/ 2 );\"><div class=\"fusion-layout-column fusion_builder_column fusion-builder-column-0 fusion_builder_column_1_1 1_1 fusion-flex-column\" style=\"--awb-bg-size:cover;--awb-width-large:100%;--awb-margin-top-large:0px;--awb-spacing-right-large:1.92%;--awb-margin-bottom-large:20px;--awb-spacing-left-large:1.92%;--awb-width-medium:100%;--awb-order-medium:0;--awb-spacing-right-medium:1.92%;--awb-spacing-left-medium:1.92%;--awb-width-small:100%;--awb-order-small:0;--awb-spacing-right-small:1.92%;--awb-spacing-left-small:1.92%;\"><div class=\"fusion-column-wrapper fusion-column-has-shadow fusion-flex-justify-content-flex-start fusion-content-layout-column\"><div class=\"fusion-text fusion-text-1\"><p>Fondacija Nj.K.V. Princeze Katarine i humanitarna organizacija Lajflajn \u010cikago uru\u010dile su zna\u010dajnu donaciju Prihvatili\u0161tu za stara lica u Vranju, obezbediv\u0161i neophodnu opremu i sredstva za unapre\u0111enje kvaliteta nege korisnika.<\/p>\n<p>Ova dragocena pomo\u0107 omogu\u0107ena je zahvaljuju\u0107i velikodu\u0161nosti tri Kola srpskih sestara, \u201eSveti Georgije\u201c iz D\u017eolijeta, \u201eKneginja Zorka\u201c iz Lensinga i \u201eSveti arhangel Mihailo\u201c iz Lensinga, Ilinois, kao i velikodu\u0161nosti Pitsbur\u0161kog odbora, a sve u saradnji sa humanitarnom organizacijom Lajflajn \u010cikago, koja deluje pod pokroviteljstvom Njenog Kraljevskog Viso\u010danstva Princeze Katarine. Njihova trajna posve\u0107enost omogu\u0107ava da neophodna pomo\u0107 stigne do onih kojima je najpotrebnija.<\/p>\n<p>Pitsbur\u0161ki odbor donirao je 15 bolni\u010dkih kreveta, 10 medicinskih du\u0161eka, 20 vodootpornih navlaka za du\u0161eke, 10 antidekubitalnih du\u0161eka i 30 jastuka. Tri Kola srpskih sestara donirala su tri stolice za tu\u0161iranje, dve toaletne stolice, jedno pomagalo za okretanje le\u017ee\u0107ih korisnika, 1.050 pelena za odrasle, 50 \u0107ebadi i 35 kompleta posteljine.<\/p>\n<p>Ova donacija zna\u010dajno \u0107e unaprediti svakodnevnu negu, udobnost i higijenu starijih korisnika, a istovremeno \u0107e olak\u0161ati rad osoblju.<\/p>\n<p>Rukovodstvo i zaposleni u Prihvatili\u0161tu za stara lica u Vranju izrazili su duboku zahvalnost na ovoj dragocenoj podr\u0161ci, isti\u010du\u0107i da ovakve donacije u velikoj meri doprinose pobolj\u0161anju uslova \u017eivota i obezbe\u0111ivanju dostojanstvene nege za njihove korisnike.<\/p>\n<p>Njeno Kraljevsko Viso\u010danstvo Princeza Katarina uputila je zahvalnost donatorima: \u201eIskreno sam zahvalna predstavnicama tri Kola srpskih sestara i Pitsbur\u0161kom odboru na njihovom saose\u0107anju i velikodu\u0161nosti. Njihova podr\u0161ka je istinski primer solidarnosti prema na\u0161im starijim sugra\u0111anima. Zajedno sa Lajflajn \u010cikagom, ostajemo posve\u0107eni pru\u017eanju pomo\u0107i onima kojima je ona najpotrebnija i stvaranju boljih uslova za starije osobe, \u010dijoj brizi je veliki deo na\u0161eg rada posve\u0107en jo\u0161 od osnivanja moje Fondacije. \u017delim da uvek znaju da nisu zaboravljeni. Njihov doprinos na\u0161em dru\u0161tvu, njihova mudrost i \u017eivotno iskustvo neprocenjivi su i treba da budu putokaz mla\u0111im generacijama.\u201d<\/p>\n<\/div><\/div><\/div><\/div><\/div><div class=\"fusion-fullwidth fullwidth-box fusion-builder-row-2 fusion-flex-container has-pattern-background has-mask-background nonhundred-percent-fullwidth non-hundred-percent-height-scrolling\" style=\"--awb-border-radius-top-left:0px;--awb-border-radius-top-right:0px;--awb-border-radius-bottom-right:0px;--awb-border-radius-bottom-left:0px;--awb-flex-wrap:wrap;\" ><div class=\"fusion-builder-row fusion-row fusion-flex-align-items-flex-start fusion-flex-content-wrap\" style=\"max-width:1227.2px;margin-left: calc(-4% \/ 2 );margin-right: calc(-4% \/ 2 );\"><div class=\"fusion-layout-column fusion_builder_column fusion-builder-column-1 fusion_builder_column_1_1 1_1 fusion-flex-column\" style=\"--awb-bg-size:cover;--awb-width-large:100%;--awb-margin-top-large:0px;--awb-spacing-right-large:1.92%;--awb-margin-bottom-large:20px;--awb-spacing-left-large:1.92%;--awb-width-medium:100%;--awb-order-medium:0;--awb-spacing-right-medium:1.92%;--awb-spacing-left-medium:1.92%;--awb-width-small:100%;--awb-order-small:0;--awb-spacing-right-small:1.92%;--awb-spacing-left-small:1.92%;\"><div class=\"fusion-column-wrapper fusion-column-has-shadow fusion-flex-justify-content-flex-start fusion-content-layout-column\"><div class=\"awb-gallery-wrapper awb-gallery-wrapper-1 button-span-no\" style=\"--more-btn-alignment:center;\" data-limit=\"20\" data-page=\"1\"><div style=\"margin:-5px;--awb-bordersize:0px;\" class=\"fusion-gallery fusion-gallery-container fusion-grid-3 fusion-columns-total-15 fusion-gallery-layout-grid fusion-gallery-1\"><div style=\"padding:5px;\" class=\"fusion-grid-column fusion-gallery-column fusion-gallery-column-3 hover-type-none\"><div class=\"fusion-gallery-image\"><a href=\"https:\/\/royalfamily.org\/wp-content\/uploads\/2026\/04\/Princeza-Katatina-1.jpg\" rel=\"noreferrer\" data-rel=\"iLightbox[gallery_image_1]\" class=\"fusion-lightbox\" target=\"_self\"><img decoding=\"async\" src=\"https:\/\/royalfamily.org\/wp-content\/uploads\/2026\/04\/Princeza-Katatina-1.jpg\" width=\"1024\" height=\"715\" alt=\"\" title=\"Princeza Katatina\" aria-label=\"Princeza Katatina\" class=\"img-responsive wp-image-99023\" srcset=\"https:\/\/royalfamily.org\/wp-content\/uploads\/2026\/04\/Princeza-Katatina-1-200x140.jpg 200w, https:\/\/royalfamily.org\/wp-content\/uploads\/2026\/04\/Princeza-Katatina-1-400x279.jpg 400w, https:\/\/royalfamily.org\/wp-content\/uploads\/2026\/04\/Princeza-Katatina-1-600x419.jpg 600w, https:\/\/royalfamily.org\/wp-content\/uploads\/2026\/04\/Princeza-Katatina-1-800x559.jpg 800w, https:\/\/royalfamily.org\/wp-content\/uploads\/2026\/04\/Princeza-Katatina-1.jpg 1024w\" sizes=\"(min-width: 2200px) 100vw, (min-width: 824px) 390px, (min-width: 732px) 585px, (min-width: 640px) 732px, \" \/><\/a><\/div><\/div><div style=\"padding:5px;\" class=\"fusion-grid-column fusion-gallery-column fusion-gallery-column-3 hover-type-none\"><div class=\"fusion-gallery-image\"><a href=\"https:\/\/royalfamily.org\/wp-content\/uploads\/2026\/04\/1-4.jpg\" rel=\"noreferrer\" data-rel=\"iLightbox[gallery_image_1]\" class=\"fusion-lightbox\" target=\"_self\"><img decoding=\"async\" src=\"https:\/\/royalfamily.org\/wp-content\/uploads\/2026\/04\/1-4.jpg\" width=\"1350\" height=\"900\" alt=\"\" title=\"1\" aria-label=\"1\" class=\"img-responsive wp-image-99026\" srcset=\"https:\/\/royalfamily.org\/wp-content\/uploads\/2026\/04\/1-4-200x133.jpg 200w, https:\/\/royalfamily.org\/wp-content\/uploads\/2026\/04\/1-4-400x267.jpg 400w, https:\/\/royalfamily.org\/wp-content\/uploads\/2026\/04\/1-4-600x400.jpg 600w, https:\/\/royalfamily.org\/wp-content\/uploads\/2026\/04\/1-4-800x533.jpg 800w, https:\/\/royalfamily.org\/wp-content\/uploads\/2026\/04\/1-4-1200x800.jpg 1200w, https:\/\/royalfamily.org\/wp-content\/uploads\/2026\/04\/1-4.jpg 1350w\" sizes=\"(min-width: 2200px) 100vw, (min-width: 824px) 390px, (min-width: 732px) 585px, (min-width: 640px) 732px, \" \/><\/a><\/div><\/div><div style=\"padding:5px;\" class=\"fusion-grid-column fusion-gallery-column fusion-gallery-column-3 hover-type-none\"><div class=\"fusion-gallery-image\"><a href=\"https:\/\/royalfamily.org\/wp-content\/uploads\/2026\/04\/2-4.jpg\" rel=\"noreferrer\" data-rel=\"iLightbox[gallery_image_1]\" class=\"fusion-lightbox\" target=\"_self\"><img decoding=\"async\" src=\"https:\/\/royalfamily.org\/wp-content\/uploads\/2026\/04\/2-4.jpg\" width=\"1350\" height=\"900\" alt=\"\" title=\"2\" aria-label=\"2\" class=\"img-responsive wp-image-99029\" srcset=\"https:\/\/royalfamily.org\/wp-content\/uploads\/2026\/04\/2-4-200x133.jpg 200w, https:\/\/royalfamily.org\/wp-content\/uploads\/2026\/04\/2-4-400x267.jpg 400w, https:\/\/royalfamily.org\/wp-content\/uploads\/2026\/04\/2-4-600x400.jpg 600w, https:\/\/royalfamily.org\/wp-content\/uploads\/2026\/04\/2-4-800x533.jpg 800w, https:\/\/royalfamily.org\/wp-content\/uploads\/2026\/04\/2-4-1200x800.jpg 1200w, https:\/\/royalfamily.org\/wp-content\/uploads\/2026\/04\/2-4.jpg 1350w\" sizes=\"(min-width: 2200px) 100vw, (min-width: 824px) 390px, (min-width: 732px) 585px, (min-width: 640px) 732px, \" \/><\/a><\/div><\/div><div class=\"clearfix\"><\/div><div style=\"padding:5px;\" class=\"fusion-grid-column fusion-gallery-column fusion-gallery-column-3 hover-type-none\"><div class=\"fusion-gallery-image\"><a href=\"https:\/\/royalfamily.org\/wp-content\/uploads\/2026\/04\/3-4.jpg\" rel=\"noreferrer\" data-rel=\"iLightbox[gallery_image_1]\" class=\"fusion-lightbox\" target=\"_self\"><img decoding=\"async\" src=\"https:\/\/royalfamily.org\/wp-content\/uploads\/2026\/04\/3-4.jpg\" width=\"1350\" height=\"900\" alt=\"\" title=\"3\" aria-label=\"3\" class=\"img-responsive wp-image-99032\" srcset=\"https:\/\/royalfamily.org\/wp-content\/uploads\/2026\/04\/3-4-200x133.jpg 200w, https:\/\/royalfamily.org\/wp-content\/uploads\/2026\/04\/3-4-400x267.jpg 400w, https:\/\/royalfamily.org\/wp-content\/uploads\/2026\/04\/3-4-600x400.jpg 600w, https:\/\/royalfamily.org\/wp-content\/uploads\/2026\/04\/3-4-800x533.jpg 800w, https:\/\/royalfamily.org\/wp-content\/uploads\/2026\/04\/3-4-1200x800.jpg 1200w, https:\/\/royalfamily.org\/wp-content\/uploads\/2026\/04\/3-4.jpg 1350w\" sizes=\"(min-width: 2200px) 100vw, (min-width: 824px) 390px, (min-width: 732px) 585px, (min-width: 640px) 732px, \" \/><\/a><\/div><\/div><div style=\"padding:5px;\" class=\"fusion-grid-column fusion-gallery-column fusion-gallery-column-3 hover-type-none\"><div class=\"fusion-gallery-image\"><a href=\"https:\/\/royalfamily.org\/wp-content\/uploads\/2026\/04\/4-3.jpg\" rel=\"noreferrer\" data-rel=\"iLightbox[gallery_image_1]\" class=\"fusion-lightbox\" target=\"_self\"><img decoding=\"async\" src=\"https:\/\/royalfamily.org\/wp-content\/uploads\/2026\/04\/4-3.jpg\" width=\"1350\" height=\"900\" alt=\"\" title=\"4\" aria-label=\"4\" class=\"img-responsive wp-image-99035\" srcset=\"https:\/\/royalfamily.org\/wp-content\/uploads\/2026\/04\/4-3-200x133.jpg 200w, https:\/\/royalfamily.org\/wp-content\/uploads\/2026\/04\/4-3-400x267.jpg 400w, https:\/\/royalfamily.org\/wp-content\/uploads\/2026\/04\/4-3-600x400.jpg 600w, https:\/\/royalfamily.org\/wp-content\/uploads\/2026\/04\/4-3-800x533.jpg 800w, https:\/\/royalfamily.org\/wp-content\/uploads\/2026\/04\/4-3-1200x800.jpg 1200w, https:\/\/royalfamily.org\/wp-content\/uploads\/2026\/04\/4-3.jpg 1350w\" sizes=\"(min-width: 2200px) 100vw, (min-width: 824px) 390px, (min-width: 732px) 585px, (min-width: 640px) 732px, \" \/><\/a><\/div><\/div><div style=\"padding:5px;\" class=\"fusion-grid-column fusion-gallery-column fusion-gallery-column-3 hover-type-none\"><div class=\"fusion-gallery-image\"><a href=\"https:\/\/royalfamily.org\/wp-content\/uploads\/2026\/04\/5-3.jpg\" rel=\"noreferrer\" data-rel=\"iLightbox[gallery_image_1]\" class=\"fusion-lightbox\" target=\"_self\"><img decoding=\"async\" src=\"https:\/\/royalfamily.org\/wp-content\/uploads\/2026\/04\/5-3.jpg\" width=\"1350\" height=\"900\" alt=\"\" title=\"5\" aria-label=\"5\" class=\"img-responsive wp-image-99038\" srcset=\"https:\/\/royalfamily.org\/wp-content\/uploads\/2026\/04\/5-3-200x133.jpg 200w, https:\/\/royalfamily.org\/wp-content\/uploads\/2026\/04\/5-3-400x267.jpg 400w, https:\/\/royalfamily.org\/wp-content\/uploads\/2026\/04\/5-3-600x400.jpg 600w, https:\/\/royalfamily.org\/wp-content\/uploads\/2026\/04\/5-3-800x533.jpg 800w, https:\/\/royalfamily.org\/wp-content\/uploads\/2026\/04\/5-3-1200x800.jpg 1200w, https:\/\/royalfamily.org\/wp-content\/uploads\/2026\/04\/5-3.jpg 1350w\" sizes=\"(min-width: 2200px) 100vw, (min-width: 824px) 390px, (min-width: 732px) 585px, (min-width: 640px) 732px, \" \/><\/a><\/div><\/div><div class=\"clearfix\"><\/div><div style=\"padding:5px;\" class=\"fusion-grid-column fusion-gallery-column fusion-gallery-column-3 hover-type-none\"><div class=\"fusion-gallery-image\"><a href=\"https:\/\/royalfamily.org\/wp-content\/uploads\/2026\/04\/6-3.jpg\" rel=\"noreferrer\" data-rel=\"iLightbox[gallery_image_1]\" class=\"fusion-lightbox\" target=\"_self\"><img decoding=\"async\" src=\"https:\/\/royalfamily.org\/wp-content\/uploads\/2026\/04\/6-3.jpg\" width=\"1350\" height=\"900\" alt=\"\" title=\"6\" aria-label=\"6\" class=\"img-responsive wp-image-99041\" srcset=\"https:\/\/royalfamily.org\/wp-content\/uploads\/2026\/04\/6-3-200x133.jpg 200w, https:\/\/royalfamily.org\/wp-content\/uploads\/2026\/04\/6-3-400x267.jpg 400w, https:\/\/royalfamily.org\/wp-content\/uploads\/2026\/04\/6-3-600x400.jpg 600w, https:\/\/royalfamily.org\/wp-content\/uploads\/2026\/04\/6-3-800x533.jpg 800w, https:\/\/royalfamily.org\/wp-content\/uploads\/2026\/04\/6-3-1200x800.jpg 1200w, https:\/\/royalfamily.org\/wp-content\/uploads\/2026\/04\/6-3.jpg 1350w\" sizes=\"(min-width: 2200px) 100vw, (min-width: 824px) 390px, (min-width: 732px) 585px, (min-width: 640px) 732px, \" \/><\/a><\/div><\/div><div style=\"padding:5px;\" class=\"fusion-grid-column fusion-gallery-column fusion-gallery-column-3 hover-type-none\"><div class=\"fusion-gallery-image\"><a href=\"https:\/\/royalfamily.org\/wp-content\/uploads\/2026\/04\/7-3.jpg\" rel=\"noreferrer\" data-rel=\"iLightbox[gallery_image_1]\" class=\"fusion-lightbox\" target=\"_self\"><img decoding=\"async\" src=\"https:\/\/royalfamily.org\/wp-content\/uploads\/2026\/04\/7-3.jpg\" width=\"1350\" height=\"900\" alt=\"\" title=\"7\" aria-label=\"7\" class=\"img-responsive wp-image-99044\" srcset=\"https:\/\/royalfamily.org\/wp-content\/uploads\/2026\/04\/7-3-200x133.jpg 200w, https:\/\/royalfamily.org\/wp-content\/uploads\/2026\/04\/7-3-400x267.jpg 400w, https:\/\/royalfamily.org\/wp-content\/uploads\/2026\/04\/7-3-600x400.jpg 600w, https:\/\/royalfamily.org\/wp-content\/uploads\/2026\/04\/7-3-800x533.jpg 800w, https:\/\/royalfamily.org\/wp-content\/uploads\/2026\/04\/7-3-1200x800.jpg 1200w, https:\/\/royalfamily.org\/wp-content\/uploads\/2026\/04\/7-3.jpg 1350w\" sizes=\"(min-width: 2200px) 100vw, (min-width: 824px) 390px, (min-width: 732px) 585px, (min-width: 640px) 732px, \" \/><\/a><\/div><\/div><div style=\"padding:5px;\" class=\"fusion-grid-column fusion-gallery-column fusion-gallery-column-3 hover-type-none\"><div class=\"fusion-gallery-image\"><a href=\"https:\/\/royalfamily.org\/wp-content\/uploads\/2026\/04\/8-3.jpg\" rel=\"noreferrer\" data-rel=\"iLightbox[gallery_image_1]\" class=\"fusion-lightbox\" target=\"_self\"><img decoding=\"async\" src=\"https:\/\/royalfamily.org\/wp-content\/uploads\/2026\/04\/8-3.jpg\" width=\"1350\" height=\"900\" alt=\"\" title=\"8\" aria-label=\"8\" class=\"img-responsive wp-image-99047\" srcset=\"https:\/\/royalfamily.org\/wp-content\/uploads\/2026\/04\/8-3-200x133.jpg 200w, https:\/\/royalfamily.org\/wp-content\/uploads\/2026\/04\/8-3-400x267.jpg 400w, https:\/\/royalfamily.org\/wp-content\/uploads\/2026\/04\/8-3-600x400.jpg 600w, https:\/\/royalfamily.org\/wp-content\/uploads\/2026\/04\/8-3-800x533.jpg 800w, https:\/\/royalfamily.org\/wp-content\/uploads\/2026\/04\/8-3-1200x800.jpg 1200w, https:\/\/royalfamily.org\/wp-content\/uploads\/2026\/04\/8-3.jpg 1350w\" sizes=\"(min-width: 2200px) 100vw, (min-width: 824px) 390px, (min-width: 732px) 585px, (min-width: 640px) 732px, \" \/><\/a><\/div><\/div><div class=\"clearfix\"><\/div><div style=\"padding:5px;\" class=\"fusion-grid-column fusion-gallery-column fusion-gallery-column-3 hover-type-none\"><div class=\"fusion-gallery-image\"><a href=\"https:\/\/royalfamily.org\/wp-content\/uploads\/2026\/04\/9-2.jpg\" rel=\"noreferrer\" data-rel=\"iLightbox[gallery_image_1]\" class=\"fusion-lightbox\" target=\"_self\"><img decoding=\"async\" src=\"https:\/\/royalfamily.org\/wp-content\/uploads\/2026\/04\/9-2.jpg\" width=\"1350\" height=\"900\" alt=\"\" title=\"9\" aria-label=\"9\" class=\"img-responsive wp-image-99050\" srcset=\"https:\/\/royalfamily.org\/wp-content\/uploads\/2026\/04\/9-2-200x133.jpg 200w, https:\/\/royalfamily.org\/wp-content\/uploads\/2026\/04\/9-2-400x267.jpg 400w, https:\/\/royalfamily.org\/wp-content\/uploads\/2026\/04\/9-2-600x400.jpg 600w, https:\/\/royalfamily.org\/wp-content\/uploads\/2026\/04\/9-2-800x533.jpg 800w, https:\/\/royalfamily.org\/wp-content\/uploads\/2026\/04\/9-2-1200x800.jpg 1200w, https:\/\/royalfamily.org\/wp-content\/uploads\/2026\/04\/9-2.jpg 1350w\" sizes=\"(min-width: 2200px) 100vw, (min-width: 824px) 390px, (min-width: 732px) 585px, (min-width: 640px) 732px, \" \/><\/a><\/div><\/div><div style=\"padding:5px;\" class=\"fusion-grid-column fusion-gallery-column fusion-gallery-column-3 hover-type-none\"><div class=\"fusion-gallery-image\"><a href=\"https:\/\/royalfamily.org\/wp-content\/uploads\/2026\/04\/10-2.jpg\" rel=\"noreferrer\" data-rel=\"iLightbox[gallery_image_1]\" class=\"fusion-lightbox\" target=\"_self\"><img decoding=\"async\" src=\"https:\/\/royalfamily.org\/wp-content\/uploads\/2026\/04\/10-2.jpg\" width=\"1350\" height=\"900\" alt=\"\" title=\"10\" aria-label=\"10\" class=\"img-responsive wp-image-99053\" srcset=\"https:\/\/royalfamily.org\/wp-content\/uploads\/2026\/04\/10-2-200x133.jpg 200w, https:\/\/royalfamily.org\/wp-content\/uploads\/2026\/04\/10-2-400x267.jpg 400w, https:\/\/royalfamily.org\/wp-content\/uploads\/2026\/04\/10-2-600x400.jpg 600w, https:\/\/royalfamily.org\/wp-content\/uploads\/2026\/04\/10-2-800x533.jpg 800w, https:\/\/royalfamily.org\/wp-content\/uploads\/2026\/04\/10-2-1200x800.jpg 1200w, https:\/\/royalfamily.org\/wp-content\/uploads\/2026\/04\/10-2.jpg 1350w\" sizes=\"(min-width: 2200px) 100vw, (min-width: 824px) 390px, (min-width: 732px) 585px, (min-width: 640px) 732px, \" \/><\/a><\/div><\/div><div style=\"padding:5px;\" class=\"fusion-grid-column fusion-gallery-column fusion-gallery-column-3 hover-type-none\"><div class=\"fusion-gallery-image\"><a href=\"https:\/\/royalfamily.org\/wp-content\/uploads\/2026\/04\/11-2.jpg\" rel=\"noreferrer\" data-rel=\"iLightbox[gallery_image_1]\" class=\"fusion-lightbox\" target=\"_self\"><img decoding=\"async\" src=\"https:\/\/royalfamily.org\/wp-content\/uploads\/2026\/04\/11-2.jpg\" width=\"1350\" height=\"900\" alt=\"\" title=\"11\" aria-label=\"11\" class=\"img-responsive wp-image-99056\" srcset=\"https:\/\/royalfamily.org\/wp-content\/uploads\/2026\/04\/11-2-200x133.jpg 200w, https:\/\/royalfamily.org\/wp-content\/uploads\/2026\/04\/11-2-400x267.jpg 400w, https:\/\/royalfamily.org\/wp-content\/uploads\/2026\/04\/11-2-600x400.jpg 600w, https:\/\/royalfamily.org\/wp-content\/uploads\/2026\/04\/11-2-800x533.jpg 800w, https:\/\/royalfamily.org\/wp-content\/uploads\/2026\/04\/11-2-1200x800.jpg 1200w, https:\/\/royalfamily.org\/wp-content\/uploads\/2026\/04\/11-2.jpg 1350w\" sizes=\"(min-width: 2200px) 100vw, (min-width: 824px) 390px, (min-width: 732px) 585px, (min-width: 640px) 732px, \" \/><\/a><\/div><\/div><div class=\"clearfix\"><\/div><div style=\"padding:5px;\" class=\"fusion-grid-column fusion-gallery-column fusion-gallery-column-3 hover-type-none\"><div class=\"fusion-gallery-image\"><a href=\"https:\/\/royalfamily.org\/wp-content\/uploads\/2026\/04\/12-2.jpg\" rel=\"noreferrer\" data-rel=\"iLightbox[gallery_image_1]\" class=\"fusion-lightbox\" target=\"_self\"><img decoding=\"async\" src=\"https:\/\/royalfamily.org\/wp-content\/uploads\/2026\/04\/12-2.jpg\" width=\"1350\" height=\"900\" alt=\"\" title=\"12\" aria-label=\"12\" class=\"img-responsive wp-image-99059\" srcset=\"https:\/\/royalfamily.org\/wp-content\/uploads\/2026\/04\/12-2-200x133.jpg 200w, https:\/\/royalfamily.org\/wp-content\/uploads\/2026\/04\/12-2-400x267.jpg 400w, https:\/\/royalfamily.org\/wp-content\/uploads\/2026\/04\/12-2-600x400.jpg 600w, https:\/\/royalfamily.org\/wp-content\/uploads\/2026\/04\/12-2-800x533.jpg 800w, https:\/\/royalfamily.org\/wp-content\/uploads\/2026\/04\/12-2-1200x800.jpg 1200w, https:\/\/royalfamily.org\/wp-content\/uploads\/2026\/04\/12-2.jpg 1350w\" sizes=\"(min-width: 2200px) 100vw, (min-width: 824px) 390px, (min-width: 732px) 585px, (min-width: 640px) 732px, \" \/><\/a><\/div><\/div><div style=\"padding:5px;\" class=\"fusion-grid-column fusion-gallery-column fusion-gallery-column-3 hover-type-none\"><div class=\"fusion-gallery-image\"><a href=\"https:\/\/royalfamily.org\/wp-content\/uploads\/2026\/04\/13-2.jpg\" rel=\"noreferrer\" data-rel=\"iLightbox[gallery_image_1]\" class=\"fusion-lightbox\" target=\"_self\"><img decoding=\"async\" src=\"https:\/\/royalfamily.org\/wp-content\/uploads\/2026\/04\/13-2.jpg\" width=\"1350\" height=\"900\" alt=\"\" title=\"13\" aria-label=\"13\" class=\"img-responsive wp-image-99062\" srcset=\"https:\/\/royalfamily.org\/wp-content\/uploads\/2026\/04\/13-2-200x133.jpg 200w, https:\/\/royalfamily.org\/wp-content\/uploads\/2026\/04\/13-2-400x267.jpg 400w, https:\/\/royalfamily.org\/wp-content\/uploads\/2026\/04\/13-2-600x400.jpg 600w, https:\/\/royalfamily.org\/wp-content\/uploads\/2026\/04\/13-2-800x533.jpg 800w, https:\/\/royalfamily.org\/wp-content\/uploads\/2026\/04\/13-2-1200x800.jpg 1200w, https:\/\/royalfamily.org\/wp-content\/uploads\/2026\/04\/13-2.jpg 1350w\" sizes=\"(min-width: 2200px) 100vw, (min-width: 824px) 390px, (min-width: 732px) 585px, (min-width: 640px) 732px, \" \/><\/a><\/div><\/div><div style=\"padding:5px;\" class=\"fusion-grid-column fusion-gallery-column fusion-gallery-column-3 hover-type-none\"><div class=\"fusion-gallery-image\"><a href=\"https:\/\/royalfamily.org\/wp-content\/uploads\/2026\/04\/14-2.jpg\" rel=\"noreferrer\" data-rel=\"iLightbox[gallery_image_1]\" class=\"fusion-lightbox\" target=\"_self\"><img decoding=\"async\" src=\"https:\/\/royalfamily.org\/wp-content\/uploads\/2026\/04\/14-2.jpg\" width=\"1350\" height=\"900\" alt=\"\" title=\"14\" aria-label=\"14\" class=\"img-responsive wp-image-99065\" srcset=\"https:\/\/royalfamily.org\/wp-content\/uploads\/2026\/04\/14-2-200x133.jpg 200w, https:\/\/royalfamily.org\/wp-content\/uploads\/2026\/04\/14-2-400x267.jpg 400w, https:\/\/royalfamily.org\/wp-content\/uploads\/2026\/04\/14-2-600x400.jpg 600w, https:\/\/royalfamily.org\/wp-content\/uploads\/2026\/04\/14-2-800x533.jpg 800w, https:\/\/royalfamily.org\/wp-content\/uploads\/2026\/04\/14-2-1200x800.jpg 1200w, https:\/\/royalfamily.org\/wp-content\/uploads\/2026\/04\/14-2.jpg 1350w\" sizes=\"(min-width: 2200px) 100vw, (min-width: 824px) 390px, (min-width: 732px) 585px, (min-width: 640px) 732px, \" \/><\/a><\/div><\/div><div class=\"clearfix\"><\/div><\/div><\/div><\/div><\/div><\/div><\/div><\/p>\n","protected":false},"excerpt":{"rendered":"","protected":false},"author":1001015,"featured_media":99068,"comment_status":"closed","ping_status":"closed","sticky":false,"template":"","format":"standard","meta":{"_acf_changed":false,"footnotes":""},"categories":[22],"tags":[],"class_list":["post-99071","post","type-post","status-publish","format-standard","has-post-thumbnail","hentry","category-vesti"],"acf":[],"yoast_head":"<!-- This site is optimized with the Yoast SEO Premium plugin v27.5 (Yoast SEO v27.5) - https:\/\/yoast.com\/product\/yoast-seo-premium-wordpress\/ -->\n<title>PRINCEZA KATARINA NASTAVLjA PODR\u0160KU STARIJIMA U VRANjU - The Royal Family of Serbia<\/title>\n<meta name=\"robots\" content=\"index, follow, max-snippet:-1, max-image-preview:large, max-video-preview:-1\" \/>\n<link rel=\"canonical\" href=\"https:\/\/royalfamily.org\/lat\/princeza-katarina-nastavlja-podrsku-starijima-u-vranju\/\" \/>\n<meta property=\"og:locale\" content=\"en_US\" \/>\n<meta property=\"og:type\" content=\"article\" \/>\n<meta property=\"og:title\" content=\"PRINCEZA KATARINA NASTAVLjA PODR\u0160KU STARIJIMA U VRANjU\" \/>\n<meta property=\"og:url\" content=\"https:\/\/royalfamily.org\/lat\/princeza-katarina-nastavlja-podrsku-starijima-u-vranju\/\" \/>\n<meta property=\"og:site_name\" content=\"The Royal Family of Serbia\" \/>\n<meta property=\"article:publisher\" content=\"https:\/\/www.facebook.com\/Prestolonaslednik.Aleksandar\" \/>\n<meta property=\"article:published_time\" content=\"2026-04-30T11:51:08+00:00\" \/>\n<meta property=\"og:image\" content=\"https:\/\/royalfamily.org\/wp-content\/uploads\/2026\/04\/cover-PA-copy-1.jpg\" \/>\n\t<meta property=\"og:image:width\" content=\"1566\" \/>\n\t<meta property=\"og:image:height\" content=\"768\" \/>\n\t<meta property=\"og:image:type\" content=\"image\/jpeg\" \/>\n<meta name=\"author\" content=\"Stefan Milanovic\" \/>\n<meta name=\"twitter:card\" content=\"summary_large_image\" \/>\n<meta name=\"twitter:label1\" content=\"Written by\" \/>\n\t<meta name=\"twitter:data1\" content=\"Stefan Milanovic\" \/>\n\t<meta name=\"twitter:label2\" content=\"Est. reading time\" \/>\n\t<meta name=\"twitter:data2\" content=\"5 minutes\" \/>\n<script type=\"application\/ld+json\" class=\"yoast-schema-graph\">{\"@context\":\"https:\\\/\\\/schema.org\",\"@graph\":[{\"@type\":\"Article\",\"@id\":\"https:\\\/\\\/royalfamily.org\\\/lat\\\/princeza-katarina-nastavlja-podrsku-starijima-u-vranju\\\/#article\",\"isPartOf\":{\"@id\":\"https:\\\/\\\/royalfamily.org\\\/lat\\\/princeza-katarina-nastavlja-podrsku-starijima-u-vranju\\\/\"},\"author\":{\"name\":\"Stefan Milanovic\",\"@id\":\"https:\\\/\\\/royalfamily.org\\\/#\\\/schema\\\/person\\\/4ad3296a6a8a35eed333b6a785e9f648\"},\"headline\":\"PRINCEZA KATARINA NASTAVLjA PODR\u0160KU STARIJIMA U VRANjU\",\"datePublished\":\"2026-04-30T11:51:08+00:00\",\"mainEntityOfPage\":{\"@id\":\"https:\\\/\\\/royalfamily.org\\\/lat\\\/princeza-katarina-nastavlja-podrsku-starijima-u-vranju\\\/\"},\"wordCount\":3117,\"publisher\":{\"@id\":\"https:\\\/\\\/royalfamily.org\\\/#organization\"},\"image\":{\"@id\":\"https:\\\/\\\/royalfamily.org\\\/lat\\\/princeza-katarina-nastavlja-podrsku-starijima-u-vranju\\\/#primaryimage\"},\"thumbnailUrl\":\"https:\\\/\\\/royalfamily.org\\\/wp-content\\\/uploads\\\/2026\\\/04\\\/cover-PA-copy-1.jpg\",\"articleSection\":[\"Vesti\"],\"inLanguage\":\"sr-LT\"},{\"@type\":\"WebPage\",\"@id\":\"https:\\\/\\\/royalfamily.org\\\/lat\\\/princeza-katarina-nastavlja-podrsku-starijima-u-vranju\\\/\",\"url\":\"https:\\\/\\\/royalfamily.org\\\/lat\\\/princeza-katarina-nastavlja-podrsku-starijima-u-vranju\\\/\",\"name\":\"PRINCEZA KATARINA NASTAVLjA PODR\u0160KU STARIJIMA U VRANjU - The Royal Family of Serbia\",\"isPartOf\":{\"@id\":\"https:\\\/\\\/royalfamily.org\\\/#website\"},\"primaryImageOfPage\":{\"@id\":\"https:\\\/\\\/royalfamily.org\\\/lat\\\/princeza-katarina-nastavlja-podrsku-starijima-u-vranju\\\/#primaryimage\"},\"image\":{\"@id\":\"https:\\\/\\\/royalfamily.org\\\/lat\\\/princeza-katarina-nastavlja-podrsku-starijima-u-vranju\\\/#primaryimage\"},\"thumbnailUrl\":\"https:\\\/\\\/royalfamily.org\\\/wp-content\\\/uploads\\\/2026\\\/04\\\/cover-PA-copy-1.jpg\",\"datePublished\":\"2026-04-30T11:51:08+00:00\",\"breadcrumb\":{\"@id\":\"https:\\\/\\\/royalfamily.org\\\/lat\\\/princeza-katarina-nastavlja-podrsku-starijima-u-vranju\\\/#breadcrumb\"},\"inLanguage\":\"sr-LT\",\"potentialAction\":[{\"@type\":\"ReadAction\",\"target\":[\"https:\\\/\\\/royalfamily.org\\\/lat\\\/princeza-katarina-nastavlja-podrsku-starijima-u-vranju\\\/\"]}]},{\"@type\":\"ImageObject\",\"inLanguage\":\"sr-LT\",\"@id\":\"https:\\\/\\\/royalfamily.org\\\/lat\\\/princeza-katarina-nastavlja-podrsku-starijima-u-vranju\\\/#primaryimage\",\"url\":\"https:\\\/\\\/royalfamily.org\\\/wp-content\\\/uploads\\\/2026\\\/04\\\/cover-PA-copy-1.jpg\",\"contentUrl\":\"https:\\\/\\\/royalfamily.org\\\/wp-content\\\/uploads\\\/2026\\\/04\\\/cover-PA-copy-1.jpg\",\"width\":1566,\"height\":768,\"caption\":\"CROWN PRINCESS KATHERINE\u2019S HUMANITARIAN EFFORTS BRING SUPPORT TO ELDERLY IN VRANJE\"},{\"@type\":\"BreadcrumbList\",\"@id\":\"https:\\\/\\\/royalfamily.org\\\/lat\\\/princeza-katarina-nastavlja-podrsku-starijima-u-vranju\\\/#breadcrumb\",\"itemListElement\":[{\"@type\":\"ListItem\",\"position\":1,\"name\":\"Home\",\"item\":\"https:\\\/\\\/royalfamily.org\\\/lat\\\/\"},{\"@type\":\"ListItem\",\"position\":2,\"name\":\"PRINCEZA KATARINA NASTAVLjA PODR\u0160KU STARIJIMA U VRANjU\"}]},{\"@type\":\"WebSite\",\"@id\":\"https:\\\/\\\/royalfamily.org\\\/#website\",\"url\":\"https:\\\/\\\/royalfamily.org\\\/\",\"name\":\"The Royal Family of Serbia\",\"description\":\"From the people, for the people\",\"publisher\":{\"@id\":\"https:\\\/\\\/royalfamily.org\\\/#organization\"},\"potentialAction\":[{\"@type\":\"SearchAction\",\"target\":{\"@type\":\"EntryPoint\",\"urlTemplate\":\"https:\\\/\\\/royalfamily.org\\\/?s={search_term_string}\"},\"query-input\":{\"@type\":\"PropertyValueSpecification\",\"valueRequired\":true,\"valueName\":\"search_term_string\"}}],\"inLanguage\":\"sr-LT\"},{\"@type\":\"Organization\",\"@id\":\"https:\\\/\\\/royalfamily.org\\\/#organization\",\"name\":\"Royal Family\",\"url\":\"https:\\\/\\\/royalfamily.org\\\/\",\"logo\":{\"@type\":\"ImageObject\",\"inLanguage\":\"sr-LT\",\"@id\":\"https:\\\/\\\/royalfamily.org\\\/#\\\/schema\\\/logo\\\/image\\\/\",\"url\":\"https:\\\/\\\/royalfamily.org\\\/wp-content\\\/uploads\\\/2019\\\/04\\\/logo-vector-02-V-latinica.png\",\"contentUrl\":\"https:\\\/\\\/royalfamily.org\\\/wp-content\\\/uploads\\\/2019\\\/04\\\/logo-vector-02-V-latinica.png\",\"width\":552,\"height\":99,\"caption\":\"Royal Family\"},\"image\":{\"@id\":\"https:\\\/\\\/royalfamily.org\\\/#\\\/schema\\\/logo\\\/image\\\/\"},\"sameAs\":[\"https:\\\/\\\/www.facebook.com\\\/Prestolonaslednik.Aleksandar\"]},{\"@type\":\"Person\",\"@id\":\"https:\\\/\\\/royalfamily.org\\\/#\\\/schema\\\/person\\\/4ad3296a6a8a35eed333b6a785e9f648\",\"name\":\"Stefan Milanovic\",\"image\":{\"@type\":\"ImageObject\",\"inLanguage\":\"sr-LT\",\"@id\":\"https:\\\/\\\/secure.gravatar.com\\\/avatar\\\/92dcbdcf3e32112a9ceb1e41665b1f44c69382d014cacfe12c701f6af7c40259?s=96&d=mm&r=g\",\"url\":\"https:\\\/\\\/secure.gravatar.com\\\/avatar\\\/92dcbdcf3e32112a9ceb1e41665b1f44c69382d014cacfe12c701f6af7c40259?s=96&d=mm&r=g\",\"contentUrl\":\"https:\\\/\\\/secure.gravatar.com\\\/avatar\\\/92dcbdcf3e32112a9ceb1e41665b1f44c69382d014cacfe12c701f6af7c40259?s=96&d=mm&r=g\",\"caption\":\"Stefan Milanovic\"}}]}<\/script>\n<!-- \/ Yoast SEO Premium plugin. -->","yoast_head_json":{"title":"PRINCEZA KATARINA NASTAVLjA PODR\u0160KU STARIJIMA U VRANjU - The Royal Family of Serbia","robots":{"index":"index","follow":"follow","max-snippet":"max-snippet:-1","max-image-preview":"max-image-preview:large","max-video-preview":"max-video-preview:-1"},"canonical":"https:\/\/royalfamily.org\/lat\/princeza-katarina-nastavlja-podrsku-starijima-u-vranju\/","og_locale":"en_US","og_type":"article","og_title":"PRINCEZA KATARINA NASTAVLjA PODR\u0160KU STARIJIMA U VRANjU","og_url":"https:\/\/royalfamily.org\/lat\/princeza-katarina-nastavlja-podrsku-starijima-u-vranju\/","og_site_name":"The Royal Family of Serbia","article_publisher":"https:\/\/www.facebook.com\/Prestolonaslednik.Aleksandar","article_published_time":"2026-04-30T11:51:08+00:00","og_image":[{"width":1566,"height":768,"url":"https:\/\/royalfamily.org\/wp-content\/uploads\/2026\/04\/cover-PA-copy-1.jpg","type":"image\/jpeg"}],"author":"Stefan Milanovic","twitter_card":"summary_large_image","twitter_misc":{"Written by":"Stefan Milanovic","Est. reading time":"5 minutes"},"schema":{"@context":"https:\/\/schema.org","@graph":[{"@type":"Article","@id":"https:\/\/royalfamily.org\/lat\/princeza-katarina-nastavlja-podrsku-starijima-u-vranju\/#article","isPartOf":{"@id":"https:\/\/royalfamily.org\/lat\/princeza-katarina-nastavlja-podrsku-starijima-u-vranju\/"},"author":{"name":"Stefan Milanovic","@id":"https:\/\/royalfamily.org\/#\/schema\/person\/4ad3296a6a8a35eed333b6a785e9f648"},"headline":"PRINCEZA KATARINA NASTAVLjA PODR\u0160KU STARIJIMA U VRANjU","datePublished":"2026-04-30T11:51:08+00:00","mainEntityOfPage":{"@id":"https:\/\/royalfamily.org\/lat\/princeza-katarina-nastavlja-podrsku-starijima-u-vranju\/"},"wordCount":3117,"publisher":{"@id":"https:\/\/royalfamily.org\/#organization"},"image":{"@id":"https:\/\/royalfamily.org\/lat\/princeza-katarina-nastavlja-podrsku-starijima-u-vranju\/#primaryimage"},"thumbnailUrl":"https:\/\/royalfamily.org\/wp-content\/uploads\/2026\/04\/cover-PA-copy-1.jpg","articleSection":["Vesti"],"inLanguage":"sr-LT"},{"@type":"WebPage","@id":"https:\/\/royalfamily.org\/lat\/princeza-katarina-nastavlja-podrsku-starijima-u-vranju\/","url":"https:\/\/royalfamily.org\/lat\/princeza-katarina-nastavlja-podrsku-starijima-u-vranju\/","name":"PRINCEZA KATARINA NASTAVLjA PODR\u0160KU STARIJIMA U VRANjU - The Royal Family of Serbia","isPartOf":{"@id":"https:\/\/royalfamily.org\/#website"},"primaryImageOfPage":{"@id":"https:\/\/royalfamily.org\/lat\/princeza-katarina-nastavlja-podrsku-starijima-u-vranju\/#primaryimage"},"image":{"@id":"https:\/\/royalfamily.org\/lat\/princeza-katarina-nastavlja-podrsku-starijima-u-vranju\/#primaryimage"},"thumbnailUrl":"https:\/\/royalfamily.org\/wp-content\/uploads\/2026\/04\/cover-PA-copy-1.jpg","datePublished":"2026-04-30T11:51:08+00:00","breadcrumb":{"@id":"https:\/\/royalfamily.org\/lat\/princeza-katarina-nastavlja-podrsku-starijima-u-vranju\/#breadcrumb"},"inLanguage":"sr-LT","potentialAction":[{"@type":"ReadAction","target":["https:\/\/royalfamily.org\/lat\/princeza-katarina-nastavlja-podrsku-starijima-u-vranju\/"]}]},{"@type":"ImageObject","inLanguage":"sr-LT","@id":"https:\/\/royalfamily.org\/lat\/princeza-katarina-nastavlja-podrsku-starijima-u-vranju\/#primaryimage","url":"https:\/\/royalfamily.org\/wp-content\/uploads\/2026\/04\/cover-PA-copy-1.jpg","contentUrl":"https:\/\/royalfamily.org\/wp-content\/uploads\/2026\/04\/cover-PA-copy-1.jpg","width":1566,"height":768,"caption":"CROWN PRINCESS KATHERINE\u2019S HUMANITARIAN EFFORTS BRING SUPPORT TO ELDERLY IN VRANJE"},{"@type":"BreadcrumbList","@id":"https:\/\/royalfamily.org\/lat\/princeza-katarina-nastavlja-podrsku-starijima-u-vranju\/#breadcrumb","itemListElement":[{"@type":"ListItem","position":1,"name":"Home","item":"https:\/\/royalfamily.org\/lat\/"},{"@type":"ListItem","position":2,"name":"PRINCEZA KATARINA NASTAVLjA PODR\u0160KU STARIJIMA U VRANjU"}]},{"@type":"WebSite","@id":"https:\/\/royalfamily.org\/#website","url":"https:\/\/royalfamily.org\/","name":"The Royal Family of Serbia","description":"From the people, for the people","publisher":{"@id":"https:\/\/royalfamily.org\/#organization"},"potentialAction":[{"@type":"SearchAction","target":{"@type":"EntryPoint","urlTemplate":"https:\/\/royalfamily.org\/?s={search_term_string}"},"query-input":{"@type":"PropertyValueSpecification","valueRequired":true,"valueName":"search_term_string"}}],"inLanguage":"sr-LT"},{"@type":"Organization","@id":"https:\/\/royalfamily.org\/#organization","name":"Royal Family","url":"https:\/\/royalfamily.org\/","logo":{"@type":"ImageObject","inLanguage":"sr-LT","@id":"https:\/\/royalfamily.org\/#\/schema\/logo\/image\/","url":"https:\/\/royalfamily.org\/wp-content\/uploads\/2019\/04\/logo-vector-02-V-latinica.png","contentUrl":"https:\/\/royalfamily.org\/wp-content\/uploads\/2019\/04\/logo-vector-02-V-latinica.png","width":552,"height":99,"caption":"Royal Family"},"image":{"@id":"https:\/\/royalfamily.org\/#\/schema\/logo\/image\/"},"sameAs":["https:\/\/www.facebook.com\/Prestolonaslednik.Aleksandar"]},{"@type":"Person","@id":"https:\/\/royalfamily.org\/#\/schema\/person\/4ad3296a6a8a35eed333b6a785e9f648","name":"Stefan Milanovic","image":{"@type":"ImageObject","inLanguage":"sr-LT","@id":"https:\/\/secure.gravatar.com\/avatar\/92dcbdcf3e32112a9ceb1e41665b1f44c69382d014cacfe12c701f6af7c40259?s=96&d=mm&r=g","url":"https:\/\/secure.gravatar.com\/avatar\/92dcbdcf3e32112a9ceb1e41665b1f44c69382d014cacfe12c701f6af7c40259?s=96&d=mm&r=g","contentUrl":"https:\/\/secure.gravatar.com\/avatar\/92dcbdcf3e32112a9ceb1e41665b1f44c69382d014cacfe12c701f6af7c40259?s=96&d=mm&r=g","caption":"Stefan Milanovic"}}]}},"_links":{"self":[{"href":"https:\/\/royalfamily.org\/lat\/wp-json\/wp\/v2\/posts\/99071","targetHints":{"allow":["GET"]}}],"collection":[{"href":"https:\/\/royalfamily.org\/lat\/wp-json\/wp\/v2\/posts"}],"about":[{"href":"https:\/\/royalfamily.org\/lat\/wp-json\/wp\/v2\/types\/post"}],"author":[{"embeddable":true,"href":"https:\/\/royalfamily.org\/lat\/wp-json\/wp\/v2\/users\/1001015"}],"replies":[{"embeddable":true,"href":"https:\/\/royalfamily.org\/lat\/wp-json\/wp\/v2\/comments?post=99071"}],"version-history":[{"count":1,"href":"https:\/\/royalfamily.org\/lat\/wp-json\/wp\/v2\/posts\/99071\/revisions"}],"predecessor-version":[{"id":99072,"href":"https:\/\/royalfamily.org\/lat\/wp-json\/wp\/v2\/posts\/99071\/revisions\/99072"}],"wp:featuredmedia":[{"embeddable":true,"href":"https:\/\/royalfamily.org\/lat\/wp-json\/wp\/v2\/media\/99068"}],"wp:attachment":[{"href":"https:\/\/royalfamily.org\/lat\/wp-json\/wp\/v2\/media?parent=99071"}],"wp:term":[{"taxonomy":"category","embeddable":true,"href":"https:\/\/royalfamily.org\/lat\/wp-json\/wp\/v2\/categories?post=99071"},{"taxonomy":"post_tag","embeddable":true,"href":"https:\/\/royalfamily.org\/lat\/wp-json\/wp\/v2\/tags?post=99071"}],"curies":[{"name":"wp","href":"https:\/\/api.w.org\/{rel}","templated":true}]}}