{"id":99172,"date":"2026-05-01T15:06:01","date_gmt":"2026-05-01T13:06:01","guid":{"rendered":"https:\/\/royalfamily.org\/?p=99172"},"modified":"2026-05-01T15:06:01","modified_gmt":"2026-05-01T13:06:01","slug":"kraljevska-porodica-srbije-na-proslavi-80-rodendana-kralja-svedske","status":"publish","type":"post","link":"https:\/\/royalfamily.org\/lat\/kraljevska-porodica-srbije-na-proslavi-80-rodendana-kralja-svedske\/","title":{"rendered":"KRALJEVSKA PORODICA SRBIJE NA PROSLAVI 80. RO\u0110ENDANA KRALJA \u0160VEDSKE"},"content":{"rendered":"<p><div class=\"fusion-fullwidth fullwidth-box fusion-builder-row-1 fusion-flex-container has-pattern-background has-mask-background nonhundred-percent-fullwidth non-hundred-percent-height-scrolling\" style=\"--awb-border-radius-top-left:0px;--awb-border-radius-top-right:0px;--awb-border-radius-bottom-right:0px;--awb-border-radius-bottom-left:0px;--awb-flex-wrap:wrap;\" ><div class=\"fusion-builder-row fusion-row fusion-flex-align-items-flex-start fusion-flex-content-wrap\" style=\"max-width:1227.2px;margin-left: calc(-4% \/ 2 );margin-right: calc(-4% \/ 2 );\"><div class=\"fusion-layout-column fusion_builder_column fusion-builder-column-0 fusion_builder_column_1_1 1_1 fusion-flex-column\" style=\"--awb-bg-size:cover;--awb-width-large:100%;--awb-margin-top-large:0px;--awb-spacing-right-large:1.92%;--awb-margin-bottom-large:20px;--awb-spacing-left-large:1.92%;--awb-width-medium:100%;--awb-order-medium:0;--awb-spacing-right-medium:1.92%;--awb-spacing-left-medium:1.92%;--awb-width-small:100%;--awb-order-small:0;--awb-spacing-right-small:1.92%;--awb-spacing-left-small:1.92%;\"><div class=\"fusion-column-wrapper fusion-column-has-shadow fusion-flex-justify-content-flex-start fusion-content-layout-column\"><div class=\"fusion-text fusion-text-1\"><p><span data-contrast=\"none\">Nj.K.V. Prestolonaslednik Aleksandar, Nj.K.V. Princeza Katarina, Nj.K.V. Princ Naslednik Filip i Nj.K.V. Princeza Danica prisustvovali su zvani\u010dnoj proslavi 80. ro\u0111endana Nj.V. Kralja Karla XVI Gustava od \u0160vedske, odr\u017eanoj u Stokholmu od 29. aprila do 1. maja 2026. godine.<\/span><span data-ccp-props=\"\">\u00a0<\/span><\/p>\n<p><span data-contrast=\"none\">Njihova Kraljevska Viso\u010danstva pridru\u017eila su se brojnim \u010dlanovima evropskih Kraljevskih porodica i uva\u017eenim gostima u \u010dast ovog zna\u010dajnog jubileja, jo\u0161 jednom potvr\u0111uju\u0107i rodbinske i veze dugogodi\u0161njeg prijateljstva izme\u0111u Kraljevskih ku\u0107a Srbije i \u0160vedske. Kako je doga\u0111aj obele\u017een susretima sa brojnim \u0161efovima dr\u017eava i drugim va\u017enim gostima, Kraljevska porodica Srbije je kao i uvek iskoristila i ovu priliku da promovi\u0161e na\u0161u zemlju i narod,\u00a0\u00a0\u00a0<\/span><span data-ccp-props=\"\">\u00a0<\/span><\/p>\n<p><span data-contrast=\"none\">Nj.K.V. Prestolonaslednik Aleksandar je ovim povodom poru\u010dio: \u201eMoja porodica i ja smo duboko zahvalni Kralju Karlu XVI Gustavu i Kraljici Silviji na njihovom velikom gostoprimstvu, prijateljstvu i ljubaznosti. Po\u010dastvovani smo \u0161to smo zajedno sa njima bili deo ovog va\u017enog i radosnog jubileja na\u0161eg dragog ro\u0111aka, Njegovog Veli\u010danstva Kralja \u0160vedske.<\/span><span data-ccp-props=\"\">\u00a0<\/span><\/p>\n<p><span data-contrast=\"none\">Ovakve prilike slu\u017ee kao sna\u017ean podsetnik na trajne veze izme\u0111u na\u0161ih porodica i naroda. Upu\u0107ujemo na\u0161e srda\u010dne \u010destitke i \u017eelje Njegovom Veli\u010danstvu za nastavak istrajnosti i snage, prosperiteta i kontinuirane posve\u0107enosti u slu\u017ebi narodu \u0160vedske. Kralj Karl XVI Gustav je pravi simbol monarha u ustavnoj parlamentarnoj monarhiji, onog koji uvek radi za dobrobit svog naroda i zemlje, uvek sna\u017eno posve\u0107en svojoj du\u017enosti.\"<\/span><span data-ccp-props=\"\">\u00a0<\/span><\/p>\n<p><span data-contrast=\"none\">Program proslave po\u010deo je 29. aprila neformalnom ve\u010derom u Kraljevskom dvoru. Centralni i najsve\u010daniji deo ceremonije odr\u017ean je u \u010detvrtak, 30. aprila, a zapo\u010deo je\u00a0 dolaskom gostiju u Kraljevsku palatu i slu\u017ebom \u201eTe Deum\" odr\u017eane u Kraljevskoj kapeli. Nakon toga usledila je ceremonijalna smena garde u spoljnom dvori\u0161tu kao i splet pesama u \u010dast Njegovog Veli\u010danstva, koji su izveli horovi iz cele \u0160vedske.<\/span><span data-ccp-props=\"\">\u00a0<\/span><\/p>\n<p><span data-contrast=\"none\">Zvani\u010dna proslava je nastavljena ru\u010dkom koji je organizovalo Gradsko ve\u0107e Stokholma u Gradskoj ku\u0107i, da bi se potom gosti vratili u Kraljevski dvor na ve\u010dernji program. Vrhunac dana bila je sve\u010dana ve\u010dera odr\u017eana u Dr\u017eavnoj sali, kojoj je prethodilo zvani\u010dno fotografisanje sa \u0161vedskom Kraljevskom porodicom. Proslava je zavr\u0161ena nastupom muzi\u010dkog korpusa \u0161vedskih oru\u017eanih snaga u unutra\u0161njem dvori\u0161tu palate.<\/span><span data-ccp-props=\"\">\u00a0<\/span><\/p>\n<p><span data-contrast=\"none\">Nj.K.V. Princ Naslednik Filip je poru\u010dio: \u201eBila je velika \u010dast da prisustvujemo centralnom delu proslave 80. ro\u0111endana Njegovog Veli\u010danstva kralja Karla XVI Gustafa. Posebnu li\u010dnu radost i toplinu ovom danu daje mi \u010dinjenica da je Njeno Kraljevsko Viso\u010danstvo Prestolonaslednica Viktorija, \u0107erka \u0161vedskog kralja, ven\u010dana kuma moje supruge Danice i mene.<\/span><span data-ccp-props=\"\">\u00a0<\/span><\/p>\n<p><span data-contrast=\"none\">U\u010de\u0161\u0107e na\u0161e porodice na ovoj proslavi za mene ima i dublje zna\u010denje \u2013 ono podse\u0107a na sna\u017ene istorijske, porodi\u010dne i kulturne veze koje povezuju Srbiju i \u0160vedsku, kao i na na\u0161u odgovornost da te veze \u010duvamo i dalje razvijamo.\"<\/span><span data-ccp-props=\"\">\u00a0<\/span><\/p>\n<p><span data-contrast=\"none\">Poslednjeg dana sve\u010danosti, 1. maja, Njihova Kraljevska Viso\u010danstva \u0107e prisustvovati privatnom ru\u010dku koji \u0107e Njihova Veli\u010danstva organizovala u Ulriksdals Verdshusu, \u0161to je i poslednje de\u0161avanje u okviru ovog doga\u0111aja.<\/span><span data-ccp-props=\"\">\u00a0<\/span><\/p>\n<p><span data-contrast=\"none\">U\u010de\u0161\u0107e Kraljevske porodice Srbije u ovoj proslavi jo\u0161 jednom isti\u010de bliske istorijske, porodi\u010dne i kulturne veze izme\u0111u Srbije i \u0160vedske, kao i va\u017enost odr\u017eavanja i ja\u010danja ovih odnosa za budu\u0107e generacije.<\/span><span data-ccp-props=\"\">\u00a0<\/span><\/p>\n<p><span data-contrast=\"none\">Kako je Nj.V. Kralj Karl XVI Gustav povodom 80. ro\u0111endana osnovao svoju Fondaciju za podr\u0161ku izvi\u0111a\u010dkom pokretu u \u0160vedskoj, Kraljevska porodica Srbije je donela i poseban i simboli\u010dan poklon u znak podr\u0161ke Kraljevim naporima i cilju koji je zapo\u010deo. Fotografija Nj.V. Kralja Petra II u izvi\u0111a\u010dkoj uniformi iz vremena Kraljevine Jugoslavije, pra\u0107ena li\u010dnim pismom Nj.K.V. Prestolonaslednika Aleksandra, u kojem se pohvaljuju i isti\u010du plemeniti ideali i ciljevi izvi\u0111a\u010dkog pokreta, uru\u010deni su ovom prilikom, simboli\u010dno predstavljaju\u0107i jo\u0161 jedan most prijateljstva, koji povezuje ne samo izvi\u0111a\u010de \u0160vedske i Srbije, ve\u0107 i na\u0161e dve prijateljske nacije.<\/span><span data-ccp-props=\"\">\u00a0<\/span><\/p>\n<p><span data-contrast=\"none\">Zajedno sa Kraljevskom porodicom Srbije, prisutne su bile i Kraljevske porodice iz Evrope i sveta: Kraljevska porodica \u0160vedske uklju\u010duju\u0107i Nj.K.V. Prestolonaslednicu Viktoriju i njenog supruga Nj.K.V. Princa Danijela, Nj.K.V. Princezu Estel i Nj.K.V. Princa Oskara, Nj.K.V. Princa Karla Filipa i Nj.K.V. Princezu Sofiju, Nj.K.V. Princezu Madlen i g. Kristofera O'Nila i Nj.K.V. Princezu Kristinu i njenog supruga g. Torda Magnusona. Prisutni su bili i Nj.V. Kralj Frederik X, Nj.V. Kraljica Meri, Nj.V. Kraljica Margareta II i Nj.K.V. Princeza Benedikta od Danske, Nj.V. Kralj Harald V, Nj.V. Kraljica Sonja i Nj.K.V. Prestolonaslednik Hakon od Norve\u0161ke, Nj.V. Kralj Filip i Nj.V. Kraljica Matilda od Belgije, Nj.V. Kraljica Sofija od \u0160panije, Nj.K.V Princeza Beatriks od Holandije, Nj.K.V. Veliki vojvoda Gijom, Nj.K.V. Velika vojvotkinja Stefani i Nj.K.V. Veliki vojvoda Anri od Luksemburga, Nj.K.V. Princeza Naslednica Sofija i Nj.K.V. Princ Josif Venzel od Lihten\u0161tajna, Nj.V. Kralj Maham Vad\u017eiralongkorn i Nj.V. Kraljica Sutida od Tajlanda, Nj.V. \u010cuvarka Krune Rumunije Margareta i Nj.K.V. Princ Radu i mnogi drugi \u010dlanovi kraljevskih porodica, kao i Nj.E. predsednica Islanda g\u0111a Hala Tomasdotir i njen suprug g. Bjorn Skulason i Nj.E. predsednik Finske, g. Aleksandar Stub i g\u0111a Suzan Elizabet Ines-Stub.<\/span><span data-ccp-props=\"\">\u00a0<\/span><\/p>\n<p><span data-contrast=\"none\">Njihova Kraljevska Viso\u010danstva izrazila su iskrenu zahvalnost Ambasadi Srbije u Kraljevini \u0160vedskoj na izvanrednoj pomo\u0107i i podr\u0161ci tokom posete, \u0161to je u velikoj meri doprinelo uspehu ove va\u017ene posete.<\/span><span data-ccp-props=\"\">\u00a0<\/span><\/p>\n<\/div><\/div><\/div><\/div><\/div><div class=\"fusion-fullwidth fullwidth-box fusion-builder-row-2 fusion-flex-container has-pattern-background has-mask-background nonhundred-percent-fullwidth non-hundred-percent-height-scrolling\" style=\"--awb-border-radius-top-left:0px;--awb-border-radius-top-right:0px;--awb-border-radius-bottom-right:0px;--awb-border-radius-bottom-left:0px;--awb-flex-wrap:wrap;\" ><div class=\"fusion-builder-row fusion-row fusion-flex-align-items-flex-start fusion-flex-content-wrap\" style=\"max-width:1227.2px;margin-left: calc(-4% \/ 2 );margin-right: calc(-4% \/ 2 );\"><div class=\"fusion-layout-column fusion_builder_column fusion-builder-column-1 fusion_builder_column_1_1 1_1 fusion-flex-column\" style=\"--awb-bg-size:cover;--awb-width-large:100%;--awb-margin-top-large:0px;--awb-spacing-right-large:1.92%;--awb-margin-bottom-large:20px;--awb-spacing-left-large:1.92%;--awb-width-medium:100%;--awb-order-medium:0;--awb-spacing-right-medium:1.92%;--awb-spacing-left-medium:1.92%;--awb-width-small:100%;--awb-order-small:0;--awb-spacing-right-small:1.92%;--awb-spacing-left-small:1.92%;\"><div class=\"fusion-column-wrapper fusion-column-has-shadow fusion-flex-justify-content-flex-start fusion-content-layout-column\"><div class=\"awb-gallery-wrapper awb-gallery-wrapper-1 button-span-no\" style=\"--more-btn-alignment:center;\" data-limit=\"20\" data-page=\"1\"><div style=\"margin:-5px;--awb-bordersize:0px;\" class=\"fusion-gallery fusion-gallery-container fusion-grid-3 fusion-columns-total-30 fusion-gallery-layout-grid fusion-gallery-1\"><div style=\"padding:5px;\" class=\"fusion-grid-column fusion-gallery-column fusion-gallery-column-3 hover-type-none\"><div class=\"fusion-gallery-image\"><a href=\"https:\/\/royalfamily.org\/wp-content\/uploads\/2026\/05\/0-Linda-Brostrom-Royal-Court-of-Sweden.jpg\" data-caption=\"Kraljevska porodica Srbije na 80. ro\u0111endanu Kralja \u0160vedske, foto: Linda Brostr\u00f6m, Kraljevski dvor \u0160vedske \" rel=\"noreferrer\" data-rel=\"iLightbox[gallery_image_1]\" class=\"fusion-lightbox\" target=\"_self\"><img decoding=\"async\" src=\"https:\/\/royalfamily.org\/wp-content\/uploads\/2026\/05\/0-Linda-Brostrom-Royal-Court-of-Sweden.jpg\" width=\"2125\" height=\"1417\" alt=\"\" title=\"0 Linda Brostr\u00f6m, Royal Court of Sweden\" aria-label=\"0 Linda Brostr\u00f6m, Royal Court of Sweden\" class=\"img-responsive wp-image-99077\" srcset=\"https:\/\/royalfamily.org\/wp-content\/uploads\/2026\/05\/0-Linda-Brostrom-Royal-Court-of-Sweden-200x133.jpg 200w, https:\/\/royalfamily.org\/wp-content\/uploads\/2026\/05\/0-Linda-Brostrom-Royal-Court-of-Sweden-400x267.jpg 400w, https:\/\/royalfamily.org\/wp-content\/uploads\/2026\/05\/0-Linda-Brostrom-Royal-Court-of-Sweden-600x400.jpg 600w, https:\/\/royalfamily.org\/wp-content\/uploads\/2026\/05\/0-Linda-Brostrom-Royal-Court-of-Sweden-800x533.jpg 800w, https:\/\/royalfamily.org\/wp-content\/uploads\/2026\/05\/0-Linda-Brostrom-Royal-Court-of-Sweden-1200x800.jpg 1200w, https:\/\/royalfamily.org\/wp-content\/uploads\/2026\/05\/0-Linda-Brostrom-Royal-Court-of-Sweden.jpg 2125w\" sizes=\"(min-width: 2200px) 100vw, (min-width: 824px) 390px, (min-width: 732px) 585px, (min-width: 640px) 732px, \" \/><\/a><\/div><\/div><div style=\"padding:5px;\" class=\"fusion-grid-column fusion-gallery-column fusion-gallery-column-3 hover-type-none\"><div class=\"fusion-gallery-image\"><a href=\"https:\/\/royalfamily.org\/wp-content\/uploads\/2026\/05\/1-183202_D7406170-Clement-Morin-Royal-Court-of-Sweden.jpg\" data-caption=\"Kraljevska porodica Srbije na 80. ro\u0111endanu Kralja \u0160vedske, foto: Cl\u00e9ment Morin, Kraljevski dvor \u0160vedske \" rel=\"noreferrer\" data-rel=\"iLightbox[gallery_image_1]\" class=\"fusion-lightbox\" target=\"_self\"><img decoding=\"async\" src=\"https:\/\/royalfamily.org\/wp-content\/uploads\/2026\/05\/1-183202_D7406170-Clement-Morin-Royal-Court-of-Sweden.jpg\" width=\"1181\" height=\"1772\" alt=\"\" title=\"Photographer\" aria-label=\"Photographer\" class=\"img-responsive wp-image-99080\" srcset=\"https:\/\/royalfamily.org\/wp-content\/uploads\/2026\/05\/1-183202_D7406170-Clement-Morin-Royal-Court-of-Sweden-200x300.jpg 200w, https:\/\/royalfamily.org\/wp-content\/uploads\/2026\/05\/1-183202_D7406170-Clement-Morin-Royal-Court-of-Sweden-400x600.jpg 400w, https:\/\/royalfamily.org\/wp-content\/uploads\/2026\/05\/1-183202_D7406170-Clement-Morin-Royal-Court-of-Sweden-600x900.jpg 600w, https:\/\/royalfamily.org\/wp-content\/uploads\/2026\/05\/1-183202_D7406170-Clement-Morin-Royal-Court-of-Sweden-800x1200.jpg 800w, https:\/\/royalfamily.org\/wp-content\/uploads\/2026\/05\/1-183202_D7406170-Clement-Morin-Royal-Court-of-Sweden.jpg 1181w\" sizes=\"(min-width: 2200px) 100vw, (min-width: 824px) 390px, (min-width: 732px) 585px, (min-width: 640px) 732px, \" \/><\/a><\/div><\/div><div style=\"padding:5px;\" class=\"fusion-grid-column fusion-gallery-column fusion-gallery-column-3 hover-type-none\"><div class=\"fusion-gallery-image\"><a href=\"https:\/\/royalfamily.org\/wp-content\/uploads\/2026\/05\/2-182745_D7406146-Clement-Morin-Royal-Court-of-Sweden.jpg\" data-caption=\"Kraljevska porodica Srbije na 80. ro\u0111endanu Kralja \u0160vedske, foto: Cl\u00e9ment Morin, Kraljevski dvor \u0160vedske \" rel=\"noreferrer\" data-rel=\"iLightbox[gallery_image_1]\" class=\"fusion-lightbox\" target=\"_self\"><img decoding=\"async\" src=\"https:\/\/royalfamily.org\/wp-content\/uploads\/2026\/05\/2-182745_D7406146-Clement-Morin-Royal-Court-of-Sweden.jpg\" width=\"1181\" height=\"1772\" alt=\"\" title=\"Photographer\" aria-label=\"Photographer\" class=\"img-responsive wp-image-99083\" srcset=\"https:\/\/royalfamily.org\/wp-content\/uploads\/2026\/05\/2-182745_D7406146-Clement-Morin-Royal-Court-of-Sweden-200x300.jpg 200w, https:\/\/royalfamily.org\/wp-content\/uploads\/2026\/05\/2-182745_D7406146-Clement-Morin-Royal-Court-of-Sweden-400x600.jpg 400w, https:\/\/royalfamily.org\/wp-content\/uploads\/2026\/05\/2-182745_D7406146-Clement-Morin-Royal-Court-of-Sweden-600x900.jpg 600w, https:\/\/royalfamily.org\/wp-content\/uploads\/2026\/05\/2-182745_D7406146-Clement-Morin-Royal-Court-of-Sweden-800x1200.jpg 800w, https:\/\/royalfamily.org\/wp-content\/uploads\/2026\/05\/2-182745_D7406146-Clement-Morin-Royal-Court-of-Sweden.jpg 1181w\" sizes=\"(min-width: 2200px) 100vw, (min-width: 824px) 390px, (min-width: 732px) 585px, (min-width: 640px) 732px, \" \/><\/a><\/div><\/div><div class=\"clearfix\"><\/div><div style=\"padding:5px;\" class=\"fusion-grid-column fusion-gallery-column fusion-gallery-column-3 hover-type-none\"><div class=\"fusion-gallery-image\"><a href=\"https:\/\/royalfamily.org\/wp-content\/uploads\/2026\/05\/3-Screenshot-TV-Sweden-10-copy.jpg\" data-caption=\"Kraljevska porodica Srbije na 80. ro\u0111endanu Kralja \u0160vedske, foto: Snimak ekrana \u0160vedske televizije \" rel=\"noreferrer\" data-rel=\"iLightbox[gallery_image_1]\" class=\"fusion-lightbox\" target=\"_self\"><img decoding=\"async\" src=\"https:\/\/royalfamily.org\/wp-content\/uploads\/2026\/05\/3-Screenshot-TV-Sweden-10-copy.jpg\" width=\"1920\" height=\"1080\" alt=\"\" title=\"3 Screenshot TV Sweden (10) copy\" aria-label=\"3 Screenshot TV Sweden (10) copy\" class=\"img-responsive wp-image-99086\" srcset=\"https:\/\/royalfamily.org\/wp-content\/uploads\/2026\/05\/3-Screenshot-TV-Sweden-10-copy-200x113.jpg 200w, https:\/\/royalfamily.org\/wp-content\/uploads\/2026\/05\/3-Screenshot-TV-Sweden-10-copy-400x225.jpg 400w, https:\/\/royalfamily.org\/wp-content\/uploads\/2026\/05\/3-Screenshot-TV-Sweden-10-copy-600x338.jpg 600w, https:\/\/royalfamily.org\/wp-content\/uploads\/2026\/05\/3-Screenshot-TV-Sweden-10-copy-800x450.jpg 800w, https:\/\/royalfamily.org\/wp-content\/uploads\/2026\/05\/3-Screenshot-TV-Sweden-10-copy-1200x675.jpg 1200w, https:\/\/royalfamily.org\/wp-content\/uploads\/2026\/05\/3-Screenshot-TV-Sweden-10-copy.jpg 1920w\" sizes=\"(min-width: 2200px) 100vw, (min-width: 824px) 390px, (min-width: 732px) 585px, (min-width: 640px) 732px, \" \/><\/a><\/div><\/div><div style=\"padding:5px;\" class=\"fusion-grid-column fusion-gallery-column fusion-gallery-column-3 hover-type-none\"><div class=\"fusion-gallery-image\"><a href=\"https:\/\/royalfamily.org\/wp-content\/uploads\/2026\/05\/4-Screenshot-TV-Sweden-16-copy.jpg\" data-caption=\"Kraljevska porodica Srbije na 80. ro\u0111endanu Kralja \u0160vedske, foto: Snimak ekrana \u0160vedske televizije \" rel=\"noreferrer\" data-rel=\"iLightbox[gallery_image_1]\" class=\"fusion-lightbox\" target=\"_self\"><img decoding=\"async\" src=\"https:\/\/royalfamily.org\/wp-content\/uploads\/2026\/05\/4-Screenshot-TV-Sweden-16-copy.jpg\" width=\"1920\" height=\"1080\" alt=\"\" title=\"4 Screenshot TV Sweden (16) copy\" aria-label=\"4 Screenshot TV Sweden (16) copy\" class=\"img-responsive wp-image-99089\" srcset=\"https:\/\/royalfamily.org\/wp-content\/uploads\/2026\/05\/4-Screenshot-TV-Sweden-16-copy-200x113.jpg 200w, https:\/\/royalfamily.org\/wp-content\/uploads\/2026\/05\/4-Screenshot-TV-Sweden-16-copy-400x225.jpg 400w, https:\/\/royalfamily.org\/wp-content\/uploads\/2026\/05\/4-Screenshot-TV-Sweden-16-copy-600x338.jpg 600w, https:\/\/royalfamily.org\/wp-content\/uploads\/2026\/05\/4-Screenshot-TV-Sweden-16-copy-800x450.jpg 800w, https:\/\/royalfamily.org\/wp-content\/uploads\/2026\/05\/4-Screenshot-TV-Sweden-16-copy-1200x675.jpg 1200w, https:\/\/royalfamily.org\/wp-content\/uploads\/2026\/05\/4-Screenshot-TV-Sweden-16-copy.jpg 1920w\" sizes=\"(min-width: 2200px) 100vw, (min-width: 824px) 390px, (min-width: 732px) 585px, (min-width: 640px) 732px, \" \/><\/a><\/div><\/div><div style=\"padding:5px;\" class=\"fusion-grid-column fusion-gallery-column fusion-gallery-column-3 hover-type-none\"><div class=\"fusion-gallery-image\"><a href=\"https:\/\/royalfamily.org\/wp-content\/uploads\/2026\/05\/5-Screenshot-TV-Sweden-30-copy.jpg\" data-caption=\"Kraljevska porodica Srbije na 80. ro\u0111endanu Kralja \u0160vedske, foto: Snimak ekrana \u0160vedske televizije \" rel=\"noreferrer\" data-rel=\"iLightbox[gallery_image_1]\" class=\"fusion-lightbox\" target=\"_self\"><img decoding=\"async\" src=\"https:\/\/royalfamily.org\/wp-content\/uploads\/2026\/05\/5-Screenshot-TV-Sweden-30-copy.jpg\" width=\"1920\" height=\"1080\" alt=\"\" title=\"5 Screenshot TV Sweden (30) copy\" aria-label=\"5 Screenshot TV Sweden (30) copy\" class=\"img-responsive wp-image-99092\" srcset=\"https:\/\/royalfamily.org\/wp-content\/uploads\/2026\/05\/5-Screenshot-TV-Sweden-30-copy-200x113.jpg 200w, https:\/\/royalfamily.org\/wp-content\/uploads\/2026\/05\/5-Screenshot-TV-Sweden-30-copy-400x225.jpg 400w, https:\/\/royalfamily.org\/wp-content\/uploads\/2026\/05\/5-Screenshot-TV-Sweden-30-copy-600x338.jpg 600w, https:\/\/royalfamily.org\/wp-content\/uploads\/2026\/05\/5-Screenshot-TV-Sweden-30-copy-800x450.jpg 800w, https:\/\/royalfamily.org\/wp-content\/uploads\/2026\/05\/5-Screenshot-TV-Sweden-30-copy-1200x675.jpg 1200w, https:\/\/royalfamily.org\/wp-content\/uploads\/2026\/05\/5-Screenshot-TV-Sweden-30-copy.jpg 1920w\" sizes=\"(min-width: 2200px) 100vw, (min-width: 824px) 390px, (min-width: 732px) 585px, (min-width: 640px) 732px, \" \/><\/a><\/div><\/div><div class=\"clearfix\"><\/div><div style=\"padding:5px;\" class=\"fusion-grid-column fusion-gallery-column fusion-gallery-column-3 hover-type-none\"><div class=\"fusion-gallery-image\"><a href=\"https:\/\/royalfamily.org\/wp-content\/uploads\/2026\/05\/6-Screenshot-TV-Sweden-37-copy.jpg\" data-caption=\"Kraljevska porodica Srbije na 80. ro\u0111endanu Kralja \u0160vedske, foto: Snimak ekrana \u0160vedske televizije \" rel=\"noreferrer\" data-rel=\"iLightbox[gallery_image_1]\" class=\"fusion-lightbox\" target=\"_self\"><img decoding=\"async\" src=\"https:\/\/royalfamily.org\/wp-content\/uploads\/2026\/05\/6-Screenshot-TV-Sweden-37-copy.jpg\" width=\"1920\" height=\"1080\" alt=\"\" title=\"6 Screenshot TV Sweden (37) copy\" aria-label=\"6 Screenshot TV Sweden (37) copy\" class=\"img-responsive wp-image-99095\" srcset=\"https:\/\/royalfamily.org\/wp-content\/uploads\/2026\/05\/6-Screenshot-TV-Sweden-37-copy-200x113.jpg 200w, https:\/\/royalfamily.org\/wp-content\/uploads\/2026\/05\/6-Screenshot-TV-Sweden-37-copy-400x225.jpg 400w, https:\/\/royalfamily.org\/wp-content\/uploads\/2026\/05\/6-Screenshot-TV-Sweden-37-copy-600x338.jpg 600w, https:\/\/royalfamily.org\/wp-content\/uploads\/2026\/05\/6-Screenshot-TV-Sweden-37-copy-800x450.jpg 800w, https:\/\/royalfamily.org\/wp-content\/uploads\/2026\/05\/6-Screenshot-TV-Sweden-37-copy-1200x675.jpg 1200w, https:\/\/royalfamily.org\/wp-content\/uploads\/2026\/05\/6-Screenshot-TV-Sweden-37-copy.jpg 1920w\" sizes=\"(min-width: 2200px) 100vw, (min-width: 824px) 390px, (min-width: 732px) 585px, (min-width: 640px) 732px, \" \/><\/a><\/div><\/div><div style=\"padding:5px;\" class=\"fusion-grid-column fusion-gallery-column fusion-gallery-column-3 hover-type-none\"><div class=\"fusion-gallery-image\"><a href=\"https:\/\/royalfamily.org\/wp-content\/uploads\/2026\/05\/7-Screenshot-TV-Sweden-57-copy.jpg\" data-caption=\"Kraljevska porodica Srbije na 80. ro\u0111endanu Kralja \u0160vedske, foto: Snimak ekrana \u0160vedske televizije \" rel=\"noreferrer\" data-rel=\"iLightbox[gallery_image_1]\" class=\"fusion-lightbox\" target=\"_self\"><img decoding=\"async\" src=\"https:\/\/royalfamily.org\/wp-content\/uploads\/2026\/05\/7-Screenshot-TV-Sweden-57-copy.jpg\" width=\"1920\" height=\"1080\" alt=\"\" title=\"7 Screenshot TV Sweden (57) copy\" aria-label=\"7 Screenshot TV Sweden (57) copy\" class=\"img-responsive wp-image-99098\" srcset=\"https:\/\/royalfamily.org\/wp-content\/uploads\/2026\/05\/7-Screenshot-TV-Sweden-57-copy-200x113.jpg 200w, https:\/\/royalfamily.org\/wp-content\/uploads\/2026\/05\/7-Screenshot-TV-Sweden-57-copy-400x225.jpg 400w, https:\/\/royalfamily.org\/wp-content\/uploads\/2026\/05\/7-Screenshot-TV-Sweden-57-copy-600x338.jpg 600w, https:\/\/royalfamily.org\/wp-content\/uploads\/2026\/05\/7-Screenshot-TV-Sweden-57-copy-800x450.jpg 800w, https:\/\/royalfamily.org\/wp-content\/uploads\/2026\/05\/7-Screenshot-TV-Sweden-57-copy-1200x675.jpg 1200w, https:\/\/royalfamily.org\/wp-content\/uploads\/2026\/05\/7-Screenshot-TV-Sweden-57-copy.jpg 1920w\" sizes=\"(min-width: 2200px) 100vw, (min-width: 824px) 390px, (min-width: 732px) 585px, (min-width: 640px) 732px, \" \/><\/a><\/div><\/div><div style=\"padding:5px;\" class=\"fusion-grid-column fusion-gallery-column fusion-gallery-column-3 hover-type-none\"><div class=\"fusion-gallery-image\"><a href=\"https:\/\/royalfamily.org\/wp-content\/uploads\/2026\/05\/8-Screenshot-TV-Sweden-47-copy.jpg\" data-caption=\"Kraljevska porodica Srbije na 80. ro\u0111endanu Kralja \u0160vedske, foto: Snimak ekrana \u0160vedske televizije \" rel=\"noreferrer\" data-rel=\"iLightbox[gallery_image_1]\" class=\"fusion-lightbox\" target=\"_self\"><img decoding=\"async\" src=\"https:\/\/royalfamily.org\/wp-content\/uploads\/2026\/05\/8-Screenshot-TV-Sweden-47-copy.jpg\" width=\"1920\" height=\"1080\" alt=\"\" title=\"8 Screenshot TV Sweden (47) copy\" aria-label=\"8 Screenshot TV Sweden (47) copy\" class=\"img-responsive wp-image-99101\" srcset=\"https:\/\/royalfamily.org\/wp-content\/uploads\/2026\/05\/8-Screenshot-TV-Sweden-47-copy-200x113.jpg 200w, https:\/\/royalfamily.org\/wp-content\/uploads\/2026\/05\/8-Screenshot-TV-Sweden-47-copy-400x225.jpg 400w, https:\/\/royalfamily.org\/wp-content\/uploads\/2026\/05\/8-Screenshot-TV-Sweden-47-copy-600x338.jpg 600w, https:\/\/royalfamily.org\/wp-content\/uploads\/2026\/05\/8-Screenshot-TV-Sweden-47-copy-800x450.jpg 800w, https:\/\/royalfamily.org\/wp-content\/uploads\/2026\/05\/8-Screenshot-TV-Sweden-47-copy-1200x675.jpg 1200w, https:\/\/royalfamily.org\/wp-content\/uploads\/2026\/05\/8-Screenshot-TV-Sweden-47-copy.jpg 1920w\" sizes=\"(min-width: 2200px) 100vw, (min-width: 824px) 390px, (min-width: 732px) 585px, (min-width: 640px) 732px, \" \/><\/a><\/div><\/div><div class=\"clearfix\"><\/div><div style=\"padding:5px;\" class=\"fusion-grid-column fusion-gallery-column fusion-gallery-column-3 hover-type-none\"><div class=\"fusion-gallery-image\"><a href=\"https:\/\/royalfamily.org\/wp-content\/uploads\/2026\/05\/9-181838_D7406026-Clement-Morin-Royal-Court-of-Sweden.jpg\" data-caption=\"Kraljevska porodica Srbije na 80. ro\u0111endanu Kralja \u0160vedske, foto: Cl\u00e9ment Morin, Kraljevski dvor \u0160vedske \" rel=\"noreferrer\" data-rel=\"iLightbox[gallery_image_1]\" class=\"fusion-lightbox\" target=\"_self\"><img decoding=\"async\" src=\"https:\/\/royalfamily.org\/wp-content\/uploads\/2026\/05\/9-181838_D7406026-Clement-Morin-Royal-Court-of-Sweden.jpg\" width=\"1181\" height=\"1772\" alt=\"\" title=\"Photographer\" aria-label=\"Photographer\" class=\"img-responsive wp-image-99104\" srcset=\"https:\/\/royalfamily.org\/wp-content\/uploads\/2026\/05\/9-181838_D7406026-Clement-Morin-Royal-Court-of-Sweden-200x300.jpg 200w, https:\/\/royalfamily.org\/wp-content\/uploads\/2026\/05\/9-181838_D7406026-Clement-Morin-Royal-Court-of-Sweden-400x600.jpg 400w, https:\/\/royalfamily.org\/wp-content\/uploads\/2026\/05\/9-181838_D7406026-Clement-Morin-Royal-Court-of-Sweden-600x900.jpg 600w, https:\/\/royalfamily.org\/wp-content\/uploads\/2026\/05\/9-181838_D7406026-Clement-Morin-Royal-Court-of-Sweden-800x1200.jpg 800w, https:\/\/royalfamily.org\/wp-content\/uploads\/2026\/05\/9-181838_D7406026-Clement-Morin-Royal-Court-of-Sweden.jpg 1181w\" sizes=\"(min-width: 2200px) 100vw, (min-width: 824px) 390px, (min-width: 732px) 585px, (min-width: 640px) 732px, \" \/><\/a><\/div><\/div><div style=\"padding:5px;\" class=\"fusion-grid-column fusion-gallery-column fusion-gallery-column-3 hover-type-none\"><div class=\"fusion-gallery-image\"><a href=\"https:\/\/royalfamily.org\/wp-content\/uploads\/2026\/05\/10-Screenshot-TV-Sweden-43-copy.jpg\" data-caption=\"Kraljevska porodica Srbije na 80. ro\u0111endanu Kralja \u0160vedske, foto: Snimak ekrana \u0160vedske televizije \" rel=\"noreferrer\" data-rel=\"iLightbox[gallery_image_1]\" class=\"fusion-lightbox\" target=\"_self\"><img decoding=\"async\" src=\"https:\/\/royalfamily.org\/wp-content\/uploads\/2026\/05\/10-Screenshot-TV-Sweden-43-copy.jpg\" width=\"1920\" height=\"1080\" alt=\"\" title=\"10 Screenshot TV Sweden (43) copy\" aria-label=\"10 Screenshot TV Sweden (43) copy\" class=\"img-responsive wp-image-99107\" srcset=\"https:\/\/royalfamily.org\/wp-content\/uploads\/2026\/05\/10-Screenshot-TV-Sweden-43-copy-200x113.jpg 200w, https:\/\/royalfamily.org\/wp-content\/uploads\/2026\/05\/10-Screenshot-TV-Sweden-43-copy-400x225.jpg 400w, https:\/\/royalfamily.org\/wp-content\/uploads\/2026\/05\/10-Screenshot-TV-Sweden-43-copy-600x338.jpg 600w, https:\/\/royalfamily.org\/wp-content\/uploads\/2026\/05\/10-Screenshot-TV-Sweden-43-copy-800x450.jpg 800w, https:\/\/royalfamily.org\/wp-content\/uploads\/2026\/05\/10-Screenshot-TV-Sweden-43-copy-1200x675.jpg 1200w, https:\/\/royalfamily.org\/wp-content\/uploads\/2026\/05\/10-Screenshot-TV-Sweden-43-copy.jpg 1920w\" sizes=\"(min-width: 2200px) 100vw, (min-width: 824px) 390px, (min-width: 732px) 585px, (min-width: 640px) 732px, \" \/><\/a><\/div><\/div><div style=\"padding:5px;\" class=\"fusion-grid-column fusion-gallery-column fusion-gallery-column-3 hover-type-none\"><div class=\"fusion-gallery-image\"><a href=\"https:\/\/royalfamily.org\/wp-content\/uploads\/2026\/05\/11-Getty-images-Michael-Campanella-2.jpg\" data-caption=\"Kraljevska porodica Srbije na 80. ro\u0111endanu Kralja \u0160vedske, foto: Getty images - Michael Campanella\" rel=\"noreferrer\" data-rel=\"iLightbox[gallery_image_1]\" class=\"fusion-lightbox\" target=\"_self\"><img decoding=\"async\" src=\"https:\/\/royalfamily.org\/wp-content\/uploads\/2026\/05\/11-Getty-images-Michael-Campanella-2.jpg\" width=\"1365\" height=\"2048\" alt=\"\" title=\"11 Getty images &#8211; Michael Campanella 2\" aria-label=\"11 Getty images &#8211; Michael Campanella 2\" class=\"img-responsive wp-image-99110\" srcset=\"https:\/\/royalfamily.org\/wp-content\/uploads\/2026\/05\/11-Getty-images-Michael-Campanella-2-200x300.jpg 200w, https:\/\/royalfamily.org\/wp-content\/uploads\/2026\/05\/11-Getty-images-Michael-Campanella-2-400x600.jpg 400w, https:\/\/royalfamily.org\/wp-content\/uploads\/2026\/05\/11-Getty-images-Michael-Campanella-2-600x900.jpg 600w, https:\/\/royalfamily.org\/wp-content\/uploads\/2026\/05\/11-Getty-images-Michael-Campanella-2-800x1200.jpg 800w, https:\/\/royalfamily.org\/wp-content\/uploads\/2026\/05\/11-Getty-images-Michael-Campanella-2-1200x1800.jpg 1200w, https:\/\/royalfamily.org\/wp-content\/uploads\/2026\/05\/11-Getty-images-Michael-Campanella-2.jpg 1365w\" sizes=\"(min-width: 2200px) 100vw, (min-width: 824px) 390px, (min-width: 732px) 585px, (min-width: 640px) 732px, \" \/><\/a><\/div><\/div><div class=\"clearfix\"><\/div><div style=\"padding:5px;\" class=\"fusion-grid-column fusion-gallery-column fusion-gallery-column-3 hover-type-none\"><div class=\"fusion-gallery-image\"><a href=\"https:\/\/royalfamily.org\/wp-content\/uploads\/2026\/05\/12-Getty-images-Michael-Campanella-7.jpg\" data-caption=\"Kraljevska porodica Srbije na 80. ro\u0111endanu Kralja \u0160vedske, foto: Getty images - Michael Campanella\" rel=\"noreferrer\" data-rel=\"iLightbox[gallery_image_1]\" class=\"fusion-lightbox\" target=\"_self\"><img decoding=\"async\" src=\"https:\/\/royalfamily.org\/wp-content\/uploads\/2026\/05\/12-Getty-images-Michael-Campanella-7.jpg\" width=\"1366\" height=\"2048\" alt=\"\" title=\"12 Getty images &#8211; Michael Campanella 7\" aria-label=\"12 Getty images &#8211; Michael Campanella 7\" class=\"img-responsive wp-image-99113\" srcset=\"https:\/\/royalfamily.org\/wp-content\/uploads\/2026\/05\/12-Getty-images-Michael-Campanella-7-200x300.jpg 200w, https:\/\/royalfamily.org\/wp-content\/uploads\/2026\/05\/12-Getty-images-Michael-Campanella-7-400x600.jpg 400w, https:\/\/royalfamily.org\/wp-content\/uploads\/2026\/05\/12-Getty-images-Michael-Campanella-7-600x900.jpg 600w, https:\/\/royalfamily.org\/wp-content\/uploads\/2026\/05\/12-Getty-images-Michael-Campanella-7-800x1199.jpg 800w, https:\/\/royalfamily.org\/wp-content\/uploads\/2026\/05\/12-Getty-images-Michael-Campanella-7-1200x1799.jpg 1200w, https:\/\/royalfamily.org\/wp-content\/uploads\/2026\/05\/12-Getty-images-Michael-Campanella-7.jpg 1366w\" sizes=\"(min-width: 2200px) 100vw, (min-width: 824px) 390px, (min-width: 732px) 585px, (min-width: 640px) 732px, \" \/><\/a><\/div><\/div><div style=\"padding:5px;\" class=\"fusion-grid-column fusion-gallery-column fusion-gallery-column-3 hover-type-none\"><div class=\"fusion-gallery-image\"><a href=\"https:\/\/royalfamily.org\/wp-content\/uploads\/2026\/05\/13-Screenshot-TV-Sweden-51-copy.jpg\" data-caption=\"Kraljevska porodica Srbije na 80. ro\u0111endanu Kralja \u0160vedske, foto: Snimak ekrana \u0160vedske televizije \" rel=\"noreferrer\" data-rel=\"iLightbox[gallery_image_1]\" class=\"fusion-lightbox\" target=\"_self\"><img decoding=\"async\" src=\"https:\/\/royalfamily.org\/wp-content\/uploads\/2026\/05\/13-Screenshot-TV-Sweden-51-copy.jpg\" width=\"1920\" height=\"1080\" alt=\"\" title=\"13 Screenshot TV Sweden (51) copy\" aria-label=\"13 Screenshot TV Sweden (51) copy\" class=\"img-responsive wp-image-99116\" srcset=\"https:\/\/royalfamily.org\/wp-content\/uploads\/2026\/05\/13-Screenshot-TV-Sweden-51-copy-200x113.jpg 200w, https:\/\/royalfamily.org\/wp-content\/uploads\/2026\/05\/13-Screenshot-TV-Sweden-51-copy-400x225.jpg 400w, https:\/\/royalfamily.org\/wp-content\/uploads\/2026\/05\/13-Screenshot-TV-Sweden-51-copy-600x338.jpg 600w, https:\/\/royalfamily.org\/wp-content\/uploads\/2026\/05\/13-Screenshot-TV-Sweden-51-copy-800x450.jpg 800w, https:\/\/royalfamily.org\/wp-content\/uploads\/2026\/05\/13-Screenshot-TV-Sweden-51-copy-1200x675.jpg 1200w, https:\/\/royalfamily.org\/wp-content\/uploads\/2026\/05\/13-Screenshot-TV-Sweden-51-copy.jpg 1920w\" sizes=\"(min-width: 2200px) 100vw, (min-width: 824px) 390px, (min-width: 732px) 585px, (min-width: 640px) 732px, \" \/><\/a><\/div><\/div><div style=\"padding:5px;\" class=\"fusion-grid-column fusion-gallery-column fusion-gallery-column-3 hover-type-none\"><div class=\"fusion-gallery-image\"><a href=\"https:\/\/royalfamily.org\/wp-content\/uploads\/2026\/05\/14-Screenshot-TV-Sweden-28-copy.jpg\" data-caption=\"Kraljevska porodica Srbije na 80. ro\u0111endanu Kralja \u0160vedske, foto: Snimak ekrana \u0160vedske televizije \" rel=\"noreferrer\" data-rel=\"iLightbox[gallery_image_1]\" class=\"fusion-lightbox\" target=\"_self\"><img decoding=\"async\" src=\"https:\/\/royalfamily.org\/wp-content\/uploads\/2026\/05\/14-Screenshot-TV-Sweden-28-copy.jpg\" width=\"1920\" height=\"1080\" alt=\"\" title=\"14 Screenshot TV Sweden (28) copy\" aria-label=\"14 Screenshot TV Sweden (28) copy\" class=\"img-responsive wp-image-99119\" srcset=\"https:\/\/royalfamily.org\/wp-content\/uploads\/2026\/05\/14-Screenshot-TV-Sweden-28-copy-200x113.jpg 200w, https:\/\/royalfamily.org\/wp-content\/uploads\/2026\/05\/14-Screenshot-TV-Sweden-28-copy-400x225.jpg 400w, https:\/\/royalfamily.org\/wp-content\/uploads\/2026\/05\/14-Screenshot-TV-Sweden-28-copy-600x338.jpg 600w, https:\/\/royalfamily.org\/wp-content\/uploads\/2026\/05\/14-Screenshot-TV-Sweden-28-copy-800x450.jpg 800w, https:\/\/royalfamily.org\/wp-content\/uploads\/2026\/05\/14-Screenshot-TV-Sweden-28-copy-1200x675.jpg 1200w, https:\/\/royalfamily.org\/wp-content\/uploads\/2026\/05\/14-Screenshot-TV-Sweden-28-copy.jpg 1920w\" sizes=\"(min-width: 2200px) 100vw, (min-width: 824px) 390px, (min-width: 732px) 585px, (min-width: 640px) 732px, \" \/><\/a><\/div><\/div><div class=\"clearfix\"><\/div><div style=\"padding:5px;\" class=\"fusion-grid-column fusion-gallery-column fusion-gallery-column-3 hover-type-none\"><div class=\"fusion-gallery-image\"><a href=\"https:\/\/royalfamily.org\/wp-content\/uploads\/2026\/05\/15-Screenshot-TV-Sweden-56-copy.jpg\" data-caption=\"Kraljevska porodica Srbije na 80. ro\u0111endanu Kralja \u0160vedske, foto: Snimak ekrana \u0160vedske televizije \" rel=\"noreferrer\" data-rel=\"iLightbox[gallery_image_1]\" class=\"fusion-lightbox\" target=\"_self\"><img decoding=\"async\" src=\"https:\/\/royalfamily.org\/wp-content\/uploads\/2026\/05\/15-Screenshot-TV-Sweden-56-copy.jpg\" width=\"1920\" height=\"1080\" alt=\"\" title=\"15 Screenshot TV Sweden (56) copy\" aria-label=\"15 Screenshot TV Sweden (56) copy\" class=\"img-responsive wp-image-99122\" srcset=\"https:\/\/royalfamily.org\/wp-content\/uploads\/2026\/05\/15-Screenshot-TV-Sweden-56-copy-200x113.jpg 200w, https:\/\/royalfamily.org\/wp-content\/uploads\/2026\/05\/15-Screenshot-TV-Sweden-56-copy-400x225.jpg 400w, https:\/\/royalfamily.org\/wp-content\/uploads\/2026\/05\/15-Screenshot-TV-Sweden-56-copy-600x338.jpg 600w, https:\/\/royalfamily.org\/wp-content\/uploads\/2026\/05\/15-Screenshot-TV-Sweden-56-copy-800x450.jpg 800w, https:\/\/royalfamily.org\/wp-content\/uploads\/2026\/05\/15-Screenshot-TV-Sweden-56-copy-1200x675.jpg 1200w, https:\/\/royalfamily.org\/wp-content\/uploads\/2026\/05\/15-Screenshot-TV-Sweden-56-copy.jpg 1920w\" sizes=\"(min-width: 2200px) 100vw, (min-width: 824px) 390px, (min-width: 732px) 585px, (min-width: 640px) 732px, \" \/><\/a><\/div><\/div><div style=\"padding:5px;\" class=\"fusion-grid-column fusion-gallery-column fusion-gallery-column-3 hover-type-none\"><div class=\"fusion-gallery-image\"><a href=\"https:\/\/royalfamily.org\/wp-content\/uploads\/2026\/05\/16-Screenshot-TV-Sweden-5-copy.jpg\" data-caption=\"Kraljevska porodica Srbije na 80. ro\u0111endanu Kralja \u0160vedske, foto: Snimak ekrana \u0160vedske televizije \" rel=\"noreferrer\" data-rel=\"iLightbox[gallery_image_1]\" class=\"fusion-lightbox\" target=\"_self\"><img decoding=\"async\" src=\"https:\/\/royalfamily.org\/wp-content\/uploads\/2026\/05\/16-Screenshot-TV-Sweden-5-copy.jpg\" width=\"1920\" height=\"1080\" alt=\"\" title=\"16 Screenshot TV Sweden (5) copy\" aria-label=\"16 Screenshot TV Sweden (5) copy\" class=\"img-responsive wp-image-99125\" srcset=\"https:\/\/royalfamily.org\/wp-content\/uploads\/2026\/05\/16-Screenshot-TV-Sweden-5-copy-200x113.jpg 200w, https:\/\/royalfamily.org\/wp-content\/uploads\/2026\/05\/16-Screenshot-TV-Sweden-5-copy-400x225.jpg 400w, https:\/\/royalfamily.org\/wp-content\/uploads\/2026\/05\/16-Screenshot-TV-Sweden-5-copy-600x338.jpg 600w, https:\/\/royalfamily.org\/wp-content\/uploads\/2026\/05\/16-Screenshot-TV-Sweden-5-copy-800x450.jpg 800w, https:\/\/royalfamily.org\/wp-content\/uploads\/2026\/05\/16-Screenshot-TV-Sweden-5-copy-1200x675.jpg 1200w, https:\/\/royalfamily.org\/wp-content\/uploads\/2026\/05\/16-Screenshot-TV-Sweden-5-copy.jpg 1920w\" sizes=\"(min-width: 2200px) 100vw, (min-width: 824px) 390px, (min-width: 732px) 585px, (min-width: 640px) 732px, \" \/><\/a><\/div><\/div><div style=\"padding:5px;\" class=\"fusion-grid-column fusion-gallery-column fusion-gallery-column-3 hover-type-none\"><div class=\"fusion-gallery-image\"><a href=\"https:\/\/royalfamily.org\/wp-content\/uploads\/2026\/05\/17-Screenshot-TV-Sweden-66-copy.jpg\" data-caption=\"Kraljevska porodica Srbije na 80. ro\u0111endanu Kralja \u0160vedske, foto: Snimak ekrana \u0160vedske televizije \" rel=\"noreferrer\" data-rel=\"iLightbox[gallery_image_1]\" class=\"fusion-lightbox\" target=\"_self\"><img decoding=\"async\" src=\"https:\/\/royalfamily.org\/wp-content\/uploads\/2026\/05\/17-Screenshot-TV-Sweden-66-copy.jpg\" width=\"1920\" height=\"1080\" alt=\"\" title=\"17 Screenshot TV Sweden (66) copy\" aria-label=\"17 Screenshot TV Sweden (66) copy\" class=\"img-responsive wp-image-99128\" srcset=\"https:\/\/royalfamily.org\/wp-content\/uploads\/2026\/05\/17-Screenshot-TV-Sweden-66-copy-200x113.jpg 200w, https:\/\/royalfamily.org\/wp-content\/uploads\/2026\/05\/17-Screenshot-TV-Sweden-66-copy-400x225.jpg 400w, https:\/\/royalfamily.org\/wp-content\/uploads\/2026\/05\/17-Screenshot-TV-Sweden-66-copy-600x338.jpg 600w, https:\/\/royalfamily.org\/wp-content\/uploads\/2026\/05\/17-Screenshot-TV-Sweden-66-copy-800x450.jpg 800w, https:\/\/royalfamily.org\/wp-content\/uploads\/2026\/05\/17-Screenshot-TV-Sweden-66-copy-1200x675.jpg 1200w, https:\/\/royalfamily.org\/wp-content\/uploads\/2026\/05\/17-Screenshot-TV-Sweden-66-copy.jpg 1920w\" sizes=\"(min-width: 2200px) 100vw, (min-width: 824px) 390px, (min-width: 732px) 585px, (min-width: 640px) 732px, \" \/><\/a><\/div><\/div><div class=\"clearfix\"><\/div><div style=\"padding:5px;\" class=\"fusion-grid-column fusion-gallery-column fusion-gallery-column-3 hover-type-none\"><div class=\"fusion-gallery-image\"><a href=\"https:\/\/royalfamily.org\/wp-content\/uploads\/2026\/05\/18-Screenshot-TV-Sweden-8-copy.jpg\" data-caption=\"Kraljevska porodica Srbije na 80. ro\u0111endanu Kralja \u0160vedske, foto: Snimak ekrana \u0160vedske televizije \" rel=\"noreferrer\" data-rel=\"iLightbox[gallery_image_1]\" class=\"fusion-lightbox\" target=\"_self\"><img decoding=\"async\" src=\"https:\/\/royalfamily.org\/wp-content\/uploads\/2026\/05\/18-Screenshot-TV-Sweden-8-copy.jpg\" width=\"1778\" height=\"1000\" alt=\"\" title=\"18 Screenshot TV Sweden (8) copy\" aria-label=\"18 Screenshot TV Sweden (8) copy\" class=\"img-responsive wp-image-99131\" srcset=\"https:\/\/royalfamily.org\/wp-content\/uploads\/2026\/05\/18-Screenshot-TV-Sweden-8-copy-200x112.jpg 200w, https:\/\/royalfamily.org\/wp-content\/uploads\/2026\/05\/18-Screenshot-TV-Sweden-8-copy-400x225.jpg 400w, https:\/\/royalfamily.org\/wp-content\/uploads\/2026\/05\/18-Screenshot-TV-Sweden-8-copy-600x337.jpg 600w, https:\/\/royalfamily.org\/wp-content\/uploads\/2026\/05\/18-Screenshot-TV-Sweden-8-copy-800x450.jpg 800w, https:\/\/royalfamily.org\/wp-content\/uploads\/2026\/05\/18-Screenshot-TV-Sweden-8-copy-1200x675.jpg 1200w, https:\/\/royalfamily.org\/wp-content\/uploads\/2026\/05\/18-Screenshot-TV-Sweden-8-copy.jpg 1778w\" sizes=\"(min-width: 2200px) 100vw, (min-width: 824px) 390px, (min-width: 732px) 585px, (min-width: 640px) 732px, \" \/><\/a><\/div><\/div><div style=\"padding:5px;\" class=\"fusion-grid-column fusion-gallery-column fusion-gallery-column-3 hover-type-none\"><div class=\"fusion-gallery-image\"><a href=\"https:\/\/royalfamily.org\/wp-content\/uploads\/2026\/05\/19-Screenshot-TV-Sweden-64-copy.jpg\" data-caption=\"Kraljevska porodica Srbije na 80. ro\u0111endanu Kralja \u0160vedske, foto: Snimak ekrana \u0160vedske televizije \" rel=\"noreferrer\" data-rel=\"iLightbox[gallery_image_1]\" class=\"fusion-lightbox\" target=\"_self\"><img decoding=\"async\" src=\"https:\/\/royalfamily.org\/wp-content\/uploads\/2026\/05\/19-Screenshot-TV-Sweden-64-copy.jpg\" width=\"1920\" height=\"1080\" alt=\"\" title=\"19 Screenshot TV Sweden (64) copy\" aria-label=\"19 Screenshot TV Sweden (64) copy\" class=\"img-responsive wp-image-99134\" srcset=\"https:\/\/royalfamily.org\/wp-content\/uploads\/2026\/05\/19-Screenshot-TV-Sweden-64-copy-200x113.jpg 200w, https:\/\/royalfamily.org\/wp-content\/uploads\/2026\/05\/19-Screenshot-TV-Sweden-64-copy-400x225.jpg 400w, https:\/\/royalfamily.org\/wp-content\/uploads\/2026\/05\/19-Screenshot-TV-Sweden-64-copy-600x338.jpg 600w, https:\/\/royalfamily.org\/wp-content\/uploads\/2026\/05\/19-Screenshot-TV-Sweden-64-copy-800x450.jpg 800w, https:\/\/royalfamily.org\/wp-content\/uploads\/2026\/05\/19-Screenshot-TV-Sweden-64-copy-1200x675.jpg 1200w, https:\/\/royalfamily.org\/wp-content\/uploads\/2026\/05\/19-Screenshot-TV-Sweden-64-copy.jpg 1920w\" sizes=\"(min-width: 2200px) 100vw, (min-width: 824px) 390px, (min-width: 732px) 585px, (min-width: 640px) 732px, \" \/><\/a><\/div><\/div><div style=\"padding:5px;\" class=\"fusion-grid-column fusion-gallery-column fusion-gallery-column-3 hover-type-none awb-gallery-item-hidden\"><div class=\"fusion-gallery-image\"><a href=\"https:\/\/royalfamily.org\/wp-content\/uploads\/2026\/05\/20-Screenshot-TV-Sweden-9-copy.jpg\" data-caption=\"Kraljevska porodica Srbije na 80. ro\u0111endanu Kralja \u0160vedske, foto: Snimak ekrana \u0160vedske televizije \" rel=\"noreferrer\" data-rel=\"iLightbox[gallery_image_1]\" class=\"fusion-lightbox\" target=\"_self\"><img decoding=\"async\" src=\"https:\/\/royalfamily.org\/wp-content\/uploads\/2026\/05\/20-Screenshot-TV-Sweden-9-copy.jpg\" width=\"1920\" height=\"1080\" alt=\"\" title=\"20 Screenshot TV Sweden (9) copy\" aria-label=\"20 Screenshot TV Sweden (9) copy\" class=\"img-responsive wp-image-99137\" srcset=\"https:\/\/royalfamily.org\/wp-content\/uploads\/2026\/05\/20-Screenshot-TV-Sweden-9-copy-200x113.jpg 200w, https:\/\/royalfamily.org\/wp-content\/uploads\/2026\/05\/20-Screenshot-TV-Sweden-9-copy-400x225.jpg 400w, https:\/\/royalfamily.org\/wp-content\/uploads\/2026\/05\/20-Screenshot-TV-Sweden-9-copy-600x338.jpg 600w, https:\/\/royalfamily.org\/wp-content\/uploads\/2026\/05\/20-Screenshot-TV-Sweden-9-copy-800x450.jpg 800w, https:\/\/royalfamily.org\/wp-content\/uploads\/2026\/05\/20-Screenshot-TV-Sweden-9-copy-1200x675.jpg 1200w, https:\/\/royalfamily.org\/wp-content\/uploads\/2026\/05\/20-Screenshot-TV-Sweden-9-copy.jpg 1920w\" sizes=\"(min-width: 2200px) 100vw, (min-width: 824px) 390px, (min-width: 732px) 585px, (min-width: 640px) 732px, \" \/><\/a><\/div><\/div><div class=\"clearfix\"><\/div><div style=\"padding:5px;\" class=\"fusion-grid-column fusion-gallery-column fusion-gallery-column-3 hover-type-none awb-gallery-item-hidden\"><div class=\"fusion-gallery-image\"><a href=\"https:\/\/royalfamily.org\/wp-content\/uploads\/2026\/05\/21-Screenshot-TV-Sweden-15-copy.jpg\" data-caption=\"Kraljevska porodica Srbije na 80. ro\u0111endanu Kralja \u0160vedske, foto: Snimak ekrana \u0160vedske televizije \" rel=\"noreferrer\" data-rel=\"iLightbox[gallery_image_1]\" class=\"fusion-lightbox\" target=\"_self\"><img decoding=\"async\" src=\"https:\/\/royalfamily.org\/wp-content\/uploads\/2026\/05\/21-Screenshot-TV-Sweden-15-copy.jpg\" width=\"1920\" height=\"1080\" alt=\"\" title=\"21 Screenshot TV Sweden (15) copy\" aria-label=\"21 Screenshot TV Sweden (15) copy\" class=\"img-responsive wp-image-99140\" srcset=\"https:\/\/royalfamily.org\/wp-content\/uploads\/2026\/05\/21-Screenshot-TV-Sweden-15-copy-200x113.jpg 200w, https:\/\/royalfamily.org\/wp-content\/uploads\/2026\/05\/21-Screenshot-TV-Sweden-15-copy-400x225.jpg 400w, https:\/\/royalfamily.org\/wp-content\/uploads\/2026\/05\/21-Screenshot-TV-Sweden-15-copy-600x338.jpg 600w, https:\/\/royalfamily.org\/wp-content\/uploads\/2026\/05\/21-Screenshot-TV-Sweden-15-copy-800x450.jpg 800w, https:\/\/royalfamily.org\/wp-content\/uploads\/2026\/05\/21-Screenshot-TV-Sweden-15-copy-1200x675.jpg 1200w, https:\/\/royalfamily.org\/wp-content\/uploads\/2026\/05\/21-Screenshot-TV-Sweden-15-copy.jpg 1920w\" sizes=\"(min-width: 2200px) 100vw, (min-width: 824px) 390px, (min-width: 732px) 585px, (min-width: 640px) 732px, \" \/><\/a><\/div><\/div><div style=\"padding:5px;\" class=\"fusion-grid-column fusion-gallery-column fusion-gallery-column-3 hover-type-none awb-gallery-item-hidden\"><div class=\"fusion-gallery-image\"><a href=\"https:\/\/royalfamily.org\/wp-content\/uploads\/2026\/05\/22-Getty-images-Michael-Campanella-1.jpg\" data-caption=\"Kraljevska porodica Srbije na 80. ro\u0111endanu Kralja \u0160vedske, foto: Getty images - Michael Campanella\" rel=\"noreferrer\" data-rel=\"iLightbox[gallery_image_1]\" class=\"fusion-lightbox\" target=\"_self\"><img decoding=\"async\" src=\"https:\/\/royalfamily.org\/wp-content\/uploads\/2026\/05\/22-Getty-images-Michael-Campanella-1.jpg\" width=\"2048\" height=\"1365\" alt=\"\" title=\"22 Getty images &#8211; Michael Campanella 1\" aria-label=\"22 Getty images &#8211; Michael Campanella 1\" class=\"img-responsive wp-image-99143\" srcset=\"https:\/\/royalfamily.org\/wp-content\/uploads\/2026\/05\/22-Getty-images-Michael-Campanella-1-200x133.jpg 200w, https:\/\/royalfamily.org\/wp-content\/uploads\/2026\/05\/22-Getty-images-Michael-Campanella-1-400x267.jpg 400w, https:\/\/royalfamily.org\/wp-content\/uploads\/2026\/05\/22-Getty-images-Michael-Campanella-1-600x400.jpg 600w, https:\/\/royalfamily.org\/wp-content\/uploads\/2026\/05\/22-Getty-images-Michael-Campanella-1-800x533.jpg 800w, https:\/\/royalfamily.org\/wp-content\/uploads\/2026\/05\/22-Getty-images-Michael-Campanella-1-1200x800.jpg 1200w, https:\/\/royalfamily.org\/wp-content\/uploads\/2026\/05\/22-Getty-images-Michael-Campanella-1.jpg 2048w\" sizes=\"(min-width: 2200px) 100vw, (min-width: 824px) 390px, (min-width: 732px) 585px, (min-width: 640px) 732px, \" \/><\/a><\/div><\/div><div style=\"padding:5px;\" class=\"fusion-grid-column fusion-gallery-column fusion-gallery-column-3 hover-type-none awb-gallery-item-hidden\"><div class=\"fusion-gallery-image\"><a href=\"https:\/\/royalfamily.org\/wp-content\/uploads\/2026\/05\/23-Screenshot-TV-Sweden-40-copy.jpg\" data-caption=\"Kraljevska porodica Srbije na 80. ro\u0111endanu Kralja \u0160vedske, foto: Snimak ekrana \u0160vedske televizije \" rel=\"noreferrer\" data-rel=\"iLightbox[gallery_image_1]\" class=\"fusion-lightbox\" target=\"_self\"><img decoding=\"async\" src=\"https:\/\/royalfamily.org\/wp-content\/uploads\/2026\/05\/23-Screenshot-TV-Sweden-40-copy.jpg\" width=\"1920\" height=\"1080\" alt=\"\" title=\"23 Screenshot TV Sweden (40) copy\" aria-label=\"23 Screenshot TV Sweden (40) copy\" class=\"img-responsive wp-image-99146\" srcset=\"https:\/\/royalfamily.org\/wp-content\/uploads\/2026\/05\/23-Screenshot-TV-Sweden-40-copy-200x113.jpg 200w, https:\/\/royalfamily.org\/wp-content\/uploads\/2026\/05\/23-Screenshot-TV-Sweden-40-copy-400x225.jpg 400w, https:\/\/royalfamily.org\/wp-content\/uploads\/2026\/05\/23-Screenshot-TV-Sweden-40-copy-600x338.jpg 600w, https:\/\/royalfamily.org\/wp-content\/uploads\/2026\/05\/23-Screenshot-TV-Sweden-40-copy-800x450.jpg 800w, https:\/\/royalfamily.org\/wp-content\/uploads\/2026\/05\/23-Screenshot-TV-Sweden-40-copy-1200x675.jpg 1200w, https:\/\/royalfamily.org\/wp-content\/uploads\/2026\/05\/23-Screenshot-TV-Sweden-40-copy.jpg 1920w\" sizes=\"(min-width: 2200px) 100vw, (min-width: 824px) 390px, (min-width: 732px) 585px, (min-width: 640px) 732px, \" \/><\/a><\/div><\/div><div class=\"clearfix\"><\/div><div style=\"padding:5px;\" class=\"fusion-grid-column fusion-gallery-column fusion-gallery-column-3 hover-type-none awb-gallery-item-hidden\"><div class=\"fusion-gallery-image\"><a href=\"https:\/\/royalfamily.org\/wp-content\/uploads\/2026\/05\/24-Screenshot-TV-Sweden-39-copy.jpg\" data-caption=\"Kraljevska porodica Srbije na 80. ro\u0111endanu Kralja \u0160vedske, foto: Snimak ekrana \u0160vedske televizije \" rel=\"noreferrer\" data-rel=\"iLightbox[gallery_image_1]\" class=\"fusion-lightbox\" target=\"_self\"><img decoding=\"async\" src=\"https:\/\/royalfamily.org\/wp-content\/uploads\/2026\/05\/24-Screenshot-TV-Sweden-39-copy.jpg\" width=\"1920\" height=\"1080\" alt=\"\" title=\"24 Screenshot TV Sweden (39) copy\" aria-label=\"24 Screenshot TV Sweden (39) copy\" class=\"img-responsive wp-image-99149\" srcset=\"https:\/\/royalfamily.org\/wp-content\/uploads\/2026\/05\/24-Screenshot-TV-Sweden-39-copy-200x113.jpg 200w, https:\/\/royalfamily.org\/wp-content\/uploads\/2026\/05\/24-Screenshot-TV-Sweden-39-copy-400x225.jpg 400w, https:\/\/royalfamily.org\/wp-content\/uploads\/2026\/05\/24-Screenshot-TV-Sweden-39-copy-600x338.jpg 600w, https:\/\/royalfamily.org\/wp-content\/uploads\/2026\/05\/24-Screenshot-TV-Sweden-39-copy-800x450.jpg 800w, https:\/\/royalfamily.org\/wp-content\/uploads\/2026\/05\/24-Screenshot-TV-Sweden-39-copy-1200x675.jpg 1200w, https:\/\/royalfamily.org\/wp-content\/uploads\/2026\/05\/24-Screenshot-TV-Sweden-39-copy.jpg 1920w\" sizes=\"(min-width: 2200px) 100vw, (min-width: 824px) 390px, (min-width: 732px) 585px, (min-width: 640px) 732px, \" \/><\/a><\/div><\/div><div style=\"padding:5px;\" class=\"fusion-grid-column fusion-gallery-column fusion-gallery-column-3 hover-type-none awb-gallery-item-hidden\"><div class=\"fusion-gallery-image\"><a href=\"https:\/\/royalfamily.org\/wp-content\/uploads\/2026\/05\/25-Screenshot-TV-Sweden-22-copy.jpg\" data-caption=\"Kraljevska porodica Srbije na 80. ro\u0111endanu Kralja \u0160vedske, foto: Snimak ekrana \u0160vedske televizije \" rel=\"noreferrer\" data-rel=\"iLightbox[gallery_image_1]\" class=\"fusion-lightbox\" target=\"_self\"><img decoding=\"async\" src=\"https:\/\/royalfamily.org\/wp-content\/uploads\/2026\/05\/25-Screenshot-TV-Sweden-22-copy.jpg\" width=\"1920\" height=\"1080\" alt=\"\" title=\"25 Screenshot TV Sweden (22) copy\" aria-label=\"25 Screenshot TV Sweden (22) copy\" class=\"img-responsive wp-image-99152\" srcset=\"https:\/\/royalfamily.org\/wp-content\/uploads\/2026\/05\/25-Screenshot-TV-Sweden-22-copy-200x113.jpg 200w, https:\/\/royalfamily.org\/wp-content\/uploads\/2026\/05\/25-Screenshot-TV-Sweden-22-copy-400x225.jpg 400w, https:\/\/royalfamily.org\/wp-content\/uploads\/2026\/05\/25-Screenshot-TV-Sweden-22-copy-600x338.jpg 600w, https:\/\/royalfamily.org\/wp-content\/uploads\/2026\/05\/25-Screenshot-TV-Sweden-22-copy-800x450.jpg 800w, https:\/\/royalfamily.org\/wp-content\/uploads\/2026\/05\/25-Screenshot-TV-Sweden-22-copy-1200x675.jpg 1200w, https:\/\/royalfamily.org\/wp-content\/uploads\/2026\/05\/25-Screenshot-TV-Sweden-22-copy.jpg 1920w\" sizes=\"(min-width: 2200px) 100vw, (min-width: 824px) 390px, (min-width: 732px) 585px, (min-width: 640px) 732px, \" \/><\/a><\/div><\/div><div style=\"padding:5px;\" class=\"fusion-grid-column fusion-gallery-column fusion-gallery-column-3 hover-type-none awb-gallery-item-hidden\"><div class=\"fusion-gallery-image\"><a href=\"https:\/\/royalfamily.org\/wp-content\/uploads\/2026\/05\/26-Screenshot-TV-Sweden-48-copy.jpg\" data-caption=\"Kraljevska porodica Srbije na 80. ro\u0111endanu Kralja \u0160vedske, foto: Snimak ekrana \u0160vedske televizije \" rel=\"noreferrer\" data-rel=\"iLightbox[gallery_image_1]\" class=\"fusion-lightbox\" target=\"_self\"><img decoding=\"async\" src=\"https:\/\/royalfamily.org\/wp-content\/uploads\/2026\/05\/26-Screenshot-TV-Sweden-48-copy.jpg\" width=\"1920\" height=\"1080\" alt=\"\" title=\"26 Screenshot TV Sweden (48) copy\" aria-label=\"26 Screenshot TV Sweden (48) copy\" class=\"img-responsive wp-image-99155\" srcset=\"https:\/\/royalfamily.org\/wp-content\/uploads\/2026\/05\/26-Screenshot-TV-Sweden-48-copy-200x113.jpg 200w, https:\/\/royalfamily.org\/wp-content\/uploads\/2026\/05\/26-Screenshot-TV-Sweden-48-copy-400x225.jpg 400w, https:\/\/royalfamily.org\/wp-content\/uploads\/2026\/05\/26-Screenshot-TV-Sweden-48-copy-600x338.jpg 600w, https:\/\/royalfamily.org\/wp-content\/uploads\/2026\/05\/26-Screenshot-TV-Sweden-48-copy-800x450.jpg 800w, https:\/\/royalfamily.org\/wp-content\/uploads\/2026\/05\/26-Screenshot-TV-Sweden-48-copy-1200x675.jpg 1200w, https:\/\/royalfamily.org\/wp-content\/uploads\/2026\/05\/26-Screenshot-TV-Sweden-48-copy.jpg 1920w\" sizes=\"(min-width: 2200px) 100vw, (min-width: 824px) 390px, (min-width: 732px) 585px, (min-width: 640px) 732px, \" \/><\/a><\/div><\/div><div class=\"clearfix\"><\/div><div style=\"padding:5px;\" class=\"fusion-grid-column fusion-gallery-column fusion-gallery-column-3 hover-type-none awb-gallery-item-hidden\"><div class=\"fusion-gallery-image\"><a href=\"https:\/\/royalfamily.org\/wp-content\/uploads\/2026\/05\/27-Screenshot-TV-Sweden-31-copy.jpg\" data-caption=\"Kraljevska porodica Srbije na 80. ro\u0111endanu Kralja \u0160vedske, foto: Snimak ekrana \u0160vedske televizije \" rel=\"noreferrer\" data-rel=\"iLightbox[gallery_image_1]\" class=\"fusion-lightbox\" target=\"_self\"><img decoding=\"async\" src=\"https:\/\/royalfamily.org\/wp-content\/uploads\/2026\/05\/27-Screenshot-TV-Sweden-31-copy.jpg\" width=\"1920\" height=\"1080\" alt=\"\" title=\"27 Screenshot TV Sweden (31) copy\" aria-label=\"27 Screenshot TV Sweden (31) copy\" class=\"img-responsive wp-image-99158\" srcset=\"https:\/\/royalfamily.org\/wp-content\/uploads\/2026\/05\/27-Screenshot-TV-Sweden-31-copy-200x113.jpg 200w, https:\/\/royalfamily.org\/wp-content\/uploads\/2026\/05\/27-Screenshot-TV-Sweden-31-copy-400x225.jpg 400w, https:\/\/royalfamily.org\/wp-content\/uploads\/2026\/05\/27-Screenshot-TV-Sweden-31-copy-600x338.jpg 600w, https:\/\/royalfamily.org\/wp-content\/uploads\/2026\/05\/27-Screenshot-TV-Sweden-31-copy-800x450.jpg 800w, https:\/\/royalfamily.org\/wp-content\/uploads\/2026\/05\/27-Screenshot-TV-Sweden-31-copy-1200x675.jpg 1200w, https:\/\/royalfamily.org\/wp-content\/uploads\/2026\/05\/27-Screenshot-TV-Sweden-31-copy.jpg 1920w\" sizes=\"(min-width: 2200px) 100vw, (min-width: 824px) 390px, (min-width: 732px) 585px, (min-width: 640px) 732px, \" \/><\/a><\/div><\/div><div style=\"padding:5px;\" class=\"fusion-grid-column fusion-gallery-column fusion-gallery-column-3 hover-type-none awb-gallery-item-hidden\"><div class=\"fusion-gallery-image\"><a href=\"https:\/\/royalfamily.org\/wp-content\/uploads\/2026\/05\/28-Screenshot-TV-Sweden-22-copy.jpg\" data-caption=\"Kraljevska porodica Srbije na 80. ro\u0111endanu Kralja \u0160vedske, foto: Snimak ekrana \u0160vedske televizije \" rel=\"noreferrer\" data-rel=\"iLightbox[gallery_image_1]\" class=\"fusion-lightbox\" target=\"_self\"><img decoding=\"async\" src=\"https:\/\/royalfamily.org\/wp-content\/uploads\/2026\/05\/28-Screenshot-TV-Sweden-22-copy.jpg\" width=\"1794\" height=\"1009\" alt=\"\" title=\"28 Screenshot TV Sweden (22) copy\" aria-label=\"28 Screenshot TV Sweden (22) copy\" class=\"img-responsive wp-image-99161\" srcset=\"https:\/\/royalfamily.org\/wp-content\/uploads\/2026\/05\/28-Screenshot-TV-Sweden-22-copy-200x112.jpg 200w, https:\/\/royalfamily.org\/wp-content\/uploads\/2026\/05\/28-Screenshot-TV-Sweden-22-copy-400x225.jpg 400w, https:\/\/royalfamily.org\/wp-content\/uploads\/2026\/05\/28-Screenshot-TV-Sweden-22-copy-600x337.jpg 600w, https:\/\/royalfamily.org\/wp-content\/uploads\/2026\/05\/28-Screenshot-TV-Sweden-22-copy-800x450.jpg 800w, https:\/\/royalfamily.org\/wp-content\/uploads\/2026\/05\/28-Screenshot-TV-Sweden-22-copy-1200x675.jpg 1200w, https:\/\/royalfamily.org\/wp-content\/uploads\/2026\/05\/28-Screenshot-TV-Sweden-22-copy.jpg 1794w\" sizes=\"(min-width: 2200px) 100vw, (min-width: 824px) 390px, (min-width: 732px) 585px, (min-width: 640px) 732px, \" \/><\/a><\/div><\/div><div style=\"padding:5px;\" class=\"fusion-grid-column fusion-gallery-column fusion-gallery-column-3 hover-type-none awb-gallery-item-hidden\"><div class=\"fusion-gallery-image\"><a href=\"https:\/\/royalfamily.org\/wp-content\/uploads\/2026\/05\/29-Screenshot-TV-Sweden-23-copy.jpg\" data-caption=\"Kraljevska porodica Srbije na 80. ro\u0111endanu Kralja \u0160vedske, foto: Snimak ekrana \u0160vedske televizije \" rel=\"noreferrer\" data-rel=\"iLightbox[gallery_image_1]\" class=\"fusion-lightbox\" target=\"_self\"><img decoding=\"async\" src=\"https:\/\/royalfamily.org\/wp-content\/uploads\/2026\/05\/29-Screenshot-TV-Sweden-23-copy.jpg\" width=\"1794\" height=\"1009\" alt=\"\" title=\"29 Screenshot TV Sweden (23) copy\" aria-label=\"29 Screenshot TV Sweden (23) copy\" class=\"img-responsive wp-image-99164\" srcset=\"https:\/\/royalfamily.org\/wp-content\/uploads\/2026\/05\/29-Screenshot-TV-Sweden-23-copy-200x112.jpg 200w, https:\/\/royalfamily.org\/wp-content\/uploads\/2026\/05\/29-Screenshot-TV-Sweden-23-copy-400x225.jpg 400w, https:\/\/royalfamily.org\/wp-content\/uploads\/2026\/05\/29-Screenshot-TV-Sweden-23-copy-600x337.jpg 600w, https:\/\/royalfamily.org\/wp-content\/uploads\/2026\/05\/29-Screenshot-TV-Sweden-23-copy-800x450.jpg 800w, https:\/\/royalfamily.org\/wp-content\/uploads\/2026\/05\/29-Screenshot-TV-Sweden-23-copy-1200x675.jpg 1200w, https:\/\/royalfamily.org\/wp-content\/uploads\/2026\/05\/29-Screenshot-TV-Sweden-23-copy.jpg 1794w\" sizes=\"(min-width: 2200px) 100vw, (min-width: 824px) 390px, (min-width: 732px) 585px, (min-width: 640px) 732px, \" \/><\/a><\/div><\/div><div class=\"clearfix\"><\/div><\/div><div class=\"fusion-loading-container fusion-clearfix awb-gallery-posts-loading-container\">\n\t\t\t\t<div class=\"fusion-loading-spinner\">\n\t\t\t\t\t<div class=\"fusion-spinner-1\"><\/div>\n\t\t\t\t\t<div class=\"fusion-spinner-2\"><\/div>\n\t\t\t\t\t<div class=\"fusion-spinner-3\"><\/div>\n\t\t\t\t<\/div><div class=\"fusion-loading-msg\"><em>Loading the next set of gallery items...<\/em><\/div><\/div><div class=\"awb-gallery-infinite-scroll-handle is-active\"><\/div><\/div><\/div><\/div><\/div><\/div><\/p>\n","protected":false},"excerpt":{"rendered":"","protected":false},"author":1001015,"featured_media":99167,"comment_status":"closed","ping_status":"closed","sticky":false,"template":"","format":"standard","meta":{"_acf_changed":false,"footnotes":""},"categories":[22],"tags":[],"class_list":["post-99172","post","type-post","status-publish","format-standard","has-post-thumbnail","hentry","category-vesti"],"acf":[],"yoast_head":"<!-- This site is optimized with the Yoast SEO Premium plugin v27.5 (Yoast SEO v27.5) - https:\/\/yoast.com\/product\/yoast-seo-premium-wordpress\/ -->\n<title>KRALJEVSKA PORODICA SRBIJE NA PROSLAVI 80. RO\u0110ENDANA KRALJA \u0160VEDSKE - The Royal Family of Serbia<\/title>\n<meta name=\"robots\" content=\"index, follow, max-snippet:-1, max-image-preview:large, max-video-preview:-1\" \/>\n<link rel=\"canonical\" href=\"https:\/\/royalfamily.org\/lat\/kraljevska-porodica-srbije-na-proslavi-80-rodendana-kralja-svedske\/\" \/>\n<meta property=\"og:locale\" content=\"en_US\" \/>\n<meta property=\"og:type\" content=\"article\" \/>\n<meta property=\"og:title\" content=\"KRALJEVSKA PORODICA SRBIJE NA PROSLAVI 80. RO\u0110ENDANA KRALJA \u0160VEDSKE\" \/>\n<meta property=\"og:url\" content=\"https:\/\/royalfamily.org\/lat\/kraljevska-porodica-srbije-na-proslavi-80-rodendana-kralja-svedske\/\" \/>\n<meta property=\"og:site_name\" content=\"The Royal Family of Serbia\" \/>\n<meta property=\"article:publisher\" content=\"https:\/\/www.facebook.com\/Prestolonaslednik.Aleksandar\" \/>\n<meta property=\"article:published_time\" content=\"2026-05-01T13:06:01+00:00\" \/>\n<meta property=\"og:image\" content=\"https:\/\/royalfamily.org\/wp-content\/uploads\/2026\/05\/COVER-Kralj-Svedske.jpg\" \/>\n\t<meta property=\"og:image:width\" content=\"1542\" \/>\n\t<meta property=\"og:image:height\" content=\"750\" \/>\n\t<meta property=\"og:image:type\" content=\"image\/jpeg\" \/>\n<meta name=\"author\" content=\"Stefan Milanovic\" \/>\n<meta name=\"twitter:card\" content=\"summary_large_image\" \/>\n<meta name=\"twitter:label1\" content=\"Written by\" \/>\n\t<meta name=\"twitter:data1\" content=\"Stefan Milanovic\" \/>\n\t<meta name=\"twitter:label2\" content=\"Est. reading time\" \/>\n\t<meta name=\"twitter:data2\" content=\"10 minutes\" \/>\n<script type=\"application\/ld+json\" class=\"yoast-schema-graph\">{\"@context\":\"https:\\\/\\\/schema.org\",\"@graph\":[{\"@type\":\"Article\",\"@id\":\"https:\\\/\\\/royalfamily.org\\\/lat\\\/kraljevska-porodica-srbije-na-proslavi-80-rodendana-kralja-svedske\\\/#article\",\"isPartOf\":{\"@id\":\"https:\\\/\\\/royalfamily.org\\\/lat\\\/kraljevska-porodica-srbije-na-proslavi-80-rodendana-kralja-svedske\\\/\"},\"author\":{\"name\":\"Stefan Milanovic\",\"@id\":\"https:\\\/\\\/royalfamily.org\\\/#\\\/schema\\\/person\\\/4ad3296a6a8a35eed333b6a785e9f648\"},\"headline\":\"KRALJEVSKA PORODICA SRBIJE NA PROSLAVI 80. RO\u0110ENDANA KRALJA \u0160VEDSKE\",\"datePublished\":\"2026-05-01T13:06:01+00:00\",\"mainEntityOfPage\":{\"@id\":\"https:\\\/\\\/royalfamily.org\\\/lat\\\/kraljevska-porodica-srbije-na-proslavi-80-rodendana-kralja-svedske\\\/\"},\"wordCount\":4180,\"publisher\":{\"@id\":\"https:\\\/\\\/royalfamily.org\\\/#organization\"},\"image\":{\"@id\":\"https:\\\/\\\/royalfamily.org\\\/lat\\\/kraljevska-porodica-srbije-na-proslavi-80-rodendana-kralja-svedske\\\/#primaryimage\"},\"thumbnailUrl\":\"https:\\\/\\\/royalfamily.org\\\/wp-content\\\/uploads\\\/2026\\\/05\\\/COVER-Kralj-Svedske.jpg\",\"articleSection\":[\"Vesti\"],\"inLanguage\":\"sr-LT\"},{\"@type\":\"WebPage\",\"@id\":\"https:\\\/\\\/royalfamily.org\\\/lat\\\/kraljevska-porodica-srbije-na-proslavi-80-rodendana-kralja-svedske\\\/\",\"url\":\"https:\\\/\\\/royalfamily.org\\\/lat\\\/kraljevska-porodica-srbije-na-proslavi-80-rodendana-kralja-svedske\\\/\",\"name\":\"KRALJEVSKA PORODICA SRBIJE NA PROSLAVI 80. RO\u0110ENDANA KRALJA \u0160VEDSKE - The Royal Family of Serbia\",\"isPartOf\":{\"@id\":\"https:\\\/\\\/royalfamily.org\\\/#website\"},\"primaryImageOfPage\":{\"@id\":\"https:\\\/\\\/royalfamily.org\\\/lat\\\/kraljevska-porodica-srbije-na-proslavi-80-rodendana-kralja-svedske\\\/#primaryimage\"},\"image\":{\"@id\":\"https:\\\/\\\/royalfamily.org\\\/lat\\\/kraljevska-porodica-srbije-na-proslavi-80-rodendana-kralja-svedske\\\/#primaryimage\"},\"thumbnailUrl\":\"https:\\\/\\\/royalfamily.org\\\/wp-content\\\/uploads\\\/2026\\\/05\\\/COVER-Kralj-Svedske.jpg\",\"datePublished\":\"2026-05-01T13:06:01+00:00\",\"breadcrumb\":{\"@id\":\"https:\\\/\\\/royalfamily.org\\\/lat\\\/kraljevska-porodica-srbije-na-proslavi-80-rodendana-kralja-svedske\\\/#breadcrumb\"},\"inLanguage\":\"sr-LT\",\"potentialAction\":[{\"@type\":\"ReadAction\",\"target\":[\"https:\\\/\\\/royalfamily.org\\\/lat\\\/kraljevska-porodica-srbije-na-proslavi-80-rodendana-kralja-svedske\\\/\"]}]},{\"@type\":\"ImageObject\",\"inLanguage\":\"sr-LT\",\"@id\":\"https:\\\/\\\/royalfamily.org\\\/lat\\\/kraljevska-porodica-srbije-na-proslavi-80-rodendana-kralja-svedske\\\/#primaryimage\",\"url\":\"https:\\\/\\\/royalfamily.org\\\/wp-content\\\/uploads\\\/2026\\\/05\\\/COVER-Kralj-Svedske.jpg\",\"contentUrl\":\"https:\\\/\\\/royalfamily.org\\\/wp-content\\\/uploads\\\/2026\\\/05\\\/COVER-Kralj-Svedske.jpg\",\"width\":1542,\"height\":750,\"caption\":\"SERBIAN ROYAL FAMILY AT THE KING OF SWEDEN\u2019S 80th BIRTHDAY CELEBRATION\"},{\"@type\":\"BreadcrumbList\",\"@id\":\"https:\\\/\\\/royalfamily.org\\\/lat\\\/kraljevska-porodica-srbije-na-proslavi-80-rodendana-kralja-svedske\\\/#breadcrumb\",\"itemListElement\":[{\"@type\":\"ListItem\",\"position\":1,\"name\":\"Home\",\"item\":\"https:\\\/\\\/royalfamily.org\\\/lat\\\/\"},{\"@type\":\"ListItem\",\"position\":2,\"name\":\"KRALJEVSKA PORODICA SRBIJE NA PROSLAVI 80. RO\u0110ENDANA KRALJA \u0160VEDSKE\"}]},{\"@type\":\"WebSite\",\"@id\":\"https:\\\/\\\/royalfamily.org\\\/#website\",\"url\":\"https:\\\/\\\/royalfamily.org\\\/\",\"name\":\"The Royal Family of Serbia\",\"description\":\"From the people, for the people\",\"publisher\":{\"@id\":\"https:\\\/\\\/royalfamily.org\\\/#organization\"},\"potentialAction\":[{\"@type\":\"SearchAction\",\"target\":{\"@type\":\"EntryPoint\",\"urlTemplate\":\"https:\\\/\\\/royalfamily.org\\\/?s={search_term_string}\"},\"query-input\":{\"@type\":\"PropertyValueSpecification\",\"valueRequired\":true,\"valueName\":\"search_term_string\"}}],\"inLanguage\":\"sr-LT\"},{\"@type\":\"Organization\",\"@id\":\"https:\\\/\\\/royalfamily.org\\\/#organization\",\"name\":\"Royal Family\",\"url\":\"https:\\\/\\\/royalfamily.org\\\/\",\"logo\":{\"@type\":\"ImageObject\",\"inLanguage\":\"sr-LT\",\"@id\":\"https:\\\/\\\/royalfamily.org\\\/#\\\/schema\\\/logo\\\/image\\\/\",\"url\":\"https:\\\/\\\/royalfamily.org\\\/wp-content\\\/uploads\\\/2019\\\/04\\\/logo-vector-02-V-latinica.png\",\"contentUrl\":\"https:\\\/\\\/royalfamily.org\\\/wp-content\\\/uploads\\\/2019\\\/04\\\/logo-vector-02-V-latinica.png\",\"width\":552,\"height\":99,\"caption\":\"Royal Family\"},\"image\":{\"@id\":\"https:\\\/\\\/royalfamily.org\\\/#\\\/schema\\\/logo\\\/image\\\/\"},\"sameAs\":[\"https:\\\/\\\/www.facebook.com\\\/Prestolonaslednik.Aleksandar\"]},{\"@type\":\"Person\",\"@id\":\"https:\\\/\\\/royalfamily.org\\\/#\\\/schema\\\/person\\\/4ad3296a6a8a35eed333b6a785e9f648\",\"name\":\"Stefan Milanovic\",\"image\":{\"@type\":\"ImageObject\",\"inLanguage\":\"sr-LT\",\"@id\":\"https:\\\/\\\/secure.gravatar.com\\\/avatar\\\/92dcbdcf3e32112a9ceb1e41665b1f44c69382d014cacfe12c701f6af7c40259?s=96&d=mm&r=g\",\"url\":\"https:\\\/\\\/secure.gravatar.com\\\/avatar\\\/92dcbdcf3e32112a9ceb1e41665b1f44c69382d014cacfe12c701f6af7c40259?s=96&d=mm&r=g\",\"contentUrl\":\"https:\\\/\\\/secure.gravatar.com\\\/avatar\\\/92dcbdcf3e32112a9ceb1e41665b1f44c69382d014cacfe12c701f6af7c40259?s=96&d=mm&r=g\",\"caption\":\"Stefan Milanovic\"}}]}<\/script>\n<!-- \/ Yoast SEO Premium plugin. -->","yoast_head_json":{"title":"KRALJEVSKA PORODICA SRBIJE NA PROSLAVI 80. RO\u0110ENDANA KRALJA \u0160VEDSKE - The Royal Family of Serbia","robots":{"index":"index","follow":"follow","max-snippet":"max-snippet:-1","max-image-preview":"max-image-preview:large","max-video-preview":"max-video-preview:-1"},"canonical":"https:\/\/royalfamily.org\/lat\/kraljevska-porodica-srbije-na-proslavi-80-rodendana-kralja-svedske\/","og_locale":"en_US","og_type":"article","og_title":"KRALJEVSKA PORODICA SRBIJE NA PROSLAVI 80. RO\u0110ENDANA KRALJA \u0160VEDSKE","og_url":"https:\/\/royalfamily.org\/lat\/kraljevska-porodica-srbije-na-proslavi-80-rodendana-kralja-svedske\/","og_site_name":"The Royal Family of Serbia","article_publisher":"https:\/\/www.facebook.com\/Prestolonaslednik.Aleksandar","article_published_time":"2026-05-01T13:06:01+00:00","og_image":[{"width":1542,"height":750,"url":"https:\/\/royalfamily.org\/wp-content\/uploads\/2026\/05\/COVER-Kralj-Svedske.jpg","type":"image\/jpeg"}],"author":"Stefan Milanovic","twitter_card":"summary_large_image","twitter_misc":{"Written by":"Stefan Milanovic","Est. reading time":"10 minutes"},"schema":{"@context":"https:\/\/schema.org","@graph":[{"@type":"Article","@id":"https:\/\/royalfamily.org\/lat\/kraljevska-porodica-srbije-na-proslavi-80-rodendana-kralja-svedske\/#article","isPartOf":{"@id":"https:\/\/royalfamily.org\/lat\/kraljevska-porodica-srbije-na-proslavi-80-rodendana-kralja-svedske\/"},"author":{"name":"Stefan Milanovic","@id":"https:\/\/royalfamily.org\/#\/schema\/person\/4ad3296a6a8a35eed333b6a785e9f648"},"headline":"KRALJEVSKA PORODICA SRBIJE NA PROSLAVI 80. RO\u0110ENDANA KRALJA \u0160VEDSKE","datePublished":"2026-05-01T13:06:01+00:00","mainEntityOfPage":{"@id":"https:\/\/royalfamily.org\/lat\/kraljevska-porodica-srbije-na-proslavi-80-rodendana-kralja-svedske\/"},"wordCount":4180,"publisher":{"@id":"https:\/\/royalfamily.org\/#organization"},"image":{"@id":"https:\/\/royalfamily.org\/lat\/kraljevska-porodica-srbije-na-proslavi-80-rodendana-kralja-svedske\/#primaryimage"},"thumbnailUrl":"https:\/\/royalfamily.org\/wp-content\/uploads\/2026\/05\/COVER-Kralj-Svedske.jpg","articleSection":["Vesti"],"inLanguage":"sr-LT"},{"@type":"WebPage","@id":"https:\/\/royalfamily.org\/lat\/kraljevska-porodica-srbije-na-proslavi-80-rodendana-kralja-svedske\/","url":"https:\/\/royalfamily.org\/lat\/kraljevska-porodica-srbije-na-proslavi-80-rodendana-kralja-svedske\/","name":"KRALJEVSKA PORODICA SRBIJE NA PROSLAVI 80. RO\u0110ENDANA KRALJA \u0160VEDSKE - The Royal Family of Serbia","isPartOf":{"@id":"https:\/\/royalfamily.org\/#website"},"primaryImageOfPage":{"@id":"https:\/\/royalfamily.org\/lat\/kraljevska-porodica-srbije-na-proslavi-80-rodendana-kralja-svedske\/#primaryimage"},"image":{"@id":"https:\/\/royalfamily.org\/lat\/kraljevska-porodica-srbije-na-proslavi-80-rodendana-kralja-svedske\/#primaryimage"},"thumbnailUrl":"https:\/\/royalfamily.org\/wp-content\/uploads\/2026\/05\/COVER-Kralj-Svedske.jpg","datePublished":"2026-05-01T13:06:01+00:00","breadcrumb":{"@id":"https:\/\/royalfamily.org\/lat\/kraljevska-porodica-srbije-na-proslavi-80-rodendana-kralja-svedske\/#breadcrumb"},"inLanguage":"sr-LT","potentialAction":[{"@type":"ReadAction","target":["https:\/\/royalfamily.org\/lat\/kraljevska-porodica-srbije-na-proslavi-80-rodendana-kralja-svedske\/"]}]},{"@type":"ImageObject","inLanguage":"sr-LT","@id":"https:\/\/royalfamily.org\/lat\/kraljevska-porodica-srbije-na-proslavi-80-rodendana-kralja-svedske\/#primaryimage","url":"https:\/\/royalfamily.org\/wp-content\/uploads\/2026\/05\/COVER-Kralj-Svedske.jpg","contentUrl":"https:\/\/royalfamily.org\/wp-content\/uploads\/2026\/05\/COVER-Kralj-Svedske.jpg","width":1542,"height":750,"caption":"SERBIAN ROYAL FAMILY AT THE KING OF SWEDEN\u2019S 80th BIRTHDAY CELEBRATION"},{"@type":"BreadcrumbList","@id":"https:\/\/royalfamily.org\/lat\/kraljevska-porodica-srbije-na-proslavi-80-rodendana-kralja-svedske\/#breadcrumb","itemListElement":[{"@type":"ListItem","position":1,"name":"Home","item":"https:\/\/royalfamily.org\/lat\/"},{"@type":"ListItem","position":2,"name":"KRALJEVSKA PORODICA SRBIJE NA PROSLAVI 80. RO\u0110ENDANA KRALJA \u0160VEDSKE"}]},{"@type":"WebSite","@id":"https:\/\/royalfamily.org\/#website","url":"https:\/\/royalfamily.org\/","name":"The Royal Family of Serbia","description":"From the people, for the people","publisher":{"@id":"https:\/\/royalfamily.org\/#organization"},"potentialAction":[{"@type":"SearchAction","target":{"@type":"EntryPoint","urlTemplate":"https:\/\/royalfamily.org\/?s={search_term_string}"},"query-input":{"@type":"PropertyValueSpecification","valueRequired":true,"valueName":"search_term_string"}}],"inLanguage":"sr-LT"},{"@type":"Organization","@id":"https:\/\/royalfamily.org\/#organization","name":"Royal Family","url":"https:\/\/royalfamily.org\/","logo":{"@type":"ImageObject","inLanguage":"sr-LT","@id":"https:\/\/royalfamily.org\/#\/schema\/logo\/image\/","url":"https:\/\/royalfamily.org\/wp-content\/uploads\/2019\/04\/logo-vector-02-V-latinica.png","contentUrl":"https:\/\/royalfamily.org\/wp-content\/uploads\/2019\/04\/logo-vector-02-V-latinica.png","width":552,"height":99,"caption":"Royal Family"},"image":{"@id":"https:\/\/royalfamily.org\/#\/schema\/logo\/image\/"},"sameAs":["https:\/\/www.facebook.com\/Prestolonaslednik.Aleksandar"]},{"@type":"Person","@id":"https:\/\/royalfamily.org\/#\/schema\/person\/4ad3296a6a8a35eed333b6a785e9f648","name":"Stefan Milanovic","image":{"@type":"ImageObject","inLanguage":"sr-LT","@id":"https:\/\/secure.gravatar.com\/avatar\/92dcbdcf3e32112a9ceb1e41665b1f44c69382d014cacfe12c701f6af7c40259?s=96&d=mm&r=g","url":"https:\/\/secure.gravatar.com\/avatar\/92dcbdcf3e32112a9ceb1e41665b1f44c69382d014cacfe12c701f6af7c40259?s=96&d=mm&r=g","contentUrl":"https:\/\/secure.gravatar.com\/avatar\/92dcbdcf3e32112a9ceb1e41665b1f44c69382d014cacfe12c701f6af7c40259?s=96&d=mm&r=g","caption":"Stefan Milanovic"}}]}},"_links":{"self":[{"href":"https:\/\/royalfamily.org\/lat\/wp-json\/wp\/v2\/posts\/99172","targetHints":{"allow":["GET"]}}],"collection":[{"href":"https:\/\/royalfamily.org\/lat\/wp-json\/wp\/v2\/posts"}],"about":[{"href":"https:\/\/royalfamily.org\/lat\/wp-json\/wp\/v2\/types\/post"}],"author":[{"embeddable":true,"href":"https:\/\/royalfamily.org\/lat\/wp-json\/wp\/v2\/users\/1001015"}],"replies":[{"embeddable":true,"href":"https:\/\/royalfamily.org\/lat\/wp-json\/wp\/v2\/comments?post=99172"}],"version-history":[{"count":1,"href":"https:\/\/royalfamily.org\/lat\/wp-json\/wp\/v2\/posts\/99172\/revisions"}],"predecessor-version":[{"id":99173,"href":"https:\/\/royalfamily.org\/lat\/wp-json\/wp\/v2\/posts\/99172\/revisions\/99173"}],"wp:featuredmedia":[{"embeddable":true,"href":"https:\/\/royalfamily.org\/lat\/wp-json\/wp\/v2\/media\/99167"}],"wp:attachment":[{"href":"https:\/\/royalfamily.org\/lat\/wp-json\/wp\/v2\/media?parent=99172"}],"wp:term":[{"taxonomy":"category","embeddable":true,"href":"https:\/\/royalfamily.org\/lat\/wp-json\/wp\/v2\/categories?post=99172"},{"taxonomy":"post_tag","embeddable":true,"href":"https:\/\/royalfamily.org\/lat\/wp-json\/wp\/v2\/tags?post=99172"}],"curies":[{"name":"wp","href":"https:\/\/api.w.org\/{rel}","templated":true}]}}